{"id":24037,"date":"2020-12-10T18:13:58","date_gmt":"2020-12-11T00:13:58","guid":{"rendered":"https:\/\/www.tecdmx.org.mx\/?p=24037"},"modified":"2020-12-10T18:13:59","modified_gmt":"2020-12-11T00:13:59","slug":"boletin-no-104","status":"publish","type":"post","link":"https:\/\/www.tecdmx.org.mx\/index.php\/comunicados\/2020\/12\/10\/boletin-no-104\/","title":{"rendered":"Bolet\u00edn N\u00ba 104"},"content":{"rendered":"\n<p class=\"has-text-align-right\">Ciudad de M\u00e9xico, a 10 de diciembre de 2020<\/p>\n\n\n\n<p><strong>Generemos garant\u00edas para que las personas con discapacidad sean escuchadas e incluidas en la democracia, afirma Magistrada Martha Mercado<\/strong><\/p>\n\n\n\n<p>La Magistrada del Tribunal Electoral de la Ciudad de M\u00e9xico, Martha Leticia Mercado Ram\u00edrez, particip\u00f3 con el tema \u201cDerechos pol\u00edtico-electorales de las personas con discapacidad\u201d en \u201cHablemos Derecho\u201d de la Fundaci\u00f3n \u201cPrograma Nacional de Asistencia Jur\u00eddica A.C.\u201d, conducido por el Mtro. Tzoyectzin Chac\u00f3n.<\/p>\n\n\n\n<p>Durante su participaci\u00f3n, la Magistrada Mercado Ram\u00edrez destac\u00f3 la importancia de que en nuestra democracia se generen espacios de inclusi\u00f3n, pol\u00edticas p\u00fablicas y candidaturas a favor de las personas con discapacidad, las cuales son alrededor del 6.4% de la poblaci\u00f3n nacional de acuerdo con cifras del INEGI.<\/p>\n\n\n\n<p>\u201cLa pretensi\u00f3n real tiene que ser una democracia real en el que las minor\u00edas tengan garant\u00edas de que se les va a escuchar, pero, sobretodo, que pertenecen. Parece que la discriminaci\u00f3n es ya una costumbre\u201d, afirm\u00f3 la Magistrada Martha Mercado.<\/p>\n\n\n\n<p>Por su parte, el Maestro Tzoyectzin Chac\u00f3n destac\u00f3 la diferencia en el trato que reciben las personas con discapacidad, las problem\u00e1ticas a las que se enfrentan para el acceso a la justicia y la falta de entendimiento de los aspectos t\u00e9cnicos del \u00e1mbito legal.<\/p>\n\n\n\n<p>\u201cEl juzgador debiera tener las herramientas para entender que no todos los casos son iguales y que estos casos (de las personas con discapacidad) hay que ponerles un poco m\u00e1s de atenci\u00f3n\u201d, reflexion\u00f3 Tzoyectzin Chac\u00f3n.<\/p>\n\n\n\n<p>Asimismo, la Magistrada Mercado Ram\u00edrez consider\u00f3 que las personas juzgadoras est\u00e1n obligados a entender el impacto social que tienen las sentencias que emiten, sin embargo, aun se encuentran algunas en las que se resuelve la problem\u00e1tica sin que se reconozca la vulnerabilidad de una persona.<\/p>\n\n\n\n<p>Respecto del acceso de las personas con discapacidad a la justicia en materia electoral, la Magistrada destac\u00f3 la participaci\u00f3n de personas int\u00e9rpretes en Lengua de Se\u00f1as Mexicana y el subtitulado en los spots televisivos de partidos pol\u00edticos y autoridades, para garantizar que m\u00e1s personas puedan conocer los temas de car\u00e1cter pol\u00edtico en nuestro pa\u00eds.<\/p>\n\n\n\n<p>\u201cEsto permite generar un \u00e1mbito de correcci\u00f3n en donde ya se incluye a las personas con una vulnerabilidad con una discapacidad auditiva y ya puedan leer la informaci\u00f3n pol\u00edtica\u201d, afirm\u00f3 la Magistrada del TECDMX.<\/p>\n\n\n\n<p>Finalmente, la Magistrada llam\u00f3 a romper barreras para garantizar la participaci\u00f3n pol\u00edtica de todas y todos, as\u00ed como a generar modelos que permitan la inclusi\u00f3n de las personas con discapacidad en la vida democr\u00e1tica.<\/p>\n\n\n\n<p>\u201cDebemos acercarnos a las personas con discapacidad como especialistas en la materia para asegurar normativas y procedimientos adecuados para una justicia accesible para todas y todos. No sin ellas ni ellos\u201d, concluy\u00f3 la Magistrada Mercado Ram\u00edrez.<\/p>\n\n\n\n<p class=\"has-text-align-center\"><strong>o-O-o<\/strong><\/p>\n","protected":false},"excerpt":{"rendered":"<p>Ciudad de M\u00e9xico, a 10 de diciembre de 2020 Generemos garant\u00edas para que las personas con discapacidad sean escuchadas e incluidas en la democracia, afirma Magistrada Martha Mercado La Magistrada [&hellip;]<\/p>\n","protected":false},"author":13,"featured_media":21168,"comment_status":"open","ping_status":"open","sticky":false,"template":"","format":"standard","meta":{"_acf_changed":false,"_exactmetrics_skip_tracking":false,"_exactmetrics_sitenote_active":false,"_exactmetrics_sitenote_note":"","_exactmetrics_sitenote_category":0,"footnotes":""},"categories":[32,47],"tags":[],"acf":[],"yoast_head":"<!-- This site is optimized with the Yoast SEO plugin v22.3 - https:\/\/yoast.com\/wordpress\/plugins\/seo\/ -->\n<title>Bolet\u00edn N\u00ba 104 - Tribunal Electoral de la Ciudad de M\u00e9xico<\/title>\n<meta name=\"robots\" content=\"index, follow, max-snippet:-1, max-image-preview:large, max-video-preview:-1\" \/>\n<link rel=\"canonical\" href=\"https:\/\/www.tecdmx.org.mx\/index.php\/comunicados\/2020\/12\/10\/boletin-no-104\/\" \/>\n<meta property=\"og:locale\" content=\"es_ES\" \/>\n<meta property=\"og:type\" content=\"article\" \/>\n<meta property=\"og:title\" content=\"Bolet\u00edn N\u00ba 104 - Tribunal Electoral de la Ciudad de M\u00e9xico\" \/>\n<meta property=\"og:description\" content=\"Ciudad de M\u00e9xico, a 10 de diciembre de 2020 Generemos garant\u00edas para que las personas con discapacidad sean escuchadas e incluidas en la democracia, afirma Magistrada Martha Mercado La Magistrada [&hellip;]\" \/>\n<meta property=\"og:url\" content=\"https:\/\/www.tecdmx.org.mx\/index.php\/comunicados\/2020\/12\/10\/boletin-no-104\/\" \/>\n<meta property=\"og:site_name\" content=\"Tribunal Electoral de la Ciudad de M\u00e9xico\" \/>\n<meta property=\"article:publisher\" content=\"https:\/\/www.facebook.com\/TECDMX\/\" \/>\n<meta property=\"article:published_time\" content=\"2020-12-11T00:13:58+00:00\" \/>\n<meta property=\"article:modified_time\" content=\"2020-12-11T00:13:59+00:00\" \/>\n<meta property=\"og:image\" content=\"https:\/\/www.tecdmx.org.mx\/wp-content\/uploads\/2020\/08\/comunicado_nuevo.jpg\" \/>\n\t<meta property=\"og:image:width\" content=\"600\" \/>\n\t<meta property=\"og:image:height\" content=\"366\" \/>\n\t<meta property=\"og:image:type\" content=\"image\/jpeg\" \/>\n<meta name=\"author\" content=\"Difusion2025\" \/>\n<meta name=\"twitter:card\" content=\"summary_large_image\" \/>\n<meta name=\"twitter:creator\" content=\"@tecdmx\" \/>\n<meta name=\"twitter:site\" content=\"@tecdmx\" \/>\n<meta name=\"twitter:label1\" content=\"Escrito por\" \/>\n\t<meta name=\"twitter:data1\" content=\"Difusion2025\" \/>\n\t<meta name=\"twitter:label2\" content=\"Tiempo de lectura\" \/>\n\t<meta name=\"twitter:data2\" content=\"2 minutos\" \/>\n<script type=\"application\/ld+json\" class=\"yoast-schema-graph\">{\"@context\":\"https:\/\/schema.org\",\"@graph\":[{\"@type\":\"WebPage\",\"@id\":\"https:\/\/www.tecdmx.org.mx\/index.php\/comunicados\/2020\/12\/10\/boletin-no-104\/\",\"url\":\"https:\/\/www.tecdmx.org.mx\/index.php\/comunicados\/2020\/12\/10\/boletin-no-104\/\",\"name\":\"Bolet\u00edn N\u00ba 104 - Tribunal Electoral de la Ciudad de M\u00e9xico\",\"isPartOf\":{\"@id\":\"https:\/\/www.tecdmx.org.mx\/#website\"},\"primaryImageOfPage\":{\"@id\":\"https:\/\/www.tecdmx.org.mx\/index.php\/comunicados\/2020\/12\/10\/boletin-no-104\/#primaryimage\"},\"image\":{\"@id\":\"https:\/\/www.tecdmx.org.mx\/index.php\/comunicados\/2020\/12\/10\/boletin-no-104\/#primaryimage\"},\"thumbnailUrl\":\"https:\/\/www.tecdmx.org.mx\/wp-content\/uploads\/2020\/08\/comunicado_nuevo.jpg\",\"datePublished\":\"2020-12-11T00:13:58+00:00\",\"dateModified\":\"2020-12-11T00:13:59+00:00\",\"author\":{\"@id\":\"https:\/\/www.tecdmx.org.mx\/#\/schema\/person\/208c898199fb3234203823c5f0cf31d6\"},\"breadcrumb\":{\"@id\":\"https:\/\/www.tecdmx.org.mx\/index.php\/comunicados\/2020\/12\/10\/boletin-no-104\/#breadcrumb\"},\"inLanguage\":\"es\",\"potentialAction\":[{\"@type\":\"ReadAction\",\"target\":[\"https:\/\/www.tecdmx.org.mx\/index.php\/comunicados\/2020\/12\/10\/boletin-no-104\/\"]}]},{\"@type\":\"ImageObject\",\"inLanguage\":\"es\",\"@id\":\"https:\/\/www.tecdmx.org.mx\/index.php\/comunicados\/2020\/12\/10\/boletin-no-104\/#primaryimage\",\"url\":\"https:\/\/www.tecdmx.org.mx\/wp-content\/uploads\/2020\/08\/comunicado_nuevo.jpg\",\"contentUrl\":\"https:\/\/www.tecdmx.org.mx\/wp-content\/uploads\/2020\/08\/comunicado_nuevo.jpg\",\"width\":600,\"height\":366},{\"@type\":\"BreadcrumbList\",\"@id\":\"https:\/\/www.tecdmx.org.mx\/index.php\/comunicados\/2020\/12\/10\/boletin-no-104\/#breadcrumb\",\"itemListElement\":[{\"@type\":\"ListItem\",\"position\":1,\"name\":\"Portada\",\"item\":\"https:\/\/www.tecdmx.org.mx\/\"},{\"@type\":\"ListItem\",\"position\":2,\"name\":\"Bolet\u00edn N\u00ba 104\"}]},{\"@type\":\"WebSite\",\"@id\":\"https:\/\/www.tecdmx.org.mx\/#website\",\"url\":\"https:\/\/www.tecdmx.org.mx\/\",\"name\":\"Tribunal Electoral de la Ciudad de M\u00e9xico\",\"description\":\"25 a\u00f1os garantizando justicia en tu elecci\u00f3n\",\"potentialAction\":[{\"@type\":\"SearchAction\",\"target\":{\"@type\":\"EntryPoint\",\"urlTemplate\":\"https:\/\/www.tecdmx.org.mx\/?s={search_term_string}\"},\"query-input\":\"required name=search_term_string\"}],\"inLanguage\":\"es\"},{\"@type\":\"Person\",\"@id\":\"https:\/\/www.tecdmx.org.mx\/#\/schema\/person\/208c898199fb3234203823c5f0cf31d6\",\"name\":\"Difusion2025\",\"image\":{\"@type\":\"ImageObject\",\"inLanguage\":\"es\",\"@id\":\"https:\/\/www.tecdmx.org.mx\/#\/schema\/person\/image\/\",\"url\":\"https:\/\/secure.gravatar.com\/avatar\/6f7a4ba3acb418040e90a2eb99b5df28?s=96&d=mm&r=g\",\"contentUrl\":\"https:\/\/secure.gravatar.com\/avatar\/6f7a4ba3acb418040e90a2eb99b5df28?s=96&d=mm&r=g\",\"caption\":\"Difusion2025\"}}]}<\/script>\n<!-- \/ Yoast SEO plugin. -->","yoast_head_json":{"title":"Bolet\u00edn N\u00ba 104 - Tribunal Electoral de la Ciudad de M\u00e9xico","robots":{"index":"index","follow":"follow","max-snippet":"max-snippet:-1","max-image-preview":"max-image-preview:large","max-video-preview":"max-video-preview:-1"},"canonical":"https:\/\/www.tecdmx.org.mx\/index.php\/comunicados\/2020\/12\/10\/boletin-no-104\/","og_locale":"es_ES","og_type":"article","og_title":"Bolet\u00edn N\u00ba 104 - Tribunal Electoral de la Ciudad de M\u00e9xico","og_description":"Ciudad de M\u00e9xico, a 10 de diciembre de 2020 Generemos garant\u00edas para que las personas con discapacidad sean escuchadas e incluidas en la democracia, afirma Magistrada Martha Mercado La Magistrada [&hellip;]","og_url":"https:\/\/www.tecdmx.org.mx\/index.php\/comunicados\/2020\/12\/10\/boletin-no-104\/","og_site_name":"Tribunal Electoral de la Ciudad de M\u00e9xico","article_publisher":"https:\/\/www.facebook.com\/TECDMX\/","article_published_time":"2020-12-11T00:13:58+00:00","article_modified_time":"2020-12-11T00:13:59+00:00","og_image":[{"width":600,"height":366,"url":"https:\/\/www.tecdmx.org.mx\/wp-content\/uploads\/2020\/08\/comunicado_nuevo.jpg","type":"image\/jpeg"}],"author":"Difusion2025","twitter_card":"summary_large_image","twitter_creator":"@tecdmx","twitter_site":"@tecdmx","twitter_misc":{"Escrito por":"Difusion2025","Tiempo de lectura":"2 minutos"},"schema":{"@context":"https:\/\/schema.org","@graph":[{"@type":"WebPage","@id":"https:\/\/www.tecdmx.org.mx\/index.php\/comunicados\/2020\/12\/10\/boletin-no-104\/","url":"https:\/\/www.tecdmx.org.mx\/index.php\/comunicados\/2020\/12\/10\/boletin-no-104\/","name":"Bolet\u00edn N\u00ba 104 - Tribunal Electoral de la Ciudad de M\u00e9xico","isPartOf":{"@id":"https:\/\/www.tecdmx.org.mx\/#website"},"primaryImageOfPage":{"@id":"https:\/\/www.tecdmx.org.mx\/index.php\/comunicados\/2020\/12\/10\/boletin-no-104\/#primaryimage"},"image":{"@id":"https:\/\/www.tecdmx.org.mx\/index.php\/comunicados\/2020\/12\/10\/boletin-no-104\/#primaryimage"},"thumbnailUrl":"https:\/\/www.tecdmx.org.mx\/wp-content\/uploads\/2020\/08\/comunicado_nuevo.jpg","datePublished":"2020-12-11T00:13:58+00:00","dateModified":"2020-12-11T00:13:59+00:00","author":{"@id":"https:\/\/www.tecdmx.org.mx\/#\/schema\/person\/208c898199fb3234203823c5f0cf31d6"},"breadcrumb":{"@id":"https:\/\/www.tecdmx.org.mx\/index.php\/comunicados\/2020\/12\/10\/boletin-no-104\/#breadcrumb"},"inLanguage":"es","potentialAction":[{"@type":"ReadAction","target":["https:\/\/www.tecdmx.org.mx\/index.php\/comunicados\/2020\/12\/10\/boletin-no-104\/"]}]},{"@type":"ImageObject","inLanguage":"es","@id":"https:\/\/www.tecdmx.org.mx\/index.php\/comunicados\/2020\/12\/10\/boletin-no-104\/#primaryimage","url":"https:\/\/www.tecdmx.org.mx\/wp-content\/uploads\/2020\/08\/comunicado_nuevo.jpg","contentUrl":"https:\/\/www.tecdmx.org.mx\/wp-content\/uploads\/2020\/08\/comunicado_nuevo.jpg","width":600,"height":366},{"@type":"BreadcrumbList","@id":"https:\/\/www.tecdmx.org.mx\/index.php\/comunicados\/2020\/12\/10\/boletin-no-104\/#breadcrumb","itemListElement":[{"@type":"ListItem","position":1,"name":"Portada","item":"https:\/\/www.tecdmx.org.mx\/"},{"@type":"ListItem","position":2,"name":"Bolet\u00edn N\u00ba 104"}]},{"@type":"WebSite","@id":"https:\/\/www.tecdmx.org.mx\/#website","url":"https:\/\/www.tecdmx.org.mx\/","name":"Tribunal Electoral de la Ciudad de M\u00e9xico","description":"25 a\u00f1os garantizando justicia en tu elecci\u00f3n","potentialAction":[{"@type":"SearchAction","target":{"@type":"EntryPoint","urlTemplate":"https:\/\/www.tecdmx.org.mx\/?s={search_term_string}"},"query-input":"required name=search_term_string"}],"inLanguage":"es"},{"@type":"Person","@id":"https:\/\/www.tecdmx.org.mx\/#\/schema\/person\/208c898199fb3234203823c5f0cf31d6","name":"Difusion2025","image":{"@type":"ImageObject","inLanguage":"es","@id":"https:\/\/www.tecdmx.org.mx\/#\/schema\/person\/image\/","url":"https:\/\/secure.gravatar.com\/avatar\/6f7a4ba3acb418040e90a2eb99b5df28?s=96&d=mm&r=g","contentUrl":"https:\/\/secure.gravatar.com\/avatar\/6f7a4ba3acb418040e90a2eb99b5df28?s=96&d=mm&r=g","caption":"Difusion2025"}}]}},"_links":{"self":[{"href":"https:\/\/www.tecdmx.org.mx\/index.php\/wp-json\/wp\/v2\/posts\/24037"}],"collection":[{"href":"https:\/\/www.tecdmx.org.mx\/index.php\/wp-json\/wp\/v2\/posts"}],"about":[{"href":"https:\/\/www.tecdmx.org.mx\/index.php\/wp-json\/wp\/v2\/types\/post"}],"author":[{"embeddable":true,"href":"https:\/\/www.tecdmx.org.mx\/index.php\/wp-json\/wp\/v2\/users\/13"}],"replies":[{"embeddable":true,"href":"https:\/\/www.tecdmx.org.mx\/index.php\/wp-json\/wp\/v2\/comments?post=24037"}],"version-history":[{"count":2,"href":"https:\/\/www.tecdmx.org.mx\/index.php\/wp-json\/wp\/v2\/posts\/24037\/revisions"}],"predecessor-version":[{"id":24040,"href":"https:\/\/www.tecdmx.org.mx\/index.php\/wp-json\/wp\/v2\/posts\/24037\/revisions\/24040"}],"wp:featuredmedia":[{"embeddable":true,"href":"https:\/\/www.tecdmx.org.mx\/index.php\/wp-json\/wp\/v2\/media\/21168"}],"wp:attachment":[{"href":"https:\/\/www.tecdmx.org.mx\/index.php\/wp-json\/wp\/v2\/media?parent=24037"}],"wp:term":[{"taxonomy":"category","embeddable":true,"href":"https:\/\/www.tecdmx.org.mx\/index.php\/wp-json\/wp\/v2\/categories?post=24037"},{"taxonomy":"post_tag","embeddable":true,"href":"https:\/\/www.tecdmx.org.mx\/index.php\/wp-json\/wp\/v2\/tags?post=24037"}],"curies":[{"name":"wp","href":"https:\/\/api.w.org\/{rel}","templated":true}]}}