{"id":24134,"date":"2020-12-16T17:28:06","date_gmt":"2020-12-16T23:28:06","guid":{"rendered":"https:\/\/www.tecdmx.org.mx\/?p=24134"},"modified":"2020-12-16T17:28:08","modified_gmt":"2020-12-16T23:28:08","slug":"boletin-no-106","status":"publish","type":"post","link":"https:\/\/www.tecdmx.org.mx\/index.php\/comunicados\/2020\/12\/16\/boletin-no-106\/","title":{"rendered":"Bolet\u00edn N\u00ba 106"},"content":{"rendered":"\n<p class=\"has-text-align-right\">Ciudad de M\u00e9xico, a 16 de diciembre de 2020<\/p>\n\n\n\n<p><strong>Capacitarse en materia de transparencia y protecci\u00f3n de datos personales abona al fortalecimiento institucional y democr\u00e1tico de la CDMX, afirma Magistrado Ambriz Hern\u00e1ndez<\/strong><\/p>\n\n\n\n<p>El Tribunal Electoral de la Ciudad de M\u00e9xico (TECDMX), concluy\u00f3 los trabajos del 3er Diplomado en Datos Personales y Gobierno Abierto \u201cTransparencia, Datos Personales y Elecciones\u201d, el cual fue realizado junto con el Instituto de Transparencia, Acceso a la Informaci\u00f3n P\u00fablica, Protecci\u00f3n de Datos Personales y Rendici\u00f3n de Cuentas de la Ciudad de M\u00e9xico (INFO-CDMX) y la Universidad Aut\u00f3noma Metropolitana, unidad Xochimilco (UAM-X).<\/p>\n\n\n\n<p>Al hacer uso de la voz, el Magistrado del TECDMX, Armando Ambriz Hern\u00e1ndez, destac\u00f3 la relevancia de los contenidos generados durante el diplomado, as\u00ed como el profesionalismo y experiencia de las personas que participaron como ponentes.<\/p>\n\n\n\n<p>\u201cExhorto a las personas que concluyeron el diplomado a que contin\u00faen capacit\u00e1ndose en la materia, ya que con ello no solo abonan a su formaci\u00f3n profesional, sino que contribuyen al fortalecimiento institucional y democr\u00e1tico de esta Ciudad\u201d, afirm\u00f3 el Magistrado Ambriz Hern\u00e1ndez.<\/p>\n\n\n\n<p>Por su parte, el Mtro. Jorge Oscar Rouquette Alvarado, Coordinador de Educaci\u00f3n Continua de la UAM-X, consider\u00f3 que el diplomado se suma a las acciones preventivas que forman parte de las buenas pr\u00e1cticas que elevan el nivel de protecci\u00f3n de datos personales y permite promover una cultura de transparencia en la que, los conocimientos adquiridos, permitan generar propuestas para el cumplimiento de la norma en la materia.<\/p>\n\n\n\n<p>Durante su participaci\u00f3n, la Mtra. Dolly Esp\u00ednola Frausto, Directora de la Divisi\u00f3n de Ciencias y Humanidades de la UAM-X, destac\u00f3 la importancia de la vinculaci\u00f3n interinstitucional para alcanzar objetivos en com\u00fan.<\/p>\n\n\n\n<p>\u201cConstruir escenarios que permitan formar cada vez m\u00e1s ciudadanos libres, conscientes de lo que ocurre y capaces de participar en los procesos de toma de decisiones en todos los niveles de nuestra vida. Hoy, cada d\u00eda hace m\u00e1s falta que la informaci\u00f3n a la que tengamos acceso sea cierta y mejore nuestra vida como ciudadanos\u201d, afirm\u00f3 la Maestra Esp\u00edndola Frausto.<\/p>\n\n\n\n<p>Por su parte, el Comisionado Presidente del INFO-CDMX, Julio C\u00e9sar Bonilla Guti\u00e9rrez, destac\u00f3 que el diplomado represent\u00f3 la apertura de un espacio que dio lugar al intercambio de ideas, as\u00ed como la promoci\u00f3n y generaci\u00f3n del di\u00e1logo informado del que surge la confianza p\u00fablica.<\/p>\n\n\n\n<p>\u201cCreo que el empe\u00f1o que han dedicado a la acreditaci\u00f3n de este importante y reconocido programa habr\u00e1 de traducirse en un continuo esfuerzo para aportar y abonar a la prevalencia de los derechos humanos, la cultura de la legalidad y un desarrollo democr\u00e1tico que se perciba en la vida diaria de las personas\u201d, consider\u00f3 el Comisionado Presidente Bonilla Guti\u00e9rrez.<\/p>\n\n\n\n<p>Asimismo, el Comisionado del INFO-CDMX, Ar\u00edstides Rodrigo Guerrero Garc\u00eda, destac\u00f3 el enfoque innovador en los contenidos del diplomado, as\u00ed como la generaci\u00f3n de temas en donde se estrecharon la transparencia, el acceso a la informaci\u00f3n y la materia electoral.<\/p>\n\n\n\n<p>\u201cLa transparencia y el acceso a la informaci\u00f3n surgieron de la mano de la reforma pol\u00edtico-electoral m\u00e1s importante de nuestro pa\u00eds, la del 6 de diciembre de 1977, y donde se incorpora al art\u00edculo 6\u00ba Constitucional, el derecho al acceso a la informaci\u00f3n\u201d, afirm\u00f3 el Comisionado Guerrero Garc\u00eda.<\/p>\n\n\n\n<p>Finalmente, la Magistrada del TECDMX, Martha Leticia Mercado Ram\u00edrez, destac\u00f3 el compromiso permanente de este Tribunal y las instituciones que realizaron el diplomado, haciendo votos para seguir con la realizaci\u00f3n de estos espacios de capacitaci\u00f3n.<\/p>\n\n\n\n<p>\u201cEs un compromiso permanente del TECDMX la profesionalizaci\u00f3n de las personas servidoras p\u00fablicas y la apertura de los procesos de capacitaci\u00f3n, para que cualquier persona tenga oportunidades para prepararse ante los retos que demanda la vida democr\u00e1tica de la CDMX\u201d, afirm\u00f3 la Magistrada Mercado Ram\u00edrez.<\/p>\n\n\n\n<p>El evento cont\u00f3 tambi\u00e9n con la participaci\u00f3n de la Magistrada Alejandra Ch\u00e1vez Camarena y el Magistrado Juan Carlos S\u00e1nchez Le\u00f3n.<\/p>\n\n\n\n<p class=\"has-text-align-center\"><strong>o-O-o<\/strong><strong><\/strong><\/p>\n","protected":false},"excerpt":{"rendered":"<p>Ciudad de M\u00e9xico, a 16 de diciembre de 2020 Capacitarse en materia de transparencia y protecci\u00f3n de datos personales abona al fortalecimiento institucional y democr\u00e1tico de la CDMX, afirma Magistrado [&hellip;]<\/p>\n","protected":false},"author":13,"featured_media":21168,"comment_status":"open","ping_status":"open","sticky":false,"template":"","format":"standard","meta":{"_acf_changed":false,"_exactmetrics_skip_tracking":false,"_exactmetrics_sitenote_active":false,"_exactmetrics_sitenote_note":"","_exactmetrics_sitenote_category":0,"footnotes":""},"categories":[32,47],"tags":[],"acf":[],"yoast_head":"<!-- This site is optimized with the Yoast SEO plugin v22.3 - https:\/\/yoast.com\/wordpress\/plugins\/seo\/ -->\n<title>Bolet\u00edn N\u00ba 106 - Tribunal Electoral de la Ciudad de M\u00e9xico<\/title>\n<meta name=\"robots\" content=\"index, follow, max-snippet:-1, max-image-preview:large, max-video-preview:-1\" \/>\n<link rel=\"canonical\" href=\"https:\/\/www.tecdmx.org.mx\/index.php\/comunicados\/2020\/12\/16\/boletin-no-106\/\" \/>\n<meta property=\"og:locale\" content=\"es_ES\" \/>\n<meta property=\"og:type\" content=\"article\" \/>\n<meta property=\"og:title\" content=\"Bolet\u00edn N\u00ba 106 - Tribunal Electoral de la Ciudad de M\u00e9xico\" \/>\n<meta property=\"og:description\" content=\"Ciudad de M\u00e9xico, a 16 de diciembre de 2020 Capacitarse en materia de transparencia y protecci\u00f3n de datos personales abona al fortalecimiento institucional y democr\u00e1tico de la CDMX, afirma Magistrado [&hellip;]\" \/>\n<meta property=\"og:url\" content=\"https:\/\/www.tecdmx.org.mx\/index.php\/comunicados\/2020\/12\/16\/boletin-no-106\/\" \/>\n<meta property=\"og:site_name\" content=\"Tribunal Electoral de la Ciudad de M\u00e9xico\" \/>\n<meta property=\"article:publisher\" content=\"https:\/\/www.facebook.com\/TECDMX\/\" \/>\n<meta property=\"article:published_time\" content=\"2020-12-16T23:28:06+00:00\" \/>\n<meta property=\"article:modified_time\" content=\"2020-12-16T23:28:08+00:00\" \/>\n<meta property=\"og:image\" content=\"https:\/\/www.tecdmx.org.mx\/wp-content\/uploads\/2020\/08\/comunicado_nuevo.jpg\" \/>\n\t<meta property=\"og:image:width\" content=\"600\" \/>\n\t<meta property=\"og:image:height\" content=\"366\" \/>\n\t<meta property=\"og:image:type\" content=\"image\/jpeg\" \/>\n<meta name=\"author\" content=\"Difusion2025\" \/>\n<meta name=\"twitter:card\" content=\"summary_large_image\" \/>\n<meta name=\"twitter:creator\" content=\"@tecdmx\" \/>\n<meta name=\"twitter:site\" content=\"@tecdmx\" \/>\n<meta name=\"twitter:label1\" content=\"Escrito por\" \/>\n\t<meta name=\"twitter:data1\" content=\"Difusion2025\" \/>\n\t<meta name=\"twitter:label2\" content=\"Tiempo de lectura\" \/>\n\t<meta name=\"twitter:data2\" content=\"3 minutos\" \/>\n<script type=\"application\/ld+json\" class=\"yoast-schema-graph\">{\"@context\":\"https:\/\/schema.org\",\"@graph\":[{\"@type\":\"WebPage\",\"@id\":\"https:\/\/www.tecdmx.org.mx\/index.php\/comunicados\/2020\/12\/16\/boletin-no-106\/\",\"url\":\"https:\/\/www.tecdmx.org.mx\/index.php\/comunicados\/2020\/12\/16\/boletin-no-106\/\",\"name\":\"Bolet\u00edn N\u00ba 106 - Tribunal Electoral de la Ciudad de M\u00e9xico\",\"isPartOf\":{\"@id\":\"https:\/\/www.tecdmx.org.mx\/#website\"},\"primaryImageOfPage\":{\"@id\":\"https:\/\/www.tecdmx.org.mx\/index.php\/comunicados\/2020\/12\/16\/boletin-no-106\/#primaryimage\"},\"image\":{\"@id\":\"https:\/\/www.tecdmx.org.mx\/index.php\/comunicados\/2020\/12\/16\/boletin-no-106\/#primaryimage\"},\"thumbnailUrl\":\"https:\/\/www.tecdmx.org.mx\/wp-content\/uploads\/2020\/08\/comunicado_nuevo.jpg\",\"datePublished\":\"2020-12-16T23:28:06+00:00\",\"dateModified\":\"2020-12-16T23:28:08+00:00\",\"author\":{\"@id\":\"https:\/\/www.tecdmx.org.mx\/#\/schema\/person\/208c898199fb3234203823c5f0cf31d6\"},\"breadcrumb\":{\"@id\":\"https:\/\/www.tecdmx.org.mx\/index.php\/comunicados\/2020\/12\/16\/boletin-no-106\/#breadcrumb\"},\"inLanguage\":\"es\",\"potentialAction\":[{\"@type\":\"ReadAction\",\"target\":[\"https:\/\/www.tecdmx.org.mx\/index.php\/comunicados\/2020\/12\/16\/boletin-no-106\/\"]}]},{\"@type\":\"ImageObject\",\"inLanguage\":\"es\",\"@id\":\"https:\/\/www.tecdmx.org.mx\/index.php\/comunicados\/2020\/12\/16\/boletin-no-106\/#primaryimage\",\"url\":\"https:\/\/www.tecdmx.org.mx\/wp-content\/uploads\/2020\/08\/comunicado_nuevo.jpg\",\"contentUrl\":\"https:\/\/www.tecdmx.org.mx\/wp-content\/uploads\/2020\/08\/comunicado_nuevo.jpg\",\"width\":600,\"height\":366},{\"@type\":\"BreadcrumbList\",\"@id\":\"https:\/\/www.tecdmx.org.mx\/index.php\/comunicados\/2020\/12\/16\/boletin-no-106\/#breadcrumb\",\"itemListElement\":[{\"@type\":\"ListItem\",\"position\":1,\"name\":\"Portada\",\"item\":\"https:\/\/www.tecdmx.org.mx\/\"},{\"@type\":\"ListItem\",\"position\":2,\"name\":\"Bolet\u00edn N\u00ba 106\"}]},{\"@type\":\"WebSite\",\"@id\":\"https:\/\/www.tecdmx.org.mx\/#website\",\"url\":\"https:\/\/www.tecdmx.org.mx\/\",\"name\":\"Tribunal Electoral de la Ciudad de M\u00e9xico\",\"description\":\"25 a\u00f1os garantizando justicia en tu elecci\u00f3n\",\"potentialAction\":[{\"@type\":\"SearchAction\",\"target\":{\"@type\":\"EntryPoint\",\"urlTemplate\":\"https:\/\/www.tecdmx.org.mx\/?s={search_term_string}\"},\"query-input\":\"required name=search_term_string\"}],\"inLanguage\":\"es\"},{\"@type\":\"Person\",\"@id\":\"https:\/\/www.tecdmx.org.mx\/#\/schema\/person\/208c898199fb3234203823c5f0cf31d6\",\"name\":\"Difusion2025\",\"image\":{\"@type\":\"ImageObject\",\"inLanguage\":\"es\",\"@id\":\"https:\/\/www.tecdmx.org.mx\/#\/schema\/person\/image\/\",\"url\":\"https:\/\/secure.gravatar.com\/avatar\/6f7a4ba3acb418040e90a2eb99b5df28?s=96&d=mm&r=g\",\"contentUrl\":\"https:\/\/secure.gravatar.com\/avatar\/6f7a4ba3acb418040e90a2eb99b5df28?s=96&d=mm&r=g\",\"caption\":\"Difusion2025\"}}]}<\/script>\n<!-- \/ Yoast SEO plugin. -->","yoast_head_json":{"title":"Bolet\u00edn N\u00ba 106 - Tribunal Electoral de la Ciudad de M\u00e9xico","robots":{"index":"index","follow":"follow","max-snippet":"max-snippet:-1","max-image-preview":"max-image-preview:large","max-video-preview":"max-video-preview:-1"},"canonical":"https:\/\/www.tecdmx.org.mx\/index.php\/comunicados\/2020\/12\/16\/boletin-no-106\/","og_locale":"es_ES","og_type":"article","og_title":"Bolet\u00edn N\u00ba 106 - Tribunal Electoral de la Ciudad de M\u00e9xico","og_description":"Ciudad de M\u00e9xico, a 16 de diciembre de 2020 Capacitarse en materia de transparencia y protecci\u00f3n de datos personales abona al fortalecimiento institucional y democr\u00e1tico de la CDMX, afirma Magistrado [&hellip;]","og_url":"https:\/\/www.tecdmx.org.mx\/index.php\/comunicados\/2020\/12\/16\/boletin-no-106\/","og_site_name":"Tribunal Electoral de la Ciudad de M\u00e9xico","article_publisher":"https:\/\/www.facebook.com\/TECDMX\/","article_published_time":"2020-12-16T23:28:06+00:00","article_modified_time":"2020-12-16T23:28:08+00:00","og_image":[{"width":600,"height":366,"url":"https:\/\/www.tecdmx.org.mx\/wp-content\/uploads\/2020\/08\/comunicado_nuevo.jpg","type":"image\/jpeg"}],"author":"Difusion2025","twitter_card":"summary_large_image","twitter_creator":"@tecdmx","twitter_site":"@tecdmx","twitter_misc":{"Escrito por":"Difusion2025","Tiempo de lectura":"3 minutos"},"schema":{"@context":"https:\/\/schema.org","@graph":[{"@type":"WebPage","@id":"https:\/\/www.tecdmx.org.mx\/index.php\/comunicados\/2020\/12\/16\/boletin-no-106\/","url":"https:\/\/www.tecdmx.org.mx\/index.php\/comunicados\/2020\/12\/16\/boletin-no-106\/","name":"Bolet\u00edn N\u00ba 106 - Tribunal Electoral de la Ciudad de M\u00e9xico","isPartOf":{"@id":"https:\/\/www.tecdmx.org.mx\/#website"},"primaryImageOfPage":{"@id":"https:\/\/www.tecdmx.org.mx\/index.php\/comunicados\/2020\/12\/16\/boletin-no-106\/#primaryimage"},"image":{"@id":"https:\/\/www.tecdmx.org.mx\/index.php\/comunicados\/2020\/12\/16\/boletin-no-106\/#primaryimage"},"thumbnailUrl":"https:\/\/www.tecdmx.org.mx\/wp-content\/uploads\/2020\/08\/comunicado_nuevo.jpg","datePublished":"2020-12-16T23:28:06+00:00","dateModified":"2020-12-16T23:28:08+00:00","author":{"@id":"https:\/\/www.tecdmx.org.mx\/#\/schema\/person\/208c898199fb3234203823c5f0cf31d6"},"breadcrumb":{"@id":"https:\/\/www.tecdmx.org.mx\/index.php\/comunicados\/2020\/12\/16\/boletin-no-106\/#breadcrumb"},"inLanguage":"es","potentialAction":[{"@type":"ReadAction","target":["https:\/\/www.tecdmx.org.mx\/index.php\/comunicados\/2020\/12\/16\/boletin-no-106\/"]}]},{"@type":"ImageObject","inLanguage":"es","@id":"https:\/\/www.tecdmx.org.mx\/index.php\/comunicados\/2020\/12\/16\/boletin-no-106\/#primaryimage","url":"https:\/\/www.tecdmx.org.mx\/wp-content\/uploads\/2020\/08\/comunicado_nuevo.jpg","contentUrl":"https:\/\/www.tecdmx.org.mx\/wp-content\/uploads\/2020\/08\/comunicado_nuevo.jpg","width":600,"height":366},{"@type":"BreadcrumbList","@id":"https:\/\/www.tecdmx.org.mx\/index.php\/comunicados\/2020\/12\/16\/boletin-no-106\/#breadcrumb","itemListElement":[{"@type":"ListItem","position":1,"name":"Portada","item":"https:\/\/www.tecdmx.org.mx\/"},{"@type":"ListItem","position":2,"name":"Bolet\u00edn N\u00ba 106"}]},{"@type":"WebSite","@id":"https:\/\/www.tecdmx.org.mx\/#website","url":"https:\/\/www.tecdmx.org.mx\/","name":"Tribunal Electoral de la Ciudad de M\u00e9xico","description":"25 a\u00f1os garantizando justicia en tu elecci\u00f3n","potentialAction":[{"@type":"SearchAction","target":{"@type":"EntryPoint","urlTemplate":"https:\/\/www.tecdmx.org.mx\/?s={search_term_string}"},"query-input":"required name=search_term_string"}],"inLanguage":"es"},{"@type":"Person","@id":"https:\/\/www.tecdmx.org.mx\/#\/schema\/person\/208c898199fb3234203823c5f0cf31d6","name":"Difusion2025","image":{"@type":"ImageObject","inLanguage":"es","@id":"https:\/\/www.tecdmx.org.mx\/#\/schema\/person\/image\/","url":"https:\/\/secure.gravatar.com\/avatar\/6f7a4ba3acb418040e90a2eb99b5df28?s=96&d=mm&r=g","contentUrl":"https:\/\/secure.gravatar.com\/avatar\/6f7a4ba3acb418040e90a2eb99b5df28?s=96&d=mm&r=g","caption":"Difusion2025"}}]}},"_links":{"self":[{"href":"https:\/\/www.tecdmx.org.mx\/index.php\/wp-json\/wp\/v2\/posts\/24134"}],"collection":[{"href":"https:\/\/www.tecdmx.org.mx\/index.php\/wp-json\/wp\/v2\/posts"}],"about":[{"href":"https:\/\/www.tecdmx.org.mx\/index.php\/wp-json\/wp\/v2\/types\/post"}],"author":[{"embeddable":true,"href":"https:\/\/www.tecdmx.org.mx\/index.php\/wp-json\/wp\/v2\/users\/13"}],"replies":[{"embeddable":true,"href":"https:\/\/www.tecdmx.org.mx\/index.php\/wp-json\/wp\/v2\/comments?post=24134"}],"version-history":[{"count":2,"href":"https:\/\/www.tecdmx.org.mx\/index.php\/wp-json\/wp\/v2\/posts\/24134\/revisions"}],"predecessor-version":[{"id":24137,"href":"https:\/\/www.tecdmx.org.mx\/index.php\/wp-json\/wp\/v2\/posts\/24134\/revisions\/24137"}],"wp:featuredmedia":[{"embeddable":true,"href":"https:\/\/www.tecdmx.org.mx\/index.php\/wp-json\/wp\/v2\/media\/21168"}],"wp:attachment":[{"href":"https:\/\/www.tecdmx.org.mx\/index.php\/wp-json\/wp\/v2\/media?parent=24134"}],"wp:term":[{"taxonomy":"category","embeddable":true,"href":"https:\/\/www.tecdmx.org.mx\/index.php\/wp-json\/wp\/v2\/categories?post=24134"},{"taxonomy":"post_tag","embeddable":true,"href":"https:\/\/www.tecdmx.org.mx\/index.php\/wp-json\/wp\/v2\/tags?post=24134"}],"curies":[{"name":"wp","href":"https:\/\/api.w.org\/{rel}","templated":true}]}}