{"id":24293,"date":"2021-01-07T09:48:35","date_gmt":"2021-01-07T15:48:35","guid":{"rendered":"https:\/\/www.tecdmx.org.mx\/?p=24293"},"modified":"2021-01-07T09:48:37","modified_gmt":"2021-01-07T15:48:37","slug":"aviso-publico-reanudacion-de-procedimientos-paraprocesales","status":"publish","type":"post","link":"https:\/\/www.tecdmx.org.mx\/index.php\/avisos-publicos\/2021\/01\/07\/aviso-publico-reanudacion-de-procedimientos-paraprocesales\/","title":{"rendered":"AVISO P\u00daBLICO &#8211; REANUDACI\u00d3N DE PROCEDIMIENTOS PARAPROCESALES"},"content":{"rendered":"\n<p><\/p>\n\n\n\n<p class=\"has-text-align-center\"><strong>SECRETAR\u00cdA GENERAL<\/strong><\/p>\n\n\n\n<p class=\"has-text-align-center\"><strong>A V I S O&nbsp;&nbsp; P \u00da B L I C O<\/strong><\/p>\n\n\n\n<p>Pablo Francisco Hern\u00e1ndez Hern\u00e1ndez, Secretario General del Tribunal Electoral de la Ciudad de M\u00e9xico, con fundamento en lo establecido en los art\u00edculos 204 fracci\u00f3n XV del C\u00f3digo de Instituciones y Procedimientos Electorales de la Ciudad de M\u00e9xico y 26 fracci\u00f3n XIII del Reglamento Interior de esta instituci\u00f3n, derivado de lo se\u00f1alado en el Acuerdo Plenario 025\/2020 aprobado por el Pleno de este \u00d3rgano Jurisdiccional el veintid\u00f3s de diciembre de dos mil veinte. &#8211; &#8211; &#8211; &#8211; &#8211; &#8211; <a>&#8211; &#8211; &#8211; &#8211; &#8211; &#8211; &#8211; &#8211; &#8211; &#8211; &#8211; &#8211; &#8211; &#8211; &#8211; &#8211; &#8211; &#8211; &#8211; &#8211; &#8211; &#8211; &#8211; &#8211; &#8211; &#8211; &#8211; &#8211; &#8211; &#8211; &#8211; &#8211; &#8211; &#8211; &#8211; &#8211; &#8211; &#8211; &#8211; &#8211; &#8211; &#8211; &#8211; &#8211; &#8211; &#8211; &#8211; &#8211; &#8211; &#8211; &#8211; &#8211; &#8211; &#8211; &#8211; &#8211; &#8211; &#8211; &#8211; <\/a><strong>HAGO DEL CONOCIMIENTO P\u00daBLICO<\/strong> que aun cuando subsiste la pandemia generada por el virus COVID-19 y toda vez que el Tribunal Electoral ha iniciado la regularizaci\u00f3n de sus actividades jurisdiccionales y administrativas de forma gradual, en atenci\u00f3n a lo se\u00f1alado en el Acuerdo Plenario 003\/2020, <a><strong>a partir del once de enero de dos mil veintiuno<\/strong><\/a>, se reanuda \u00fanicamente el tr\u00e1mite, la sustanciaci\u00f3n y resoluci\u00f3n de los Procedimientos Paraprocesales, pues dichos asuntos no entra\u00f1an controversia alguna y solo se necesita un n\u00famero<strong> <\/strong>reducido de personas para dichas actuaciones, <a>atendiendo las medidas sanitarias se\u00f1aladas por la Secretar\u00eda de Salud, el Protocolo para la reincorporaci\u00f3n, el Plan de Contingencia<\/a>, as\u00ed como el sem\u00e1foro epidemiol\u00f3gico, las cuales ser\u00e1n como sigue:- &#8211; &#8211; &#8211; &#8211; &#8211; &#8211; &#8211; &#8211; &#8211; &#8211; &#8211; &#8211; &#8211; &#8211; &#8211; &#8211; &#8211; &#8211; &#8211; &#8211; &#8211; &#8211; &#8211; &#8211; &#8211; &#8211; &#8211; &#8211; &#8211; &#8211; &#8211; &#8211; &#8211; &#8211; &#8211; &#8211; &#8211; &#8211; &#8211; &#8211; &#8211; &#8211; &#8211; &#8211; &#8211; &#8211; &#8211; &#8211; &#8211; &#8211; &#8211; &#8211; &#8211; &#8211;<\/p>\n\n\n\n<ul><li>Las audiencias de los Procedimientos Paraprocesales a los que se refiere dicho Acuerdo, se llevar\u00e1n a cabo de manera preferente en el Aula de Capacitaci\u00f3n, Sala Privada de las Magistraturas estas ubicadas en el Penthouse y Sala de Juntas del&nbsp; tercer piso, as\u00ed como dem\u00e1s \u00e1reas necesarias que sean acondicionadas para tal fin, con un n\u00famero reducido de personas, las cuales no podr\u00e1n estar congregadas al mismo tiempo, esto a efecto de respetar las medidas de sana distancia.- &#8211; &#8211; &#8211; &#8211; &#8211; &#8211; &#8211; &#8211; &#8211; &#8211; &#8211; &#8211; &#8211; &#8211; &#8211; &#8211; &#8211; &#8211; &#8211; &#8211; &#8211; &#8211; &#8211; &#8211; &#8211; &#8211; &#8211; &#8211; &#8211; &#8211; &#8211; &#8211; &#8211; &#8211; &#8211; &#8211; &#8211; &#8211; &#8211;<\/li><li>Las Salas donde se llevar\u00e1n a cabo las audiencias de los procedimientos paraprocesales se reservar\u00e1n cuando menos con veinticuatro horas de anticipaci\u00f3n en la herramienta de calendarizaci\u00f3n de reservas de Salas. &#8211; &#8211; &#8211; &#8211; &#8211; &#8211; &#8211; &#8211; &#8211; &#8211; &#8211; &#8211; &#8211; &#8211; &#8211; &#8211; &#8211; &#8211; &#8211; &#8211; &#8211; &#8211; &#8211; &#8211; &#8211; &#8211; &#8211; &#8211; &#8211; &#8211; &#8211; &#8211; &#8211; &#8211; &#8211; &#8211; &#8211; &#8211; &#8211; &#8211; &#8211; &#8211; &#8211; &#8211; &#8211; &#8211; &#8211; &#8211; &#8211; &#8211; &#8211; &#8211; &#8211; &#8211; &#8211; &#8211; &#8211; &#8211; &#8211; &#8211; &#8211; &#8211; &#8211; &#8211; &#8211; &#8211; &#8211; &#8211; &#8211; &#8211; &#8211; &#8211; &#8211; &#8211; &#8211; &#8211; &#8211; &#8211; &#8211; &#8211; &#8211; &#8211; &#8211;<\/li><li><\/li><\/ul>\n\n\n\n<ul><li>Cada Ponencia se\u00f1alara el d\u00eda de las audiencias de acuerdo a las agendas de estas, utilizando la herramienta de calendarizaci\u00f3n de reservas de Salas implementada por la Unidad de Servicios Inform\u00e1ticos.- &#8211; &#8211; &#8211; &#8211; &#8211; &#8211; &#8211; &#8211; &#8211; &#8211; &#8211; &#8211; &#8211; &#8211; &#8211; &#8211; &#8211; &#8211; &#8211; &#8211; &#8211; &#8211; &#8211; &#8211; &#8211; &#8211; &#8211; &#8211; &#8211; &#8211; &#8211; &#8211; &#8211; &#8211; &#8211; &#8211; &#8211; &#8211; &#8211; &#8211; &#8211; &#8211; &#8211; &#8211; &#8211; &#8211; &#8211; &#8211; &#8211; &#8211; &#8211; &#8211; &#8211; &#8211; &#8211; &#8211; &#8211; &#8211; &#8211; &#8211; &#8211; &#8211; &#8211; &#8211; &#8211; &#8211; &#8211; &#8211; &#8211; &#8211; &#8211; &#8211; &#8211; &#8211; &#8211; &#8211; &#8211; Previo a la celebraci\u00f3n de las audiencias la Secretar\u00eda Administrativa implementar\u00e1 las medidas para desinfectar la sala donde se lleven a cabo. &#8211; &#8211; &#8211; &#8211; &#8211; &#8211; &#8211; &#8211; &#8211; &#8211; &#8211; &#8211; &#8211; &#8211; &#8211; &#8211; &#8211; &#8211; &#8211; &#8211; &#8211; &#8211; &#8211; &#8211; &#8211; &#8211; &#8211; &#8211; &#8211; &#8211; &#8211; &#8211; &#8211; &#8211; &#8211; &#8211; &#8211; &#8211; &#8211; &#8211; &#8211; &#8211; &#8211; &#8211; &#8211; &#8211; &#8211; &#8211; &#8211; &#8211;<\/li><li>Se dotar\u00e1 de materiales como mascarillas, cubrebocas, guantes, gel y toallas desinfectantes dentro de las salas, para las personas que acudan a las audiencias. &#8211; &#8211; &#8211; &#8211; &#8211; &#8211; &#8211; &#8211; &#8211; &#8211; &#8211; &#8211; &#8211; &#8211; &#8211; &#8211; &#8211; &#8211; &#8211; &#8211; &#8211; &#8211; &#8211; &#8211; &#8211; &#8211; &#8211; &#8211; &#8211; &#8211; &#8211; &#8211; &#8211; &#8211; &#8211; &#8211; &#8211; &#8211; &#8211; &#8211; &#8211;<\/li><li>Las personas que acudan a las audiencias deber\u00e1n usar correctamente durante todo el tiempo que se encuentre en las instalaciones del Tribunal el cubrebocas y\/o caretas, as\u00ed como respetar las reglas de sana distancia. &#8211; &#8211; &#8211; &#8211; &#8211; &#8211; &#8211; &#8211; &#8211; &#8211; &#8211; &#8211; &#8211; &#8211; &#8211; &#8211; &#8211; &#8211; &#8211; &#8211; &#8211; &#8211; &#8211; &#8211; &#8211; &#8211; &#8211; &#8211; &#8211; &#8211; &#8211; &#8211; &#8211; &#8211; &#8211; &#8211; &#8211; &#8211; &#8211; &#8211; &#8211; &#8211; &#8211; &#8211; &#8211; &#8211; &#8211; &#8211; &#8211; &#8211; &#8211; &#8211; &#8211; &#8211; &#8211; &#8211; &#8211; &#8211; &#8211; &#8211; &#8211; &#8211; &#8211; &#8211; &#8211; &#8211; &#8211; &#8211; &#8211; &#8211; &#8211; &#8211; &#8211; &#8211; &#8211; &#8211; &#8211; &#8211; &#8211; &#8211;<\/li><li>Las personas servidoras p\u00fablicas que se encuentren en contacto con personas externas, deber\u00e1n portar cubrebocas, guantes y lentes protectoras o caretas. &#8211; &#8211; &#8211; &#8211; &#8211; &#8211; &#8211; &#8211; &#8211; &#8211; &#8211; &#8211; &#8211; &#8211; &#8211; &#8211; &#8211; &#8211; &#8211; &#8211; &#8211; &#8211; &#8211; &#8211; &#8211; &#8211; &#8211; &#8211; &#8211; &#8211; &#8211; &#8211; &#8211; &#8211; &#8211; &#8211; &#8211; &#8211; &#8211; &#8211; &#8211; &#8211; &#8211;<\/li><li>Al concluir las audiencias las personas deber\u00e1n retirarse, evitando acudir a otras \u00e1reas del Tribunal. &#8211; &#8211; &#8211; &#8211; &#8211; &#8211;<\/li><li>Se proceder\u00e1 a la desinfecci\u00f3n de las salas al finalizar las audiencias, de preferencia habr\u00e1 un intervalo no menor a 1 hora entre cada audiencia para tal efecto. &#8211; &#8211; &#8211; &#8211; &#8211; &#8211; &#8211; &#8211; &#8211; &#8211; &#8211; &#8211; &#8211; &#8211; &#8211; &#8211; &#8211; &#8211; &#8211; &#8211; &#8211; &#8211; &#8211; &#8211; &#8211; &#8211; &#8211; &#8211; &#8211; &#8211; &#8211; &#8211; &#8211; &#8211; &#8211; &#8211; &#8211; &#8211; &#8211; &#8211; &#8211; &#8211;<\/li><li>Toda persona que ingrese al Tribunal se le deber\u00e1 tomar la temperatura, aplicarse gel antibacterial y realizar la desinfecci\u00f3n del calzado con los tapetes colocados para tal fin. &#8211; &#8211; &#8211; &#8211; &#8211; &#8211; &#8211; &#8211; &#8211; &#8211; &#8211; &#8211; &#8211; &#8211; &#8211; &#8211; &#8211; &#8211; &#8211; &#8211; &#8211; &#8211; &#8211; &#8211; &#8211; &#8211; &#8211; &#8211; &#8211; &#8211; &#8211; &#8211;<\/li><li>Cualquier persona que ingrese y se mantenga dentro de las instalaciones del Tribunal deber\u00e1 acatar las disposiciones contenidas en el Protocolo y todas aquellas que se reciban por parte del personal autorizado encargado de la supervisi\u00f3n de las medidas sanitarias en el Tribunal.- &#8211; &#8211; &#8211; &#8211; &#8211; &#8211; &#8211; &#8211; &#8211; &#8211; &#8211; &#8211; &#8211; &#8211; &#8211; &#8211; &#8211; &#8211; &#8211; &#8211; &#8211; &#8211; &#8211; &#8211; &#8211; &#8211; &#8211; &#8211; &#8211;<\/li><li>Aquella persona que se niegue a que se le practiquen las acciones sanitarias preventivas de ingreso al Tribunal, no se le permitir\u00e1 el acceso al inmueble. &#8211; &#8211; &#8211; &#8211; &#8211; &#8211; &#8211; &#8211; &#8211; &#8211; &#8211; &#8211; &#8211; &#8211; &#8211; &#8211; &#8211; &#8211; &#8211; &#8211; &#8211; &#8211; &#8211; &#8211; &#8211; &#8211; &#8211; &#8211; &#8211; &#8211; &#8211; &#8211; &#8211; &#8211; &#8211; &#8211; &#8211; &#8211; &#8211; &#8211; &#8211; &#8211; &#8211; &#8211;<\/li><\/ul>\n\n\n\n<p>Para lo anterior, la Secretar\u00eda Administrativa realizar\u00e1 las acciones conducentes, asimismo, en colaboraci\u00f3n con la Coordinaci\u00f3n de Difusi\u00f3n y Publicaci\u00f3n realizar\u00e1n un tr\u00edptico con la informaci\u00f3n a fin de hacerlo del conocimiento de las partes en dichos asuntos. &#8211; &#8211; &#8211; &#8211; &#8211; &#8211; &#8211; &#8211; &#8211; &#8211; &#8211; &#8211; &#8211; &#8211; &#8211; &#8211; &#8211; &#8211; &#8211; &#8211; &#8211; &#8211; &#8211; &#8211; &#8211; &#8211; &#8211; &#8211; &#8211; &#8211; &#8211; &#8211; &#8211; &#8211; &#8211; &#8211; &#8211; &#8211; &#8211; &#8211; &#8211; &#8211; &#8211; &#8211; &#8211; &#8211; &#8211; &#8211; &#8211; &#8211; &#8211; &#8211; &#8211; &#8211; &#8211; &#8211; &#8211; &#8211; &#8211; &#8211; &#8211;<\/p>\n\n\n\n<p>Por su parte, la Unidad de Servicios Inform\u00e1ticos acondicionar\u00e1 el Aula de Capacitaci\u00f3n, Sala Privada de las Magistraturas ubicadas en el <em>Penthouse<\/em>, Sala de Juntas del tercer piso, as\u00ed como dem\u00e1s \u00e1reas necesarias, para llevar a cabo las audiencias respectivas con equipo de c\u00f3mputo, de impresi\u00f3n, de proyecci\u00f3n, nodos para la conexi\u00f3n de red, as\u00ed como la red habilitada de Wifi, realizando la desinfecci\u00f3n correspondiente del equipo. &#8211; &#8211; &#8211; &#8211; &#8211;<\/p>\n\n\n\n<p>Por cuanto hace a los Juicios Especiales Laborales y de Inconformidad Administrativa que se encuentran en sustanciaci\u00f3n y\/o tr\u00e1mite ante este \u00d3rgano Jurisdiccional se mantendr\u00e1 vigente la suspensi\u00f3n de plazos, as\u00ed como, en su caso, los legalmente establecidos para dictar su resoluci\u00f3n, hasta que el Pleno determine lo conducente. &#8211; &#8211; &#8211; &#8211; &#8211; &#8211; &#8211; &#8211; &#8211; &#8211; &#8211; &#8211; &#8211; &#8211; &#8211; &#8211; &#8211; &#8211; &#8211; &#8211; &#8211; &#8211; &#8211; &#8211; &#8211; &#8211; &#8211; &#8211; &#8211; &#8211; &#8211; &#8211; &#8211; &#8211; &#8211; &#8211; &#8211; &#8211; &#8211; &#8211; &#8211; &#8211; &#8211; &#8211; &#8211; &#8211; &#8211; &#8211; &#8211; &#8211; &#8211; &#8211; &#8211; &#8211; &#8211; &#8211; &#8211; &#8211; &#8211; &#8211; &#8211; &#8211; &#8211; &#8211; &#8211; &#8211; &#8211; &#8211; &#8211; &#8211; &#8211; &#8211; &#8211; &#8211; &#8211; &#8211; &#8211; &nbsp;<\/p>\n\n\n\n<p>Por ende, no transcurrir\u00edan t\u00e9rminos procesales, ni podr\u00e1n celebrarse audiencias programadas, as\u00ed como ordenarse el desahogo de diligencia alguna. El plazo para interponer la demanda de los Juicios Laborales y de Inconformidad Administrativa, no se suspender\u00e1, por lo que continuar\u00edan transcurriendo en t\u00e9rminos de lo previsto en la ley. &#8211; &#8211; &#8211; &#8211; &#8211; &#8211; &#8211; &#8211; &#8211; &#8211; &#8211; &#8211; &#8211; &#8211; &#8211; &#8211; &#8211; &#8211; &#8211; &#8211; &#8211; &#8211; &#8211; &#8211; &#8211; &#8211; &#8211; &#8211; &#8211; &#8211; &#8211; &#8211; &#8211; &#8211; &#8211; &#8211; &#8211; &#8211; &#8211; &#8211; &#8211; &#8211; &#8211; &#8211; &#8211; &#8211; &#8211; &#8211; &#8211; &#8211; &#8211; &#8211; &#8211; &#8211; &#8211; &#8211; &#8211; &#8211; &#8211; &#8211; &#8211; &#8211; &#8211; &#8211; &#8211; &#8211; &#8211; &#8211; &#8211; &#8211; &#8211; &#8211; &#8211; &#8211; &#8211; &#8211; &#8211; &#8211; &#8211; &#8211; &#8211; &#8211; &#8211; &#8211; &#8211; Ciudad de M\u00e9xico, a cinco de enero de dos mil veintiuno. &#8211; &#8211; &#8211; &#8211; &#8211; &#8211; &#8211; &#8211; &#8211; &#8211; &#8211; &#8211; &#8211; &#8211; &#8211; &#8211; &#8211; &#8211; &#8211; &#8211; &#8211; &#8211; &#8211; &#8211; &#8211; &#8211; &#8211; &#8211; &#8211; &#8211; &#8211; &#8211; &#8211; &#8211; &#8211; &nbsp;<strong>DOY FE.<\/strong><\/p>\n","protected":false},"excerpt":{"rendered":"<p>SECRETAR\u00cdA GENERAL A V I S O&nbsp;&nbsp; P \u00da B L I C O Pablo Francisco Hern\u00e1ndez Hern\u00e1ndez, Secretario General del Tribunal Electoral de la Ciudad de M\u00e9xico, con fundamento [&hellip;]<\/p>\n","protected":false},"author":13,"featured_media":19818,"comment_status":"open","ping_status":"open","sticky":false,"template":"","format":"standard","meta":{"_acf_changed":false,"_exactmetrics_skip_tracking":false,"_exactmetrics_sitenote_active":false,"_exactmetrics_sitenote_note":"","_exactmetrics_sitenote_category":0,"footnotes":""},"categories":[34,47],"tags":[],"acf":[],"yoast_head":"<!-- This site is optimized with the Yoast SEO plugin v22.3 - https:\/\/yoast.com\/wordpress\/plugins\/seo\/ -->\n<title>AVISO P\u00daBLICO - REANUDACI\u00d3N DE PROCEDIMIENTOS PARAPROCESALES - Tribunal Electoral de la Ciudad de M\u00e9xico<\/title>\n<meta name=\"robots\" content=\"index, follow, max-snippet:-1, max-image-preview:large, max-video-preview:-1\" \/>\n<link rel=\"canonical\" href=\"https:\/\/www.tecdmx.org.mx\/index.php\/avisos-publicos\/2021\/01\/07\/aviso-publico-reanudacion-de-procedimientos-paraprocesales\/\" \/>\n<meta property=\"og:locale\" content=\"es_ES\" \/>\n<meta property=\"og:type\" content=\"article\" \/>\n<meta property=\"og:title\" content=\"AVISO P\u00daBLICO - REANUDACI\u00d3N DE PROCEDIMIENTOS PARAPROCESALES - Tribunal Electoral de la Ciudad de M\u00e9xico\" \/>\n<meta property=\"og:description\" content=\"SECRETAR\u00cdA GENERAL A V I S O&nbsp;&nbsp; P \u00da B L I C O Pablo Francisco Hern\u00e1ndez Hern\u00e1ndez, Secretario General del Tribunal Electoral de la Ciudad de M\u00e9xico, con fundamento [&hellip;]\" \/>\n<meta property=\"og:url\" content=\"https:\/\/www.tecdmx.org.mx\/index.php\/avisos-publicos\/2021\/01\/07\/aviso-publico-reanudacion-de-procedimientos-paraprocesales\/\" \/>\n<meta property=\"og:site_name\" content=\"Tribunal Electoral de la Ciudad de M\u00e9xico\" \/>\n<meta property=\"article:publisher\" content=\"https:\/\/www.facebook.com\/TECDMX\/\" \/>\n<meta property=\"article:published_time\" content=\"2021-01-07T15:48:35+00:00\" \/>\n<meta property=\"article:modified_time\" content=\"2021-01-07T15:48:37+00:00\" \/>\n<meta property=\"og:image\" content=\"https:\/\/www.tecdmx.org.mx\/wp-content\/uploads\/2020\/04\/aviso-captura.png\" \/>\n\t<meta property=\"og:image:width\" content=\"1004\" \/>\n\t<meta property=\"og:image:height\" content=\"464\" \/>\n\t<meta property=\"og:image:type\" content=\"image\/png\" \/>\n<meta name=\"author\" content=\"Difusion2025\" \/>\n<meta name=\"twitter:card\" content=\"summary_large_image\" \/>\n<meta name=\"twitter:creator\" content=\"@tecdmx\" \/>\n<meta name=\"twitter:site\" content=\"@tecdmx\" \/>\n<meta name=\"twitter:label1\" content=\"Escrito por\" \/>\n\t<meta name=\"twitter:data1\" content=\"Difusion2025\" \/>\n\t<meta name=\"twitter:label2\" content=\"Tiempo de lectura\" \/>\n\t<meta name=\"twitter:data2\" content=\"9 minutos\" \/>\n<script type=\"application\/ld+json\" class=\"yoast-schema-graph\">{\"@context\":\"https:\/\/schema.org\",\"@graph\":[{\"@type\":\"WebPage\",\"@id\":\"https:\/\/www.tecdmx.org.mx\/index.php\/avisos-publicos\/2021\/01\/07\/aviso-publico-reanudacion-de-procedimientos-paraprocesales\/\",\"url\":\"https:\/\/www.tecdmx.org.mx\/index.php\/avisos-publicos\/2021\/01\/07\/aviso-publico-reanudacion-de-procedimientos-paraprocesales\/\",\"name\":\"AVISO P\u00daBLICO - REANUDACI\u00d3N DE PROCEDIMIENTOS PARAPROCESALES - Tribunal Electoral de la Ciudad de M\u00e9xico\",\"isPartOf\":{\"@id\":\"https:\/\/www.tecdmx.org.mx\/#website\"},\"primaryImageOfPage\":{\"@id\":\"https:\/\/www.tecdmx.org.mx\/index.php\/avisos-publicos\/2021\/01\/07\/aviso-publico-reanudacion-de-procedimientos-paraprocesales\/#primaryimage\"},\"image\":{\"@id\":\"https:\/\/www.tecdmx.org.mx\/index.php\/avisos-publicos\/2021\/01\/07\/aviso-publico-reanudacion-de-procedimientos-paraprocesales\/#primaryimage\"},\"thumbnailUrl\":\"https:\/\/www.tecdmx.org.mx\/wp-content\/uploads\/2020\/04\/aviso-captura.png\",\"datePublished\":\"2021-01-07T15:48:35+00:00\",\"dateModified\":\"2021-01-07T15:48:37+00:00\",\"author\":{\"@id\":\"https:\/\/www.tecdmx.org.mx\/#\/schema\/person\/208c898199fb3234203823c5f0cf31d6\"},\"breadcrumb\":{\"@id\":\"https:\/\/www.tecdmx.org.mx\/index.php\/avisos-publicos\/2021\/01\/07\/aviso-publico-reanudacion-de-procedimientos-paraprocesales\/#breadcrumb\"},\"inLanguage\":\"es\",\"potentialAction\":[{\"@type\":\"ReadAction\",\"target\":[\"https:\/\/www.tecdmx.org.mx\/index.php\/avisos-publicos\/2021\/01\/07\/aviso-publico-reanudacion-de-procedimientos-paraprocesales\/\"]}]},{\"@type\":\"ImageObject\",\"inLanguage\":\"es\",\"@id\":\"https:\/\/www.tecdmx.org.mx\/index.php\/avisos-publicos\/2021\/01\/07\/aviso-publico-reanudacion-de-procedimientos-paraprocesales\/#primaryimage\",\"url\":\"https:\/\/www.tecdmx.org.mx\/wp-content\/uploads\/2020\/04\/aviso-captura.png\",\"contentUrl\":\"https:\/\/www.tecdmx.org.mx\/wp-content\/uploads\/2020\/04\/aviso-captura.png\",\"width\":1004,\"height\":464},{\"@type\":\"BreadcrumbList\",\"@id\":\"https:\/\/www.tecdmx.org.mx\/index.php\/avisos-publicos\/2021\/01\/07\/aviso-publico-reanudacion-de-procedimientos-paraprocesales\/#breadcrumb\",\"itemListElement\":[{\"@type\":\"ListItem\",\"position\":1,\"name\":\"Portada\",\"item\":\"https:\/\/www.tecdmx.org.mx\/\"},{\"@type\":\"ListItem\",\"position\":2,\"name\":\"AVISO P\u00daBLICO &#8211; REANUDACI\u00d3N DE PROCEDIMIENTOS PARAPROCESALES\"}]},{\"@type\":\"WebSite\",\"@id\":\"https:\/\/www.tecdmx.org.mx\/#website\",\"url\":\"https:\/\/www.tecdmx.org.mx\/\",\"name\":\"Tribunal Electoral de la Ciudad de M\u00e9xico\",\"description\":\"25 a\u00f1os garantizando justicia en tu elecci\u00f3n\",\"potentialAction\":[{\"@type\":\"SearchAction\",\"target\":{\"@type\":\"EntryPoint\",\"urlTemplate\":\"https:\/\/www.tecdmx.org.mx\/?s={search_term_string}\"},\"query-input\":\"required name=search_term_string\"}],\"inLanguage\":\"es\"},{\"@type\":\"Person\",\"@id\":\"https:\/\/www.tecdmx.org.mx\/#\/schema\/person\/208c898199fb3234203823c5f0cf31d6\",\"name\":\"Difusion2025\",\"image\":{\"@type\":\"ImageObject\",\"inLanguage\":\"es\",\"@id\":\"https:\/\/www.tecdmx.org.mx\/#\/schema\/person\/image\/\",\"url\":\"https:\/\/secure.gravatar.com\/avatar\/6f7a4ba3acb418040e90a2eb99b5df28?s=96&d=mm&r=g\",\"contentUrl\":\"https:\/\/secure.gravatar.com\/avatar\/6f7a4ba3acb418040e90a2eb99b5df28?s=96&d=mm&r=g\",\"caption\":\"Difusion2025\"}}]}<\/script>\n<!-- \/ Yoast SEO plugin. -->","yoast_head_json":{"title":"AVISO P\u00daBLICO - REANUDACI\u00d3N DE PROCEDIMIENTOS PARAPROCESALES - Tribunal Electoral de la Ciudad de M\u00e9xico","robots":{"index":"index","follow":"follow","max-snippet":"max-snippet:-1","max-image-preview":"max-image-preview:large","max-video-preview":"max-video-preview:-1"},"canonical":"https:\/\/www.tecdmx.org.mx\/index.php\/avisos-publicos\/2021\/01\/07\/aviso-publico-reanudacion-de-procedimientos-paraprocesales\/","og_locale":"es_ES","og_type":"article","og_title":"AVISO P\u00daBLICO - REANUDACI\u00d3N DE PROCEDIMIENTOS PARAPROCESALES - Tribunal Electoral de la Ciudad de M\u00e9xico","og_description":"SECRETAR\u00cdA GENERAL A V I S O&nbsp;&nbsp; P \u00da B L I C O Pablo Francisco Hern\u00e1ndez Hern\u00e1ndez, Secretario General del Tribunal Electoral de la Ciudad de M\u00e9xico, con fundamento [&hellip;]","og_url":"https:\/\/www.tecdmx.org.mx\/index.php\/avisos-publicos\/2021\/01\/07\/aviso-publico-reanudacion-de-procedimientos-paraprocesales\/","og_site_name":"Tribunal Electoral de la Ciudad de M\u00e9xico","article_publisher":"https:\/\/www.facebook.com\/TECDMX\/","article_published_time":"2021-01-07T15:48:35+00:00","article_modified_time":"2021-01-07T15:48:37+00:00","og_image":[{"width":1004,"height":464,"url":"https:\/\/www.tecdmx.org.mx\/wp-content\/uploads\/2020\/04\/aviso-captura.png","type":"image\/png"}],"author":"Difusion2025","twitter_card":"summary_large_image","twitter_creator":"@tecdmx","twitter_site":"@tecdmx","twitter_misc":{"Escrito por":"Difusion2025","Tiempo de lectura":"9 minutos"},"schema":{"@context":"https:\/\/schema.org","@graph":[{"@type":"WebPage","@id":"https:\/\/www.tecdmx.org.mx\/index.php\/avisos-publicos\/2021\/01\/07\/aviso-publico-reanudacion-de-procedimientos-paraprocesales\/","url":"https:\/\/www.tecdmx.org.mx\/index.php\/avisos-publicos\/2021\/01\/07\/aviso-publico-reanudacion-de-procedimientos-paraprocesales\/","name":"AVISO P\u00daBLICO - REANUDACI\u00d3N DE PROCEDIMIENTOS PARAPROCESALES - Tribunal Electoral de la Ciudad de M\u00e9xico","isPartOf":{"@id":"https:\/\/www.tecdmx.org.mx\/#website"},"primaryImageOfPage":{"@id":"https:\/\/www.tecdmx.org.mx\/index.php\/avisos-publicos\/2021\/01\/07\/aviso-publico-reanudacion-de-procedimientos-paraprocesales\/#primaryimage"},"image":{"@id":"https:\/\/www.tecdmx.org.mx\/index.php\/avisos-publicos\/2021\/01\/07\/aviso-publico-reanudacion-de-procedimientos-paraprocesales\/#primaryimage"},"thumbnailUrl":"https:\/\/www.tecdmx.org.mx\/wp-content\/uploads\/2020\/04\/aviso-captura.png","datePublished":"2021-01-07T15:48:35+00:00","dateModified":"2021-01-07T15:48:37+00:00","author":{"@id":"https:\/\/www.tecdmx.org.mx\/#\/schema\/person\/208c898199fb3234203823c5f0cf31d6"},"breadcrumb":{"@id":"https:\/\/www.tecdmx.org.mx\/index.php\/avisos-publicos\/2021\/01\/07\/aviso-publico-reanudacion-de-procedimientos-paraprocesales\/#breadcrumb"},"inLanguage":"es","potentialAction":[{"@type":"ReadAction","target":["https:\/\/www.tecdmx.org.mx\/index.php\/avisos-publicos\/2021\/01\/07\/aviso-publico-reanudacion-de-procedimientos-paraprocesales\/"]}]},{"@type":"ImageObject","inLanguage":"es","@id":"https:\/\/www.tecdmx.org.mx\/index.php\/avisos-publicos\/2021\/01\/07\/aviso-publico-reanudacion-de-procedimientos-paraprocesales\/#primaryimage","url":"https:\/\/www.tecdmx.org.mx\/wp-content\/uploads\/2020\/04\/aviso-captura.png","contentUrl":"https:\/\/www.tecdmx.org.mx\/wp-content\/uploads\/2020\/04\/aviso-captura.png","width":1004,"height":464},{"@type":"BreadcrumbList","@id":"https:\/\/www.tecdmx.org.mx\/index.php\/avisos-publicos\/2021\/01\/07\/aviso-publico-reanudacion-de-procedimientos-paraprocesales\/#breadcrumb","itemListElement":[{"@type":"ListItem","position":1,"name":"Portada","item":"https:\/\/www.tecdmx.org.mx\/"},{"@type":"ListItem","position":2,"name":"AVISO P\u00daBLICO &#8211; REANUDACI\u00d3N DE PROCEDIMIENTOS PARAPROCESALES"}]},{"@type":"WebSite","@id":"https:\/\/www.tecdmx.org.mx\/#website","url":"https:\/\/www.tecdmx.org.mx\/","name":"Tribunal Electoral de la Ciudad de M\u00e9xico","description":"25 a\u00f1os garantizando justicia en tu elecci\u00f3n","potentialAction":[{"@type":"SearchAction","target":{"@type":"EntryPoint","urlTemplate":"https:\/\/www.tecdmx.org.mx\/?s={search_term_string}"},"query-input":"required name=search_term_string"}],"inLanguage":"es"},{"@type":"Person","@id":"https:\/\/www.tecdmx.org.mx\/#\/schema\/person\/208c898199fb3234203823c5f0cf31d6","name":"Difusion2025","image":{"@type":"ImageObject","inLanguage":"es","@id":"https:\/\/www.tecdmx.org.mx\/#\/schema\/person\/image\/","url":"https:\/\/secure.gravatar.com\/avatar\/6f7a4ba3acb418040e90a2eb99b5df28?s=96&d=mm&r=g","contentUrl":"https:\/\/secure.gravatar.com\/avatar\/6f7a4ba3acb418040e90a2eb99b5df28?s=96&d=mm&r=g","caption":"Difusion2025"}}]}},"_links":{"self":[{"href":"https:\/\/www.tecdmx.org.mx\/index.php\/wp-json\/wp\/v2\/posts\/24293"}],"collection":[{"href":"https:\/\/www.tecdmx.org.mx\/index.php\/wp-json\/wp\/v2\/posts"}],"about":[{"href":"https:\/\/www.tecdmx.org.mx\/index.php\/wp-json\/wp\/v2\/types\/post"}],"author":[{"embeddable":true,"href":"https:\/\/www.tecdmx.org.mx\/index.php\/wp-json\/wp\/v2\/users\/13"}],"replies":[{"embeddable":true,"href":"https:\/\/www.tecdmx.org.mx\/index.php\/wp-json\/wp\/v2\/comments?post=24293"}],"version-history":[{"count":2,"href":"https:\/\/www.tecdmx.org.mx\/index.php\/wp-json\/wp\/v2\/posts\/24293\/revisions"}],"predecessor-version":[{"id":24296,"href":"https:\/\/www.tecdmx.org.mx\/index.php\/wp-json\/wp\/v2\/posts\/24293\/revisions\/24296"}],"wp:featuredmedia":[{"embeddable":true,"href":"https:\/\/www.tecdmx.org.mx\/index.php\/wp-json\/wp\/v2\/media\/19818"}],"wp:attachment":[{"href":"https:\/\/www.tecdmx.org.mx\/index.php\/wp-json\/wp\/v2\/media?parent=24293"}],"wp:term":[{"taxonomy":"category","embeddable":true,"href":"https:\/\/www.tecdmx.org.mx\/index.php\/wp-json\/wp\/v2\/categories?post=24293"},{"taxonomy":"post_tag","embeddable":true,"href":"https:\/\/www.tecdmx.org.mx\/index.php\/wp-json\/wp\/v2\/tags?post=24293"}],"curies":[{"name":"wp","href":"https:\/\/api.w.org\/{rel}","templated":true}]}}