{"id":24508,"date":"2021-01-25T19:46:34","date_gmt":"2021-01-26T01:46:34","guid":{"rendered":"https:\/\/www.tecdmx.org.mx\/?p=24508"},"modified":"2021-01-25T19:46:34","modified_gmt":"2021-01-26T01:46:34","slug":"boletin-no-4","status":"publish","type":"post","link":"https:\/\/www.tecdmx.org.mx\/index.php\/comunicados\/2021\/01\/25\/boletin-no-4\/","title":{"rendered":"Bolet\u00edn N\u00ba 4"},"content":{"rendered":"\n<p class=\"has-text-align-right\">Ciudad de M\u00e9xico, a 25 de enero de 2021<\/p>\n\n\n\n<p><\/p>\n\n\n\n<p><strong>CELEBRA TECDMX y SECRETAR\u00cdA DE EDUCACI\u00d3N, CONVERSATORIO SOBRE CULTURA DEMOCR\u00c1TICA PARA ESCUCHAR A LAS PERSONAS J\u00d3VENES DE LA CDMX.<\/strong><\/p>\n\n\n\n<p>El Tribunal Electoral de la Ciudad de M\u00e9xico (TECDMX) celebr\u00f3 la inauguraci\u00f3n del E-Conversatorio en educaci\u00f3n: Cultivando la Democracia en la Ciudad de M\u00e9xico, el cual es un esfuerzo conjunto con la Secretar\u00eda de Educaci\u00f3n, Ciencia, Tecnolog\u00eda e Innovaci\u00f3n de la Ciudad de M\u00e9xico (SECTEI).<\/p>\n\n\n\n<p>La Magistrada del TECDMX, Martha L. Mercado Ram\u00edrez, al inaugurar dicho acto y dar la bienvenida a las personas j\u00f3venes de diferentes planteles educativos, destac\u00f3 la importancia de escuchar la voz de las personas j\u00f3venes en el impulso de la cultura democr\u00e1tica.<\/p>\n\n\n\n<p>Afirm\u00f3 que brindar mayor apertura de las instituciones, permitir\u00e1 en el corto plazo observar mayor participaci\u00f3n de las y los j\u00f3venes en los asuntos p\u00fablicos y esto tendr\u00e1 una repercusi\u00f3n positiva en la vida democr\u00e1tica de la capital del pa\u00eds.<\/p>\n\n\n\n<p>Al hacer uso de la voz, la Magistrada del TECDMX, Martha Leticia Mercado Ram\u00edrez, recalc\u00f3 la importancia de que las personas que est\u00e1n ocupando cargos p\u00fablicos deben dejar huella a favor de la ciudadan\u00eda, adapt\u00e1ndose a las nuevas situaciones y mecanismos,<\/p>\n\n\n\n<p>\u201cLa pandemia lleg\u00f3 a transformar, pero debemos de ser fuertes y adaptarnos a esta nueva vida y nuevos mecanismos, siendo nuevos estatus que debemos pretender y lograr\u201d, reflexion\u00f3 la Magistrada Martha Mercado.<\/p>\n\n\n\n<p>Paulo C\u00e9sar Mart\u00ednez L\u00f3pez, Director de Enlace Interinstitucional, en representaci\u00f3n de Rosaura Ruiz Guti\u00e9rrez, titular de la Secretar\u00eda de Educaci\u00f3n Ciencia y Tecnolog\u00eda, destac\u00f3 que este tipo de espacios permiten escuchar las complejidades que se presentan y permiten visibilizar la brecha digital en muchos sectores de esta sociedad.<\/p>\n\n\n\n<p>\u201cEstos ejercicios detonan una cultura democr\u00e1tica y de participaci\u00f3n en la cual las y los j\u00f3venes se pueden ir familiarizando y participando en ellas, es decir, estas acciones nos permiten compartir y expresar ideas que coadyuven a construir un pa\u00eds y una ciudad m\u00e1s igualitario, m\u00e1s democr\u00e1tico y con una visi\u00f3n de perspectiva de g\u00e9nero\u201d, afirm\u00f3 Mart\u00ednez L\u00f3pez.<\/p>\n\n\n\n<p>Por su parte, la Diputada Presidenta de la Comisi\u00f3n de Educaci\u00f3n del Congreso de la Ciudad de M\u00e9xico, Lilia Mar\u00eda Sarmiento G\u00f3mez, afirm\u00f3 que para hablar de un cambio verdadero para nuestro pa\u00eds y nuestra ciudad significa, inevitablemente, hablar de educaci\u00f3n.<\/p>\n\n\n\n<p>\u201cCelebro la realizaci\u00f3n y apertura de este tipo de espacios de discusi\u00f3n con la finalidad de intercambiar ideas y experiencias acerca de las diversas consecuencias que ha tra\u00eddo la emergencia sanitaria del Covid-19 a las ni\u00f1as, ni\u00f1os y adolescentes en el ramo educativo\u201d, consider\u00f3 la Diputada Sarmiento G\u00f3mez.<\/p>\n\n\n\n<p>Finalmente, la Directora General del Instituto de Educaci\u00f3n Media Superior de la Ciudad de M\u00e9xico, Silvia Estela Jurado Cu\u00e9llar, destac\u00f3 la importancia de que las y los alumnos sepan concertar, discutir y presentar ideas para su formaci\u00f3n personal y profesional.<\/p>\n\n\n\n<p>\u201cLa importancia de prepararlos a una vida en la que ellos puedan ser part\u00edcipes no solamente de la vida social, sino tambi\u00e9n de la vida pol\u00edtica de su pa\u00eds y de su entidad. Que estas habilidades que ellos establezcan puedan funcionar para tener una mejor convivencia, para que sigamos trabajando en la cultura de la paz\u201d, concluy\u00f3 la Maestra Jurado Cu\u00e9llar.<\/p>\n\n\n\n<p>El acto inaugural tambi\u00e9n cont\u00f3 con la presencia de los Magistrados del TECDMX Armando Ambriz Hern\u00e1ndez y Juan Carlos S\u00e1nchez Le\u00f3n, la Diputada del Congreso de la Ciudad de M\u00e9xico, Marisela Z\u00fa\u00f1iga Cer\u00f3n, y el Consejero del Instituto Electoral de la Ciudad de M\u00e9xico, Ernesto Ramos Mega.<\/p>\n\n\n\n<p class=\"has-text-align-center\"><strong>o-O-o<\/strong><\/p>\n","protected":false},"excerpt":{"rendered":"<p>Ciudad de M\u00e9xico, a 25 de enero de 2021 CELEBRA TECDMX y SECRETAR\u00cdA DE EDUCACI\u00d3N, CONVERSATORIO SOBRE CULTURA DEMOCR\u00c1TICA PARA ESCUCHAR A LAS PERSONAS J\u00d3VENES DE LA CDMX. El Tribunal [&hellip;]<\/p>\n","protected":false},"author":13,"featured_media":21168,"comment_status":"open","ping_status":"open","sticky":false,"template":"","format":"standard","meta":{"_acf_changed":false,"_exactmetrics_skip_tracking":false,"_exactmetrics_sitenote_active":false,"_exactmetrics_sitenote_note":"","_exactmetrics_sitenote_category":0,"footnotes":""},"categories":[32,47],"tags":[],"acf":[],"yoast_head":"<!-- This site is optimized with the Yoast SEO plugin v22.3 - https:\/\/yoast.com\/wordpress\/plugins\/seo\/ -->\n<title>Bolet\u00edn N\u00ba 4 - Tribunal Electoral de la Ciudad de M\u00e9xico<\/title>\n<meta name=\"robots\" content=\"index, follow, max-snippet:-1, max-image-preview:large, max-video-preview:-1\" \/>\n<link rel=\"canonical\" href=\"https:\/\/www.tecdmx.org.mx\/index.php\/comunicados\/2021\/01\/25\/boletin-no-4\/\" \/>\n<meta property=\"og:locale\" content=\"es_ES\" \/>\n<meta property=\"og:type\" content=\"article\" \/>\n<meta property=\"og:title\" content=\"Bolet\u00edn N\u00ba 4 - Tribunal Electoral de la Ciudad de M\u00e9xico\" \/>\n<meta property=\"og:description\" content=\"Ciudad de M\u00e9xico, a 25 de enero de 2021 CELEBRA TECDMX y SECRETAR\u00cdA DE EDUCACI\u00d3N, CONVERSATORIO SOBRE CULTURA DEMOCR\u00c1TICA PARA ESCUCHAR A LAS PERSONAS J\u00d3VENES DE LA CDMX. El Tribunal [&hellip;]\" \/>\n<meta property=\"og:url\" content=\"https:\/\/www.tecdmx.org.mx\/index.php\/comunicados\/2021\/01\/25\/boletin-no-4\/\" \/>\n<meta property=\"og:site_name\" content=\"Tribunal Electoral de la Ciudad de M\u00e9xico\" \/>\n<meta property=\"article:publisher\" content=\"https:\/\/www.facebook.com\/TECDMX\/\" \/>\n<meta property=\"article:published_time\" content=\"2021-01-26T01:46:34+00:00\" \/>\n<meta property=\"og:image\" content=\"https:\/\/www.tecdmx.org.mx\/wp-content\/uploads\/2020\/08\/comunicado_nuevo.jpg\" \/>\n\t<meta property=\"og:image:width\" content=\"600\" \/>\n\t<meta property=\"og:image:height\" content=\"366\" \/>\n\t<meta property=\"og:image:type\" content=\"image\/jpeg\" \/>\n<meta name=\"author\" content=\"Difusion2025\" \/>\n<meta name=\"twitter:card\" content=\"summary_large_image\" \/>\n<meta name=\"twitter:creator\" content=\"@tecdmx\" \/>\n<meta name=\"twitter:site\" content=\"@tecdmx\" \/>\n<meta name=\"twitter:label1\" content=\"Escrito por\" \/>\n\t<meta name=\"twitter:data1\" content=\"Difusion2025\" \/>\n\t<meta name=\"twitter:label2\" content=\"Tiempo de lectura\" \/>\n\t<meta name=\"twitter:data2\" content=\"3 minutos\" \/>\n<script type=\"application\/ld+json\" class=\"yoast-schema-graph\">{\"@context\":\"https:\/\/schema.org\",\"@graph\":[{\"@type\":\"WebPage\",\"@id\":\"https:\/\/www.tecdmx.org.mx\/index.php\/comunicados\/2021\/01\/25\/boletin-no-4\/\",\"url\":\"https:\/\/www.tecdmx.org.mx\/index.php\/comunicados\/2021\/01\/25\/boletin-no-4\/\",\"name\":\"Bolet\u00edn N\u00ba 4 - Tribunal Electoral de la Ciudad de M\u00e9xico\",\"isPartOf\":{\"@id\":\"https:\/\/www.tecdmx.org.mx\/#website\"},\"primaryImageOfPage\":{\"@id\":\"https:\/\/www.tecdmx.org.mx\/index.php\/comunicados\/2021\/01\/25\/boletin-no-4\/#primaryimage\"},\"image\":{\"@id\":\"https:\/\/www.tecdmx.org.mx\/index.php\/comunicados\/2021\/01\/25\/boletin-no-4\/#primaryimage\"},\"thumbnailUrl\":\"https:\/\/www.tecdmx.org.mx\/wp-content\/uploads\/2020\/08\/comunicado_nuevo.jpg\",\"datePublished\":\"2021-01-26T01:46:34+00:00\",\"dateModified\":\"2021-01-26T01:46:34+00:00\",\"author\":{\"@id\":\"https:\/\/www.tecdmx.org.mx\/#\/schema\/person\/208c898199fb3234203823c5f0cf31d6\"},\"breadcrumb\":{\"@id\":\"https:\/\/www.tecdmx.org.mx\/index.php\/comunicados\/2021\/01\/25\/boletin-no-4\/#breadcrumb\"},\"inLanguage\":\"es\",\"potentialAction\":[{\"@type\":\"ReadAction\",\"target\":[\"https:\/\/www.tecdmx.org.mx\/index.php\/comunicados\/2021\/01\/25\/boletin-no-4\/\"]}]},{\"@type\":\"ImageObject\",\"inLanguage\":\"es\",\"@id\":\"https:\/\/www.tecdmx.org.mx\/index.php\/comunicados\/2021\/01\/25\/boletin-no-4\/#primaryimage\",\"url\":\"https:\/\/www.tecdmx.org.mx\/wp-content\/uploads\/2020\/08\/comunicado_nuevo.jpg\",\"contentUrl\":\"https:\/\/www.tecdmx.org.mx\/wp-content\/uploads\/2020\/08\/comunicado_nuevo.jpg\",\"width\":600,\"height\":366},{\"@type\":\"BreadcrumbList\",\"@id\":\"https:\/\/www.tecdmx.org.mx\/index.php\/comunicados\/2021\/01\/25\/boletin-no-4\/#breadcrumb\",\"itemListElement\":[{\"@type\":\"ListItem\",\"position\":1,\"name\":\"Portada\",\"item\":\"https:\/\/www.tecdmx.org.mx\/\"},{\"@type\":\"ListItem\",\"position\":2,\"name\":\"Bolet\u00edn N\u00ba 4\"}]},{\"@type\":\"WebSite\",\"@id\":\"https:\/\/www.tecdmx.org.mx\/#website\",\"url\":\"https:\/\/www.tecdmx.org.mx\/\",\"name\":\"Tribunal Electoral de la Ciudad de M\u00e9xico\",\"description\":\"25 a\u00f1os garantizando justicia en tu elecci\u00f3n\",\"potentialAction\":[{\"@type\":\"SearchAction\",\"target\":{\"@type\":\"EntryPoint\",\"urlTemplate\":\"https:\/\/www.tecdmx.org.mx\/?s={search_term_string}\"},\"query-input\":\"required name=search_term_string\"}],\"inLanguage\":\"es\"},{\"@type\":\"Person\",\"@id\":\"https:\/\/www.tecdmx.org.mx\/#\/schema\/person\/208c898199fb3234203823c5f0cf31d6\",\"name\":\"Difusion2025\",\"image\":{\"@type\":\"ImageObject\",\"inLanguage\":\"es\",\"@id\":\"https:\/\/www.tecdmx.org.mx\/#\/schema\/person\/image\/\",\"url\":\"https:\/\/secure.gravatar.com\/avatar\/6f7a4ba3acb418040e90a2eb99b5df28?s=96&d=mm&r=g\",\"contentUrl\":\"https:\/\/secure.gravatar.com\/avatar\/6f7a4ba3acb418040e90a2eb99b5df28?s=96&d=mm&r=g\",\"caption\":\"Difusion2025\"}}]}<\/script>\n<!-- \/ Yoast SEO plugin. -->","yoast_head_json":{"title":"Bolet\u00edn N\u00ba 4 - Tribunal Electoral de la Ciudad de M\u00e9xico","robots":{"index":"index","follow":"follow","max-snippet":"max-snippet:-1","max-image-preview":"max-image-preview:large","max-video-preview":"max-video-preview:-1"},"canonical":"https:\/\/www.tecdmx.org.mx\/index.php\/comunicados\/2021\/01\/25\/boletin-no-4\/","og_locale":"es_ES","og_type":"article","og_title":"Bolet\u00edn N\u00ba 4 - Tribunal Electoral de la Ciudad de M\u00e9xico","og_description":"Ciudad de M\u00e9xico, a 25 de enero de 2021 CELEBRA TECDMX y SECRETAR\u00cdA DE EDUCACI\u00d3N, CONVERSATORIO SOBRE CULTURA DEMOCR\u00c1TICA PARA ESCUCHAR A LAS PERSONAS J\u00d3VENES DE LA CDMX. El Tribunal [&hellip;]","og_url":"https:\/\/www.tecdmx.org.mx\/index.php\/comunicados\/2021\/01\/25\/boletin-no-4\/","og_site_name":"Tribunal Electoral de la Ciudad de M\u00e9xico","article_publisher":"https:\/\/www.facebook.com\/TECDMX\/","article_published_time":"2021-01-26T01:46:34+00:00","og_image":[{"width":600,"height":366,"url":"https:\/\/www.tecdmx.org.mx\/wp-content\/uploads\/2020\/08\/comunicado_nuevo.jpg","type":"image\/jpeg"}],"author":"Difusion2025","twitter_card":"summary_large_image","twitter_creator":"@tecdmx","twitter_site":"@tecdmx","twitter_misc":{"Escrito por":"Difusion2025","Tiempo de lectura":"3 minutos"},"schema":{"@context":"https:\/\/schema.org","@graph":[{"@type":"WebPage","@id":"https:\/\/www.tecdmx.org.mx\/index.php\/comunicados\/2021\/01\/25\/boletin-no-4\/","url":"https:\/\/www.tecdmx.org.mx\/index.php\/comunicados\/2021\/01\/25\/boletin-no-4\/","name":"Bolet\u00edn N\u00ba 4 - Tribunal Electoral de la Ciudad de M\u00e9xico","isPartOf":{"@id":"https:\/\/www.tecdmx.org.mx\/#website"},"primaryImageOfPage":{"@id":"https:\/\/www.tecdmx.org.mx\/index.php\/comunicados\/2021\/01\/25\/boletin-no-4\/#primaryimage"},"image":{"@id":"https:\/\/www.tecdmx.org.mx\/index.php\/comunicados\/2021\/01\/25\/boletin-no-4\/#primaryimage"},"thumbnailUrl":"https:\/\/www.tecdmx.org.mx\/wp-content\/uploads\/2020\/08\/comunicado_nuevo.jpg","datePublished":"2021-01-26T01:46:34+00:00","dateModified":"2021-01-26T01:46:34+00:00","author":{"@id":"https:\/\/www.tecdmx.org.mx\/#\/schema\/person\/208c898199fb3234203823c5f0cf31d6"},"breadcrumb":{"@id":"https:\/\/www.tecdmx.org.mx\/index.php\/comunicados\/2021\/01\/25\/boletin-no-4\/#breadcrumb"},"inLanguage":"es","potentialAction":[{"@type":"ReadAction","target":["https:\/\/www.tecdmx.org.mx\/index.php\/comunicados\/2021\/01\/25\/boletin-no-4\/"]}]},{"@type":"ImageObject","inLanguage":"es","@id":"https:\/\/www.tecdmx.org.mx\/index.php\/comunicados\/2021\/01\/25\/boletin-no-4\/#primaryimage","url":"https:\/\/www.tecdmx.org.mx\/wp-content\/uploads\/2020\/08\/comunicado_nuevo.jpg","contentUrl":"https:\/\/www.tecdmx.org.mx\/wp-content\/uploads\/2020\/08\/comunicado_nuevo.jpg","width":600,"height":366},{"@type":"BreadcrumbList","@id":"https:\/\/www.tecdmx.org.mx\/index.php\/comunicados\/2021\/01\/25\/boletin-no-4\/#breadcrumb","itemListElement":[{"@type":"ListItem","position":1,"name":"Portada","item":"https:\/\/www.tecdmx.org.mx\/"},{"@type":"ListItem","position":2,"name":"Bolet\u00edn N\u00ba 4"}]},{"@type":"WebSite","@id":"https:\/\/www.tecdmx.org.mx\/#website","url":"https:\/\/www.tecdmx.org.mx\/","name":"Tribunal Electoral de la Ciudad de M\u00e9xico","description":"25 a\u00f1os garantizando justicia en tu elecci\u00f3n","potentialAction":[{"@type":"SearchAction","target":{"@type":"EntryPoint","urlTemplate":"https:\/\/www.tecdmx.org.mx\/?s={search_term_string}"},"query-input":"required name=search_term_string"}],"inLanguage":"es"},{"@type":"Person","@id":"https:\/\/www.tecdmx.org.mx\/#\/schema\/person\/208c898199fb3234203823c5f0cf31d6","name":"Difusion2025","image":{"@type":"ImageObject","inLanguage":"es","@id":"https:\/\/www.tecdmx.org.mx\/#\/schema\/person\/image\/","url":"https:\/\/secure.gravatar.com\/avatar\/6f7a4ba3acb418040e90a2eb99b5df28?s=96&d=mm&r=g","contentUrl":"https:\/\/secure.gravatar.com\/avatar\/6f7a4ba3acb418040e90a2eb99b5df28?s=96&d=mm&r=g","caption":"Difusion2025"}}]}},"_links":{"self":[{"href":"https:\/\/www.tecdmx.org.mx\/index.php\/wp-json\/wp\/v2\/posts\/24508"}],"collection":[{"href":"https:\/\/www.tecdmx.org.mx\/index.php\/wp-json\/wp\/v2\/posts"}],"about":[{"href":"https:\/\/www.tecdmx.org.mx\/index.php\/wp-json\/wp\/v2\/types\/post"}],"author":[{"embeddable":true,"href":"https:\/\/www.tecdmx.org.mx\/index.php\/wp-json\/wp\/v2\/users\/13"}],"replies":[{"embeddable":true,"href":"https:\/\/www.tecdmx.org.mx\/index.php\/wp-json\/wp\/v2\/comments?post=24508"}],"version-history":[{"count":2,"href":"https:\/\/www.tecdmx.org.mx\/index.php\/wp-json\/wp\/v2\/posts\/24508\/revisions"}],"predecessor-version":[{"id":24511,"href":"https:\/\/www.tecdmx.org.mx\/index.php\/wp-json\/wp\/v2\/posts\/24508\/revisions\/24511"}],"wp:featuredmedia":[{"embeddable":true,"href":"https:\/\/www.tecdmx.org.mx\/index.php\/wp-json\/wp\/v2\/media\/21168"}],"wp:attachment":[{"href":"https:\/\/www.tecdmx.org.mx\/index.php\/wp-json\/wp\/v2\/media?parent=24508"}],"wp:term":[{"taxonomy":"category","embeddable":true,"href":"https:\/\/www.tecdmx.org.mx\/index.php\/wp-json\/wp\/v2\/categories?post=24508"},{"taxonomy":"post_tag","embeddable":true,"href":"https:\/\/www.tecdmx.org.mx\/index.php\/wp-json\/wp\/v2\/tags?post=24508"}],"curies":[{"name":"wp","href":"https:\/\/api.w.org\/{rel}","templated":true}]}}