{"id":24550,"date":"2021-01-29T19:23:04","date_gmt":"2021-01-30T01:23:04","guid":{"rendered":"https:\/\/www.tecdmx.org.mx\/?p=24550"},"modified":"2021-01-29T19:23:05","modified_gmt":"2021-01-30T01:23:05","slug":"boletin-no-9","status":"publish","type":"post","link":"https:\/\/www.tecdmx.org.mx\/index.php\/comunicados\/2021\/01\/29\/boletin-no-9\/","title":{"rendered":"Bolet\u00edn N\u00ba 9"},"content":{"rendered":"\n<p class=\"has-text-align-right\">Ciudad de M\u00e9xico, a 29 de enero de 2021<\/p>\n\n\n\n<p><\/p>\n\n\n\n<p><strong>TECDMX y SECTEI concluyen Conversatorio sobre la participaci\u00f3n y visi\u00f3n de personas j\u00f3venes en materia de educaci\u00f3n<\/strong><\/p>\n\n\n\n<p>El Tribunal Electoral de la Ciudad de M\u00e9xico (TECDMX), en conjunto con la Secretar\u00eda de Educaci\u00f3n, Ciencia, Tecnolog\u00eda e Innovaci\u00f3n de la Ciudad de M\u00e9xico (SECTEI), concluyeron el E-Conversatorio en Educaci\u00f3n: Cultivando la Democracia en la Ciudad de M\u00e9xico, con la celebraci\u00f3n del tercer webinar titulado \u201cG\u00e9neros, equidad y violencias post-pandemia. \u00bfProspectivas de la labor educativa y democr\u00e1tica?&#8221;<\/p>\n\n\n\n<p>Este conversatorio, esfuerzo conjunto del TECDMX y la SECTEI&nbsp; busc\u00f3 fomentar la participaci\u00f3n de las personas j\u00f3venes, as\u00ed como escuchar su opini\u00f3n sobre el impacto que ha tenido la pandemia en la educaci\u00f3n y en la vida democr\u00e1tica, desde la \u00f3ptica de los futuros votantes.<\/p>\n\n\n\n<p>Al realizar la clausura de los trabajos del Conversatorio, la Magistrada Martha Leticia Mercado Ram\u00edrez, afirm\u00f3 que el Conversatorio logr\u00f3 su cometido al poder escuchar la perspectiva de las personas adolescentes, destacando la participaci\u00f3n de las 12 personas j\u00f3venes durante \u00e9ste y colocar posicionamientos desde sus percepciones y realidades.<\/p>\n\n\n\n<p>\u201cEste tipo de webinars son parte de la justicia social. Hablar de este tipo de cuestiones es parte de la democracia y parte de la justicia social, parte fundamental para entender nuestra vida democr\u00e1tica\u201d, enfatiz\u00f3 la Magistrada Mercado Ram\u00edrez.<\/p>\n\n\n\n<p>Al iniciar con los trabajos de la mesa, la Consejera del Instituto Electoral de la Ciudad de M\u00e9xico, Sonia P\u00e9rez P\u00e9rez, destac\u00f3 la importancia de la realizaci\u00f3n de ejercicios en donde se pueda escuchar la voz de nuestras personas j\u00f3venes para conocer sus perspectivas, as\u00ed como para atender las propuestas de soluci\u00f3n y reflexiones generadas en \u00e9stos.<\/p>\n\n\n\n<p>Al hacer uso de la voz, Ang\u00e9lica Gabriela Rosas Reyes, estudiante de preparatoria en el Instituto de Educaci\u00f3n Media Superior, consider\u00f3 que uno de los retos postpandemia radicar\u00e1 en la solvencia econ\u00f3mica de la gente, mientras que en materia de g\u00e9nero reflexion\u00f3 sobre la importancia de la educaci\u00f3n para alcanzar una disminuci\u00f3n en la violencia.<\/p>\n\n\n\n<p>Por su parte, Andrea Cardoso Ruiz, de la preparatoria del Tecnol\u00f3gico de Monterrey, se\u00f1al\u00f3 que unas de las principales problem\u00e1ticas de la pandemia est\u00e1 en la imposibilidad que est\u00e1n viviendo las mujeres para denunciar la violencia intrafamiliar, en la cual tienen que vivir con sus agresores, haciendo un llamado a la implementaci\u00f3n de mecanismos digitales de denuncia y, de esta forma se protega a las v\u00edctimas.<\/p>\n\n\n\n<p>Durante su intervenci\u00f3n, Yael Kaleb Hern\u00e1ndez Monta\u00f1o, de la secundaria \u201cM\u00e9xico Tenochtitlan\u201d, reflexion\u00f3 sobre la urgencia de cambiar los roles tradicionales en la sociedad, de cara a tener una verdadera equidad en nuestras comunidades.<\/p>\n\n\n\n<p>En la \u00faltima participaci\u00f3n de las personas j\u00f3venes, Zo\u00e9 Alejandra Rodr\u00edguez L\u00f3pez, destac\u00f3 que, tan solo durante marzo, inicio de la pandemia, las llamadas para reportar violencia de g\u00e9nero dentro del hogar aumentaron en un 22.3%, situaci\u00f3n que se ha mantenido durante toda la contigencia.<\/p>\n\n\n\n<p>Por su parte, la diputada del Congreso de la Ciudad de M\u00e9xico, Ana Cristina Hern\u00e1ndez Trejo, consider\u00f3 que la educaci\u00f3n y la tecnolog\u00eda han formado un binomio que ha permitido que, durante la pandemia, se contin\u00fae con el desarrollo de habilidades y aptitudes para las personas j\u00f3venes. Asimismo, dio a conocer que el Congreso capitalino presentar\u00e1 pr\u00f3ximamente una nueva Ley de Educaci\u00f3n con perspectiva de derechos humanos, en aras de potencializar la comunicaci\u00f3n mediante las TIC\u2019s.<\/p>\n\n\n\n<p>Finalmente, la Decana de Maestr\u00eda en Educaci\u00f3n y la Maestr\u00eda en Evaluaci\u00f3n Educativa del Instituto Mexicano de Psicooncolog\u00eda, Karina Garc\u00eda Ju\u00e1rez, destac\u00f3 que, a trav\u00e9s de la perspectiva planteada por las personas j\u00f3venes, debemos generar estrategias para la soluci\u00f3n y atenci\u00f3n de sus necesidades.<\/p>\n\n\n\n<p class=\"has-text-align-center\"><strong>o-O-o<\/strong><\/p>\n","protected":false},"excerpt":{"rendered":"<p>Ciudad de M\u00e9xico, a 29 de enero de 2021 TECDMX y SECTEI concluyen Conversatorio sobre la participaci\u00f3n y visi\u00f3n de personas j\u00f3venes en materia de educaci\u00f3n El Tribunal Electoral de [&hellip;]<\/p>\n","protected":false},"author":13,"featured_media":21168,"comment_status":"open","ping_status":"open","sticky":false,"template":"","format":"standard","meta":{"_acf_changed":false,"_exactmetrics_skip_tracking":false,"_exactmetrics_sitenote_active":false,"_exactmetrics_sitenote_note":"","_exactmetrics_sitenote_category":0,"footnotes":""},"categories":[32,47],"tags":[],"acf":[],"yoast_head":"<!-- This site is optimized with the Yoast SEO plugin v22.3 - https:\/\/yoast.com\/wordpress\/plugins\/seo\/ -->\n<title>Bolet\u00edn N\u00ba 9 - Tribunal Electoral de la Ciudad de M\u00e9xico<\/title>\n<meta name=\"robots\" content=\"index, follow, max-snippet:-1, max-image-preview:large, max-video-preview:-1\" \/>\n<link rel=\"canonical\" href=\"https:\/\/www.tecdmx.org.mx\/index.php\/comunicados\/2021\/01\/29\/boletin-no-9\/\" \/>\n<meta property=\"og:locale\" content=\"es_ES\" \/>\n<meta property=\"og:type\" content=\"article\" \/>\n<meta property=\"og:title\" content=\"Bolet\u00edn N\u00ba 9 - Tribunal Electoral de la Ciudad de M\u00e9xico\" \/>\n<meta property=\"og:description\" content=\"Ciudad de M\u00e9xico, a 29 de enero de 2021 TECDMX y SECTEI concluyen Conversatorio sobre la participaci\u00f3n y visi\u00f3n de personas j\u00f3venes en materia de educaci\u00f3n El Tribunal Electoral de [&hellip;]\" \/>\n<meta property=\"og:url\" content=\"https:\/\/www.tecdmx.org.mx\/index.php\/comunicados\/2021\/01\/29\/boletin-no-9\/\" \/>\n<meta property=\"og:site_name\" content=\"Tribunal Electoral de la Ciudad de M\u00e9xico\" \/>\n<meta property=\"article:publisher\" content=\"https:\/\/www.facebook.com\/TECDMX\/\" \/>\n<meta property=\"article:published_time\" content=\"2021-01-30T01:23:04+00:00\" \/>\n<meta property=\"article:modified_time\" content=\"2021-01-30T01:23:05+00:00\" \/>\n<meta property=\"og:image\" content=\"https:\/\/www.tecdmx.org.mx\/wp-content\/uploads\/2020\/08\/comunicado_nuevo.jpg\" \/>\n\t<meta property=\"og:image:width\" content=\"600\" \/>\n\t<meta property=\"og:image:height\" content=\"366\" \/>\n\t<meta property=\"og:image:type\" content=\"image\/jpeg\" \/>\n<meta name=\"author\" content=\"Difusion2025\" \/>\n<meta name=\"twitter:card\" content=\"summary_large_image\" \/>\n<meta name=\"twitter:creator\" content=\"@tecdmx\" \/>\n<meta name=\"twitter:site\" content=\"@tecdmx\" \/>\n<meta name=\"twitter:label1\" content=\"Escrito por\" \/>\n\t<meta name=\"twitter:data1\" content=\"Difusion2025\" \/>\n\t<meta name=\"twitter:label2\" content=\"Tiempo de lectura\" \/>\n\t<meta name=\"twitter:data2\" content=\"3 minutos\" \/>\n<script type=\"application\/ld+json\" class=\"yoast-schema-graph\">{\"@context\":\"https:\/\/schema.org\",\"@graph\":[{\"@type\":\"WebPage\",\"@id\":\"https:\/\/www.tecdmx.org.mx\/index.php\/comunicados\/2021\/01\/29\/boletin-no-9\/\",\"url\":\"https:\/\/www.tecdmx.org.mx\/index.php\/comunicados\/2021\/01\/29\/boletin-no-9\/\",\"name\":\"Bolet\u00edn N\u00ba 9 - Tribunal Electoral de la Ciudad de M\u00e9xico\",\"isPartOf\":{\"@id\":\"https:\/\/www.tecdmx.org.mx\/#website\"},\"primaryImageOfPage\":{\"@id\":\"https:\/\/www.tecdmx.org.mx\/index.php\/comunicados\/2021\/01\/29\/boletin-no-9\/#primaryimage\"},\"image\":{\"@id\":\"https:\/\/www.tecdmx.org.mx\/index.php\/comunicados\/2021\/01\/29\/boletin-no-9\/#primaryimage\"},\"thumbnailUrl\":\"https:\/\/www.tecdmx.org.mx\/wp-content\/uploads\/2020\/08\/comunicado_nuevo.jpg\",\"datePublished\":\"2021-01-30T01:23:04+00:00\",\"dateModified\":\"2021-01-30T01:23:05+00:00\",\"author\":{\"@id\":\"https:\/\/www.tecdmx.org.mx\/#\/schema\/person\/208c898199fb3234203823c5f0cf31d6\"},\"breadcrumb\":{\"@id\":\"https:\/\/www.tecdmx.org.mx\/index.php\/comunicados\/2021\/01\/29\/boletin-no-9\/#breadcrumb\"},\"inLanguage\":\"es\",\"potentialAction\":[{\"@type\":\"ReadAction\",\"target\":[\"https:\/\/www.tecdmx.org.mx\/index.php\/comunicados\/2021\/01\/29\/boletin-no-9\/\"]}]},{\"@type\":\"ImageObject\",\"inLanguage\":\"es\",\"@id\":\"https:\/\/www.tecdmx.org.mx\/index.php\/comunicados\/2021\/01\/29\/boletin-no-9\/#primaryimage\",\"url\":\"https:\/\/www.tecdmx.org.mx\/wp-content\/uploads\/2020\/08\/comunicado_nuevo.jpg\",\"contentUrl\":\"https:\/\/www.tecdmx.org.mx\/wp-content\/uploads\/2020\/08\/comunicado_nuevo.jpg\",\"width\":600,\"height\":366},{\"@type\":\"BreadcrumbList\",\"@id\":\"https:\/\/www.tecdmx.org.mx\/index.php\/comunicados\/2021\/01\/29\/boletin-no-9\/#breadcrumb\",\"itemListElement\":[{\"@type\":\"ListItem\",\"position\":1,\"name\":\"Portada\",\"item\":\"https:\/\/www.tecdmx.org.mx\/\"},{\"@type\":\"ListItem\",\"position\":2,\"name\":\"Bolet\u00edn N\u00ba 9\"}]},{\"@type\":\"WebSite\",\"@id\":\"https:\/\/www.tecdmx.org.mx\/#website\",\"url\":\"https:\/\/www.tecdmx.org.mx\/\",\"name\":\"Tribunal Electoral de la Ciudad de M\u00e9xico\",\"description\":\"25 a\u00f1os garantizando justicia en tu elecci\u00f3n\",\"potentialAction\":[{\"@type\":\"SearchAction\",\"target\":{\"@type\":\"EntryPoint\",\"urlTemplate\":\"https:\/\/www.tecdmx.org.mx\/?s={search_term_string}\"},\"query-input\":\"required name=search_term_string\"}],\"inLanguage\":\"es\"},{\"@type\":\"Person\",\"@id\":\"https:\/\/www.tecdmx.org.mx\/#\/schema\/person\/208c898199fb3234203823c5f0cf31d6\",\"name\":\"Difusion2025\",\"image\":{\"@type\":\"ImageObject\",\"inLanguage\":\"es\",\"@id\":\"https:\/\/www.tecdmx.org.mx\/#\/schema\/person\/image\/\",\"url\":\"https:\/\/secure.gravatar.com\/avatar\/6f7a4ba3acb418040e90a2eb99b5df28?s=96&d=mm&r=g\",\"contentUrl\":\"https:\/\/secure.gravatar.com\/avatar\/6f7a4ba3acb418040e90a2eb99b5df28?s=96&d=mm&r=g\",\"caption\":\"Difusion2025\"}}]}<\/script>\n<!-- \/ Yoast SEO plugin. -->","yoast_head_json":{"title":"Bolet\u00edn N\u00ba 9 - Tribunal Electoral de la Ciudad de M\u00e9xico","robots":{"index":"index","follow":"follow","max-snippet":"max-snippet:-1","max-image-preview":"max-image-preview:large","max-video-preview":"max-video-preview:-1"},"canonical":"https:\/\/www.tecdmx.org.mx\/index.php\/comunicados\/2021\/01\/29\/boletin-no-9\/","og_locale":"es_ES","og_type":"article","og_title":"Bolet\u00edn N\u00ba 9 - Tribunal Electoral de la Ciudad de M\u00e9xico","og_description":"Ciudad de M\u00e9xico, a 29 de enero de 2021 TECDMX y SECTEI concluyen Conversatorio sobre la participaci\u00f3n y visi\u00f3n de personas j\u00f3venes en materia de educaci\u00f3n El Tribunal Electoral de [&hellip;]","og_url":"https:\/\/www.tecdmx.org.mx\/index.php\/comunicados\/2021\/01\/29\/boletin-no-9\/","og_site_name":"Tribunal Electoral de la Ciudad de M\u00e9xico","article_publisher":"https:\/\/www.facebook.com\/TECDMX\/","article_published_time":"2021-01-30T01:23:04+00:00","article_modified_time":"2021-01-30T01:23:05+00:00","og_image":[{"width":600,"height":366,"url":"https:\/\/www.tecdmx.org.mx\/wp-content\/uploads\/2020\/08\/comunicado_nuevo.jpg","type":"image\/jpeg"}],"author":"Difusion2025","twitter_card":"summary_large_image","twitter_creator":"@tecdmx","twitter_site":"@tecdmx","twitter_misc":{"Escrito por":"Difusion2025","Tiempo de lectura":"3 minutos"},"schema":{"@context":"https:\/\/schema.org","@graph":[{"@type":"WebPage","@id":"https:\/\/www.tecdmx.org.mx\/index.php\/comunicados\/2021\/01\/29\/boletin-no-9\/","url":"https:\/\/www.tecdmx.org.mx\/index.php\/comunicados\/2021\/01\/29\/boletin-no-9\/","name":"Bolet\u00edn N\u00ba 9 - Tribunal Electoral de la Ciudad de M\u00e9xico","isPartOf":{"@id":"https:\/\/www.tecdmx.org.mx\/#website"},"primaryImageOfPage":{"@id":"https:\/\/www.tecdmx.org.mx\/index.php\/comunicados\/2021\/01\/29\/boletin-no-9\/#primaryimage"},"image":{"@id":"https:\/\/www.tecdmx.org.mx\/index.php\/comunicados\/2021\/01\/29\/boletin-no-9\/#primaryimage"},"thumbnailUrl":"https:\/\/www.tecdmx.org.mx\/wp-content\/uploads\/2020\/08\/comunicado_nuevo.jpg","datePublished":"2021-01-30T01:23:04+00:00","dateModified":"2021-01-30T01:23:05+00:00","author":{"@id":"https:\/\/www.tecdmx.org.mx\/#\/schema\/person\/208c898199fb3234203823c5f0cf31d6"},"breadcrumb":{"@id":"https:\/\/www.tecdmx.org.mx\/index.php\/comunicados\/2021\/01\/29\/boletin-no-9\/#breadcrumb"},"inLanguage":"es","potentialAction":[{"@type":"ReadAction","target":["https:\/\/www.tecdmx.org.mx\/index.php\/comunicados\/2021\/01\/29\/boletin-no-9\/"]}]},{"@type":"ImageObject","inLanguage":"es","@id":"https:\/\/www.tecdmx.org.mx\/index.php\/comunicados\/2021\/01\/29\/boletin-no-9\/#primaryimage","url":"https:\/\/www.tecdmx.org.mx\/wp-content\/uploads\/2020\/08\/comunicado_nuevo.jpg","contentUrl":"https:\/\/www.tecdmx.org.mx\/wp-content\/uploads\/2020\/08\/comunicado_nuevo.jpg","width":600,"height":366},{"@type":"BreadcrumbList","@id":"https:\/\/www.tecdmx.org.mx\/index.php\/comunicados\/2021\/01\/29\/boletin-no-9\/#breadcrumb","itemListElement":[{"@type":"ListItem","position":1,"name":"Portada","item":"https:\/\/www.tecdmx.org.mx\/"},{"@type":"ListItem","position":2,"name":"Bolet\u00edn N\u00ba 9"}]},{"@type":"WebSite","@id":"https:\/\/www.tecdmx.org.mx\/#website","url":"https:\/\/www.tecdmx.org.mx\/","name":"Tribunal Electoral de la Ciudad de M\u00e9xico","description":"25 a\u00f1os garantizando justicia en tu elecci\u00f3n","potentialAction":[{"@type":"SearchAction","target":{"@type":"EntryPoint","urlTemplate":"https:\/\/www.tecdmx.org.mx\/?s={search_term_string}"},"query-input":"required name=search_term_string"}],"inLanguage":"es"},{"@type":"Person","@id":"https:\/\/www.tecdmx.org.mx\/#\/schema\/person\/208c898199fb3234203823c5f0cf31d6","name":"Difusion2025","image":{"@type":"ImageObject","inLanguage":"es","@id":"https:\/\/www.tecdmx.org.mx\/#\/schema\/person\/image\/","url":"https:\/\/secure.gravatar.com\/avatar\/6f7a4ba3acb418040e90a2eb99b5df28?s=96&d=mm&r=g","contentUrl":"https:\/\/secure.gravatar.com\/avatar\/6f7a4ba3acb418040e90a2eb99b5df28?s=96&d=mm&r=g","caption":"Difusion2025"}}]}},"_links":{"self":[{"href":"https:\/\/www.tecdmx.org.mx\/index.php\/wp-json\/wp\/v2\/posts\/24550"}],"collection":[{"href":"https:\/\/www.tecdmx.org.mx\/index.php\/wp-json\/wp\/v2\/posts"}],"about":[{"href":"https:\/\/www.tecdmx.org.mx\/index.php\/wp-json\/wp\/v2\/types\/post"}],"author":[{"embeddable":true,"href":"https:\/\/www.tecdmx.org.mx\/index.php\/wp-json\/wp\/v2\/users\/13"}],"replies":[{"embeddable":true,"href":"https:\/\/www.tecdmx.org.mx\/index.php\/wp-json\/wp\/v2\/comments?post=24550"}],"version-history":[{"count":2,"href":"https:\/\/www.tecdmx.org.mx\/index.php\/wp-json\/wp\/v2\/posts\/24550\/revisions"}],"predecessor-version":[{"id":24553,"href":"https:\/\/www.tecdmx.org.mx\/index.php\/wp-json\/wp\/v2\/posts\/24550\/revisions\/24553"}],"wp:featuredmedia":[{"embeddable":true,"href":"https:\/\/www.tecdmx.org.mx\/index.php\/wp-json\/wp\/v2\/media\/21168"}],"wp:attachment":[{"href":"https:\/\/www.tecdmx.org.mx\/index.php\/wp-json\/wp\/v2\/media?parent=24550"}],"wp:term":[{"taxonomy":"category","embeddable":true,"href":"https:\/\/www.tecdmx.org.mx\/index.php\/wp-json\/wp\/v2\/categories?post=24550"},{"taxonomy":"post_tag","embeddable":true,"href":"https:\/\/www.tecdmx.org.mx\/index.php\/wp-json\/wp\/v2\/tags?post=24550"}],"curies":[{"name":"wp","href":"https:\/\/api.w.org\/{rel}","templated":true}]}}