{"id":24915,"date":"2021-02-19T17:38:11","date_gmt":"2021-02-19T23:38:11","guid":{"rendered":"https:\/\/www.tecdmx.org.mx\/?p=24915"},"modified":"2021-02-19T17:38:12","modified_gmt":"2021-02-19T23:38:12","slug":"boletin-no-15","status":"publish","type":"post","link":"https:\/\/www.tecdmx.org.mx\/index.php\/comunicados\/2021\/02\/19\/boletin-no-15\/","title":{"rendered":"Bolet\u00edn N\u00ba 15"},"content":{"rendered":"\n<p class=\"has-text-align-right\">Ciudad de M\u00e9xico, a 19 de febrero de 2020<\/p>\n\n\n\n<p><strong>TECDMX abre espacio de reflexi\u00f3n e inclusi\u00f3n para hablar sobre el S\u00edndrome de Asperger.<\/strong><\/p>\n\n\n\n<p>El Tribunal Electoral de la Ciudad de M\u00e9xico (TECDMX), celebr\u00f3 el \u201c3er Ciclo de Conferencias sobre el Espectro Autista-Asperger: Avances, retos y perspectivas en S\u00edndrome de Asperger\u201d en el marco del D\u00eda Internacional sobre esta condici\u00f3n, en donde participaron la Magistrada Martha Mercado Ram\u00edrez y el Magistrado Juan Carlos S\u00e1nchez Le\u00f3n.<\/p>\n\n\n\n<p>Al inaugurar los trabajos del Ciclo de Conferencias, la Magistrada Mercado Ram\u00edrez, afirm\u00f3 que se deben buscar espacios de reflexi\u00f3n para cerrar filas y que todas y todos estemos incluidos en la vida p\u00fablica y democr\u00e1tica de nuestra ciudad.<\/p>\n\n\n\n<p>\u201cBuscamos ser un espacio de acompa\u00f1amiento, reflexi\u00f3n e inclusi\u00f3n para que la ciudadan\u00eda vea que estamos empujando y tomando partido en estos temas tan importantes\u201d asegur\u00f3.<\/p>\n\n\n\n<p>Por su parte, Gerardo Gaya, Presidente Ejecutivo de la asociaci\u00f3n Iluminemos de Azul, destac\u00f3 que la importancia de visibilizar y concientizar como primer paso para la inclusi\u00f3n, considerando que el empoderamiento de las familias y las personas son importantes, pero sin visibilidad de las problem\u00e1ticas no pueden alcanzarse.<\/p>\n\n\n\n<p>Al hacer uso de la voz, Guadalupe Maldonado Guerrero, Directora General de APAC, I.A.P., destac\u00f3 que la discapacidad es parte de la diversidad humana, recalcando la relevancia de construir sinergias para la construcci\u00f3n de un pa\u00eds en donde todas y todos estemos incluidos.<\/p>\n\n\n\n<p>Para concluir con la inauguraci\u00f3n, Tania Karasik Munitz, Directora General de Vinculaci\u00f3n de Fundaci\u00f3n Telet\u00f3n, afirm\u00f3 que para construir proyectos de inclusi\u00f3n se requiere trabajar en diversas dimensiones de la cultura, la pol\u00edtica y las mejores pr\u00e1cticas, para lograr que m\u00e1s personas tengan m\u00e1s derechos.<\/p>\n\n\n\n<p>En la primera mesa de trabajo, Abraham Ros de la Fuente, conferencista sobre el Espectro Autista-Asperger, destac\u00f3 que el esfuerzo que requieren las personas con Asperger en la b\u00fasqueda de mejorar y alcanzar la inclusi\u00f3n debe ir tambi\u00e9n acompa\u00f1ada de mecanismos que permitan que las personas entiendan de mejor manera a quienes tienen esa condici\u00f3n.<\/p>\n\n\n\n<p>Por otra parte, la mesa tambi\u00e9n cont\u00f3 con la participaci\u00f3n de Fernando Arias de Zari\u00f1ana Arceo, quien es un estudiante con S\u00edndrome Asperger, destac\u00f3 la importancia de la empat\u00eda, la diversidad y la aceptaci\u00f3n, como notas caracter\u00edsticas para lograr la integraci\u00f3n de las personas con Asperger, quienes han enfrentado diversos retos durante la pandemia, en algunos casos, por la ansiedad que genera el confinamiento.<\/p>\n\n\n\n<p>En la segunda conferencia, Patricia Jim\u00e9nez Torres, Jefa de Neuropsicolog\u00eda de APAC, I.A.P. habl\u00f3 sobre Asperger y el modelo social de la Convenci\u00f3n Internacional sobre los derechos de las Personas con Discapacidad, destac\u00f3 que el reto al que se enfrentan las personas con discapacidad parte de barreras ideol\u00f3gicas y de actitud, las cuales deben ser cambiadas tanto a nivel cultural como pol\u00edtico para alcanzar un ejercicio pleno de derechos humanos.<\/p>\n\n\n\n<p>Para concluir los trabajos del ciclo de conferencias, Tania Karasik Munitz sostuvo un di\u00e1logo con Rodrigo Said Recillas Guzm\u00e1n, estudiante con Asperger, en donde conversaron sobre los gustos, retos y aspiraciones que tiene una persona con esta condici\u00f3n.<\/p>\n\n\n\n<p>Finalmente, la Magistrada Martha Leticia Mercado Ram\u00edrez concluy\u00f3 con los trabajos del Ciclo de Conferencias afirmando que estos foros son claves para aprender a escuchar a los dem\u00e1s y ayudar a visibilizar el Espectro Autista-Asperger.<\/p>\n\n\n\n<p><strong>o-O-o<\/strong><\/p>\n","protected":false},"excerpt":{"rendered":"<p>TECDMX abre espacio de reflexi\u00f3n e inclusi\u00f3n para hablar sobre el S\u00edndrome de Asperger.<\/p>\n","protected":false},"author":13,"featured_media":21168,"comment_status":"open","ping_status":"open","sticky":false,"template":"","format":"standard","meta":{"_acf_changed":false,"_exactmetrics_skip_tracking":false,"_exactmetrics_sitenote_active":false,"_exactmetrics_sitenote_note":"","_exactmetrics_sitenote_category":0,"footnotes":""},"categories":[32,47],"tags":[],"acf":[],"yoast_head":"<!-- This site is optimized with the Yoast SEO plugin v22.3 - https:\/\/yoast.com\/wordpress\/plugins\/seo\/ -->\n<title>Bolet\u00edn N\u00ba 15 - Tribunal Electoral de la Ciudad de M\u00e9xico<\/title>\n<meta name=\"robots\" content=\"index, follow, max-snippet:-1, max-image-preview:large, max-video-preview:-1\" \/>\n<link rel=\"canonical\" href=\"https:\/\/www.tecdmx.org.mx\/index.php\/comunicados\/2021\/02\/19\/boletin-no-15\/\" \/>\n<meta property=\"og:locale\" content=\"es_ES\" \/>\n<meta property=\"og:type\" content=\"article\" \/>\n<meta property=\"og:title\" content=\"Bolet\u00edn N\u00ba 15 - Tribunal Electoral de la Ciudad de M\u00e9xico\" \/>\n<meta property=\"og:description\" content=\"TECDMX abre espacio de reflexi\u00f3n e inclusi\u00f3n para hablar sobre el S\u00edndrome de Asperger.\" \/>\n<meta property=\"og:url\" content=\"https:\/\/www.tecdmx.org.mx\/index.php\/comunicados\/2021\/02\/19\/boletin-no-15\/\" \/>\n<meta property=\"og:site_name\" content=\"Tribunal Electoral de la Ciudad de M\u00e9xico\" \/>\n<meta property=\"article:publisher\" content=\"https:\/\/www.facebook.com\/TECDMX\/\" \/>\n<meta property=\"article:published_time\" content=\"2021-02-19T23:38:11+00:00\" \/>\n<meta property=\"article:modified_time\" content=\"2021-02-19T23:38:12+00:00\" \/>\n<meta property=\"og:image\" content=\"https:\/\/www.tecdmx.org.mx\/wp-content\/uploads\/2020\/08\/comunicado_nuevo.jpg\" \/>\n\t<meta property=\"og:image:width\" content=\"600\" \/>\n\t<meta property=\"og:image:height\" content=\"366\" \/>\n\t<meta property=\"og:image:type\" content=\"image\/jpeg\" \/>\n<meta name=\"author\" content=\"Difusion2025\" \/>\n<meta name=\"twitter:card\" content=\"summary_large_image\" \/>\n<meta name=\"twitter:creator\" content=\"@tecdmx\" \/>\n<meta name=\"twitter:site\" content=\"@tecdmx\" \/>\n<meta name=\"twitter:label1\" content=\"Escrito por\" \/>\n\t<meta name=\"twitter:data1\" content=\"Difusion2025\" \/>\n\t<meta name=\"twitter:label2\" content=\"Tiempo de lectura\" \/>\n\t<meta name=\"twitter:data2\" content=\"3 minutos\" \/>\n<script type=\"application\/ld+json\" class=\"yoast-schema-graph\">{\"@context\":\"https:\/\/schema.org\",\"@graph\":[{\"@type\":\"WebPage\",\"@id\":\"https:\/\/www.tecdmx.org.mx\/index.php\/comunicados\/2021\/02\/19\/boletin-no-15\/\",\"url\":\"https:\/\/www.tecdmx.org.mx\/index.php\/comunicados\/2021\/02\/19\/boletin-no-15\/\",\"name\":\"Bolet\u00edn N\u00ba 15 - Tribunal Electoral de la Ciudad de M\u00e9xico\",\"isPartOf\":{\"@id\":\"https:\/\/www.tecdmx.org.mx\/#website\"},\"primaryImageOfPage\":{\"@id\":\"https:\/\/www.tecdmx.org.mx\/index.php\/comunicados\/2021\/02\/19\/boletin-no-15\/#primaryimage\"},\"image\":{\"@id\":\"https:\/\/www.tecdmx.org.mx\/index.php\/comunicados\/2021\/02\/19\/boletin-no-15\/#primaryimage\"},\"thumbnailUrl\":\"https:\/\/www.tecdmx.org.mx\/wp-content\/uploads\/2020\/08\/comunicado_nuevo.jpg\",\"datePublished\":\"2021-02-19T23:38:11+00:00\",\"dateModified\":\"2021-02-19T23:38:12+00:00\",\"author\":{\"@id\":\"https:\/\/www.tecdmx.org.mx\/#\/schema\/person\/208c898199fb3234203823c5f0cf31d6\"},\"breadcrumb\":{\"@id\":\"https:\/\/www.tecdmx.org.mx\/index.php\/comunicados\/2021\/02\/19\/boletin-no-15\/#breadcrumb\"},\"inLanguage\":\"es\",\"potentialAction\":[{\"@type\":\"ReadAction\",\"target\":[\"https:\/\/www.tecdmx.org.mx\/index.php\/comunicados\/2021\/02\/19\/boletin-no-15\/\"]}]},{\"@type\":\"ImageObject\",\"inLanguage\":\"es\",\"@id\":\"https:\/\/www.tecdmx.org.mx\/index.php\/comunicados\/2021\/02\/19\/boletin-no-15\/#primaryimage\",\"url\":\"https:\/\/www.tecdmx.org.mx\/wp-content\/uploads\/2020\/08\/comunicado_nuevo.jpg\",\"contentUrl\":\"https:\/\/www.tecdmx.org.mx\/wp-content\/uploads\/2020\/08\/comunicado_nuevo.jpg\",\"width\":600,\"height\":366},{\"@type\":\"BreadcrumbList\",\"@id\":\"https:\/\/www.tecdmx.org.mx\/index.php\/comunicados\/2021\/02\/19\/boletin-no-15\/#breadcrumb\",\"itemListElement\":[{\"@type\":\"ListItem\",\"position\":1,\"name\":\"Portada\",\"item\":\"https:\/\/www.tecdmx.org.mx\/\"},{\"@type\":\"ListItem\",\"position\":2,\"name\":\"Bolet\u00edn N\u00ba 15\"}]},{\"@type\":\"WebSite\",\"@id\":\"https:\/\/www.tecdmx.org.mx\/#website\",\"url\":\"https:\/\/www.tecdmx.org.mx\/\",\"name\":\"Tribunal Electoral de la Ciudad de M\u00e9xico\",\"description\":\"25 a\u00f1os garantizando justicia en tu elecci\u00f3n\",\"potentialAction\":[{\"@type\":\"SearchAction\",\"target\":{\"@type\":\"EntryPoint\",\"urlTemplate\":\"https:\/\/www.tecdmx.org.mx\/?s={search_term_string}\"},\"query-input\":\"required name=search_term_string\"}],\"inLanguage\":\"es\"},{\"@type\":\"Person\",\"@id\":\"https:\/\/www.tecdmx.org.mx\/#\/schema\/person\/208c898199fb3234203823c5f0cf31d6\",\"name\":\"Difusion2025\",\"image\":{\"@type\":\"ImageObject\",\"inLanguage\":\"es\",\"@id\":\"https:\/\/www.tecdmx.org.mx\/#\/schema\/person\/image\/\",\"url\":\"https:\/\/secure.gravatar.com\/avatar\/6f7a4ba3acb418040e90a2eb99b5df28?s=96&d=mm&r=g\",\"contentUrl\":\"https:\/\/secure.gravatar.com\/avatar\/6f7a4ba3acb418040e90a2eb99b5df28?s=96&d=mm&r=g\",\"caption\":\"Difusion2025\"}}]}<\/script>\n<!-- \/ Yoast SEO plugin. -->","yoast_head_json":{"title":"Bolet\u00edn N\u00ba 15 - Tribunal Electoral de la Ciudad de M\u00e9xico","robots":{"index":"index","follow":"follow","max-snippet":"max-snippet:-1","max-image-preview":"max-image-preview:large","max-video-preview":"max-video-preview:-1"},"canonical":"https:\/\/www.tecdmx.org.mx\/index.php\/comunicados\/2021\/02\/19\/boletin-no-15\/","og_locale":"es_ES","og_type":"article","og_title":"Bolet\u00edn N\u00ba 15 - Tribunal Electoral de la Ciudad de M\u00e9xico","og_description":"TECDMX abre espacio de reflexi\u00f3n e inclusi\u00f3n para hablar sobre el S\u00edndrome de Asperger.","og_url":"https:\/\/www.tecdmx.org.mx\/index.php\/comunicados\/2021\/02\/19\/boletin-no-15\/","og_site_name":"Tribunal Electoral de la Ciudad de M\u00e9xico","article_publisher":"https:\/\/www.facebook.com\/TECDMX\/","article_published_time":"2021-02-19T23:38:11+00:00","article_modified_time":"2021-02-19T23:38:12+00:00","og_image":[{"width":600,"height":366,"url":"https:\/\/www.tecdmx.org.mx\/wp-content\/uploads\/2020\/08\/comunicado_nuevo.jpg","type":"image\/jpeg"}],"author":"Difusion2025","twitter_card":"summary_large_image","twitter_creator":"@tecdmx","twitter_site":"@tecdmx","twitter_misc":{"Escrito por":"Difusion2025","Tiempo de lectura":"3 minutos"},"schema":{"@context":"https:\/\/schema.org","@graph":[{"@type":"WebPage","@id":"https:\/\/www.tecdmx.org.mx\/index.php\/comunicados\/2021\/02\/19\/boletin-no-15\/","url":"https:\/\/www.tecdmx.org.mx\/index.php\/comunicados\/2021\/02\/19\/boletin-no-15\/","name":"Bolet\u00edn N\u00ba 15 - Tribunal Electoral de la Ciudad de M\u00e9xico","isPartOf":{"@id":"https:\/\/www.tecdmx.org.mx\/#website"},"primaryImageOfPage":{"@id":"https:\/\/www.tecdmx.org.mx\/index.php\/comunicados\/2021\/02\/19\/boletin-no-15\/#primaryimage"},"image":{"@id":"https:\/\/www.tecdmx.org.mx\/index.php\/comunicados\/2021\/02\/19\/boletin-no-15\/#primaryimage"},"thumbnailUrl":"https:\/\/www.tecdmx.org.mx\/wp-content\/uploads\/2020\/08\/comunicado_nuevo.jpg","datePublished":"2021-02-19T23:38:11+00:00","dateModified":"2021-02-19T23:38:12+00:00","author":{"@id":"https:\/\/www.tecdmx.org.mx\/#\/schema\/person\/208c898199fb3234203823c5f0cf31d6"},"breadcrumb":{"@id":"https:\/\/www.tecdmx.org.mx\/index.php\/comunicados\/2021\/02\/19\/boletin-no-15\/#breadcrumb"},"inLanguage":"es","potentialAction":[{"@type":"ReadAction","target":["https:\/\/www.tecdmx.org.mx\/index.php\/comunicados\/2021\/02\/19\/boletin-no-15\/"]}]},{"@type":"ImageObject","inLanguage":"es","@id":"https:\/\/www.tecdmx.org.mx\/index.php\/comunicados\/2021\/02\/19\/boletin-no-15\/#primaryimage","url":"https:\/\/www.tecdmx.org.mx\/wp-content\/uploads\/2020\/08\/comunicado_nuevo.jpg","contentUrl":"https:\/\/www.tecdmx.org.mx\/wp-content\/uploads\/2020\/08\/comunicado_nuevo.jpg","width":600,"height":366},{"@type":"BreadcrumbList","@id":"https:\/\/www.tecdmx.org.mx\/index.php\/comunicados\/2021\/02\/19\/boletin-no-15\/#breadcrumb","itemListElement":[{"@type":"ListItem","position":1,"name":"Portada","item":"https:\/\/www.tecdmx.org.mx\/"},{"@type":"ListItem","position":2,"name":"Bolet\u00edn N\u00ba 15"}]},{"@type":"WebSite","@id":"https:\/\/www.tecdmx.org.mx\/#website","url":"https:\/\/www.tecdmx.org.mx\/","name":"Tribunal Electoral de la Ciudad de M\u00e9xico","description":"25 a\u00f1os garantizando justicia en tu elecci\u00f3n","potentialAction":[{"@type":"SearchAction","target":{"@type":"EntryPoint","urlTemplate":"https:\/\/www.tecdmx.org.mx\/?s={search_term_string}"},"query-input":"required name=search_term_string"}],"inLanguage":"es"},{"@type":"Person","@id":"https:\/\/www.tecdmx.org.mx\/#\/schema\/person\/208c898199fb3234203823c5f0cf31d6","name":"Difusion2025","image":{"@type":"ImageObject","inLanguage":"es","@id":"https:\/\/www.tecdmx.org.mx\/#\/schema\/person\/image\/","url":"https:\/\/secure.gravatar.com\/avatar\/6f7a4ba3acb418040e90a2eb99b5df28?s=96&d=mm&r=g","contentUrl":"https:\/\/secure.gravatar.com\/avatar\/6f7a4ba3acb418040e90a2eb99b5df28?s=96&d=mm&r=g","caption":"Difusion2025"}}]}},"_links":{"self":[{"href":"https:\/\/www.tecdmx.org.mx\/index.php\/wp-json\/wp\/v2\/posts\/24915"}],"collection":[{"href":"https:\/\/www.tecdmx.org.mx\/index.php\/wp-json\/wp\/v2\/posts"}],"about":[{"href":"https:\/\/www.tecdmx.org.mx\/index.php\/wp-json\/wp\/v2\/types\/post"}],"author":[{"embeddable":true,"href":"https:\/\/www.tecdmx.org.mx\/index.php\/wp-json\/wp\/v2\/users\/13"}],"replies":[{"embeddable":true,"href":"https:\/\/www.tecdmx.org.mx\/index.php\/wp-json\/wp\/v2\/comments?post=24915"}],"version-history":[{"count":2,"href":"https:\/\/www.tecdmx.org.mx\/index.php\/wp-json\/wp\/v2\/posts\/24915\/revisions"}],"predecessor-version":[{"id":24917,"href":"https:\/\/www.tecdmx.org.mx\/index.php\/wp-json\/wp\/v2\/posts\/24915\/revisions\/24917"}],"wp:featuredmedia":[{"embeddable":true,"href":"https:\/\/www.tecdmx.org.mx\/index.php\/wp-json\/wp\/v2\/media\/21168"}],"wp:attachment":[{"href":"https:\/\/www.tecdmx.org.mx\/index.php\/wp-json\/wp\/v2\/media?parent=24915"}],"wp:term":[{"taxonomy":"category","embeddable":true,"href":"https:\/\/www.tecdmx.org.mx\/index.php\/wp-json\/wp\/v2\/categories?post=24915"},{"taxonomy":"post_tag","embeddable":true,"href":"https:\/\/www.tecdmx.org.mx\/index.php\/wp-json\/wp\/v2\/tags?post=24915"}],"curies":[{"name":"wp","href":"https:\/\/api.w.org\/{rel}","templated":true}]}}