{"id":25310,"date":"2021-03-25T21:47:07","date_gmt":"2021-03-26T03:47:07","guid":{"rendered":"https:\/\/www.tecdmx.org.mx\/?p=25310"},"modified":"2021-03-25T21:47:08","modified_gmt":"2021-03-26T03:47:08","slug":"boletin-no-27","status":"publish","type":"post","link":"https:\/\/www.tecdmx.org.mx\/index.php\/sin-categoria\/2021\/03\/25\/boletin-no-27\/","title":{"rendered":"Bolet\u00edn N\u00ba 27"},"content":{"rendered":"\n<p><strong>Resuelve TECDMX diversos medios de impugnaci\u00f3n vinculados con selecci\u00f3n de candidaturas para el Proceso Electoral 2020-2021<\/strong><\/p>\n\n\n\n<p class=\"has-text-align-right\">Ciudad de M\u00e9xico, a 25 de marzo de 2021<\/p>\n\n\n\n<p>El Tribunal Electoral de la Ciudad de M\u00e9xico (TECDMX) celebr\u00f3 Sesi\u00f3n P\u00fablica de resoluci\u00f3n a distancia por videoconferencia, con el fin de resolver 1 Juicio Electoral y 7 para la Protecci\u00f3n de los Derechos Pol\u00edtico-Electorales de la Ciudadan\u00eda.<\/p>\n\n\n\n<p>En el juicio <strong>TECDMX-JEL-035\/2021<\/strong>, promovido para controvertir las medidas cautelares y de tutela preventiva dictadas por la Comisi\u00f3n Permanente de Asociaciones Pol\u00edticas del Instituto Electoral de la Ciudad de M\u00e9xico (IECM) en el expediente QNA\/047\/2021; el Pleno determin\u00f3 <strong>confirmar el acto impugnado<\/strong>, toda vez que los agravios hechos valer por la parte actora resultaron infundados o inoperantes.<\/p>\n\n\n\n<p>Por otra parte, en el juicio <strong>TECDMX-JLDC-028\/2021<\/strong>, en donde se controvirti\u00f3 la relaci\u00f3n de Solicitudes de Registro aprobadas en los Procesos Internos para la selecci\u00f3n de candidaturas a las Alcald\u00edas del partido MORENA, en particular la designaci\u00f3n de Eduardo Santill\u00e1n P\u00e9rez como candidato a la Alcald\u00eda \u00c1lvaro Obreg\u00f3n, el registro por parte del Consejo General del Instituto Electoral, de la citada candidatura y, por otra parte, la omisi\u00f3n de diversas autoridades del partido de pronunciarse sobre la legalidad de la recepci\u00f3n de los documentos, inscripci\u00f3n y aprobaci\u00f3n de la candidatura controvertida; as\u00ed como, de publicar los resultados de la encuesta del proceso de selecci\u00f3n, y de notificar a la parte actoralas razones por las cuales no fue seleccionada para la candidatura a la que se registr\u00f3; las Magistraturas resolvieron lo siguiente:<\/p>\n\n\n\n<ul><li><strong>Sobreseer <\/strong>respecto a la Relaci\u00f3n de Solicitudes de Registro, pues su impugnaci\u00f3n se present\u00f3 fuera del plazo establecido en la normativa.<\/li><li><strong>Sobreseer <\/strong>en cuanto al registro de la citada candidatura, ya que hasta este momento no existe un pronunciamiento por parte del Instituto Electoral, de ah\u00ed que el acto sea inexistente.<\/li><li><strong>Declarar infundadas las omisiones reclamadas<\/strong>, pues la parte actora no acredit\u00f3 haber presentado al partido escrito del que se desprenda su petici\u00f3n, en el que adujera fundadamente, una afectaci\u00f3n particular, lo que resultaba necesario para que el partido estuviera obligado a dar la debida contestaci\u00f3n.<\/li><\/ul>\n\n\n\n<p>Asimismo, en el juicio <strong>TECDMX-JLDC-030\/2021<\/strong>, promovido para controvertir diversos actos relacionados con la designaci\u00f3n de la candidatura a la Alcald\u00eda Venustiano Carranza del Partido MORENA; las Magistradas y Magistrados determinaron <strong>ordenar a la autoridad responsable dar respuesta al escrito de la parte promovente y<\/strong>, en el entendido de que constituye una petici\u00f3n hecha en t\u00e9rminos de la Base Segunda de la Convocatoria, <strong>el \u00f3rgano responsable deber\u00e1 notificar el dictamen o resoluci\u00f3n sobre la designaci\u00f3n de la candidatura, misma que deber\u00e1 estar fundada y motivada.<\/strong><strong><\/strong><\/p>\n\n\n\n<p>En el juicio <strong>TECDMX-JLDC-032\/2021<\/strong>, promovido en contra de la resoluci\u00f3n de la Comisi\u00f3n Nacional de Honestidad y Justicia del partido MORENA, por la que confirm\u00f3 la designaci\u00f3n de Mar\u00eda de los Dolores Padierna Luna como candidata a titular de la Alcald\u00eda Cuauht\u00e9moc; el Pleno resolvi\u00f3 <strong>confirmar el acto impugnado<\/strong>, ya que los argumentos dados por la parte promovente resultaron inoperantes e infundados.<\/p>\n\n\n\n<p>Por otra parte, en el juicio <strong>TECDMX-JLDC-029\/2021<\/strong>, promovido contra la omisi\u00f3n del Consejo General del IECM de establecer acciones afirmativas para que las personas pertenecientes a grupos de la diversidad sexual y aquellos en situaci\u00f3n de discapacidad sean designadas en las candidaturas a diputaciones locales y a concejal\u00edas de las Alcald\u00edas; las Magistraturas determinaron <strong>desechar de plano la demanda <\/strong>por haber sido presentada de manera extempor\u00e1nea.<\/p>\n\n\n\n<p>En el juicio <strong>TECDMX-JLDC-026\/2021<\/strong>, promovido en contra del Dictamen de la Direcci\u00f3n Estatal Ejecutiva del Partido de la Revoluci\u00f3n Democr\u00e1tica, relativo a la elecci\u00f3n de candidaturas a Diputadas y Diputados Locales por el Principio de Representaci\u00f3n Proporcional a la II Legislatura del Congreso de la Ciudad de M\u00e9xico, en particular a quienes integran la Lista A en el Proceso Electoral Ordinario 2020-2021; las Magistradas y Magistrados determinaron <strong>desechar de plano la demanda<\/strong> al haber sido presentada de manera extempor\u00e1nea.<\/p>\n\n\n\n<p>Asimismo, en el juicio <strong>TECDMX-JLDC-033\/2021<\/strong>, en donde se controvirti\u00f3 la relaci\u00f3n de solicitudes de registro aprobadas en los procesos internos para la selecci\u00f3n de candidaturas para Alcaldes y Alcaldesas de la Ciudad de M\u00e9xico del partido pol\u00edtico MORENA, entre ellas, de la Alcald\u00eda de Milpa Alta, as\u00ed como la designaci\u00f3n de la candidatura respectiva en la citada demarcaci\u00f3n territorial, en el Proceso Electoral 2020\u2013 2021; el Pleno resolvi\u00f3 <strong>desechar de plano la demanda<\/strong> al haber sido presentada de manera extempor\u00e1nea.<\/p>\n\n\n\n<p class=\"has-text-align-left\">Finalmente, en el juicio <strong>TECDMX-JLDC-036\/2021<\/strong>, promovido para controvertir la omisi\u00f3n de la Comisi\u00f3n Nacional de Honestidad y Justicia de MORENA de resolver la queja presentada en contra de la recepci\u00f3n de la documentaci\u00f3n para el registro como precandidata de Evelyn Parra \u00c1lvarez a la Alcald\u00eda Venustiano Carranza; las Magistraturas determinaron <strong>desechar de plano la demanda<\/strong> al haber quedado sin materia, toda vez que, el 11 de marzo, la Comisi\u00f3n de Justicia rindi\u00f3 su informe circunstanciado en el que manifest\u00f3 que, en misma fecha, dict\u00f3 un Acuerdo en el expediente 309\/2021, que declar\u00f3 improcedente el recurso de queja presentado por las partes actoras y fue notificado por los medios se\u00f1alados en su escrito inicial, esto es, por estrados y correo, ambos v\u00eda electr\u00f3nica.<\/p>\n\n\n\n<p class=\"has-text-align-center\"><strong>o-O-o<\/strong><\/p>\n\n\n\n<p>* Los criterios para las resoluciones de este Pleno son coincidentes.<\/p>\n","protected":false},"excerpt":{"rendered":"<p>Resuelve TECDMX diversos medios de impugnaci\u00f3n vinculados con selecci\u00f3n de candidaturas para el Proceso Electoral 2020-2021 Ciudad de M\u00e9xico, a 25 de marzo de 2021 El Tribunal Electoral de la [&hellip;]<\/p>\n","protected":false},"author":13,"featured_media":21168,"comment_status":"open","ping_status":"open","sticky":false,"template":"","format":"standard","meta":{"_acf_changed":false,"_exactmetrics_skip_tracking":false,"_exactmetrics_sitenote_active":false,"_exactmetrics_sitenote_note":"","_exactmetrics_sitenote_category":0,"footnotes":""},"categories":[32,47,1],"tags":[],"acf":[],"yoast_head":"<!-- This site is optimized with the Yoast SEO plugin v22.3 - https:\/\/yoast.com\/wordpress\/plugins\/seo\/ -->\n<title>Bolet\u00edn N\u00ba 27 - Tribunal Electoral de la Ciudad de M\u00e9xico<\/title>\n<meta name=\"robots\" content=\"index, follow, max-snippet:-1, max-image-preview:large, max-video-preview:-1\" \/>\n<link rel=\"canonical\" href=\"https:\/\/www.tecdmx.org.mx\/index.php\/sin-categoria\/2021\/03\/25\/boletin-no-27\/\" \/>\n<meta property=\"og:locale\" content=\"es_ES\" \/>\n<meta property=\"og:type\" content=\"article\" \/>\n<meta property=\"og:title\" content=\"Bolet\u00edn N\u00ba 27 - Tribunal Electoral de la Ciudad de M\u00e9xico\" \/>\n<meta property=\"og:description\" content=\"Resuelve TECDMX diversos medios de impugnaci\u00f3n vinculados con selecci\u00f3n de candidaturas para el Proceso Electoral 2020-2021 Ciudad de M\u00e9xico, a 25 de marzo de 2021 El Tribunal Electoral de la [&hellip;]\" \/>\n<meta property=\"og:url\" content=\"https:\/\/www.tecdmx.org.mx\/index.php\/sin-categoria\/2021\/03\/25\/boletin-no-27\/\" \/>\n<meta property=\"og:site_name\" content=\"Tribunal Electoral de la Ciudad de M\u00e9xico\" \/>\n<meta property=\"article:publisher\" content=\"https:\/\/www.facebook.com\/TECDMX\/\" \/>\n<meta property=\"article:published_time\" content=\"2021-03-26T03:47:07+00:00\" \/>\n<meta property=\"article:modified_time\" content=\"2021-03-26T03:47:08+00:00\" \/>\n<meta property=\"og:image\" content=\"https:\/\/www.tecdmx.org.mx\/wp-content\/uploads\/2020\/08\/comunicado_nuevo.jpg\" \/>\n\t<meta property=\"og:image:width\" content=\"600\" \/>\n\t<meta property=\"og:image:height\" content=\"366\" \/>\n\t<meta property=\"og:image:type\" content=\"image\/jpeg\" \/>\n<meta name=\"author\" content=\"Difusion2025\" \/>\n<meta name=\"twitter:card\" content=\"summary_large_image\" \/>\n<meta name=\"twitter:creator\" content=\"@tecdmx\" \/>\n<meta name=\"twitter:site\" content=\"@tecdmx\" \/>\n<meta name=\"twitter:label1\" content=\"Escrito por\" \/>\n\t<meta name=\"twitter:data1\" content=\"Difusion2025\" \/>\n\t<meta name=\"twitter:label2\" content=\"Tiempo de lectura\" \/>\n\t<meta name=\"twitter:data2\" content=\"5 minutos\" \/>\n<script type=\"application\/ld+json\" class=\"yoast-schema-graph\">{\"@context\":\"https:\/\/schema.org\",\"@graph\":[{\"@type\":\"WebPage\",\"@id\":\"https:\/\/www.tecdmx.org.mx\/index.php\/sin-categoria\/2021\/03\/25\/boletin-no-27\/\",\"url\":\"https:\/\/www.tecdmx.org.mx\/index.php\/sin-categoria\/2021\/03\/25\/boletin-no-27\/\",\"name\":\"Bolet\u00edn N\u00ba 27 - Tribunal Electoral de la Ciudad de M\u00e9xico\",\"isPartOf\":{\"@id\":\"https:\/\/www.tecdmx.org.mx\/#website\"},\"primaryImageOfPage\":{\"@id\":\"https:\/\/www.tecdmx.org.mx\/index.php\/sin-categoria\/2021\/03\/25\/boletin-no-27\/#primaryimage\"},\"image\":{\"@id\":\"https:\/\/www.tecdmx.org.mx\/index.php\/sin-categoria\/2021\/03\/25\/boletin-no-27\/#primaryimage\"},\"thumbnailUrl\":\"https:\/\/www.tecdmx.org.mx\/wp-content\/uploads\/2020\/08\/comunicado_nuevo.jpg\",\"datePublished\":\"2021-03-26T03:47:07+00:00\",\"dateModified\":\"2021-03-26T03:47:08+00:00\",\"author\":{\"@id\":\"https:\/\/www.tecdmx.org.mx\/#\/schema\/person\/208c898199fb3234203823c5f0cf31d6\"},\"breadcrumb\":{\"@id\":\"https:\/\/www.tecdmx.org.mx\/index.php\/sin-categoria\/2021\/03\/25\/boletin-no-27\/#breadcrumb\"},\"inLanguage\":\"es\",\"potentialAction\":[{\"@type\":\"ReadAction\",\"target\":[\"https:\/\/www.tecdmx.org.mx\/index.php\/sin-categoria\/2021\/03\/25\/boletin-no-27\/\"]}]},{\"@type\":\"ImageObject\",\"inLanguage\":\"es\",\"@id\":\"https:\/\/www.tecdmx.org.mx\/index.php\/sin-categoria\/2021\/03\/25\/boletin-no-27\/#primaryimage\",\"url\":\"https:\/\/www.tecdmx.org.mx\/wp-content\/uploads\/2020\/08\/comunicado_nuevo.jpg\",\"contentUrl\":\"https:\/\/www.tecdmx.org.mx\/wp-content\/uploads\/2020\/08\/comunicado_nuevo.jpg\",\"width\":600,\"height\":366},{\"@type\":\"BreadcrumbList\",\"@id\":\"https:\/\/www.tecdmx.org.mx\/index.php\/sin-categoria\/2021\/03\/25\/boletin-no-27\/#breadcrumb\",\"itemListElement\":[{\"@type\":\"ListItem\",\"position\":1,\"name\":\"Portada\",\"item\":\"https:\/\/www.tecdmx.org.mx\/\"},{\"@type\":\"ListItem\",\"position\":2,\"name\":\"Bolet\u00edn N\u00ba 27\"}]},{\"@type\":\"WebSite\",\"@id\":\"https:\/\/www.tecdmx.org.mx\/#website\",\"url\":\"https:\/\/www.tecdmx.org.mx\/\",\"name\":\"Tribunal Electoral de la Ciudad de M\u00e9xico\",\"description\":\"25 a\u00f1os garantizando justicia en tu elecci\u00f3n\",\"potentialAction\":[{\"@type\":\"SearchAction\",\"target\":{\"@type\":\"EntryPoint\",\"urlTemplate\":\"https:\/\/www.tecdmx.org.mx\/?s={search_term_string}\"},\"query-input\":\"required name=search_term_string\"}],\"inLanguage\":\"es\"},{\"@type\":\"Person\",\"@id\":\"https:\/\/www.tecdmx.org.mx\/#\/schema\/person\/208c898199fb3234203823c5f0cf31d6\",\"name\":\"Difusion2025\",\"image\":{\"@type\":\"ImageObject\",\"inLanguage\":\"es\",\"@id\":\"https:\/\/www.tecdmx.org.mx\/#\/schema\/person\/image\/\",\"url\":\"https:\/\/secure.gravatar.com\/avatar\/6f7a4ba3acb418040e90a2eb99b5df28?s=96&d=mm&r=g\",\"contentUrl\":\"https:\/\/secure.gravatar.com\/avatar\/6f7a4ba3acb418040e90a2eb99b5df28?s=96&d=mm&r=g\",\"caption\":\"Difusion2025\"}}]}<\/script>\n<!-- \/ Yoast SEO plugin. -->","yoast_head_json":{"title":"Bolet\u00edn N\u00ba 27 - Tribunal Electoral de la Ciudad de M\u00e9xico","robots":{"index":"index","follow":"follow","max-snippet":"max-snippet:-1","max-image-preview":"max-image-preview:large","max-video-preview":"max-video-preview:-1"},"canonical":"https:\/\/www.tecdmx.org.mx\/index.php\/sin-categoria\/2021\/03\/25\/boletin-no-27\/","og_locale":"es_ES","og_type":"article","og_title":"Bolet\u00edn N\u00ba 27 - Tribunal Electoral de la Ciudad de M\u00e9xico","og_description":"Resuelve TECDMX diversos medios de impugnaci\u00f3n vinculados con selecci\u00f3n de candidaturas para el Proceso Electoral 2020-2021 Ciudad de M\u00e9xico, a 25 de marzo de 2021 El Tribunal Electoral de la [&hellip;]","og_url":"https:\/\/www.tecdmx.org.mx\/index.php\/sin-categoria\/2021\/03\/25\/boletin-no-27\/","og_site_name":"Tribunal Electoral de la Ciudad de M\u00e9xico","article_publisher":"https:\/\/www.facebook.com\/TECDMX\/","article_published_time":"2021-03-26T03:47:07+00:00","article_modified_time":"2021-03-26T03:47:08+00:00","og_image":[{"width":600,"height":366,"url":"https:\/\/www.tecdmx.org.mx\/wp-content\/uploads\/2020\/08\/comunicado_nuevo.jpg","type":"image\/jpeg"}],"author":"Difusion2025","twitter_card":"summary_large_image","twitter_creator":"@tecdmx","twitter_site":"@tecdmx","twitter_misc":{"Escrito por":"Difusion2025","Tiempo de lectura":"5 minutos"},"schema":{"@context":"https:\/\/schema.org","@graph":[{"@type":"WebPage","@id":"https:\/\/www.tecdmx.org.mx\/index.php\/sin-categoria\/2021\/03\/25\/boletin-no-27\/","url":"https:\/\/www.tecdmx.org.mx\/index.php\/sin-categoria\/2021\/03\/25\/boletin-no-27\/","name":"Bolet\u00edn N\u00ba 27 - Tribunal Electoral de la Ciudad de M\u00e9xico","isPartOf":{"@id":"https:\/\/www.tecdmx.org.mx\/#website"},"primaryImageOfPage":{"@id":"https:\/\/www.tecdmx.org.mx\/index.php\/sin-categoria\/2021\/03\/25\/boletin-no-27\/#primaryimage"},"image":{"@id":"https:\/\/www.tecdmx.org.mx\/index.php\/sin-categoria\/2021\/03\/25\/boletin-no-27\/#primaryimage"},"thumbnailUrl":"https:\/\/www.tecdmx.org.mx\/wp-content\/uploads\/2020\/08\/comunicado_nuevo.jpg","datePublished":"2021-03-26T03:47:07+00:00","dateModified":"2021-03-26T03:47:08+00:00","author":{"@id":"https:\/\/www.tecdmx.org.mx\/#\/schema\/person\/208c898199fb3234203823c5f0cf31d6"},"breadcrumb":{"@id":"https:\/\/www.tecdmx.org.mx\/index.php\/sin-categoria\/2021\/03\/25\/boletin-no-27\/#breadcrumb"},"inLanguage":"es","potentialAction":[{"@type":"ReadAction","target":["https:\/\/www.tecdmx.org.mx\/index.php\/sin-categoria\/2021\/03\/25\/boletin-no-27\/"]}]},{"@type":"ImageObject","inLanguage":"es","@id":"https:\/\/www.tecdmx.org.mx\/index.php\/sin-categoria\/2021\/03\/25\/boletin-no-27\/#primaryimage","url":"https:\/\/www.tecdmx.org.mx\/wp-content\/uploads\/2020\/08\/comunicado_nuevo.jpg","contentUrl":"https:\/\/www.tecdmx.org.mx\/wp-content\/uploads\/2020\/08\/comunicado_nuevo.jpg","width":600,"height":366},{"@type":"BreadcrumbList","@id":"https:\/\/www.tecdmx.org.mx\/index.php\/sin-categoria\/2021\/03\/25\/boletin-no-27\/#breadcrumb","itemListElement":[{"@type":"ListItem","position":1,"name":"Portada","item":"https:\/\/www.tecdmx.org.mx\/"},{"@type":"ListItem","position":2,"name":"Bolet\u00edn N\u00ba 27"}]},{"@type":"WebSite","@id":"https:\/\/www.tecdmx.org.mx\/#website","url":"https:\/\/www.tecdmx.org.mx\/","name":"Tribunal Electoral de la Ciudad de M\u00e9xico","description":"25 a\u00f1os garantizando justicia en tu elecci\u00f3n","potentialAction":[{"@type":"SearchAction","target":{"@type":"EntryPoint","urlTemplate":"https:\/\/www.tecdmx.org.mx\/?s={search_term_string}"},"query-input":"required name=search_term_string"}],"inLanguage":"es"},{"@type":"Person","@id":"https:\/\/www.tecdmx.org.mx\/#\/schema\/person\/208c898199fb3234203823c5f0cf31d6","name":"Difusion2025","image":{"@type":"ImageObject","inLanguage":"es","@id":"https:\/\/www.tecdmx.org.mx\/#\/schema\/person\/image\/","url":"https:\/\/secure.gravatar.com\/avatar\/6f7a4ba3acb418040e90a2eb99b5df28?s=96&d=mm&r=g","contentUrl":"https:\/\/secure.gravatar.com\/avatar\/6f7a4ba3acb418040e90a2eb99b5df28?s=96&d=mm&r=g","caption":"Difusion2025"}}]}},"_links":{"self":[{"href":"https:\/\/www.tecdmx.org.mx\/index.php\/wp-json\/wp\/v2\/posts\/25310"}],"collection":[{"href":"https:\/\/www.tecdmx.org.mx\/index.php\/wp-json\/wp\/v2\/posts"}],"about":[{"href":"https:\/\/www.tecdmx.org.mx\/index.php\/wp-json\/wp\/v2\/types\/post"}],"author":[{"embeddable":true,"href":"https:\/\/www.tecdmx.org.mx\/index.php\/wp-json\/wp\/v2\/users\/13"}],"replies":[{"embeddable":true,"href":"https:\/\/www.tecdmx.org.mx\/index.php\/wp-json\/wp\/v2\/comments?post=25310"}],"version-history":[{"count":2,"href":"https:\/\/www.tecdmx.org.mx\/index.php\/wp-json\/wp\/v2\/posts\/25310\/revisions"}],"predecessor-version":[{"id":25314,"href":"https:\/\/www.tecdmx.org.mx\/index.php\/wp-json\/wp\/v2\/posts\/25310\/revisions\/25314"}],"wp:featuredmedia":[{"embeddable":true,"href":"https:\/\/www.tecdmx.org.mx\/index.php\/wp-json\/wp\/v2\/media\/21168"}],"wp:attachment":[{"href":"https:\/\/www.tecdmx.org.mx\/index.php\/wp-json\/wp\/v2\/media?parent=25310"}],"wp:term":[{"taxonomy":"category","embeddable":true,"href":"https:\/\/www.tecdmx.org.mx\/index.php\/wp-json\/wp\/v2\/categories?post=25310"},{"taxonomy":"post_tag","embeddable":true,"href":"https:\/\/www.tecdmx.org.mx\/index.php\/wp-json\/wp\/v2\/tags?post=25310"}],"curies":[{"name":"wp","href":"https:\/\/api.w.org\/{rel}","templated":true}]}}