{"id":26207,"date":"2021-05-04T20:43:21","date_gmt":"2021-05-05T01:43:21","guid":{"rendered":"https:\/\/www.tecdmx.org.mx\/?p=26207"},"modified":"2021-05-04T20:43:22","modified_gmt":"2021-05-05T01:43:22","slug":"boletin-no-42","status":"publish","type":"post","link":"https:\/\/www.tecdmx.org.mx\/index.php\/comunicados\/2021\/05\/04\/boletin-no-42\/","title":{"rendered":"Bolet\u00edn N\u00ba 42"},"content":{"rendered":"\n<p><strong>Confirma TECDMX que la diputada Mar\u00eda de Lourdes Paz Reyes fue v\u00edctima de violencia pol\u00edtica por raz\u00f3n de g\u00e9nero<\/strong><\/p>\n\n\n\n<p class=\"has-text-align-right\">Ciudad de M\u00e9xico, a 4 de mayo de 2021<\/p>\n\n\n\n<ul><li>Se orden\u00f3 inscribir a la persona responsable en el Registro de Personas Sancionadas del TECDMX, as\u00ed como en el Registro Nacional en la materia una vez que la sentencia haya causado estado.<\/li><li>Se constat\u00f3 que la v\u00edctima recibi\u00f3 calificativos, apodos y ofensas en el desempe\u00f1o en su cargo como legisladora durante un a\u00f1o y seis meses.<\/li><\/ul>\n\n\n\n<p>El Tribunal Electoral de la Ciudad de M\u00e9xico (TECDMX) determin\u00f3 la existencia de violencia pol\u00edtica por raz\u00f3n de g\u00e9nero tras la denuncia de Mar\u00eda de Lourdes Paz Reyes, Diputada del Congreso de la Ciudad de M\u00e9xico, pues se constat\u00f3 el empleo de calificativos, apodos y ofensas realizados en su calidad de mujer y con el fin de menoscabar el desempe\u00f1o de su cargo como legisladora del Congreso local, los cuales se dieron de manera sistem\u00e1tica, reiterada y continua, al menos durante un a\u00f1o y seis meses.<\/p>\n\n\n\n<p>Como parte de las medidas en contra de la parte denunciada, el Pleno impuso una sanci\u00f3n econ\u00f3mica asequible a su capacidad, la emisi\u00f3n de una disculpa p\u00fablica a trav\u00e9s de los perfiles de la red social Facebook como medios comisivos de la conducta, as\u00ed como constre\u00f1ir a la parte denunciada para que realice un curso o taller en materia de violencia pol\u00edtica de g\u00e9nero y\/o violencia pol\u00edtica contra las mujeres en raz\u00f3n de g\u00e9nero, como garant\u00eda de no repetici\u00f3n de la conducta sancionada.<\/p>\n\n\n\n<p>Las Magistraturas, tambi\u00e9n, ordenaron hacer del conocimiento de Facebook los hechos referidos e inscribir a la persona responsable en el Cat\u00e1logo de Personas Sancionadas de este Tribunal Electoral, as\u00ed como en el Registro Nacional de Personas Sancionadas en materia de Violencia Pol\u00edtica contra las Mujeres en Raz\u00f3n de G\u00e9nero, una vez que la resoluci\u00f3n haya causado estado.<a href=\"#_ftn1\">[1]<\/a><\/p>\n\n\n\n<p>Por otra parte, se determin\u00f3 la inexistencia de actos anticipados de precampa\u00f1a y campa\u00f1a, promoci\u00f3n personalizada y uso indebido de recursos p\u00fablicos<em>, <\/em>en contra de Carlos Hern\u00e1ndez Mir\u00f3n, Diputado del Congreso de la Ciudad de M\u00e9xico,derivado de dos publicaciones en la red social Facebook, as\u00ed como cuatro publicaciones en su p\u00e1gina personal.<a href=\"#_ftn2\">[2]<\/a><\/p>\n\n\n\n<p>Asimismo, determin\u00f3 confirmar el Acuerdo emitido por la Comisi\u00f3n Permanente de Asociaciones Pol\u00edticas del Instituto Electoral de la Ciudad de M\u00e9xico (IECM) en el expediente 198\/2021, en donde el Partido Movimiento Ciudadano y la persona Encargada del Despacho de la Alcald\u00eda Iztacalco consideraban que las medidas preventivas relativas al retiro indebido de propaganda electoral de una candidata postulada por el partido Verde Ecologista de M\u00e9xico en el distrito Electoral 15, carec\u00edan, entre otras cosas, de la debida fundamentaci\u00f3n y motivaci\u00f3n.<\/p>\n\n\n\n<p>Sentado lo anterior, contrario a lo se\u00f1alado por las partes actoras, dichas medidas de tutela preventiva no fueron generales, sino que quedaron acotadas a la Demarcaci\u00f3n Territorial Iztacalco, que es el territorio donde participa la denunciante, aunado a que en ning\u00fan momento la Comisi\u00f3n otorg\u00f3 autorizaci\u00f3n alguna para que los partidos pudieran colocar ilegalmente su propaganda, sin observar las reglas preestablecidas, ya que en el propio Acuerdo impugnado dej\u00f3 claro los alcances de dicha medida. <a href=\"#_ftn3\">[3]<\/a><\/p>\n\n\n\n<p>Por otra parte, se dio cumplimiento a una sentencia de la Sala Regional Ciudad de M\u00e9xico del Tribunal Electoral del Poder Judicial de la Federaci\u00f3n, en la que se el Pleno de este \u00d3rgano Jurisdiccional determin\u00f3 sobreseer el medio de impugnaci\u00f3n al haber sido presentado de manera extempor\u00e1nea.<\/p>\n\n\n\n<p>Al analizar el fondo del asunto, las Magistradas y Magistrados determinaron confirmar la elecci\u00f3n del Consejo Electoral de San Antonio Tec\u00f3mitl y la Convocatoria para elegir a la persona Coordinadora de Enlace Territorial de ese Pueblo.<a href=\"#_ftn4\">[4]<\/a><\/p>\n\n\n\n<p>Finalmente, el Pleno determin\u00f3 desechar de plano la demanda en el juicio TECDMX-JEL-052\/2021, al haber sido presentada de manera extempor\u00e1nea.<\/p>\n\n\n\n<p class=\"has-text-align-center\"><strong>o-O-o<\/strong><\/p>\n\n\n\n<p>* Los criterios para las resoluciones de este Pleno son coincidentes.<\/p>\n\n\n\n<hr class=\"wp-block-separator\"\/>\n\n\n\n<p><a href=\"#_ftnref1\">[1]<\/a> TECDMX-PES-006\/2021.<\/p>\n\n\n\n<p><a href=\"#_ftnref2\">[2]<\/a> TECDMX-PES-022\/2021.<\/p>\n\n\n\n<p><a href=\"#_ftnref3\">[3]<\/a> TECDMX-JEL-047\/2021 y su acumulado TECDMX-JEL-050\/2021.<\/p>\n\n\n\n<p><a href=\"#_ftnref4\">[4]<\/a> TECDMX-JLDC-012\/2020<\/p>\n","protected":false},"excerpt":{"rendered":"<p>Confirma TECDMX que la diputada Mar\u00eda de Lourdes Paz Reyes fue v\u00edctima de violencia pol\u00edtica por raz\u00f3n de g\u00e9nero Ciudad de M\u00e9xico, a 4 de mayo de 2021 Se orden\u00f3 [&hellip;]<\/p>\n","protected":false},"author":13,"featured_media":21168,"comment_status":"open","ping_status":"open","sticky":false,"template":"","format":"standard","meta":{"_acf_changed":false,"_exactmetrics_skip_tracking":false,"_exactmetrics_sitenote_active":false,"_exactmetrics_sitenote_note":"","_exactmetrics_sitenote_category":0,"footnotes":""},"categories":[32,47],"tags":[],"acf":[],"yoast_head":"<!-- This site is optimized with the Yoast SEO plugin v22.3 - https:\/\/yoast.com\/wordpress\/plugins\/seo\/ -->\n<title>Bolet\u00edn N\u00ba 42 - Tribunal Electoral de la Ciudad de M\u00e9xico<\/title>\n<meta name=\"robots\" content=\"index, follow, max-snippet:-1, max-image-preview:large, max-video-preview:-1\" \/>\n<link rel=\"canonical\" href=\"https:\/\/www.tecdmx.org.mx\/index.php\/comunicados\/2021\/05\/04\/boletin-no-42\/\" \/>\n<meta property=\"og:locale\" content=\"es_ES\" \/>\n<meta property=\"og:type\" content=\"article\" \/>\n<meta property=\"og:title\" content=\"Bolet\u00edn N\u00ba 42 - Tribunal Electoral de la Ciudad de M\u00e9xico\" \/>\n<meta property=\"og:description\" content=\"Confirma TECDMX que la diputada Mar\u00eda de Lourdes Paz Reyes fue v\u00edctima de violencia pol\u00edtica por raz\u00f3n de g\u00e9nero Ciudad de M\u00e9xico, a 4 de mayo de 2021 Se orden\u00f3 [&hellip;]\" \/>\n<meta property=\"og:url\" content=\"https:\/\/www.tecdmx.org.mx\/index.php\/comunicados\/2021\/05\/04\/boletin-no-42\/\" \/>\n<meta property=\"og:site_name\" content=\"Tribunal Electoral de la Ciudad de M\u00e9xico\" \/>\n<meta property=\"article:publisher\" content=\"https:\/\/www.facebook.com\/TECDMX\/\" \/>\n<meta property=\"article:published_time\" content=\"2021-05-05T01:43:21+00:00\" \/>\n<meta property=\"article:modified_time\" content=\"2021-05-05T01:43:22+00:00\" \/>\n<meta property=\"og:image\" content=\"https:\/\/www.tecdmx.org.mx\/wp-content\/uploads\/2020\/08\/comunicado_nuevo.jpg\" \/>\n\t<meta property=\"og:image:width\" content=\"600\" \/>\n\t<meta property=\"og:image:height\" content=\"366\" \/>\n\t<meta property=\"og:image:type\" content=\"image\/jpeg\" \/>\n<meta name=\"author\" content=\"Difusion2025\" \/>\n<meta name=\"twitter:card\" content=\"summary_large_image\" \/>\n<meta name=\"twitter:creator\" content=\"@tecdmx\" \/>\n<meta name=\"twitter:site\" content=\"@tecdmx\" \/>\n<meta name=\"twitter:label1\" content=\"Escrito por\" \/>\n\t<meta name=\"twitter:data1\" content=\"Difusion2025\" \/>\n\t<meta name=\"twitter:label2\" content=\"Tiempo de lectura\" \/>\n\t<meta name=\"twitter:data2\" content=\"4 minutos\" \/>\n<script type=\"application\/ld+json\" class=\"yoast-schema-graph\">{\"@context\":\"https:\/\/schema.org\",\"@graph\":[{\"@type\":\"WebPage\",\"@id\":\"https:\/\/www.tecdmx.org.mx\/index.php\/comunicados\/2021\/05\/04\/boletin-no-42\/\",\"url\":\"https:\/\/www.tecdmx.org.mx\/index.php\/comunicados\/2021\/05\/04\/boletin-no-42\/\",\"name\":\"Bolet\u00edn N\u00ba 42 - Tribunal Electoral de la Ciudad de M\u00e9xico\",\"isPartOf\":{\"@id\":\"https:\/\/www.tecdmx.org.mx\/#website\"},\"primaryImageOfPage\":{\"@id\":\"https:\/\/www.tecdmx.org.mx\/index.php\/comunicados\/2021\/05\/04\/boletin-no-42\/#primaryimage\"},\"image\":{\"@id\":\"https:\/\/www.tecdmx.org.mx\/index.php\/comunicados\/2021\/05\/04\/boletin-no-42\/#primaryimage\"},\"thumbnailUrl\":\"https:\/\/www.tecdmx.org.mx\/wp-content\/uploads\/2020\/08\/comunicado_nuevo.jpg\",\"datePublished\":\"2021-05-05T01:43:21+00:00\",\"dateModified\":\"2021-05-05T01:43:22+00:00\",\"author\":{\"@id\":\"https:\/\/www.tecdmx.org.mx\/#\/schema\/person\/208c898199fb3234203823c5f0cf31d6\"},\"breadcrumb\":{\"@id\":\"https:\/\/www.tecdmx.org.mx\/index.php\/comunicados\/2021\/05\/04\/boletin-no-42\/#breadcrumb\"},\"inLanguage\":\"es\",\"potentialAction\":[{\"@type\":\"ReadAction\",\"target\":[\"https:\/\/www.tecdmx.org.mx\/index.php\/comunicados\/2021\/05\/04\/boletin-no-42\/\"]}]},{\"@type\":\"ImageObject\",\"inLanguage\":\"es\",\"@id\":\"https:\/\/www.tecdmx.org.mx\/index.php\/comunicados\/2021\/05\/04\/boletin-no-42\/#primaryimage\",\"url\":\"https:\/\/www.tecdmx.org.mx\/wp-content\/uploads\/2020\/08\/comunicado_nuevo.jpg\",\"contentUrl\":\"https:\/\/www.tecdmx.org.mx\/wp-content\/uploads\/2020\/08\/comunicado_nuevo.jpg\",\"width\":600,\"height\":366},{\"@type\":\"BreadcrumbList\",\"@id\":\"https:\/\/www.tecdmx.org.mx\/index.php\/comunicados\/2021\/05\/04\/boletin-no-42\/#breadcrumb\",\"itemListElement\":[{\"@type\":\"ListItem\",\"position\":1,\"name\":\"Portada\",\"item\":\"https:\/\/www.tecdmx.org.mx\/\"},{\"@type\":\"ListItem\",\"position\":2,\"name\":\"Bolet\u00edn N\u00ba 42\"}]},{\"@type\":\"WebSite\",\"@id\":\"https:\/\/www.tecdmx.org.mx\/#website\",\"url\":\"https:\/\/www.tecdmx.org.mx\/\",\"name\":\"Tribunal Electoral de la Ciudad de M\u00e9xico\",\"description\":\"25 a\u00f1os garantizando justicia en tu elecci\u00f3n\",\"potentialAction\":[{\"@type\":\"SearchAction\",\"target\":{\"@type\":\"EntryPoint\",\"urlTemplate\":\"https:\/\/www.tecdmx.org.mx\/?s={search_term_string}\"},\"query-input\":\"required name=search_term_string\"}],\"inLanguage\":\"es\"},{\"@type\":\"Person\",\"@id\":\"https:\/\/www.tecdmx.org.mx\/#\/schema\/person\/208c898199fb3234203823c5f0cf31d6\",\"name\":\"Difusion2025\",\"image\":{\"@type\":\"ImageObject\",\"inLanguage\":\"es\",\"@id\":\"https:\/\/www.tecdmx.org.mx\/#\/schema\/person\/image\/\",\"url\":\"https:\/\/secure.gravatar.com\/avatar\/6f7a4ba3acb418040e90a2eb99b5df28?s=96&d=mm&r=g\",\"contentUrl\":\"https:\/\/secure.gravatar.com\/avatar\/6f7a4ba3acb418040e90a2eb99b5df28?s=96&d=mm&r=g\",\"caption\":\"Difusion2025\"}}]}<\/script>\n<!-- \/ Yoast SEO plugin. -->","yoast_head_json":{"title":"Bolet\u00edn N\u00ba 42 - Tribunal Electoral de la Ciudad de M\u00e9xico","robots":{"index":"index","follow":"follow","max-snippet":"max-snippet:-1","max-image-preview":"max-image-preview:large","max-video-preview":"max-video-preview:-1"},"canonical":"https:\/\/www.tecdmx.org.mx\/index.php\/comunicados\/2021\/05\/04\/boletin-no-42\/","og_locale":"es_ES","og_type":"article","og_title":"Bolet\u00edn N\u00ba 42 - Tribunal Electoral de la Ciudad de M\u00e9xico","og_description":"Confirma TECDMX que la diputada Mar\u00eda de Lourdes Paz Reyes fue v\u00edctima de violencia pol\u00edtica por raz\u00f3n de g\u00e9nero Ciudad de M\u00e9xico, a 4 de mayo de 2021 Se orden\u00f3 [&hellip;]","og_url":"https:\/\/www.tecdmx.org.mx\/index.php\/comunicados\/2021\/05\/04\/boletin-no-42\/","og_site_name":"Tribunal Electoral de la Ciudad de M\u00e9xico","article_publisher":"https:\/\/www.facebook.com\/TECDMX\/","article_published_time":"2021-05-05T01:43:21+00:00","article_modified_time":"2021-05-05T01:43:22+00:00","og_image":[{"width":600,"height":366,"url":"https:\/\/www.tecdmx.org.mx\/wp-content\/uploads\/2020\/08\/comunicado_nuevo.jpg","type":"image\/jpeg"}],"author":"Difusion2025","twitter_card":"summary_large_image","twitter_creator":"@tecdmx","twitter_site":"@tecdmx","twitter_misc":{"Escrito por":"Difusion2025","Tiempo de lectura":"4 minutos"},"schema":{"@context":"https:\/\/schema.org","@graph":[{"@type":"WebPage","@id":"https:\/\/www.tecdmx.org.mx\/index.php\/comunicados\/2021\/05\/04\/boletin-no-42\/","url":"https:\/\/www.tecdmx.org.mx\/index.php\/comunicados\/2021\/05\/04\/boletin-no-42\/","name":"Bolet\u00edn N\u00ba 42 - Tribunal Electoral de la Ciudad de M\u00e9xico","isPartOf":{"@id":"https:\/\/www.tecdmx.org.mx\/#website"},"primaryImageOfPage":{"@id":"https:\/\/www.tecdmx.org.mx\/index.php\/comunicados\/2021\/05\/04\/boletin-no-42\/#primaryimage"},"image":{"@id":"https:\/\/www.tecdmx.org.mx\/index.php\/comunicados\/2021\/05\/04\/boletin-no-42\/#primaryimage"},"thumbnailUrl":"https:\/\/www.tecdmx.org.mx\/wp-content\/uploads\/2020\/08\/comunicado_nuevo.jpg","datePublished":"2021-05-05T01:43:21+00:00","dateModified":"2021-05-05T01:43:22+00:00","author":{"@id":"https:\/\/www.tecdmx.org.mx\/#\/schema\/person\/208c898199fb3234203823c5f0cf31d6"},"breadcrumb":{"@id":"https:\/\/www.tecdmx.org.mx\/index.php\/comunicados\/2021\/05\/04\/boletin-no-42\/#breadcrumb"},"inLanguage":"es","potentialAction":[{"@type":"ReadAction","target":["https:\/\/www.tecdmx.org.mx\/index.php\/comunicados\/2021\/05\/04\/boletin-no-42\/"]}]},{"@type":"ImageObject","inLanguage":"es","@id":"https:\/\/www.tecdmx.org.mx\/index.php\/comunicados\/2021\/05\/04\/boletin-no-42\/#primaryimage","url":"https:\/\/www.tecdmx.org.mx\/wp-content\/uploads\/2020\/08\/comunicado_nuevo.jpg","contentUrl":"https:\/\/www.tecdmx.org.mx\/wp-content\/uploads\/2020\/08\/comunicado_nuevo.jpg","width":600,"height":366},{"@type":"BreadcrumbList","@id":"https:\/\/www.tecdmx.org.mx\/index.php\/comunicados\/2021\/05\/04\/boletin-no-42\/#breadcrumb","itemListElement":[{"@type":"ListItem","position":1,"name":"Portada","item":"https:\/\/www.tecdmx.org.mx\/"},{"@type":"ListItem","position":2,"name":"Bolet\u00edn N\u00ba 42"}]},{"@type":"WebSite","@id":"https:\/\/www.tecdmx.org.mx\/#website","url":"https:\/\/www.tecdmx.org.mx\/","name":"Tribunal Electoral de la Ciudad de M\u00e9xico","description":"25 a\u00f1os garantizando justicia en tu elecci\u00f3n","potentialAction":[{"@type":"SearchAction","target":{"@type":"EntryPoint","urlTemplate":"https:\/\/www.tecdmx.org.mx\/?s={search_term_string}"},"query-input":"required name=search_term_string"}],"inLanguage":"es"},{"@type":"Person","@id":"https:\/\/www.tecdmx.org.mx\/#\/schema\/person\/208c898199fb3234203823c5f0cf31d6","name":"Difusion2025","image":{"@type":"ImageObject","inLanguage":"es","@id":"https:\/\/www.tecdmx.org.mx\/#\/schema\/person\/image\/","url":"https:\/\/secure.gravatar.com\/avatar\/6f7a4ba3acb418040e90a2eb99b5df28?s=96&d=mm&r=g","contentUrl":"https:\/\/secure.gravatar.com\/avatar\/6f7a4ba3acb418040e90a2eb99b5df28?s=96&d=mm&r=g","caption":"Difusion2025"}}]}},"_links":{"self":[{"href":"https:\/\/www.tecdmx.org.mx\/index.php\/wp-json\/wp\/v2\/posts\/26207"}],"collection":[{"href":"https:\/\/www.tecdmx.org.mx\/index.php\/wp-json\/wp\/v2\/posts"}],"about":[{"href":"https:\/\/www.tecdmx.org.mx\/index.php\/wp-json\/wp\/v2\/types\/post"}],"author":[{"embeddable":true,"href":"https:\/\/www.tecdmx.org.mx\/index.php\/wp-json\/wp\/v2\/users\/13"}],"replies":[{"embeddable":true,"href":"https:\/\/www.tecdmx.org.mx\/index.php\/wp-json\/wp\/v2\/comments?post=26207"}],"version-history":[{"count":2,"href":"https:\/\/www.tecdmx.org.mx\/index.php\/wp-json\/wp\/v2\/posts\/26207\/revisions"}],"predecessor-version":[{"id":26210,"href":"https:\/\/www.tecdmx.org.mx\/index.php\/wp-json\/wp\/v2\/posts\/26207\/revisions\/26210"}],"wp:featuredmedia":[{"embeddable":true,"href":"https:\/\/www.tecdmx.org.mx\/index.php\/wp-json\/wp\/v2\/media\/21168"}],"wp:attachment":[{"href":"https:\/\/www.tecdmx.org.mx\/index.php\/wp-json\/wp\/v2\/media?parent=26207"}],"wp:term":[{"taxonomy":"category","embeddable":true,"href":"https:\/\/www.tecdmx.org.mx\/index.php\/wp-json\/wp\/v2\/categories?post=26207"},{"taxonomy":"post_tag","embeddable":true,"href":"https:\/\/www.tecdmx.org.mx\/index.php\/wp-json\/wp\/v2\/tags?post=26207"}],"curies":[{"name":"wp","href":"https:\/\/api.w.org\/{rel}","templated":true}]}}