{"id":26421,"date":"2021-05-20T19:47:10","date_gmt":"2021-05-21T00:47:10","guid":{"rendered":"https:\/\/www.tecdmx.org.mx\/?p=26421"},"modified":"2021-05-20T19:47:27","modified_gmt":"2021-05-21T00:47:27","slug":"boletin-no-47","status":"publish","type":"post","link":"https:\/\/www.tecdmx.org.mx\/index.php\/comunicados\/2021\/05\/20\/boletin-no-47\/","title":{"rendered":"Bolet\u00edn N\u00ba 47"},"content":{"rendered":"\n<p><strong>Impone TECDMX amonestaci\u00f3n p\u00fablica al PAN por actos anticipados de campa\u00f1a<\/strong><\/p>\n\n\n\n<p class=\"has-text-align-right\">Ciudad de M\u00e9xico, a 20 de mayo de 2021<\/p>\n\n\n\n<ul><li>Se acredit\u00f3 que el PAN y Rafael Calder\u00f3n Jim\u00e9nez difundieron mensajes en Facebook que pudieron tener incidencia en el voto de la ciudadan\u00eda el pr\u00f3ximo 6 de junio.<\/li><li>Se confirmaron dos acuerdos de la Comisi\u00f3n Permanente de Asociaciones Pol\u00edticas del IECM en los que no se otorgaron medidas cautelares por supuesta calumnia y violencia pol\u00edtica por raz\u00f3n de g\u00e9nero.<\/li><\/ul>\n\n\n\n<p>El Pleno del Tribunal Electoral de la Ciudad de M\u00e9xico (TECDMX) determin\u00f3 imponer una amonestaci\u00f3n p\u00fablica al Partido Acci\u00f3n Nacional y amonestaci\u00f3n a Rafael Calder\u00f3n Jim\u00e9nez, Secretario de Asuntos Electorales de dicho instituto pol\u00edtico, por la comisi\u00f3n de actos anticipados de campa\u00f1a<strong> <\/strong>a trav\u00e9s de la difusi\u00f3n de diversas publicaciones en la red social Facebook.<\/p>\n\n\n\n<p>Lo anterior, ya que las publicaciones denunciadas conten\u00edan expresiones que hac\u00edan un llamado al voto en favor del partido pol\u00edtico y, aunque no fueron difundidas durante el curso del Proceso Electoral, s\u00ed pudieron tener incidencia en las personas ciudadanas que emitir\u00e1n su voto en la pr\u00f3xima jornada electoral.<a href=\"#_ftn1\">[1]<\/a><\/p>\n\n\n\n<p>Por otra parte, las Magistradas y Magistrados confirmaron el acuerdo de la Comisi\u00f3n Permanente de Asociaciones Pol\u00edticas del Instituto Electoral de la Ciudad de M\u00e9xico (IECM), en el expediente QNA\/263\/2021, el cual fue impugnado por Paula Soto Maldonado, al considerar que no debieron haberse declarado improcedentes las medidas cautelares y tutela preventiva que solicit\u00f3 respecto de la supuesta comisi\u00f3n de violencia pol\u00edtica de g\u00e9nero en su contra.<\/p>\n\n\n\n<p>Ello, ya que la determinaci\u00f3n por parte de la autoridad responsable se encuentra fundada y motivada, al no existir indicios de la comisi\u00f3n de los delitos hechos valer por la parte actora.<a href=\"#_ftn2\">[2]<\/a><\/p>\n\n\n\n<p>Asimismo, las Magistraturas confirmaron el acuerdo de la citada comisi\u00f3n en el expediente QNA\/361\/2021,donde determin\u00f3, entre otras cuestiones, la improcedencia de medidas cautelares solicitadas por Alfa Eliana Gonz\u00e1lez Magallanes, quien denunci\u00f3 calumnias en su contra.<\/p>\n\n\n\n<p>Lo anterior, toda vez que se consider\u00f3 correcta la actuaci\u00f3n de la Comisi\u00f3n pues no se actualizaron todos los elementos necesarios para considerar que las mismas, de manera indiciaria, fueran de car\u00e1cter calumnioso.<a href=\"#_ftn3\">[3]<\/a><\/p>\n\n\n\n<p>Al atender diversos Procedimientos Especiales Sancionadores, el Pleno determin\u00f3 la inexistencia de uso indebido de recursos p\u00fablicos, promoci\u00f3n personalizada y actos anticipados de precampa\u00f1a y campa\u00f1a en contra de Carlos Alonso Castillo P\u00e9rez, derivado de la entrega de gel antibacterial, acci\u00f3n difundida en Facebook, pues \u00e9sta corresponde a la ejecuci\u00f3n de una acci\u00f3n social de tipo emergente y no se acredit\u00f3 que se le diera un fin o connotaci\u00f3n electoral.<a href=\"#_ftn4\">[4]<\/a><\/p>\n\n\n\n<p>Por otra parte, se determin\u00f3 la inexistencia de promoci\u00f3n personalizada y uso indebido de recursos p\u00fablicos en contra de Mauricio Tabe Echartea, por la publicaci\u00f3n y difusi\u00f3n de una encuesta v\u00eda Internet en la que se promociona su nombre y se abordan distintos temas de inter\u00e9s para la ciudadan\u00eda residente de la Demarcaci\u00f3n Miguel Hidalgo, pues este ejercicio consisti\u00f3 en conocer la problem\u00e1tica de las personas de dicha demarcaci\u00f3n y no se acredit\u00f3 que el costo de su realizaci\u00f3n fuera pagado con dinero p\u00fablico.<a href=\"#_ftn5\">[5]<\/a><\/p>\n\n\n\n<p>De igual forma, se determin\u00f3 la inexistencia de actos anticipados de precampa\u00f1a y campa\u00f1a, atribuidas a los Partidos de la Revoluci\u00f3n Democr\u00e1tica, Acci\u00f3n Nacional, Redes Sociales Progresistas y Verde Ecologista de M\u00e9xico, as\u00ed como la promoci\u00f3n personalizada y el uso indebido de recursos p\u00fablicos por parte de Carlos Alonso Castillo P\u00e9rez, por la pinta de bardas y anuncios publicitarios en los que se hace alusi\u00f3n a dichos institutos pol\u00edticos y al M\u00f3dulo de Atenci\u00f3n Ciudadana del Diputado se\u00f1alado.<a href=\"#_ftn6\">[6]<\/a><\/p>\n\n\n\n<p>Finalmente, las Magistraturas determinaron desechar de plano la demanda en el juicio TECDMX-JLDC-061\/2021, porque la parte actora tuvo conocimiento del dictamen de registro controvertido por lo cual no hubo materia sobre la cual se pudiera pronunciar este \u00d3rgano Jurisdiccional.<\/p>\n\n\n\n<p class=\"has-text-align-center\"><strong>o-O-o<\/strong><\/p>\n\n\n\n<p>* Los criterios para las resoluciones de este Pleno son coincidentes.<\/p>\n\n\n\n<hr class=\"wp-block-separator\"\/>\n\n\n\n<p><a href=\"#_ftnref1\">[1]<\/a> TECDMX-PES-009\/2021<\/p>\n\n\n\n<p><a href=\"#_ftnref2\">[2]<\/a> TECDMX-JEL-057\/2021<\/p>\n\n\n\n<p><a href=\"#_ftnref3\">[3]<\/a> TECDMX-JEL-059\/2021<\/p>\n\n\n\n<p><a href=\"#_ftnref4\">[4]<\/a> TECDMX-PES-026\/2021<\/p>\n\n\n\n<p><a href=\"#_ftnref5\">[5]<\/a> TECDMX-PES-027\/2021<\/p>\n\n\n\n<p><a href=\"#_ftnref6\">[6]<\/a> TECDMX-PES-029\/2021<\/p>\n","protected":false},"excerpt":{"rendered":"<p>Impone TECDMX amonestaci\u00f3n p\u00fablica al PAN por actos anticipados de campa\u00f1a Ciudad de M\u00e9xico, a 20 de mayo de 2021 Se acredit\u00f3 que el PAN y Rafael Calder\u00f3n Jim\u00e9nez difundieron [&hellip;]<\/p>\n","protected":false},"author":13,"featured_media":21168,"comment_status":"open","ping_status":"open","sticky":false,"template":"","format":"standard","meta":{"_acf_changed":false,"_exactmetrics_skip_tracking":false,"_exactmetrics_sitenote_active":false,"_exactmetrics_sitenote_note":"","_exactmetrics_sitenote_category":0,"footnotes":""},"categories":[32,47],"tags":[],"acf":[],"yoast_head":"<!-- This site is optimized with the Yoast SEO plugin v22.3 - https:\/\/yoast.com\/wordpress\/plugins\/seo\/ -->\n<title>Bolet\u00edn N\u00ba 47 - Tribunal Electoral de la Ciudad de M\u00e9xico<\/title>\n<meta name=\"robots\" content=\"index, follow, max-snippet:-1, max-image-preview:large, max-video-preview:-1\" \/>\n<link rel=\"canonical\" href=\"https:\/\/www.tecdmx.org.mx\/index.php\/comunicados\/2021\/05\/20\/boletin-no-47\/\" \/>\n<meta property=\"og:locale\" content=\"es_ES\" \/>\n<meta property=\"og:type\" content=\"article\" \/>\n<meta property=\"og:title\" content=\"Bolet\u00edn N\u00ba 47 - Tribunal Electoral de la Ciudad de M\u00e9xico\" \/>\n<meta property=\"og:description\" content=\"Impone TECDMX amonestaci\u00f3n p\u00fablica al PAN por actos anticipados de campa\u00f1a Ciudad de M\u00e9xico, a 20 de mayo de 2021 Se acredit\u00f3 que el PAN y Rafael Calder\u00f3n Jim\u00e9nez difundieron [&hellip;]\" \/>\n<meta property=\"og:url\" content=\"https:\/\/www.tecdmx.org.mx\/index.php\/comunicados\/2021\/05\/20\/boletin-no-47\/\" \/>\n<meta property=\"og:site_name\" content=\"Tribunal Electoral de la Ciudad de M\u00e9xico\" \/>\n<meta property=\"article:publisher\" content=\"https:\/\/www.facebook.com\/TECDMX\/\" \/>\n<meta property=\"article:published_time\" content=\"2021-05-21T00:47:10+00:00\" \/>\n<meta property=\"article:modified_time\" content=\"2021-05-21T00:47:27+00:00\" \/>\n<meta property=\"og:image\" content=\"https:\/\/www.tecdmx.org.mx\/wp-content\/uploads\/2020\/08\/comunicado_nuevo.jpg\" \/>\n\t<meta property=\"og:image:width\" content=\"600\" \/>\n\t<meta property=\"og:image:height\" content=\"366\" \/>\n\t<meta property=\"og:image:type\" content=\"image\/jpeg\" \/>\n<meta name=\"author\" content=\"Difusion2025\" \/>\n<meta name=\"twitter:card\" content=\"summary_large_image\" \/>\n<meta name=\"twitter:creator\" content=\"@tecdmx\" \/>\n<meta name=\"twitter:site\" content=\"@tecdmx\" \/>\n<meta name=\"twitter:label1\" content=\"Escrito por\" \/>\n\t<meta name=\"twitter:data1\" content=\"Difusion2025\" \/>\n\t<meta name=\"twitter:label2\" content=\"Tiempo de lectura\" \/>\n\t<meta name=\"twitter:data2\" content=\"4 minutos\" \/>\n<script type=\"application\/ld+json\" class=\"yoast-schema-graph\">{\"@context\":\"https:\/\/schema.org\",\"@graph\":[{\"@type\":\"WebPage\",\"@id\":\"https:\/\/www.tecdmx.org.mx\/index.php\/comunicados\/2021\/05\/20\/boletin-no-47\/\",\"url\":\"https:\/\/www.tecdmx.org.mx\/index.php\/comunicados\/2021\/05\/20\/boletin-no-47\/\",\"name\":\"Bolet\u00edn N\u00ba 47 - Tribunal Electoral de la Ciudad de M\u00e9xico\",\"isPartOf\":{\"@id\":\"https:\/\/www.tecdmx.org.mx\/#website\"},\"primaryImageOfPage\":{\"@id\":\"https:\/\/www.tecdmx.org.mx\/index.php\/comunicados\/2021\/05\/20\/boletin-no-47\/#primaryimage\"},\"image\":{\"@id\":\"https:\/\/www.tecdmx.org.mx\/index.php\/comunicados\/2021\/05\/20\/boletin-no-47\/#primaryimage\"},\"thumbnailUrl\":\"https:\/\/www.tecdmx.org.mx\/wp-content\/uploads\/2020\/08\/comunicado_nuevo.jpg\",\"datePublished\":\"2021-05-21T00:47:10+00:00\",\"dateModified\":\"2021-05-21T00:47:27+00:00\",\"author\":{\"@id\":\"https:\/\/www.tecdmx.org.mx\/#\/schema\/person\/208c898199fb3234203823c5f0cf31d6\"},\"breadcrumb\":{\"@id\":\"https:\/\/www.tecdmx.org.mx\/index.php\/comunicados\/2021\/05\/20\/boletin-no-47\/#breadcrumb\"},\"inLanguage\":\"es\",\"potentialAction\":[{\"@type\":\"ReadAction\",\"target\":[\"https:\/\/www.tecdmx.org.mx\/index.php\/comunicados\/2021\/05\/20\/boletin-no-47\/\"]}]},{\"@type\":\"ImageObject\",\"inLanguage\":\"es\",\"@id\":\"https:\/\/www.tecdmx.org.mx\/index.php\/comunicados\/2021\/05\/20\/boletin-no-47\/#primaryimage\",\"url\":\"https:\/\/www.tecdmx.org.mx\/wp-content\/uploads\/2020\/08\/comunicado_nuevo.jpg\",\"contentUrl\":\"https:\/\/www.tecdmx.org.mx\/wp-content\/uploads\/2020\/08\/comunicado_nuevo.jpg\",\"width\":600,\"height\":366},{\"@type\":\"BreadcrumbList\",\"@id\":\"https:\/\/www.tecdmx.org.mx\/index.php\/comunicados\/2021\/05\/20\/boletin-no-47\/#breadcrumb\",\"itemListElement\":[{\"@type\":\"ListItem\",\"position\":1,\"name\":\"Portada\",\"item\":\"https:\/\/www.tecdmx.org.mx\/\"},{\"@type\":\"ListItem\",\"position\":2,\"name\":\"Bolet\u00edn N\u00ba 47\"}]},{\"@type\":\"WebSite\",\"@id\":\"https:\/\/www.tecdmx.org.mx\/#website\",\"url\":\"https:\/\/www.tecdmx.org.mx\/\",\"name\":\"Tribunal Electoral de la Ciudad de M\u00e9xico\",\"description\":\"25 a\u00f1os garantizando justicia en tu elecci\u00f3n\",\"potentialAction\":[{\"@type\":\"SearchAction\",\"target\":{\"@type\":\"EntryPoint\",\"urlTemplate\":\"https:\/\/www.tecdmx.org.mx\/?s={search_term_string}\"},\"query-input\":\"required name=search_term_string\"}],\"inLanguage\":\"es\"},{\"@type\":\"Person\",\"@id\":\"https:\/\/www.tecdmx.org.mx\/#\/schema\/person\/208c898199fb3234203823c5f0cf31d6\",\"name\":\"Difusion2025\",\"image\":{\"@type\":\"ImageObject\",\"inLanguage\":\"es\",\"@id\":\"https:\/\/www.tecdmx.org.mx\/#\/schema\/person\/image\/\",\"url\":\"https:\/\/secure.gravatar.com\/avatar\/6f7a4ba3acb418040e90a2eb99b5df28?s=96&d=mm&r=g\",\"contentUrl\":\"https:\/\/secure.gravatar.com\/avatar\/6f7a4ba3acb418040e90a2eb99b5df28?s=96&d=mm&r=g\",\"caption\":\"Difusion2025\"}}]}<\/script>\n<!-- \/ Yoast SEO plugin. -->","yoast_head_json":{"title":"Bolet\u00edn N\u00ba 47 - Tribunal Electoral de la Ciudad de M\u00e9xico","robots":{"index":"index","follow":"follow","max-snippet":"max-snippet:-1","max-image-preview":"max-image-preview:large","max-video-preview":"max-video-preview:-1"},"canonical":"https:\/\/www.tecdmx.org.mx\/index.php\/comunicados\/2021\/05\/20\/boletin-no-47\/","og_locale":"es_ES","og_type":"article","og_title":"Bolet\u00edn N\u00ba 47 - Tribunal Electoral de la Ciudad de M\u00e9xico","og_description":"Impone TECDMX amonestaci\u00f3n p\u00fablica al PAN por actos anticipados de campa\u00f1a Ciudad de M\u00e9xico, a 20 de mayo de 2021 Se acredit\u00f3 que el PAN y Rafael Calder\u00f3n Jim\u00e9nez difundieron [&hellip;]","og_url":"https:\/\/www.tecdmx.org.mx\/index.php\/comunicados\/2021\/05\/20\/boletin-no-47\/","og_site_name":"Tribunal Electoral de la Ciudad de M\u00e9xico","article_publisher":"https:\/\/www.facebook.com\/TECDMX\/","article_published_time":"2021-05-21T00:47:10+00:00","article_modified_time":"2021-05-21T00:47:27+00:00","og_image":[{"width":600,"height":366,"url":"https:\/\/www.tecdmx.org.mx\/wp-content\/uploads\/2020\/08\/comunicado_nuevo.jpg","type":"image\/jpeg"}],"author":"Difusion2025","twitter_card":"summary_large_image","twitter_creator":"@tecdmx","twitter_site":"@tecdmx","twitter_misc":{"Escrito por":"Difusion2025","Tiempo de lectura":"4 minutos"},"schema":{"@context":"https:\/\/schema.org","@graph":[{"@type":"WebPage","@id":"https:\/\/www.tecdmx.org.mx\/index.php\/comunicados\/2021\/05\/20\/boletin-no-47\/","url":"https:\/\/www.tecdmx.org.mx\/index.php\/comunicados\/2021\/05\/20\/boletin-no-47\/","name":"Bolet\u00edn N\u00ba 47 - Tribunal Electoral de la Ciudad de M\u00e9xico","isPartOf":{"@id":"https:\/\/www.tecdmx.org.mx\/#website"},"primaryImageOfPage":{"@id":"https:\/\/www.tecdmx.org.mx\/index.php\/comunicados\/2021\/05\/20\/boletin-no-47\/#primaryimage"},"image":{"@id":"https:\/\/www.tecdmx.org.mx\/index.php\/comunicados\/2021\/05\/20\/boletin-no-47\/#primaryimage"},"thumbnailUrl":"https:\/\/www.tecdmx.org.mx\/wp-content\/uploads\/2020\/08\/comunicado_nuevo.jpg","datePublished":"2021-05-21T00:47:10+00:00","dateModified":"2021-05-21T00:47:27+00:00","author":{"@id":"https:\/\/www.tecdmx.org.mx\/#\/schema\/person\/208c898199fb3234203823c5f0cf31d6"},"breadcrumb":{"@id":"https:\/\/www.tecdmx.org.mx\/index.php\/comunicados\/2021\/05\/20\/boletin-no-47\/#breadcrumb"},"inLanguage":"es","potentialAction":[{"@type":"ReadAction","target":["https:\/\/www.tecdmx.org.mx\/index.php\/comunicados\/2021\/05\/20\/boletin-no-47\/"]}]},{"@type":"ImageObject","inLanguage":"es","@id":"https:\/\/www.tecdmx.org.mx\/index.php\/comunicados\/2021\/05\/20\/boletin-no-47\/#primaryimage","url":"https:\/\/www.tecdmx.org.mx\/wp-content\/uploads\/2020\/08\/comunicado_nuevo.jpg","contentUrl":"https:\/\/www.tecdmx.org.mx\/wp-content\/uploads\/2020\/08\/comunicado_nuevo.jpg","width":600,"height":366},{"@type":"BreadcrumbList","@id":"https:\/\/www.tecdmx.org.mx\/index.php\/comunicados\/2021\/05\/20\/boletin-no-47\/#breadcrumb","itemListElement":[{"@type":"ListItem","position":1,"name":"Portada","item":"https:\/\/www.tecdmx.org.mx\/"},{"@type":"ListItem","position":2,"name":"Bolet\u00edn N\u00ba 47"}]},{"@type":"WebSite","@id":"https:\/\/www.tecdmx.org.mx\/#website","url":"https:\/\/www.tecdmx.org.mx\/","name":"Tribunal Electoral de la Ciudad de M\u00e9xico","description":"25 a\u00f1os garantizando justicia en tu elecci\u00f3n","potentialAction":[{"@type":"SearchAction","target":{"@type":"EntryPoint","urlTemplate":"https:\/\/www.tecdmx.org.mx\/?s={search_term_string}"},"query-input":"required name=search_term_string"}],"inLanguage":"es"},{"@type":"Person","@id":"https:\/\/www.tecdmx.org.mx\/#\/schema\/person\/208c898199fb3234203823c5f0cf31d6","name":"Difusion2025","image":{"@type":"ImageObject","inLanguage":"es","@id":"https:\/\/www.tecdmx.org.mx\/#\/schema\/person\/image\/","url":"https:\/\/secure.gravatar.com\/avatar\/6f7a4ba3acb418040e90a2eb99b5df28?s=96&d=mm&r=g","contentUrl":"https:\/\/secure.gravatar.com\/avatar\/6f7a4ba3acb418040e90a2eb99b5df28?s=96&d=mm&r=g","caption":"Difusion2025"}}]}},"_links":{"self":[{"href":"https:\/\/www.tecdmx.org.mx\/index.php\/wp-json\/wp\/v2\/posts\/26421"}],"collection":[{"href":"https:\/\/www.tecdmx.org.mx\/index.php\/wp-json\/wp\/v2\/posts"}],"about":[{"href":"https:\/\/www.tecdmx.org.mx\/index.php\/wp-json\/wp\/v2\/types\/post"}],"author":[{"embeddable":true,"href":"https:\/\/www.tecdmx.org.mx\/index.php\/wp-json\/wp\/v2\/users\/13"}],"replies":[{"embeddable":true,"href":"https:\/\/www.tecdmx.org.mx\/index.php\/wp-json\/wp\/v2\/comments?post=26421"}],"version-history":[{"count":2,"href":"https:\/\/www.tecdmx.org.mx\/index.php\/wp-json\/wp\/v2\/posts\/26421\/revisions"}],"predecessor-version":[{"id":26424,"href":"https:\/\/www.tecdmx.org.mx\/index.php\/wp-json\/wp\/v2\/posts\/26421\/revisions\/26424"}],"wp:featuredmedia":[{"embeddable":true,"href":"https:\/\/www.tecdmx.org.mx\/index.php\/wp-json\/wp\/v2\/media\/21168"}],"wp:attachment":[{"href":"https:\/\/www.tecdmx.org.mx\/index.php\/wp-json\/wp\/v2\/media?parent=26421"}],"wp:term":[{"taxonomy":"category","embeddable":true,"href":"https:\/\/www.tecdmx.org.mx\/index.php\/wp-json\/wp\/v2\/categories?post=26421"},{"taxonomy":"post_tag","embeddable":true,"href":"https:\/\/www.tecdmx.org.mx\/index.php\/wp-json\/wp\/v2\/tags?post=26421"}],"curies":[{"name":"wp","href":"https:\/\/api.w.org\/{rel}","templated":true}]}}