{"id":28398,"date":"2021-07-29T21:50:44","date_gmt":"2021-07-30T02:50:44","guid":{"rendered":"https:\/\/www.tecdmx.org.mx\/?p=28398"},"modified":"2021-07-29T21:50:46","modified_gmt":"2021-07-30T02:50:46","slug":"boletin-no-65","status":"publish","type":"post","link":"https:\/\/www.tecdmx.org.mx\/index.php\/comunicados\/2021\/07\/29\/boletin-no-65\/","title":{"rendered":"Bolet\u00edn n\u00ba 65"},"content":{"rendered":"\n<p class=\"has-text-align-right\">Ciudad de M\u00e9xico, a 29 de julio de 2021<\/p>\n\n\n\n<p><strong>Confirma TECDMX constancias de mayor\u00eda en elecci\u00f3n de Alcald\u00edas Gustavo A. Madero, Venustiano Carranza y Tlalpan<\/strong><\/p>\n\n\n\n<ul><li>Confirman, en lo que fueron materia de impugnaci\u00f3n, las elecciones de diputaciones por mayor\u00eda relativa en los distritos 8, 10 y 16.<\/li><li>Modific\u00f3 los resultados de los c\u00f3mputos en los distritos 5, 11, 18, 25 y 28 al anular un total de 30 casillas.<\/li><li>Resolvi\u00f3 22 Juicios Electorales, 4 Juicios para la Protecci\u00f3n de los Derechos Pol\u00edtico-Electorales de la Ciudadan\u00eda y 4 Procedimientos Especiales Sancionadores<\/li><\/ul>\n\n\n\n<p>En Sesi\u00f3n P\u00fablica de resoluci\u00f3n a distancia por videoconferencia, las Magistradas y Magistrados del Tribunal Electoral de la Ciudad de M\u00e9xico (TECDMX), confirmaron las elecciones para las Alcald\u00edas Venustiano Carranza y Tlalpan, en donde resultaron ganadoras las candidaturas encabezadas por Evelyn Parra \u00c1lvarez<a href=\"#_ftn1\">[1]<\/a> y Alfa Eliana Gonz\u00e1lez Magallanes<a href=\"#_ftn2\">[2]<\/a>.<\/p>\n\n\n\n<p>Tras la anulaci\u00f3n de 8 casillas, el Pleno determin\u00f3 modificar el c\u00f3mputo de la elecci\u00f3n para la Alcald\u00eda Gustavo A. Madero y, al mantener el primer lugar la candidatura del partido Morena, se determin\u00f3 validar la elecci\u00f3n y constancia de mayor\u00eda en favor de Francisco Chigu\u00edl Figueroa<a href=\"#_ftn3\">[3]<\/a>.<\/p>\n\n\n\n<p>De igual forma, confirman, en lo que fueron materia de impugnaci\u00f3n, los c\u00f3mputos distritales para la elecci\u00f3n de Diputados al Congreso de la Ciudad de M\u00e9xico en los distritos 8<a href=\"#_ftn4\">[4]<\/a>, 10<a href=\"#_ftn5\">[5]<\/a>, 16<a href=\"#_ftn6\">[6]<\/a>, toda vez que los agravios de los promoventes resultaron inoperantes o improcedentes al argumentar, entre otras cosas, la recepci\u00f3n de la votaci\u00f3n por parte de personas que fungieron como funcionarias sin pertenecer a las secciones de dichos distritos.<\/p>\n\n\n\n<p>Tambi\u00e9n, se confirm\u00f3 el Acuerdo 16 de los Consejos Distritales 15 y 25, por el que realiz\u00f3 la asignaci\u00f3n de Concejal\u00edas por el principio de representaci\u00f3n proporcional de la Alcald\u00eda Iztacalco<a href=\"#_ftn7\">[7]<\/a> y \u221a Xochimilco<a href=\"#_ftn8\">[8]<\/a>, respectivamente, al considerar, con relaci\u00f3n a Iztacalco, que la autoridad competente cumpli\u00f3 con la asignaci\u00f3n por el principio de paridad y, en el caso de Xochimilco, que vel\u00f3 por dotar de pluralidad la integraci\u00f3n de un \u00f3rgano de gobierno colegiado y<\/p>\n\n\n\n<p>En otro orden de ideas, el Pleno revoc\u00f3 el acuerdo emitido por la Comisi\u00f3n Permanente de Asociaciones Pol\u00edticas del Instituto Electoral de la Ciudad de M\u00e9xico (IECM), por medio del cual determin\u00f3 desechar la queja 603 de 2021 al calificarla como extempor\u00e1nea y, en consecuencia, de no advertir la existencia de alguna otra causal de desechamiento,&nbsp; orden\u00f3 iniciar el Procedimiento Especial Sancionador donde se investigue el evento \u201cCierre de Campa\u00f1a\u201d en Xochimilco.<a href=\"#_ftn9\">[9]<\/a><\/p>\n\n\n\n<p>Por otra parte, el Pleno modific\u00f3 las actas en los distritos 5<a href=\"#_ftn10\">[10]<\/a>, 11<a href=\"#_ftn11\">[11]<\/a>, 18<a href=\"#_ftn12\">[12]<\/a>, 25<a href=\"#_ftn13\">[13]<\/a> y 28<a href=\"#_ftn14\">[14]<\/a> respecto de la elecci\u00f3n de diputaciones por el principio de mayor\u00eda relativa, en donde anul\u00f3 por diversas irregularidades 7, 2, 5, 6 y 10 casillas, respectivamente, y, al no existir cambios en las personas que obtuvieron el primer lugar, se confirmaron las constancias de mayor\u00eda obtenidas por \u00e9stas. Las citadas modificaciones se deber\u00e1n tener en cuenta para la asignaci\u00f3n de diputaciones por el principio de representaci\u00f3n proporcional.<\/p>\n\n\n\n<p>Asimismo, como parte del an\u00e1lisis y resoluci\u00f3n de cuatro Procedimientos Especiales Sancionadores, las Magistraturas determinaron inexistentes el probable uso indebido de recursos p\u00fablicos y promoci\u00f3n personalizada en contra de Erick Alejandro Reyes Le\u00f3n por diversas publicaciones en Twitter<a href=\"#_ftn15\">[15]<\/a>; la presunta transgresi\u00f3n a las reglas para la colocaci\u00f3n de propaganda electoral en contra de Ulises Labrador Hern\u00e1ndez Magro<a href=\"#_ftn16\">[16]<\/a>; la presunta ejecuci\u00f3n de actos anticipados de campa\u00f1a en contra de Nury Delia Ruiz Ovando<a href=\"#_ftn17\">[17]<\/a>, derivado de una publicaci\u00f3n en la red social Facebook en la que emiti\u00f3 un agradecimiento a las fuerzas pol\u00edticas que respaldaron su candidatura; y actos anticipados de campa\u00f1a en contra de Teodoro Alonso Paniagua y el medio de comunicaci\u00f3n \u201cEl Big Data MX\u201d<a href=\"#_ftn18\">[18]<\/a>, derivado de la difusi\u00f3n de un video en la p\u00e1gina de Internet del medio de comunicaci\u00f3n referido.<\/p>\n\n\n\n<p>Finalmente, se determin\u00f3 el desechamiento de plano las demandas en los juicios TECDMX-JEL-069, TECDMX-JEL-070, TECDMX-JLDC-105 y TECDMX-JLDC-106, todos ellos de 2021, al haber sido presentados de manera extempor\u00e1nea, al no cumplir con el plazo estipulado en la normativa referente a los cuatro d\u00edas para su presentaci\u00f3n.<\/p>\n\n\n\n<p class=\"has-text-align-center\"><strong>o-O-o<\/strong><\/p>\n\n\n\n<hr class=\"wp-block-separator\"\/>\n\n\n\n<p><a href=\"#_ftnref1\">[1]<\/a> TECDMX-JEL-095\/2021<\/p>\n\n\n\n<p><a href=\"#_ftnref2\">[2]<\/a> TECDMX-JEL-122\/2021 y su acumulado TECDMX-JEL-140\/2021<\/p>\n\n\n\n<p><a href=\"#_ftnref3\">[3]<\/a> TECDMX-JEL-085\/2021 y sus acumulados TECDMX-JEL-108\/2021; TECDMX-JEL-161\/2021; TECDMX-JEL-175\/2021 y TECDMX-JEL-184\/2021 (estos dos \u00faltimos se sobreseyeron al haber sido presentados de forma extempor\u00e1nea)<\/p>\n\n\n\n<p><a href=\"#_ftnref4\">[4]<\/a> TECDMX-JEL-103\/2021<\/p>\n\n\n\n<p><a href=\"#_ftnref5\">[5]<\/a> TECDMX-JEL-096\/2021<\/p>\n\n\n\n<p><a href=\"#_ftnref6\">[6]<\/a> TECDMX-JEL-138\/2021 y su acumulado TECDMX-JEL-141\/2021<\/p>\n\n\n\n<p><a href=\"#_ftnref7\">[7]<\/a> TECDMX-JLDC-085\/2021<\/p>\n\n\n\n<p><a href=\"#_ftnref8\">[8]<\/a> TECDMX-JEL-188\/2021 y su acumulado TECDMX-JLDC-112\/2021<\/p>\n\n\n\n<p><a href=\"#_ftnref9\">[9]<\/a> TECDMX-JEL-222\/2021<\/p>\n\n\n\n<p><a href=\"#_ftnref10\">[10]<\/a> TECDMX-JEL-092\/2021<\/p>\n\n\n\n<p><a href=\"#_ftnref11\">[11]<\/a> TECDMX-JEL-145\/2021<\/p>\n\n\n\n<p><a href=\"#_ftnref12\">[12]<\/a> TECDXM-JEL-114\/2021 y su acumulado TECDMX-JEL-115\/2021<\/p>\n\n\n\n<p><a href=\"#_ftnref13\">[13]<\/a> TECDMX-JEL-131\/2021<\/p>\n\n\n\n<p><a href=\"#_ftnref14\">[14]<\/a> TECDMX-JEL-135\/2021<\/p>\n\n\n\n<p><a href=\"#_ftnref15\">[15]<\/a> TECDMX-PES-065\/2021<\/p>\n\n\n\n<p><a href=\"#_ftnref16\">[16]<\/a> TECDMX-PES-066\/2021<\/p>\n\n\n\n<p><a href=\"#_ftnref17\">[17]<\/a> TECDMX-PES-068\/2021<\/p>\n\n\n\n<p><a href=\"#_ftnref18\">[18]<\/a> TECDMX-PES-076\/2021<\/p>\n","protected":false},"excerpt":{"rendered":"<p>Ciudad de M\u00e9xico, a 29 de julio de 2021 Confirma TECDMX constancias de mayor\u00eda en elecci\u00f3n de Alcald\u00edas Gustavo A. Madero, Venustiano Carranza y Tlalpan Confirman, en lo que fueron [&hellip;]<\/p>\n","protected":false},"author":13,"featured_media":21168,"comment_status":"open","ping_status":"open","sticky":false,"template":"","format":"standard","meta":{"_acf_changed":false,"_exactmetrics_skip_tracking":false,"_exactmetrics_sitenote_active":false,"_exactmetrics_sitenote_note":"","_exactmetrics_sitenote_category":0,"footnotes":""},"categories":[32,47],"tags":[],"acf":[],"yoast_head":"<!-- This site is optimized with the Yoast SEO plugin v22.3 - https:\/\/yoast.com\/wordpress\/plugins\/seo\/ -->\n<title>Bolet\u00edn n\u00ba 65 - Tribunal Electoral de la Ciudad de M\u00e9xico<\/title>\n<meta name=\"robots\" content=\"index, follow, max-snippet:-1, max-image-preview:large, max-video-preview:-1\" \/>\n<link rel=\"canonical\" href=\"https:\/\/www.tecdmx.org.mx\/index.php\/comunicados\/2021\/07\/29\/boletin-no-65\/\" \/>\n<meta property=\"og:locale\" content=\"es_ES\" \/>\n<meta property=\"og:type\" content=\"article\" \/>\n<meta property=\"og:title\" content=\"Bolet\u00edn n\u00ba 65 - Tribunal Electoral de la Ciudad de M\u00e9xico\" \/>\n<meta property=\"og:description\" content=\"Ciudad de M\u00e9xico, a 29 de julio de 2021 Confirma TECDMX constancias de mayor\u00eda en elecci\u00f3n de Alcald\u00edas Gustavo A. Madero, Venustiano Carranza y Tlalpan Confirman, en lo que fueron [&hellip;]\" \/>\n<meta property=\"og:url\" content=\"https:\/\/www.tecdmx.org.mx\/index.php\/comunicados\/2021\/07\/29\/boletin-no-65\/\" \/>\n<meta property=\"og:site_name\" content=\"Tribunal Electoral de la Ciudad de M\u00e9xico\" \/>\n<meta property=\"article:publisher\" content=\"https:\/\/www.facebook.com\/TECDMX\/\" \/>\n<meta property=\"article:published_time\" content=\"2021-07-30T02:50:44+00:00\" \/>\n<meta property=\"article:modified_time\" content=\"2021-07-30T02:50:46+00:00\" \/>\n<meta property=\"og:image\" content=\"https:\/\/www.tecdmx.org.mx\/wp-content\/uploads\/2020\/08\/comunicado_nuevo.jpg\" \/>\n\t<meta property=\"og:image:width\" content=\"600\" \/>\n\t<meta property=\"og:image:height\" content=\"366\" \/>\n\t<meta property=\"og:image:type\" content=\"image\/jpeg\" \/>\n<meta name=\"author\" content=\"Difusion2025\" \/>\n<meta name=\"twitter:card\" content=\"summary_large_image\" \/>\n<meta name=\"twitter:creator\" content=\"@tecdmx\" \/>\n<meta name=\"twitter:site\" content=\"@tecdmx\" \/>\n<meta name=\"twitter:label1\" content=\"Escrito por\" \/>\n\t<meta name=\"twitter:data1\" content=\"Difusion2025\" \/>\n\t<meta name=\"twitter:label2\" content=\"Tiempo de lectura\" \/>\n\t<meta name=\"twitter:data2\" content=\"4 minutos\" \/>\n<script type=\"application\/ld+json\" class=\"yoast-schema-graph\">{\"@context\":\"https:\/\/schema.org\",\"@graph\":[{\"@type\":\"WebPage\",\"@id\":\"https:\/\/www.tecdmx.org.mx\/index.php\/comunicados\/2021\/07\/29\/boletin-no-65\/\",\"url\":\"https:\/\/www.tecdmx.org.mx\/index.php\/comunicados\/2021\/07\/29\/boletin-no-65\/\",\"name\":\"Bolet\u00edn n\u00ba 65 - Tribunal Electoral de la Ciudad de M\u00e9xico\",\"isPartOf\":{\"@id\":\"https:\/\/www.tecdmx.org.mx\/#website\"},\"primaryImageOfPage\":{\"@id\":\"https:\/\/www.tecdmx.org.mx\/index.php\/comunicados\/2021\/07\/29\/boletin-no-65\/#primaryimage\"},\"image\":{\"@id\":\"https:\/\/www.tecdmx.org.mx\/index.php\/comunicados\/2021\/07\/29\/boletin-no-65\/#primaryimage\"},\"thumbnailUrl\":\"https:\/\/www.tecdmx.org.mx\/wp-content\/uploads\/2020\/08\/comunicado_nuevo.jpg\",\"datePublished\":\"2021-07-30T02:50:44+00:00\",\"dateModified\":\"2021-07-30T02:50:46+00:00\",\"author\":{\"@id\":\"https:\/\/www.tecdmx.org.mx\/#\/schema\/person\/208c898199fb3234203823c5f0cf31d6\"},\"breadcrumb\":{\"@id\":\"https:\/\/www.tecdmx.org.mx\/index.php\/comunicados\/2021\/07\/29\/boletin-no-65\/#breadcrumb\"},\"inLanguage\":\"es\",\"potentialAction\":[{\"@type\":\"ReadAction\",\"target\":[\"https:\/\/www.tecdmx.org.mx\/index.php\/comunicados\/2021\/07\/29\/boletin-no-65\/\"]}]},{\"@type\":\"ImageObject\",\"inLanguage\":\"es\",\"@id\":\"https:\/\/www.tecdmx.org.mx\/index.php\/comunicados\/2021\/07\/29\/boletin-no-65\/#primaryimage\",\"url\":\"https:\/\/www.tecdmx.org.mx\/wp-content\/uploads\/2020\/08\/comunicado_nuevo.jpg\",\"contentUrl\":\"https:\/\/www.tecdmx.org.mx\/wp-content\/uploads\/2020\/08\/comunicado_nuevo.jpg\",\"width\":600,\"height\":366},{\"@type\":\"BreadcrumbList\",\"@id\":\"https:\/\/www.tecdmx.org.mx\/index.php\/comunicados\/2021\/07\/29\/boletin-no-65\/#breadcrumb\",\"itemListElement\":[{\"@type\":\"ListItem\",\"position\":1,\"name\":\"Portada\",\"item\":\"https:\/\/www.tecdmx.org.mx\/\"},{\"@type\":\"ListItem\",\"position\":2,\"name\":\"Bolet\u00edn n\u00ba 65\"}]},{\"@type\":\"WebSite\",\"@id\":\"https:\/\/www.tecdmx.org.mx\/#website\",\"url\":\"https:\/\/www.tecdmx.org.mx\/\",\"name\":\"Tribunal Electoral de la Ciudad de M\u00e9xico\",\"description\":\"25 a\u00f1os garantizando justicia en tu elecci\u00f3n\",\"potentialAction\":[{\"@type\":\"SearchAction\",\"target\":{\"@type\":\"EntryPoint\",\"urlTemplate\":\"https:\/\/www.tecdmx.org.mx\/?s={search_term_string}\"},\"query-input\":\"required name=search_term_string\"}],\"inLanguage\":\"es\"},{\"@type\":\"Person\",\"@id\":\"https:\/\/www.tecdmx.org.mx\/#\/schema\/person\/208c898199fb3234203823c5f0cf31d6\",\"name\":\"Difusion2025\",\"image\":{\"@type\":\"ImageObject\",\"inLanguage\":\"es\",\"@id\":\"https:\/\/www.tecdmx.org.mx\/#\/schema\/person\/image\/\",\"url\":\"https:\/\/secure.gravatar.com\/avatar\/6f7a4ba3acb418040e90a2eb99b5df28?s=96&d=mm&r=g\",\"contentUrl\":\"https:\/\/secure.gravatar.com\/avatar\/6f7a4ba3acb418040e90a2eb99b5df28?s=96&d=mm&r=g\",\"caption\":\"Difusion2025\"}}]}<\/script>\n<!-- \/ Yoast SEO plugin. -->","yoast_head_json":{"title":"Bolet\u00edn n\u00ba 65 - Tribunal Electoral de la Ciudad de M\u00e9xico","robots":{"index":"index","follow":"follow","max-snippet":"max-snippet:-1","max-image-preview":"max-image-preview:large","max-video-preview":"max-video-preview:-1"},"canonical":"https:\/\/www.tecdmx.org.mx\/index.php\/comunicados\/2021\/07\/29\/boletin-no-65\/","og_locale":"es_ES","og_type":"article","og_title":"Bolet\u00edn n\u00ba 65 - Tribunal Electoral de la Ciudad de M\u00e9xico","og_description":"Ciudad de M\u00e9xico, a 29 de julio de 2021 Confirma TECDMX constancias de mayor\u00eda en elecci\u00f3n de Alcald\u00edas Gustavo A. Madero, Venustiano Carranza y Tlalpan Confirman, en lo que fueron [&hellip;]","og_url":"https:\/\/www.tecdmx.org.mx\/index.php\/comunicados\/2021\/07\/29\/boletin-no-65\/","og_site_name":"Tribunal Electoral de la Ciudad de M\u00e9xico","article_publisher":"https:\/\/www.facebook.com\/TECDMX\/","article_published_time":"2021-07-30T02:50:44+00:00","article_modified_time":"2021-07-30T02:50:46+00:00","og_image":[{"width":600,"height":366,"url":"https:\/\/www.tecdmx.org.mx\/wp-content\/uploads\/2020\/08\/comunicado_nuevo.jpg","type":"image\/jpeg"}],"author":"Difusion2025","twitter_card":"summary_large_image","twitter_creator":"@tecdmx","twitter_site":"@tecdmx","twitter_misc":{"Escrito por":"Difusion2025","Tiempo de lectura":"4 minutos"},"schema":{"@context":"https:\/\/schema.org","@graph":[{"@type":"WebPage","@id":"https:\/\/www.tecdmx.org.mx\/index.php\/comunicados\/2021\/07\/29\/boletin-no-65\/","url":"https:\/\/www.tecdmx.org.mx\/index.php\/comunicados\/2021\/07\/29\/boletin-no-65\/","name":"Bolet\u00edn n\u00ba 65 - Tribunal Electoral de la Ciudad de M\u00e9xico","isPartOf":{"@id":"https:\/\/www.tecdmx.org.mx\/#website"},"primaryImageOfPage":{"@id":"https:\/\/www.tecdmx.org.mx\/index.php\/comunicados\/2021\/07\/29\/boletin-no-65\/#primaryimage"},"image":{"@id":"https:\/\/www.tecdmx.org.mx\/index.php\/comunicados\/2021\/07\/29\/boletin-no-65\/#primaryimage"},"thumbnailUrl":"https:\/\/www.tecdmx.org.mx\/wp-content\/uploads\/2020\/08\/comunicado_nuevo.jpg","datePublished":"2021-07-30T02:50:44+00:00","dateModified":"2021-07-30T02:50:46+00:00","author":{"@id":"https:\/\/www.tecdmx.org.mx\/#\/schema\/person\/208c898199fb3234203823c5f0cf31d6"},"breadcrumb":{"@id":"https:\/\/www.tecdmx.org.mx\/index.php\/comunicados\/2021\/07\/29\/boletin-no-65\/#breadcrumb"},"inLanguage":"es","potentialAction":[{"@type":"ReadAction","target":["https:\/\/www.tecdmx.org.mx\/index.php\/comunicados\/2021\/07\/29\/boletin-no-65\/"]}]},{"@type":"ImageObject","inLanguage":"es","@id":"https:\/\/www.tecdmx.org.mx\/index.php\/comunicados\/2021\/07\/29\/boletin-no-65\/#primaryimage","url":"https:\/\/www.tecdmx.org.mx\/wp-content\/uploads\/2020\/08\/comunicado_nuevo.jpg","contentUrl":"https:\/\/www.tecdmx.org.mx\/wp-content\/uploads\/2020\/08\/comunicado_nuevo.jpg","width":600,"height":366},{"@type":"BreadcrumbList","@id":"https:\/\/www.tecdmx.org.mx\/index.php\/comunicados\/2021\/07\/29\/boletin-no-65\/#breadcrumb","itemListElement":[{"@type":"ListItem","position":1,"name":"Portada","item":"https:\/\/www.tecdmx.org.mx\/"},{"@type":"ListItem","position":2,"name":"Bolet\u00edn n\u00ba 65"}]},{"@type":"WebSite","@id":"https:\/\/www.tecdmx.org.mx\/#website","url":"https:\/\/www.tecdmx.org.mx\/","name":"Tribunal Electoral de la Ciudad de M\u00e9xico","description":"25 a\u00f1os garantizando justicia en tu elecci\u00f3n","potentialAction":[{"@type":"SearchAction","target":{"@type":"EntryPoint","urlTemplate":"https:\/\/www.tecdmx.org.mx\/?s={search_term_string}"},"query-input":"required name=search_term_string"}],"inLanguage":"es"},{"@type":"Person","@id":"https:\/\/www.tecdmx.org.mx\/#\/schema\/person\/208c898199fb3234203823c5f0cf31d6","name":"Difusion2025","image":{"@type":"ImageObject","inLanguage":"es","@id":"https:\/\/www.tecdmx.org.mx\/#\/schema\/person\/image\/","url":"https:\/\/secure.gravatar.com\/avatar\/6f7a4ba3acb418040e90a2eb99b5df28?s=96&d=mm&r=g","contentUrl":"https:\/\/secure.gravatar.com\/avatar\/6f7a4ba3acb418040e90a2eb99b5df28?s=96&d=mm&r=g","caption":"Difusion2025"}}]}},"_links":{"self":[{"href":"https:\/\/www.tecdmx.org.mx\/index.php\/wp-json\/wp\/v2\/posts\/28398"}],"collection":[{"href":"https:\/\/www.tecdmx.org.mx\/index.php\/wp-json\/wp\/v2\/posts"}],"about":[{"href":"https:\/\/www.tecdmx.org.mx\/index.php\/wp-json\/wp\/v2\/types\/post"}],"author":[{"embeddable":true,"href":"https:\/\/www.tecdmx.org.mx\/index.php\/wp-json\/wp\/v2\/users\/13"}],"replies":[{"embeddable":true,"href":"https:\/\/www.tecdmx.org.mx\/index.php\/wp-json\/wp\/v2\/comments?post=28398"}],"version-history":[{"count":2,"href":"https:\/\/www.tecdmx.org.mx\/index.php\/wp-json\/wp\/v2\/posts\/28398\/revisions"}],"predecessor-version":[{"id":28401,"href":"https:\/\/www.tecdmx.org.mx\/index.php\/wp-json\/wp\/v2\/posts\/28398\/revisions\/28401"}],"wp:featuredmedia":[{"embeddable":true,"href":"https:\/\/www.tecdmx.org.mx\/index.php\/wp-json\/wp\/v2\/media\/21168"}],"wp:attachment":[{"href":"https:\/\/www.tecdmx.org.mx\/index.php\/wp-json\/wp\/v2\/media?parent=28398"}],"wp:term":[{"taxonomy":"category","embeddable":true,"href":"https:\/\/www.tecdmx.org.mx\/index.php\/wp-json\/wp\/v2\/categories?post=28398"},{"taxonomy":"post_tag","embeddable":true,"href":"https:\/\/www.tecdmx.org.mx\/index.php\/wp-json\/wp\/v2\/tags?post=28398"}],"curies":[{"name":"wp","href":"https:\/\/api.w.org\/{rel}","templated":true}]}}