{"id":29134,"date":"2021-08-06T19:44:43","date_gmt":"2021-08-07T00:44:43","guid":{"rendered":"https:\/\/www.tecdmx.org.mx\/?p=29134"},"modified":"2021-08-06T19:44:44","modified_gmt":"2021-08-07T00:44:44","slug":"boletin-no-70","status":"publish","type":"post","link":"https:\/\/www.tecdmx.org.mx\/index.php\/comunicados\/2021\/08\/06\/boletin-no-70\/","title":{"rendered":"Bolet\u00edn N\u00ba 70"},"content":{"rendered":"\n<p class=\"has-text-align-right\">Ciudad de M\u00e9xico, a 6 de agosto de 2021<\/p>\n\n\n\n<p><strong>Confirma TECDMX asignaci\u00f3n de Concejal\u00edas por Representaci\u00f3n Proporcional en las Alcald\u00edas Cuajimalpa y Cuauht\u00e9moc<\/strong><\/p>\n\n\n\n<ul><li>La resoluci\u00f3n se dio en cumplimiento a dos sentencias de la Sala Regional Ciudad de M\u00e9xico del TEPJF.<\/li><li>Determin\u00f3 la existencia de diversas infracciones atribuidas a V\u00edctor Hugo Romo y Alejandra Santa Cruz, personas funcionarias de la Alcald\u00eda Miguel Hidalgo.<\/li><li>Resolvi\u00f3 2 Juicios Electorales, 3 Juicios para la Protecci\u00f3n de los Derechos Pol\u00edtico-Electorales de la Ciudadan\u00eda y 14 Procedimientos Especiales Sancionadores.<\/li><\/ul>\n\n\n\n<p>El Pleno del Tribunal Electoral de la Ciudad de M\u00e9xico (TECDMX) celebr\u00f3 Sesi\u00f3n P\u00fablica de resoluci\u00f3n a distancia por videoconferencia, y en cumplimiento de sentencia de la Sala Regional Ciudad de M\u00e9xico del Tribunal Electoral del Poder Judicial de la Federaci\u00f3n (TEPJF), los Juicios Electorales 183 y 196 de esta anualidad, en los que confirm\u00f3 los acuerdos 17 y 20 emitidos por los Consejos Distritales 20 y 09 del Instituto Electoral de la Ciudad de M\u00e9xico, respectivamente, por los que se determin\u00f3 la asignaci\u00f3n de Concejal\u00edas por el principio de Representaci\u00f3n Proporcional en las Alcald\u00edas Cuajimalpa<a href=\"#_ftn1\">[1]<\/a> y Cuauht\u00e9moc<a href=\"#_ftn2\">[2]<\/a>.<\/p>\n\n\n\n<p>Lo anterior, en virtud de que la autoridad responsable actu\u00f3 correctamente al aplicar el criterio se\u00f1alado en acatamiento a lo previsto en el acuerdo 319 por el cual el Consejo General aprob\u00f3 el \u201cformato de Acuerdo que los Consejos Distritales Cabeceras de Demarcaci\u00f3n utilizar\u00e1n para determinar y asignar las Concejal\u00edas electas por el principio de representaci\u00f3n proporcional que integrar\u00e1n las Alcald\u00edas, en el Proceso Electoral Local Ordinario 2020-2021.\u201d.<\/p>\n\n\n\n<p>Por otra parte, las Magistradas y Magistrados determinaron la existencia del incumplimiento a las reglas de difusi\u00f3n del informe de labores, actos anticipados de campa\u00f1a y promoci\u00f3n personalizada por V\u00edctor Hugo Romo debido a diversas publicaciones, entrega del \u201cKitDeProtecci\u00f3nCovidMH\u201d, colocaci\u00f3n de lonas y pintas de bardas en las que se da a conocer la imagen, nombre y logotipos del entonces alcalde.<\/p>\n\n\n\n<p>Por ende, las Magistraturas determinaron dar vista al Congreso de la Ciudad de M\u00e9xico, en su car\u00e1cter de superior jer\u00e1rquico, a efecto de que imponga la sanci\u00f3n que en derecho corresponda.<a href=\"#_ftn3\">[3]<\/a><\/p>\n\n\n\n<p>Asimismo, se declar\u00f3 la existencia de la infracci\u00f3n correspondiente al incumplimiento a las reglas de difusi\u00f3n y rendici\u00f3n del informe de labores, atribuida a Alejandra Santa Cruz, Coordinadora de Comunicaci\u00f3n Social de la Alcald\u00eda Miguel Hidalgo, ya que omiti\u00f3 retirar en tiempo los elementos propagand\u00edsticos denunciados.<\/p>\n\n\n\n<p>Motivo por el cual, el pleno de este \u00d3rgano Jurisdiccional determin\u00f3 dar vista al \u00d3rgano Interno de Control de dicha Alcald\u00eda para que imponga la sanci\u00f3n que en derecho corresponda.<a href=\"#_ftn4\">[4]<\/a><\/p>\n\n\n\n<p>De igual forma, las Magistraturas determinaron la inexistencia de infracciones a la normativa electoral en contra de diversas personas por las siguientes razones:<\/p>\n\n\n\n<ul><li>Patricia Elena Aceves Pastrana, alcaldesa en Tlalpan, y personas funcionarias p\u00fablicas de dicha Alcald\u00eda, as\u00ed como el partido MORENA, por la presunta ejecuci\u00f3n de actos anticipados de precampa\u00f1a y campa\u00f1a, promoci\u00f3n personalizada, uso indebido de recursos p\u00fablicos, vulneraci\u00f3n a las normas sobre rendici\u00f3n de informes de labores y al inter\u00e9s superior de la ni\u00f1ez, al no advertirse que diversas publicaciones denunciadas tuvieran una incidencia en la elecci\u00f3n.<a href=\"#_ftn5\">[5]<\/a> Sin embargo, se dio vista al superior jer\u00e1rquico de la Alcaldesa, en lo que respecta a la posible vulneraci\u00f3n a los derechos de la ni\u00f1ez.<\/li><li>\u201cEl Universal\u201d, por la probable realizaci\u00f3n de violencia pol\u00edtica en contra de Rigoberto Salgado V\u00e1zquez por la publicaci\u00f3n de dos notas period\u00edsticas en la p\u00e1gina electr\u00f3nica de dicho medio, pues \u00e9stas se dieron en el marco de la libertad de expresi\u00f3n e informaci\u00f3n.<a href=\"#_ftn6\">[6]<\/a><\/li><li>Rub\u00e9n Linares Flores, Director General de Desarrollo Social de la Alcald\u00eda Gustavo A. Madero, por la presunta promoci\u00f3n personalizada, uso de recursos p\u00fablicos y actos anticipados de campa\u00f1a, pues en los mensajes difundidos que motivaron la denuncia no se advierten frases, alusiones o im\u00e1genes que exalten cualidades, atributos o logros personales y\/o gubernamentales, ni su actuar como persona servidora p\u00fablica.<a href=\"#_ftn7\">[7]<\/a><\/li><li>N\u00e9stor N\u00fa\u00f1ez L\u00f3pez, alcalde en Cuauht\u00e9moc, as\u00ed como diversas personas servidoras p\u00fablicas de la citada Alcald\u00eda, por la presunta realizaci\u00f3n de <a>actos anticipados de precampa\u00f1a y campa\u00f1a, promoci\u00f3n personalizada y uso indebido de recursos p\u00fablicos<\/a>, a partir de su supuesta participaci\u00f3n en una entrevista en un medio informativo, una lona y diversas publicaciones en las redes sociales Facebook y Twitter, ya que se trat\u00f3 de un ejercicio period\u00edstico y no se exaltaron cualidades personales.<a href=\"#_ftn8\">[8]<\/a><\/li><li>Jos\u00e9 Luis Rodr\u00edguez D\u00edaz de Le\u00f3n, por la presunta realizaci\u00f3n de actos anticipados de precampa\u00f1a y campa\u00f1a, derivado de la difusi\u00f3n de publicaciones en la red social Facebook, pues se advierte que no tuvieron la intenci\u00f3n de posicionarlo como una opci\u00f3n en este Proceso Electoral.<a href=\"#_ftn9\">[9]<\/a><\/li><li>&nbsp;Jorge Emilio S\u00e1nchez Cordero Grossmann, por la presunta realizaci\u00f3n de actos anticipados de precampa\u00f1a y campa\u00f1a, derivado de la supuesta difusi\u00f3n de volantes en la Demarcaci\u00f3n \u00c1lvaro Obreg\u00f3n con miras a la obtenci\u00f3n de una candidatura por la titularidad de esa Alcald\u00eda, ya que en los materiales no se advierte un llamado al voto.<a href=\"#_ftn10\">[10]<\/a><\/li><li>Alberto Esteva Salinas, alcalde en funciones de \u00c1lvaro Obreg\u00f3n, por la presunta comisi\u00f3n de promoci\u00f3n personalizada, uso indebido de recursos p\u00fablicos y de programas sociales, as\u00ed como el incumplimiento a los principios de neutralidad e imparcialidad que rigen la contienda electoral, ello, por la presunta implementaci\u00f3n de las acciones sociales \u201cApoyo emergente para compra de medicamento por COVID-19\u201d y \u201cTrabajo en beneficio de t\u00fa colonia, apoyo para personas sin empleo a causa de la emergencia sanitaria\u201d, toda vez que no tuvieron implicaci\u00f3n en el Proceso Electoral.<a href=\"#_ftn11\">[11]<\/a><\/li><li>Partido MORENA, derivado de veintiocho pintas de bardas en la Demarcaci\u00f3n Venustiano Carranza, ya que no se advierte referencia alguna al Proceso Electoral, o plataforma electoral, que permita presumir que dicho partido pol\u00edtico estaba solicitando apoyo o bien realizando un llamado al voto en favor del mismo.<a href=\"#_ftn12\">[12]<\/a><\/li><li>Jorge Alvarado Galicia, en su calidad de candidato a la Alcald\u00eda Milpa Alta postulado por el PRI, PAN y PRD, por actos anticipados de campa\u00f1a, y culpa <em>in vigilando <\/em>en contra de los citados partidos pol\u00edticos, derivado de pintas de bardas en las que se aprecia el nombre del probable responsable, toda vez que no se advierte en estas alguna solicitud a la ciudadan\u00eda para que vote a favor o en contra de determinada fuerza pol\u00edtica o candidatura.<a href=\"#_ftn13\">[13]<\/a><\/li><li>V\u00edctor Hugo Romo y Gustavo Garc\u00eda Arias, otrora alcalde y director Jur\u00eddico en Miguel Hidalgo, respectivamente, por la probable realizaci\u00f3n de promoci\u00f3n personalizada, uso indebido de recursos p\u00fablicos, y violaci\u00f3n a las medidas de neutralidad que deben observar las personas servidoras p\u00fablicas, derivado de la colocaci\u00f3n de lonas en calles de Miguel Hidalgo y la publicaci\u00f3n de un video en Twitter, pues no se advierte referencia personal al alcalde o propuestas pol\u00edtico-electorales que lo identifiquen frente a la ciudadan\u00eda, de un modo distinto al que ostenta.<a href=\"#_ftn14\">[14]<\/a><\/li><li>Cinthya Fernanda Acosta S\u00e1nchez, entonces candidata a alcaldesa de Miguel Hidalgo, postulada por el partido Redes Sociales Progresistas, en contra del referido instituto pol\u00edtico y Leticia Hern\u00e1ndez Cruz, por la presunta realizaci\u00f3n de violencia pol\u00edtica de g\u00e9nero y\/o violencia pol\u00edtica contra las mujeres en raz\u00f3n de g\u00e9nero, pues las publicaciones en redes, motivo de controversia, no ten\u00edan como fin descalificar a la otra candidata.<a href=\"#_ftn15\">[15]<\/a><\/li><\/ul>\n\n\n\n<p>Finalmente, el Pleno desech\u00f3 de plano las demandas &nbsp;de los expedientes <strong>TECDMX-JLDC-115 y sus acumulados TECDMX-JLDC-116 y TECDMX-JLDC-117, todos ellos de 2021<\/strong>, al haber quedado sin materia. Pues se advierte que el pasado 16 de julio la autoridad demandada dio respuesta a las partes promoventes de su solicitud.<\/p>\n\n\n\n<p class=\"has-text-align-center\"><strong>o-O-o<\/strong><strong><\/strong><\/p>\n\n\n\n<hr class=\"wp-block-separator\"\/>\n\n\n\n<p><a href=\"#_ftnref1\">[1]<\/a> TECDMX-JEL-183\/2021<\/p>\n\n\n\n<p><a href=\"#_ftnref2\">[2]<\/a> TECDMX-JEL-196\/2021<\/p>\n\n\n\n<p><a href=\"#_ftnref3\">[3]<\/a> TECDMX-PES-055\/2021<\/p>\n\n\n\n<p><a href=\"#_ftnref4\">[4]<\/a> TECDMX-PES-059\/2021<\/p>\n\n\n\n<p><a href=\"#_ftnref5\">[5]<\/a> TECDMX-PES-053\/2021<\/p>\n\n\n\n<p><a href=\"#_ftnref6\">[6]<\/a> TECDMX-PES-054\/2021<\/p>\n\n\n\n<p><a href=\"#_ftnref7\">[7]<\/a> TECDMX-PES-056\/2021<\/p>\n\n\n\n<p><a href=\"#_ftnref8\">[8]<\/a> TECDMX-PES-057\/2021<\/p>\n\n\n\n<p><a href=\"#_ftnref9\">[9]<\/a> TECDMX-PES-058\/2021<\/p>\n\n\n\n<p><a href=\"#_ftnref10\">[10]<\/a> TECDMX-PES-060\/2021<\/p>\n\n\n\n<p><a href=\"#_ftnref11\">[11]<\/a> TECDMX-PES-062\/2021 y su acumulado TECDMX-PES-063\/2021<\/p>\n\n\n\n<p><a href=\"#_ftnref12\">[12]<\/a> TECDMX-PES-064\/2021<\/p>\n\n\n\n<p><a href=\"#_ftnref13\">[13]<\/a> TECDMX-PES-067\/2021<\/p>\n\n\n\n<p><a href=\"#_ftnref14\">[14]<\/a> TECDMX-PES-070\/2021<\/p>\n\n\n\n<p><a href=\"#_ftnref15\">[15]<\/a> TECDMX-PES-108\/2021<\/p>\n","protected":false},"excerpt":{"rendered":"<p>Ciudad de M\u00e9xico, a 6 de agosto de 2021 Confirma TECDMX asignaci\u00f3n de Concejal\u00edas por Representaci\u00f3n Proporcional en las Alcald\u00edas Cuajimalpa y Cuauht\u00e9moc La resoluci\u00f3n se dio en cumplimiento a [&hellip;]<\/p>\n","protected":false},"author":13,"featured_media":21168,"comment_status":"open","ping_status":"open","sticky":false,"template":"","format":"standard","meta":{"_acf_changed":false,"_exactmetrics_skip_tracking":false,"_exactmetrics_sitenote_active":false,"_exactmetrics_sitenote_note":"","_exactmetrics_sitenote_category":0,"footnotes":""},"categories":[32,47],"tags":[],"acf":[],"yoast_head":"<!-- This site is optimized with the Yoast SEO plugin v22.3 - https:\/\/yoast.com\/wordpress\/plugins\/seo\/ -->\n<title>Bolet\u00edn N\u00ba 70 - Tribunal Electoral de la Ciudad de M\u00e9xico<\/title>\n<meta name=\"robots\" content=\"index, follow, max-snippet:-1, max-image-preview:large, max-video-preview:-1\" \/>\n<link rel=\"canonical\" href=\"https:\/\/www.tecdmx.org.mx\/index.php\/comunicados\/2021\/08\/06\/boletin-no-70\/\" \/>\n<meta property=\"og:locale\" content=\"es_ES\" \/>\n<meta property=\"og:type\" content=\"article\" \/>\n<meta property=\"og:title\" content=\"Bolet\u00edn N\u00ba 70 - Tribunal Electoral de la Ciudad de M\u00e9xico\" \/>\n<meta property=\"og:description\" content=\"Ciudad de M\u00e9xico, a 6 de agosto de 2021 Confirma TECDMX asignaci\u00f3n de Concejal\u00edas por Representaci\u00f3n Proporcional en las Alcald\u00edas Cuajimalpa y Cuauht\u00e9moc La resoluci\u00f3n se dio en cumplimiento a [&hellip;]\" \/>\n<meta property=\"og:url\" content=\"https:\/\/www.tecdmx.org.mx\/index.php\/comunicados\/2021\/08\/06\/boletin-no-70\/\" \/>\n<meta property=\"og:site_name\" content=\"Tribunal Electoral de la Ciudad de M\u00e9xico\" \/>\n<meta property=\"article:publisher\" content=\"https:\/\/www.facebook.com\/TECDMX\/\" \/>\n<meta property=\"article:published_time\" content=\"2021-08-07T00:44:43+00:00\" \/>\n<meta property=\"article:modified_time\" content=\"2021-08-07T00:44:44+00:00\" \/>\n<meta property=\"og:image\" content=\"https:\/\/www.tecdmx.org.mx\/wp-content\/uploads\/2020\/08\/comunicado_nuevo.jpg\" \/>\n\t<meta property=\"og:image:width\" content=\"600\" \/>\n\t<meta property=\"og:image:height\" content=\"366\" \/>\n\t<meta property=\"og:image:type\" content=\"image\/jpeg\" \/>\n<meta name=\"author\" content=\"Difusion2025\" \/>\n<meta name=\"twitter:card\" content=\"summary_large_image\" \/>\n<meta name=\"twitter:creator\" content=\"@tecdmx\" \/>\n<meta name=\"twitter:site\" content=\"@tecdmx\" \/>\n<meta name=\"twitter:label1\" content=\"Escrito por\" \/>\n\t<meta name=\"twitter:data1\" content=\"Difusion2025\" \/>\n\t<meta name=\"twitter:label2\" content=\"Tiempo de lectura\" \/>\n\t<meta name=\"twitter:data2\" content=\"7 minutos\" \/>\n<script type=\"application\/ld+json\" class=\"yoast-schema-graph\">{\"@context\":\"https:\/\/schema.org\",\"@graph\":[{\"@type\":\"WebPage\",\"@id\":\"https:\/\/www.tecdmx.org.mx\/index.php\/comunicados\/2021\/08\/06\/boletin-no-70\/\",\"url\":\"https:\/\/www.tecdmx.org.mx\/index.php\/comunicados\/2021\/08\/06\/boletin-no-70\/\",\"name\":\"Bolet\u00edn N\u00ba 70 - Tribunal Electoral de la Ciudad de M\u00e9xico\",\"isPartOf\":{\"@id\":\"https:\/\/www.tecdmx.org.mx\/#website\"},\"primaryImageOfPage\":{\"@id\":\"https:\/\/www.tecdmx.org.mx\/index.php\/comunicados\/2021\/08\/06\/boletin-no-70\/#primaryimage\"},\"image\":{\"@id\":\"https:\/\/www.tecdmx.org.mx\/index.php\/comunicados\/2021\/08\/06\/boletin-no-70\/#primaryimage\"},\"thumbnailUrl\":\"https:\/\/www.tecdmx.org.mx\/wp-content\/uploads\/2020\/08\/comunicado_nuevo.jpg\",\"datePublished\":\"2021-08-07T00:44:43+00:00\",\"dateModified\":\"2021-08-07T00:44:44+00:00\",\"author\":{\"@id\":\"https:\/\/www.tecdmx.org.mx\/#\/schema\/person\/208c898199fb3234203823c5f0cf31d6\"},\"breadcrumb\":{\"@id\":\"https:\/\/www.tecdmx.org.mx\/index.php\/comunicados\/2021\/08\/06\/boletin-no-70\/#breadcrumb\"},\"inLanguage\":\"es\",\"potentialAction\":[{\"@type\":\"ReadAction\",\"target\":[\"https:\/\/www.tecdmx.org.mx\/index.php\/comunicados\/2021\/08\/06\/boletin-no-70\/\"]}]},{\"@type\":\"ImageObject\",\"inLanguage\":\"es\",\"@id\":\"https:\/\/www.tecdmx.org.mx\/index.php\/comunicados\/2021\/08\/06\/boletin-no-70\/#primaryimage\",\"url\":\"https:\/\/www.tecdmx.org.mx\/wp-content\/uploads\/2020\/08\/comunicado_nuevo.jpg\",\"contentUrl\":\"https:\/\/www.tecdmx.org.mx\/wp-content\/uploads\/2020\/08\/comunicado_nuevo.jpg\",\"width\":600,\"height\":366},{\"@type\":\"BreadcrumbList\",\"@id\":\"https:\/\/www.tecdmx.org.mx\/index.php\/comunicados\/2021\/08\/06\/boletin-no-70\/#breadcrumb\",\"itemListElement\":[{\"@type\":\"ListItem\",\"position\":1,\"name\":\"Portada\",\"item\":\"https:\/\/www.tecdmx.org.mx\/\"},{\"@type\":\"ListItem\",\"position\":2,\"name\":\"Bolet\u00edn N\u00ba 70\"}]},{\"@type\":\"WebSite\",\"@id\":\"https:\/\/www.tecdmx.org.mx\/#website\",\"url\":\"https:\/\/www.tecdmx.org.mx\/\",\"name\":\"Tribunal Electoral de la Ciudad de M\u00e9xico\",\"description\":\"25 a\u00f1os garantizando justicia en tu elecci\u00f3n\",\"potentialAction\":[{\"@type\":\"SearchAction\",\"target\":{\"@type\":\"EntryPoint\",\"urlTemplate\":\"https:\/\/www.tecdmx.org.mx\/?s={search_term_string}\"},\"query-input\":\"required name=search_term_string\"}],\"inLanguage\":\"es\"},{\"@type\":\"Person\",\"@id\":\"https:\/\/www.tecdmx.org.mx\/#\/schema\/person\/208c898199fb3234203823c5f0cf31d6\",\"name\":\"Difusion2025\",\"image\":{\"@type\":\"ImageObject\",\"inLanguage\":\"es\",\"@id\":\"https:\/\/www.tecdmx.org.mx\/#\/schema\/person\/image\/\",\"url\":\"https:\/\/secure.gravatar.com\/avatar\/6f7a4ba3acb418040e90a2eb99b5df28?s=96&d=mm&r=g\",\"contentUrl\":\"https:\/\/secure.gravatar.com\/avatar\/6f7a4ba3acb418040e90a2eb99b5df28?s=96&d=mm&r=g\",\"caption\":\"Difusion2025\"}}]}<\/script>\n<!-- \/ Yoast SEO plugin. -->","yoast_head_json":{"title":"Bolet\u00edn N\u00ba 70 - Tribunal Electoral de la Ciudad de M\u00e9xico","robots":{"index":"index","follow":"follow","max-snippet":"max-snippet:-1","max-image-preview":"max-image-preview:large","max-video-preview":"max-video-preview:-1"},"canonical":"https:\/\/www.tecdmx.org.mx\/index.php\/comunicados\/2021\/08\/06\/boletin-no-70\/","og_locale":"es_ES","og_type":"article","og_title":"Bolet\u00edn N\u00ba 70 - Tribunal Electoral de la Ciudad de M\u00e9xico","og_description":"Ciudad de M\u00e9xico, a 6 de agosto de 2021 Confirma TECDMX asignaci\u00f3n de Concejal\u00edas por Representaci\u00f3n Proporcional en las Alcald\u00edas Cuajimalpa y Cuauht\u00e9moc La resoluci\u00f3n se dio en cumplimiento a [&hellip;]","og_url":"https:\/\/www.tecdmx.org.mx\/index.php\/comunicados\/2021\/08\/06\/boletin-no-70\/","og_site_name":"Tribunal Electoral de la Ciudad de M\u00e9xico","article_publisher":"https:\/\/www.facebook.com\/TECDMX\/","article_published_time":"2021-08-07T00:44:43+00:00","article_modified_time":"2021-08-07T00:44:44+00:00","og_image":[{"width":600,"height":366,"url":"https:\/\/www.tecdmx.org.mx\/wp-content\/uploads\/2020\/08\/comunicado_nuevo.jpg","type":"image\/jpeg"}],"author":"Difusion2025","twitter_card":"summary_large_image","twitter_creator":"@tecdmx","twitter_site":"@tecdmx","twitter_misc":{"Escrito por":"Difusion2025","Tiempo de lectura":"7 minutos"},"schema":{"@context":"https:\/\/schema.org","@graph":[{"@type":"WebPage","@id":"https:\/\/www.tecdmx.org.mx\/index.php\/comunicados\/2021\/08\/06\/boletin-no-70\/","url":"https:\/\/www.tecdmx.org.mx\/index.php\/comunicados\/2021\/08\/06\/boletin-no-70\/","name":"Bolet\u00edn N\u00ba 70 - Tribunal Electoral de la Ciudad de M\u00e9xico","isPartOf":{"@id":"https:\/\/www.tecdmx.org.mx\/#website"},"primaryImageOfPage":{"@id":"https:\/\/www.tecdmx.org.mx\/index.php\/comunicados\/2021\/08\/06\/boletin-no-70\/#primaryimage"},"image":{"@id":"https:\/\/www.tecdmx.org.mx\/index.php\/comunicados\/2021\/08\/06\/boletin-no-70\/#primaryimage"},"thumbnailUrl":"https:\/\/www.tecdmx.org.mx\/wp-content\/uploads\/2020\/08\/comunicado_nuevo.jpg","datePublished":"2021-08-07T00:44:43+00:00","dateModified":"2021-08-07T00:44:44+00:00","author":{"@id":"https:\/\/www.tecdmx.org.mx\/#\/schema\/person\/208c898199fb3234203823c5f0cf31d6"},"breadcrumb":{"@id":"https:\/\/www.tecdmx.org.mx\/index.php\/comunicados\/2021\/08\/06\/boletin-no-70\/#breadcrumb"},"inLanguage":"es","potentialAction":[{"@type":"ReadAction","target":["https:\/\/www.tecdmx.org.mx\/index.php\/comunicados\/2021\/08\/06\/boletin-no-70\/"]}]},{"@type":"ImageObject","inLanguage":"es","@id":"https:\/\/www.tecdmx.org.mx\/index.php\/comunicados\/2021\/08\/06\/boletin-no-70\/#primaryimage","url":"https:\/\/www.tecdmx.org.mx\/wp-content\/uploads\/2020\/08\/comunicado_nuevo.jpg","contentUrl":"https:\/\/www.tecdmx.org.mx\/wp-content\/uploads\/2020\/08\/comunicado_nuevo.jpg","width":600,"height":366},{"@type":"BreadcrumbList","@id":"https:\/\/www.tecdmx.org.mx\/index.php\/comunicados\/2021\/08\/06\/boletin-no-70\/#breadcrumb","itemListElement":[{"@type":"ListItem","position":1,"name":"Portada","item":"https:\/\/www.tecdmx.org.mx\/"},{"@type":"ListItem","position":2,"name":"Bolet\u00edn N\u00ba 70"}]},{"@type":"WebSite","@id":"https:\/\/www.tecdmx.org.mx\/#website","url":"https:\/\/www.tecdmx.org.mx\/","name":"Tribunal Electoral de la Ciudad de M\u00e9xico","description":"25 a\u00f1os garantizando justicia en tu elecci\u00f3n","potentialAction":[{"@type":"SearchAction","target":{"@type":"EntryPoint","urlTemplate":"https:\/\/www.tecdmx.org.mx\/?s={search_term_string}"},"query-input":"required name=search_term_string"}],"inLanguage":"es"},{"@type":"Person","@id":"https:\/\/www.tecdmx.org.mx\/#\/schema\/person\/208c898199fb3234203823c5f0cf31d6","name":"Difusion2025","image":{"@type":"ImageObject","inLanguage":"es","@id":"https:\/\/www.tecdmx.org.mx\/#\/schema\/person\/image\/","url":"https:\/\/secure.gravatar.com\/avatar\/6f7a4ba3acb418040e90a2eb99b5df28?s=96&d=mm&r=g","contentUrl":"https:\/\/secure.gravatar.com\/avatar\/6f7a4ba3acb418040e90a2eb99b5df28?s=96&d=mm&r=g","caption":"Difusion2025"}}]}},"_links":{"self":[{"href":"https:\/\/www.tecdmx.org.mx\/index.php\/wp-json\/wp\/v2\/posts\/29134"}],"collection":[{"href":"https:\/\/www.tecdmx.org.mx\/index.php\/wp-json\/wp\/v2\/posts"}],"about":[{"href":"https:\/\/www.tecdmx.org.mx\/index.php\/wp-json\/wp\/v2\/types\/post"}],"author":[{"embeddable":true,"href":"https:\/\/www.tecdmx.org.mx\/index.php\/wp-json\/wp\/v2\/users\/13"}],"replies":[{"embeddable":true,"href":"https:\/\/www.tecdmx.org.mx\/index.php\/wp-json\/wp\/v2\/comments?post=29134"}],"version-history":[{"count":2,"href":"https:\/\/www.tecdmx.org.mx\/index.php\/wp-json\/wp\/v2\/posts\/29134\/revisions"}],"predecessor-version":[{"id":29137,"href":"https:\/\/www.tecdmx.org.mx\/index.php\/wp-json\/wp\/v2\/posts\/29134\/revisions\/29137"}],"wp:featuredmedia":[{"embeddable":true,"href":"https:\/\/www.tecdmx.org.mx\/index.php\/wp-json\/wp\/v2\/media\/21168"}],"wp:attachment":[{"href":"https:\/\/www.tecdmx.org.mx\/index.php\/wp-json\/wp\/v2\/media?parent=29134"}],"wp:term":[{"taxonomy":"category","embeddable":true,"href":"https:\/\/www.tecdmx.org.mx\/index.php\/wp-json\/wp\/v2\/categories?post=29134"},{"taxonomy":"post_tag","embeddable":true,"href":"https:\/\/www.tecdmx.org.mx\/index.php\/wp-json\/wp\/v2\/tags?post=29134"}],"curies":[{"name":"wp","href":"https:\/\/api.w.org\/{rel}","templated":true}]}}