{"id":29321,"date":"2021-08-12T17:56:12","date_gmt":"2021-08-12T22:56:12","guid":{"rendered":"https:\/\/www.tecdmx.org.mx\/?p=29321"},"modified":"2021-08-12T17:56:14","modified_gmt":"2021-08-12T22:56:14","slug":"boletin-n-72__trashed","status":"publish","type":"post","link":"https:\/\/www.tecdmx.org.mx\/index.php\/comunicados\/2021\/08\/12\/boletin-n-72__trashed\/","title":{"rendered":"Bolet\u00edn N\u00b0 72"},"content":{"rendered":"\n<p class=\"has-text-align-right\">Ciudad de M\u00e9xico, a 12 de agosto de 2021<\/p>\n\n\n\n<p><strong>Determina TECDMX existencia de promoci\u00f3n personalizada atribuida a Mauricio Tabe Echartea por encuesta<\/strong><\/p>\n\n\n\n<ul><li>Orden\u00f3 dar vista al Congreso capitalino para que imponga la sanci\u00f3n que en derecho corresponda<\/li><li>Se resolvieron 9 Juicios Electorales y 1 Procedimiento Especial Sancionador.<\/li><\/ul>\n\n\n\n<p>En cumplimiento a la sentencia emitida por la Sala Regional Ciudad de M\u00e9xico del Tribunal Electoral del Poder Judicial de la Federaci\u00f3n, el Pleno del Tribunal Electoral de la Ciudad de M\u00e9xico (TECDMX) celebr\u00f3 Sesi\u00f3n P\u00fablica en la que determin\u00f3 la existencia de promoci\u00f3n personalizada atribuida a Mauricio Tabe Echartea por la publicaci\u00f3n y difusi\u00f3n de una encuesta en internet, ya que las preguntas formuladas hicieron referencia a sus cualidades personales y su labor como legislador, de cara a diversas problem\u00e1ticas de la demarcaci\u00f3n Miguel Hidalgo, motivo por el cual se orden\u00f3 dar vista al Congreso de la Ciudad de M\u00e9xico, en su calidad de superior jer\u00e1rquico del otrora legislador, para que imponga la sanci\u00f3n que en derecho corresponda.<\/p>\n\n\n\n<p>Asimismo, se consider\u00f3 como inexistente el uso indebido de recursos p\u00fablicos ya que el \u00e1rea financiera del Legislativo inform\u00f3 que no se asign\u00f3 recurso alguno para el dise\u00f1o, difusi\u00f3n, sistematizaci\u00f3n o resguardo de la encuesta controvertida. <a href=\"#_ftn1\">[1]<\/a><\/p>\n\n\n\n<p>En otro orden de ideas, el Pleno revoc\u00f3, en lo que fue materia de controversia, el Acuerdo dictado por la Direcci\u00f3n Distrital 02 del Instituto Electoral de la Ciudad de M\u00e9xico (IECM) en el Procedimiento para la determinaci\u00f3n de responsabilidades de las personas integrantes de las Comisiones de Participaci\u00f3n Comunitaria 01 de este a\u00f1o y orden\u00f3 que dicha autoridad emita uno nuevo en el que acuerde dar vista a la Secretar\u00eda Ejecutiva con el escrito presentado por la parte actora.<\/p>\n\n\n\n<p>Ello, pues si como lo sostiene la Direcci\u00f3n Distrital, las conductas denunciadas son materia de un Procedimiento de responsabilidades cuya resoluci\u00f3n corresponde a su competencia; lo cierto es que, las mismas tambi\u00e9n podr\u00edan, eventualmente, dar lugar al inicio de un procedimiento especial sancionador. <a href=\"#_ftn2\">[2]<\/a><\/p>\n\n\n\n<p>Por otra parte, las Magistradas y Magistrados confirmaron el Acuerdo de&nbsp; la Comisi\u00f3n Permanente de Asociaciones Pol\u00edticas del IECM, en el expediente 125 de 2021, por el que decret\u00f3 el no inicio del Procedimiento Administrativo Sancionador Electoral en contra de Alejandro Cunille \u201dEl Capi\u201d, en su car\u00e1cter de entonces precandidato del partido MORENA a la Alcald\u00eda Coyoac\u00e1n. Lo anterior, ya que la autoridad responsable realiz\u00f3 las diligencias necesarias para allegarse de toda la informaci\u00f3n necesaria para probar la comisi\u00f3n o no de las conductas denunciadas.<a href=\"#_ftn3\">[3]<\/a><\/p>\n\n\n\n<p>Asimismo, las Magistraturas revocaron el Acuerdo de desechamiento por extemporaneidad emitido por la Direcci\u00f3n Distrital 12 respecto del aviso que se hace mediante correo electr\u00f3nico sobre la convocatoria para realizar sesi\u00f3n extraordinaria el d\u00eda tres de junio, ya que la parte actora tuvo conocimiento y cont\u00f3 con los elementos suficientes para establecer si el acto le deparaba o no perjuicio hasta el 7 de junio, por lo que su escrito de queja se present\u00f3 en tiempo ante la autoridad responsable.&nbsp; <a href=\"#_ftn4\">[4]<\/a><\/p>\n\n\n\n<p>De igual forma, declar\u00f3 existente la omisi\u00f3n de la Secretar\u00eda Ejecutiva del IECM de proveer sobre el Procedimiento Especial Sancionador, respecto de cuatro quejas promovidas en contra de Jos\u00e9 Carlos Acosta Ruiz, Alcalde con licencia en Xochimilco y candidato a dicho cargo por reelecci\u00f3n, por la realizaci\u00f3n de actos presuntamente contrarios a la normativa electoral, por lo que orden\u00f3 emitir y poner a consideraci\u00f3n de la Comisi\u00f3n Permanente de Asociaciones Pol\u00edticas el acuerdo en el que se provea sobre el inicio o no del Procedimiento Especial Sancionador, ello en un plazo de tres d\u00edas naturales contados a partir de que surta efectos la notificaci\u00f3n de la Sentencia.<a href=\"#_ftn5\">[5]<\/a><\/p>\n\n\n\n<p>Finalmente, las Magistradas y Magistrados determinaron el desechamiento de plano de demandas en los juicios <strong>TECDMX-JEL-228\/2021, TECDMX-JEL-229\/2021, TECDMX-JEL-230\/2021, TECDMX-JEL-231\/2021 y TECDMX-JEL-232\/2021<\/strong> donde se controvert\u00edan los recuentos parciales llevados en diversas casillas de los Distritos Electorales 19 y 25 en la elecci\u00f3n de la persona titular de la Alcald\u00eda Xochimilco, toda vez que la pretensi\u00f3n de las partes actoras resulta inviable pues este \u00d3rgano Jurisdiccional ya emiti\u00f3 sentencia respecto a dicha elecci\u00f3n.<\/p>\n\n\n\n<p class=\"has-text-align-center\"><strong>o-O-o<\/strong><\/p>\n\n\n\n<hr class=\"wp-block-separator\"\/>\n\n\n\n<p><a href=\"#_ftnref1\">[1]<\/a> TECDMX-PES-027\/2021<\/p>\n\n\n\n<p><a href=\"#_ftnref2\">[2]<\/a> TECDMX-JEL-218\/2021<\/p>\n\n\n\n<p><a href=\"#_ftnref3\">[3]<\/a> TECDMX-JEL-221\/2021<\/p>\n\n\n\n<p><a href=\"#_ftnref4\">[4]<\/a> TECDMX-JEL-214\/2021<\/p>\n\n\n\n<p><a href=\"#_ftnref5\">[5]<\/a> TECDMX-JEL-226\/2021<\/p>\n","protected":false},"excerpt":{"rendered":"<p>Ciudad de M\u00e9xico, a 12 de agosto de 2021 Determina TECDMX existencia de promoci\u00f3n personalizada atribuida a Mauricio Tabe Echartea por encuesta Orden\u00f3 dar vista al Congreso capitalino para que [&hellip;]<\/p>\n","protected":false},"author":13,"featured_media":21168,"comment_status":"open","ping_status":"open","sticky":false,"template":"","format":"standard","meta":{"_acf_changed":false,"_exactmetrics_skip_tracking":false,"_exactmetrics_sitenote_active":false,"_exactmetrics_sitenote_note":"","_exactmetrics_sitenote_category":0,"footnotes":""},"categories":[32,47],"tags":[],"acf":[],"yoast_head":"<!-- This site is optimized with the Yoast SEO plugin v22.3 - https:\/\/yoast.com\/wordpress\/plugins\/seo\/ -->\n<title>Bolet\u00edn N\u00b0 72 - Tribunal Electoral de la Ciudad de M\u00e9xico<\/title>\n<meta name=\"robots\" content=\"index, follow, max-snippet:-1, max-image-preview:large, max-video-preview:-1\" \/>\n<link rel=\"canonical\" href=\"https:\/\/www.tecdmx.org.mx\/index.php\/comunicados\/2021\/08\/12\/boletin-n-72\/\" \/>\n<meta property=\"og:locale\" content=\"es_ES\" \/>\n<meta property=\"og:type\" content=\"article\" \/>\n<meta property=\"og:title\" content=\"Bolet\u00edn N\u00b0 72 - Tribunal Electoral de la Ciudad de M\u00e9xico\" \/>\n<meta property=\"og:description\" content=\"Ciudad de M\u00e9xico, a 12 de agosto de 2021 Determina TECDMX existencia de promoci\u00f3n personalizada atribuida a Mauricio Tabe Echartea por encuesta Orden\u00f3 dar vista al Congreso capitalino para que [&hellip;]\" \/>\n<meta property=\"og:url\" content=\"https:\/\/www.tecdmx.org.mx\/index.php\/comunicados\/2021\/08\/12\/boletin-n-72\/\" \/>\n<meta property=\"og:site_name\" content=\"Tribunal Electoral de la Ciudad de M\u00e9xico\" \/>\n<meta property=\"article:publisher\" content=\"https:\/\/www.facebook.com\/TECDMX\/\" \/>\n<meta property=\"article:published_time\" content=\"2021-08-12T22:56:12+00:00\" \/>\n<meta property=\"article:modified_time\" content=\"2021-08-12T22:56:14+00:00\" \/>\n<meta property=\"og:image\" content=\"https:\/\/www.tecdmx.org.mx\/wp-content\/uploads\/2020\/08\/comunicado_nuevo.jpg\" \/>\n\t<meta property=\"og:image:width\" content=\"600\" \/>\n\t<meta property=\"og:image:height\" content=\"366\" \/>\n\t<meta property=\"og:image:type\" content=\"image\/jpeg\" \/>\n<meta name=\"author\" content=\"Difusion2025\" \/>\n<meta name=\"twitter:card\" content=\"summary_large_image\" \/>\n<meta name=\"twitter:creator\" content=\"@tecdmx\" \/>\n<meta name=\"twitter:site\" content=\"@tecdmx\" \/>\n<meta name=\"twitter:label1\" content=\"Escrito por\" \/>\n\t<meta name=\"twitter:data1\" content=\"Difusion2025\" \/>\n\t<meta name=\"twitter:label2\" content=\"Tiempo de lectura\" \/>\n\t<meta name=\"twitter:data2\" content=\"4 minutos\" \/>\n<script type=\"application\/ld+json\" class=\"yoast-schema-graph\">{\"@context\":\"https:\/\/schema.org\",\"@graph\":[{\"@type\":\"WebPage\",\"@id\":\"https:\/\/www.tecdmx.org.mx\/index.php\/comunicados\/2021\/08\/12\/boletin-n-72\/\",\"url\":\"https:\/\/www.tecdmx.org.mx\/index.php\/comunicados\/2021\/08\/12\/boletin-n-72\/\",\"name\":\"Bolet\u00edn N\u00b0 72 - Tribunal Electoral de la Ciudad de M\u00e9xico\",\"isPartOf\":{\"@id\":\"https:\/\/www.tecdmx.org.mx\/#website\"},\"primaryImageOfPage\":{\"@id\":\"https:\/\/www.tecdmx.org.mx\/index.php\/comunicados\/2021\/08\/12\/boletin-n-72\/#primaryimage\"},\"image\":{\"@id\":\"https:\/\/www.tecdmx.org.mx\/index.php\/comunicados\/2021\/08\/12\/boletin-n-72\/#primaryimage\"},\"thumbnailUrl\":\"https:\/\/www.tecdmx.org.mx\/wp-content\/uploads\/2020\/08\/comunicado_nuevo.jpg\",\"datePublished\":\"2021-08-12T22:56:12+00:00\",\"dateModified\":\"2021-08-12T22:56:14+00:00\",\"author\":{\"@id\":\"https:\/\/www.tecdmx.org.mx\/#\/schema\/person\/208c898199fb3234203823c5f0cf31d6\"},\"breadcrumb\":{\"@id\":\"https:\/\/www.tecdmx.org.mx\/index.php\/comunicados\/2021\/08\/12\/boletin-n-72\/#breadcrumb\"},\"inLanguage\":\"es\",\"potentialAction\":[{\"@type\":\"ReadAction\",\"target\":[\"https:\/\/www.tecdmx.org.mx\/index.php\/comunicados\/2021\/08\/12\/boletin-n-72\/\"]}]},{\"@type\":\"ImageObject\",\"inLanguage\":\"es\",\"@id\":\"https:\/\/www.tecdmx.org.mx\/index.php\/comunicados\/2021\/08\/12\/boletin-n-72\/#primaryimage\",\"url\":\"https:\/\/www.tecdmx.org.mx\/wp-content\/uploads\/2020\/08\/comunicado_nuevo.jpg\",\"contentUrl\":\"https:\/\/www.tecdmx.org.mx\/wp-content\/uploads\/2020\/08\/comunicado_nuevo.jpg\",\"width\":600,\"height\":366},{\"@type\":\"BreadcrumbList\",\"@id\":\"https:\/\/www.tecdmx.org.mx\/index.php\/comunicados\/2021\/08\/12\/boletin-n-72\/#breadcrumb\",\"itemListElement\":[{\"@type\":\"ListItem\",\"position\":1,\"name\":\"Portada\",\"item\":\"https:\/\/www.tecdmx.org.mx\/\"},{\"@type\":\"ListItem\",\"position\":2,\"name\":\"Bolet\u00edn N\u00b0 72\"}]},{\"@type\":\"WebSite\",\"@id\":\"https:\/\/www.tecdmx.org.mx\/#website\",\"url\":\"https:\/\/www.tecdmx.org.mx\/\",\"name\":\"Tribunal Electoral de la Ciudad de M\u00e9xico\",\"description\":\"25 a\u00f1os garantizando justicia en tu elecci\u00f3n\",\"potentialAction\":[{\"@type\":\"SearchAction\",\"target\":{\"@type\":\"EntryPoint\",\"urlTemplate\":\"https:\/\/www.tecdmx.org.mx\/?s={search_term_string}\"},\"query-input\":\"required name=search_term_string\"}],\"inLanguage\":\"es\"},{\"@type\":\"Person\",\"@id\":\"https:\/\/www.tecdmx.org.mx\/#\/schema\/person\/208c898199fb3234203823c5f0cf31d6\",\"name\":\"Difusion2025\",\"image\":{\"@type\":\"ImageObject\",\"inLanguage\":\"es\",\"@id\":\"https:\/\/www.tecdmx.org.mx\/#\/schema\/person\/image\/\",\"url\":\"https:\/\/secure.gravatar.com\/avatar\/6f7a4ba3acb418040e90a2eb99b5df28?s=96&d=mm&r=g\",\"contentUrl\":\"https:\/\/secure.gravatar.com\/avatar\/6f7a4ba3acb418040e90a2eb99b5df28?s=96&d=mm&r=g\",\"caption\":\"Difusion2025\"}}]}<\/script>\n<!-- \/ Yoast SEO plugin. -->","yoast_head_json":{"title":"Bolet\u00edn N\u00b0 72 - Tribunal Electoral de la Ciudad de M\u00e9xico","robots":{"index":"index","follow":"follow","max-snippet":"max-snippet:-1","max-image-preview":"max-image-preview:large","max-video-preview":"max-video-preview:-1"},"canonical":"https:\/\/www.tecdmx.org.mx\/index.php\/comunicados\/2021\/08\/12\/boletin-n-72\/","og_locale":"es_ES","og_type":"article","og_title":"Bolet\u00edn N\u00b0 72 - Tribunal Electoral de la Ciudad de M\u00e9xico","og_description":"Ciudad de M\u00e9xico, a 12 de agosto de 2021 Determina TECDMX existencia de promoci\u00f3n personalizada atribuida a Mauricio Tabe Echartea por encuesta Orden\u00f3 dar vista al Congreso capitalino para que [&hellip;]","og_url":"https:\/\/www.tecdmx.org.mx\/index.php\/comunicados\/2021\/08\/12\/boletin-n-72\/","og_site_name":"Tribunal Electoral de la Ciudad de M\u00e9xico","article_publisher":"https:\/\/www.facebook.com\/TECDMX\/","article_published_time":"2021-08-12T22:56:12+00:00","article_modified_time":"2021-08-12T22:56:14+00:00","og_image":[{"width":600,"height":366,"url":"https:\/\/www.tecdmx.org.mx\/wp-content\/uploads\/2020\/08\/comunicado_nuevo.jpg","type":"image\/jpeg"}],"author":"Difusion2025","twitter_card":"summary_large_image","twitter_creator":"@tecdmx","twitter_site":"@tecdmx","twitter_misc":{"Escrito por":"Difusion2025","Tiempo de lectura":"4 minutos"},"schema":{"@context":"https:\/\/schema.org","@graph":[{"@type":"WebPage","@id":"https:\/\/www.tecdmx.org.mx\/index.php\/comunicados\/2021\/08\/12\/boletin-n-72\/","url":"https:\/\/www.tecdmx.org.mx\/index.php\/comunicados\/2021\/08\/12\/boletin-n-72\/","name":"Bolet\u00edn N\u00b0 72 - Tribunal Electoral de la Ciudad de M\u00e9xico","isPartOf":{"@id":"https:\/\/www.tecdmx.org.mx\/#website"},"primaryImageOfPage":{"@id":"https:\/\/www.tecdmx.org.mx\/index.php\/comunicados\/2021\/08\/12\/boletin-n-72\/#primaryimage"},"image":{"@id":"https:\/\/www.tecdmx.org.mx\/index.php\/comunicados\/2021\/08\/12\/boletin-n-72\/#primaryimage"},"thumbnailUrl":"https:\/\/www.tecdmx.org.mx\/wp-content\/uploads\/2020\/08\/comunicado_nuevo.jpg","datePublished":"2021-08-12T22:56:12+00:00","dateModified":"2021-08-12T22:56:14+00:00","author":{"@id":"https:\/\/www.tecdmx.org.mx\/#\/schema\/person\/208c898199fb3234203823c5f0cf31d6"},"breadcrumb":{"@id":"https:\/\/www.tecdmx.org.mx\/index.php\/comunicados\/2021\/08\/12\/boletin-n-72\/#breadcrumb"},"inLanguage":"es","potentialAction":[{"@type":"ReadAction","target":["https:\/\/www.tecdmx.org.mx\/index.php\/comunicados\/2021\/08\/12\/boletin-n-72\/"]}]},{"@type":"ImageObject","inLanguage":"es","@id":"https:\/\/www.tecdmx.org.mx\/index.php\/comunicados\/2021\/08\/12\/boletin-n-72\/#primaryimage","url":"https:\/\/www.tecdmx.org.mx\/wp-content\/uploads\/2020\/08\/comunicado_nuevo.jpg","contentUrl":"https:\/\/www.tecdmx.org.mx\/wp-content\/uploads\/2020\/08\/comunicado_nuevo.jpg","width":600,"height":366},{"@type":"BreadcrumbList","@id":"https:\/\/www.tecdmx.org.mx\/index.php\/comunicados\/2021\/08\/12\/boletin-n-72\/#breadcrumb","itemListElement":[{"@type":"ListItem","position":1,"name":"Portada","item":"https:\/\/www.tecdmx.org.mx\/"},{"@type":"ListItem","position":2,"name":"Bolet\u00edn N\u00b0 72"}]},{"@type":"WebSite","@id":"https:\/\/www.tecdmx.org.mx\/#website","url":"https:\/\/www.tecdmx.org.mx\/","name":"Tribunal Electoral de la Ciudad de M\u00e9xico","description":"25 a\u00f1os garantizando justicia en tu elecci\u00f3n","potentialAction":[{"@type":"SearchAction","target":{"@type":"EntryPoint","urlTemplate":"https:\/\/www.tecdmx.org.mx\/?s={search_term_string}"},"query-input":"required name=search_term_string"}],"inLanguage":"es"},{"@type":"Person","@id":"https:\/\/www.tecdmx.org.mx\/#\/schema\/person\/208c898199fb3234203823c5f0cf31d6","name":"Difusion2025","image":{"@type":"ImageObject","inLanguage":"es","@id":"https:\/\/www.tecdmx.org.mx\/#\/schema\/person\/image\/","url":"https:\/\/secure.gravatar.com\/avatar\/6f7a4ba3acb418040e90a2eb99b5df28?s=96&d=mm&r=g","contentUrl":"https:\/\/secure.gravatar.com\/avatar\/6f7a4ba3acb418040e90a2eb99b5df28?s=96&d=mm&r=g","caption":"Difusion2025"}}]}},"_links":{"self":[{"href":"https:\/\/www.tecdmx.org.mx\/index.php\/wp-json\/wp\/v2\/posts\/29321"}],"collection":[{"href":"https:\/\/www.tecdmx.org.mx\/index.php\/wp-json\/wp\/v2\/posts"}],"about":[{"href":"https:\/\/www.tecdmx.org.mx\/index.php\/wp-json\/wp\/v2\/types\/post"}],"author":[{"embeddable":true,"href":"https:\/\/www.tecdmx.org.mx\/index.php\/wp-json\/wp\/v2\/users\/13"}],"replies":[{"embeddable":true,"href":"https:\/\/www.tecdmx.org.mx\/index.php\/wp-json\/wp\/v2\/comments?post=29321"}],"version-history":[{"count":2,"href":"https:\/\/www.tecdmx.org.mx\/index.php\/wp-json\/wp\/v2\/posts\/29321\/revisions"}],"predecessor-version":[{"id":29324,"href":"https:\/\/www.tecdmx.org.mx\/index.php\/wp-json\/wp\/v2\/posts\/29321\/revisions\/29324"}],"wp:featuredmedia":[{"embeddable":true,"href":"https:\/\/www.tecdmx.org.mx\/index.php\/wp-json\/wp\/v2\/media\/21168"}],"wp:attachment":[{"href":"https:\/\/www.tecdmx.org.mx\/index.php\/wp-json\/wp\/v2\/media?parent=29321"}],"wp:term":[{"taxonomy":"category","embeddable":true,"href":"https:\/\/www.tecdmx.org.mx\/index.php\/wp-json\/wp\/v2\/categories?post=29321"},{"taxonomy":"post_tag","embeddable":true,"href":"https:\/\/www.tecdmx.org.mx\/index.php\/wp-json\/wp\/v2\/tags?post=29321"}],"curies":[{"name":"wp","href":"https:\/\/api.w.org\/{rel}","templated":true}]}}