{"id":29720,"date":"2021-08-27T19:38:54","date_gmt":"2021-08-28T00:38:54","guid":{"rendered":"https:\/\/www.tecdmx.org.mx\/?p=29720"},"modified":"2021-08-27T19:39:31","modified_gmt":"2021-08-28T00:39:31","slug":"boletin-n-75__trashed","status":"publish","type":"post","link":"https:\/\/www.tecdmx.org.mx\/index.php\/comunicados\/2021\/08\/27\/boletin-n-75__trashed\/","title":{"rendered":"Bolet\u00edn N\u00b0 75"},"content":{"rendered":"\n<p class=\"has-text-align-right\">Ciudad de M\u00e9xico, a 27 de agosto de 2021<\/p>\n\n\n\n<p><strong>Confirma TECDMX Acuerdo de asignaci\u00f3n de Concejal\u00edas por representaci\u00f3n proporcional en Coyoac\u00e1n<\/strong><\/p>\n\n\n\n<ul><li>El Pleno del TECDMX confirma en sesi\u00f3n p\u00fablica el Acuerdo que asigna las Concejal\u00edas por el principio de RP en el Distrito local 26 de la Ciudad de M\u00e9xico.&nbsp;<\/li><li>Entre otras resoluciones, se amonest\u00f3 a Mauricio Tabe Echartea y al Partido Acci\u00f3n Nacional por la indebida colocaci\u00f3n de propaganda en un mercado p\u00fablico.<\/li><\/ul>\n\n\n\n<p>En sesi\u00f3n p\u00fablica de resoluci\u00f3n a distancia por videoconferencia, las Magistradas y Magistrados del Tribunal Electoral de la Ciudad de M\u00e9xico (TECDMX) confirmaron el Acuerdo del Consejo Distrital 26 por el que se realiz\u00f3 la asignaci\u00f3n de Concejal\u00edas por el principio de representaci\u00f3n proporcional que integrar\u00e1n la Alcald\u00eda Coyoac\u00e1n.<a href=\"#_ftn1\">[1]<\/a><\/p>\n\n\n\n<p>Lo anterior, ya que la normativa y lineamientos aplicables en dicha asignaci\u00f3n refiere que la votaci\u00f3n ajustada por Alcald\u00eda corresponder\u00eda a la que resultara de deducir de la votaci\u00f3n total emitida, los votos a favor de la planilla ganadora, ya sea por partido pol\u00edtico, coalici\u00f3n, candidatura com\u00fan o candidatura sin partido, los votos a favor de candidatos no registrados y, los votos nulos, situaci\u00f3n que cumpli\u00f3 la autoridad responsable.<\/p>\n\n\n\n<p>Por otra parte, el Pleno determin\u00f3 revocar parcialmente, la respuesta dada a la petici\u00f3n de la parte actora presentada por correo electr\u00f3nico, en la que la Direcci\u00f3n Distrital 25 del Instituto Electoral de la Ciudad de M\u00e9xico neg\u00f3 proporcionarle los nombres, n\u00fameros de tel\u00e9fonos y correos electr\u00f3nicos del resto de las personas integrantes de los Comit\u00e9s de Ejecuci\u00f3n de los proyectos ganadores del presupuesto participativo 2020 y 2021, con el objeto de entablar comunicaci\u00f3n para cumplir con su funci\u00f3n, y en su defecto, se formar\u00e1 un grupo de WhatsApp para ese fin.<a href=\"#_ftn2\">[2]<\/a><\/p>\n\n\n\n<p>Ello pues, el Instituto pas\u00f3 por alto que su verdadera intenci\u00f3n era establecer comunicaci\u00f3n con los dem\u00e1s integrantes de los Comit\u00e9s de Ejecuci\u00f3n, por tanto, se orden\u00f3 que la autoridad responsable d\u00e9 una contestaci\u00f3n completa e integral a su petici\u00f3n, en funci\u00f3n de su pretensi\u00f3n, delimitada en la propuesta, y acorde con el par\u00e1metro de congruencia.<\/p>\n\n\n\n<p>En otro orden de ideas, las Magistradas y Magistrados integrantes del Pleno resolvieron 7 Procedimientos Especiales Sancionadores de la siguiente manera:<\/p>\n\n\n\n<figure class=\"wp-block-table\"><table><tbody><tr><td><strong>Expediente<\/strong><\/td><td><strong>Hechos denunciados<\/strong><\/td><td><strong>Determinaci\u00f3n del TECDMX<\/strong><\/td><\/tr><tr><td><strong>TECDMX-PES-090\/2021<\/strong><strong><\/strong><\/td><td>Uso indebido de recursos p\u00fablicos y la transgresi\u00f3n a los principios de imparcialidad y neutralidad, atribuidos a Eduardo Santill\u00e1n P\u00e9rez, los partidos Morena, del Trabajo y Verde Ecologista de M\u00e9xico que lo postularon, y Alberto Esteva Salinas, derivado del supuesto uso de las instalaciones de la Alcald\u00eda \u00c1lvaro Obreg\u00f3n para realizar actividades en beneficio de la campa\u00f1a electoral de Eduardo Santill\u00e1n.<\/td><td>Sobreseimiento respecto de los hechos atribuidos a Eduardo Santill\u00e1n y los partidos pol\u00edticos que lo postularon, ya que resulta necesario que quienes sean denunciados por la comisi\u00f3n de las infracciones analizadas, tengan la naturaleza de personas servidoras p\u00fablicas, lo que en la especie no acontece. &nbsp; Inexistencia de las infracciones denunciadas respecto a Alberto Esteva Salinas.<\/td><\/tr><tr><td><strong>TECDMX-PES-091\/2021<\/strong><strong><\/strong><\/td><td>Actos anticipados de campa\u00f1a iniciados en contra de Sergio Flores R\u00edos y el Partido Movimiento Ciudadano.<\/td><td>Inexistencia de la infracci\u00f3n denunciada.<\/td><\/tr><tr><td><strong>TECDMX-PES-094\/2021<\/strong><strong><\/strong><\/td><td>Iniciado de oficio por el Instituto Electoral de la Ciudad de M\u00e9xico en contra de <a>Pedro Pablo de Antu\u00f1ano, Comisionado Nacional en la Ciudad de M\u00e9xico del Partido Redes Sociales Progresistas, y de dicho instituto pol\u00edtico<\/a>, derivado de la publicaci\u00f3n de notas period\u00edsticas donde se dio cuenta de la creaci\u00f3n de un grupo de autodefensa electoral cuya funci\u00f3n era inhibir y en su caso interrumpir la compra de voto, entrega de despensas y d\u00e1divas durante los \u00faltimos d\u00edas de elecci\u00f3n.<\/td><td>Inexistencia de la infracci\u00f3n denunciada, debido a que no existe ning\u00fan elemento que permita acreditar que dichas acciones se llevaron a cabo en alg\u00fan momento del Proceso Electoral, en particular en el desarrollo de la jornada electiva.<\/td><\/tr><tr><td><strong>TECDMX-PES-095\/2021<\/strong><strong><\/strong><\/td><td>Actos anticipados de campa\u00f1a y promoci\u00f3n personalizada atribuidos a Francisco Chigu\u00edl.<\/td><td>Inexistencia de las infracciones denunciadas.<\/td><\/tr><tr><td><strong>TECDMX-PES-096\/2021<\/strong><strong><\/strong><\/td><td>Actos anticipados de campa\u00f1a, promoci\u00f3n personalizada, uso indebido de recursos p\u00fablicos y vulneraci\u00f3n a las medidas de neutralidad atribuidas a Gabriela Osorio Hern\u00e1ndez, derivado de once publicaciones en Facebook en las que presuntamente se advierte su nombre e imagen con fines electorales.<\/td><td>Inexistencia de las infracciones denunciadas.<\/td><\/tr><tr><td><strong>TECDMX-PES-097\/2021<\/strong><strong><\/strong><\/td><td>La presunta entrega de despensas a la ciudadan\u00eda en un recorrido de campa\u00f1a, con la finalidad de coaccionar el sufragio en favor del candidato aludido, atribuidas a Mauricio Tabe Echartea y una persona integrante de la Comisi\u00f3n de Participaci\u00f3n Comunitaria de la unidad territorial Molino del Rey en la Demarcaci\u00f3n Miguel Hidalgo. &nbsp;<\/td><td>Inexistencia de las hechos denunciados, toda vez que, aunque se tienen pruebas de que se realiz\u00f3 el recorrido, no se tienen respecto a la entrega de ninguna despensa.<\/td><\/tr><tr><td><strong>TECDMX-PES-099\/2021<\/strong><strong><\/strong><\/td><td>La presunta transgresi\u00f3n a las normas para la confecci\u00f3n y colocaci\u00f3n de propaganda electoral, a partir de la exhibici\u00f3n de carteles colocados en bardas de un mercado p\u00fablico de la demarcaci\u00f3n territorial Miguel Hidalgo, atribuidas a Mauricio Tabe Echartea y al Partido Acci\u00f3n Nacional.<\/td><td>Inexistencia de la indebida confecci\u00f3n de propaganda electoral. &nbsp; Existencia de la indebida colocaci\u00f3n de propaganda electoral, pues est\u00e1 prohibida dicha acci\u00f3n en bardas de un&nbsp; mercado p\u00fablico &nbsp; Por ende, se sancion\u00f3 a Mauricio Tabe Echartea y al Partido Acci\u00f3n Nacional con una amonestaci\u00f3n.<\/td><\/tr><\/tbody><\/table><\/figure>\n\n\n\n<p><strong>o-O-o<\/strong><\/p>\n\n\n\n<hr class=\"wp-block-separator\"\/>\n\n\n\n<p><a href=\"#_ftnref1\">[1]<\/a> TECDMX-JEL-170\/2021 en cumplimiento a la sentencia de la Sala Regional Ciudad de M\u00e9xico del Tribunal Electoral del Poder Judicial de la Federaci\u00f3n.<\/p>\n\n\n\n<p><a href=\"#_ftnref2\">[2]<\/a> TECDMX-JEL-233\/2021<\/p>\n","protected":false},"excerpt":{"rendered":"<p>Ciudad de M\u00e9xico, a 27 de agosto de 2021 Confirma TECDMX Acuerdo de asignaci\u00f3n de Concejal\u00edas por representaci\u00f3n proporcional en Coyoac\u00e1n El Pleno del TECDMX confirma en sesi\u00f3n p\u00fablica el [&hellip;]<\/p>\n","protected":false},"author":13,"featured_media":21168,"comment_status":"open","ping_status":"open","sticky":false,"template":"","format":"standard","meta":{"_acf_changed":false,"_exactmetrics_skip_tracking":false,"_exactmetrics_sitenote_active":false,"_exactmetrics_sitenote_note":"","_exactmetrics_sitenote_category":0,"footnotes":""},"categories":[32,47],"tags":[],"acf":[],"yoast_head":"<!-- This site is optimized with the Yoast SEO plugin v22.3 - https:\/\/yoast.com\/wordpress\/plugins\/seo\/ -->\n<title>Bolet\u00edn N\u00b0 75 - Tribunal Electoral de la Ciudad de M\u00e9xico<\/title>\n<meta name=\"robots\" content=\"index, follow, max-snippet:-1, max-image-preview:large, max-video-preview:-1\" \/>\n<link rel=\"canonical\" href=\"https:\/\/www.tecdmx.org.mx\/index.php\/comunicados\/2021\/08\/27\/boletin-n-75\/\" \/>\n<meta property=\"og:locale\" content=\"es_ES\" \/>\n<meta property=\"og:type\" content=\"article\" \/>\n<meta property=\"og:title\" content=\"Bolet\u00edn N\u00b0 75 - Tribunal Electoral de la Ciudad de M\u00e9xico\" \/>\n<meta property=\"og:description\" content=\"Ciudad de M\u00e9xico, a 27 de agosto de 2021 Confirma TECDMX Acuerdo de asignaci\u00f3n de Concejal\u00edas por representaci\u00f3n proporcional en Coyoac\u00e1n El Pleno del TECDMX confirma en sesi\u00f3n p\u00fablica el [&hellip;]\" \/>\n<meta property=\"og:url\" content=\"https:\/\/www.tecdmx.org.mx\/index.php\/comunicados\/2021\/08\/27\/boletin-n-75\/\" \/>\n<meta property=\"og:site_name\" content=\"Tribunal Electoral de la Ciudad de M\u00e9xico\" \/>\n<meta property=\"article:publisher\" content=\"https:\/\/www.facebook.com\/TECDMX\/\" \/>\n<meta property=\"article:published_time\" content=\"2021-08-28T00:38:54+00:00\" \/>\n<meta property=\"article:modified_time\" content=\"2021-08-28T00:39:31+00:00\" \/>\n<meta property=\"og:image\" content=\"https:\/\/www.tecdmx.org.mx\/wp-content\/uploads\/2020\/08\/comunicado_nuevo.jpg\" \/>\n\t<meta property=\"og:image:width\" content=\"600\" \/>\n\t<meta property=\"og:image:height\" content=\"366\" \/>\n\t<meta property=\"og:image:type\" content=\"image\/jpeg\" \/>\n<meta name=\"author\" content=\"Difusion2025\" \/>\n<meta name=\"twitter:card\" content=\"summary_large_image\" \/>\n<meta name=\"twitter:creator\" content=\"@tecdmx\" \/>\n<meta name=\"twitter:site\" content=\"@tecdmx\" \/>\n<meta name=\"twitter:label1\" content=\"Escrito por\" \/>\n\t<meta name=\"twitter:data1\" content=\"Difusion2025\" \/>\n\t<meta name=\"twitter:label2\" content=\"Tiempo de lectura\" \/>\n\t<meta name=\"twitter:data2\" content=\"5 minutos\" \/>\n<script type=\"application\/ld+json\" class=\"yoast-schema-graph\">{\"@context\":\"https:\/\/schema.org\",\"@graph\":[{\"@type\":\"WebPage\",\"@id\":\"https:\/\/www.tecdmx.org.mx\/index.php\/comunicados\/2021\/08\/27\/boletin-n-75\/\",\"url\":\"https:\/\/www.tecdmx.org.mx\/index.php\/comunicados\/2021\/08\/27\/boletin-n-75\/\",\"name\":\"Bolet\u00edn N\u00b0 75 - Tribunal Electoral de la Ciudad de M\u00e9xico\",\"isPartOf\":{\"@id\":\"https:\/\/www.tecdmx.org.mx\/#website\"},\"primaryImageOfPage\":{\"@id\":\"https:\/\/www.tecdmx.org.mx\/index.php\/comunicados\/2021\/08\/27\/boletin-n-75\/#primaryimage\"},\"image\":{\"@id\":\"https:\/\/www.tecdmx.org.mx\/index.php\/comunicados\/2021\/08\/27\/boletin-n-75\/#primaryimage\"},\"thumbnailUrl\":\"https:\/\/www.tecdmx.org.mx\/wp-content\/uploads\/2020\/08\/comunicado_nuevo.jpg\",\"datePublished\":\"2021-08-28T00:38:54+00:00\",\"dateModified\":\"2021-08-28T00:39:31+00:00\",\"author\":{\"@id\":\"https:\/\/www.tecdmx.org.mx\/#\/schema\/person\/208c898199fb3234203823c5f0cf31d6\"},\"breadcrumb\":{\"@id\":\"https:\/\/www.tecdmx.org.mx\/index.php\/comunicados\/2021\/08\/27\/boletin-n-75\/#breadcrumb\"},\"inLanguage\":\"es\",\"potentialAction\":[{\"@type\":\"ReadAction\",\"target\":[\"https:\/\/www.tecdmx.org.mx\/index.php\/comunicados\/2021\/08\/27\/boletin-n-75\/\"]}]},{\"@type\":\"ImageObject\",\"inLanguage\":\"es\",\"@id\":\"https:\/\/www.tecdmx.org.mx\/index.php\/comunicados\/2021\/08\/27\/boletin-n-75\/#primaryimage\",\"url\":\"https:\/\/www.tecdmx.org.mx\/wp-content\/uploads\/2020\/08\/comunicado_nuevo.jpg\",\"contentUrl\":\"https:\/\/www.tecdmx.org.mx\/wp-content\/uploads\/2020\/08\/comunicado_nuevo.jpg\",\"width\":600,\"height\":366},{\"@type\":\"BreadcrumbList\",\"@id\":\"https:\/\/www.tecdmx.org.mx\/index.php\/comunicados\/2021\/08\/27\/boletin-n-75\/#breadcrumb\",\"itemListElement\":[{\"@type\":\"ListItem\",\"position\":1,\"name\":\"Portada\",\"item\":\"https:\/\/www.tecdmx.org.mx\/\"},{\"@type\":\"ListItem\",\"position\":2,\"name\":\"Bolet\u00edn N\u00b0 75\"}]},{\"@type\":\"WebSite\",\"@id\":\"https:\/\/www.tecdmx.org.mx\/#website\",\"url\":\"https:\/\/www.tecdmx.org.mx\/\",\"name\":\"Tribunal Electoral de la Ciudad de M\u00e9xico\",\"description\":\"25 a\u00f1os garantizando justicia en tu elecci\u00f3n\",\"potentialAction\":[{\"@type\":\"SearchAction\",\"target\":{\"@type\":\"EntryPoint\",\"urlTemplate\":\"https:\/\/www.tecdmx.org.mx\/?s={search_term_string}\"},\"query-input\":\"required name=search_term_string\"}],\"inLanguage\":\"es\"},{\"@type\":\"Person\",\"@id\":\"https:\/\/www.tecdmx.org.mx\/#\/schema\/person\/208c898199fb3234203823c5f0cf31d6\",\"name\":\"Difusion2025\",\"image\":{\"@type\":\"ImageObject\",\"inLanguage\":\"es\",\"@id\":\"https:\/\/www.tecdmx.org.mx\/#\/schema\/person\/image\/\",\"url\":\"https:\/\/secure.gravatar.com\/avatar\/6f7a4ba3acb418040e90a2eb99b5df28?s=96&d=mm&r=g\",\"contentUrl\":\"https:\/\/secure.gravatar.com\/avatar\/6f7a4ba3acb418040e90a2eb99b5df28?s=96&d=mm&r=g\",\"caption\":\"Difusion2025\"}}]}<\/script>\n<!-- \/ Yoast SEO plugin. -->","yoast_head_json":{"title":"Bolet\u00edn N\u00b0 75 - Tribunal Electoral de la Ciudad de M\u00e9xico","robots":{"index":"index","follow":"follow","max-snippet":"max-snippet:-1","max-image-preview":"max-image-preview:large","max-video-preview":"max-video-preview:-1"},"canonical":"https:\/\/www.tecdmx.org.mx\/index.php\/comunicados\/2021\/08\/27\/boletin-n-75\/","og_locale":"es_ES","og_type":"article","og_title":"Bolet\u00edn N\u00b0 75 - Tribunal Electoral de la Ciudad de M\u00e9xico","og_description":"Ciudad de M\u00e9xico, a 27 de agosto de 2021 Confirma TECDMX Acuerdo de asignaci\u00f3n de Concejal\u00edas por representaci\u00f3n proporcional en Coyoac\u00e1n El Pleno del TECDMX confirma en sesi\u00f3n p\u00fablica el [&hellip;]","og_url":"https:\/\/www.tecdmx.org.mx\/index.php\/comunicados\/2021\/08\/27\/boletin-n-75\/","og_site_name":"Tribunal Electoral de la Ciudad de M\u00e9xico","article_publisher":"https:\/\/www.facebook.com\/TECDMX\/","article_published_time":"2021-08-28T00:38:54+00:00","article_modified_time":"2021-08-28T00:39:31+00:00","og_image":[{"width":600,"height":366,"url":"https:\/\/www.tecdmx.org.mx\/wp-content\/uploads\/2020\/08\/comunicado_nuevo.jpg","type":"image\/jpeg"}],"author":"Difusion2025","twitter_card":"summary_large_image","twitter_creator":"@tecdmx","twitter_site":"@tecdmx","twitter_misc":{"Escrito por":"Difusion2025","Tiempo de lectura":"5 minutos"},"schema":{"@context":"https:\/\/schema.org","@graph":[{"@type":"WebPage","@id":"https:\/\/www.tecdmx.org.mx\/index.php\/comunicados\/2021\/08\/27\/boletin-n-75\/","url":"https:\/\/www.tecdmx.org.mx\/index.php\/comunicados\/2021\/08\/27\/boletin-n-75\/","name":"Bolet\u00edn N\u00b0 75 - Tribunal Electoral de la Ciudad de M\u00e9xico","isPartOf":{"@id":"https:\/\/www.tecdmx.org.mx\/#website"},"primaryImageOfPage":{"@id":"https:\/\/www.tecdmx.org.mx\/index.php\/comunicados\/2021\/08\/27\/boletin-n-75\/#primaryimage"},"image":{"@id":"https:\/\/www.tecdmx.org.mx\/index.php\/comunicados\/2021\/08\/27\/boletin-n-75\/#primaryimage"},"thumbnailUrl":"https:\/\/www.tecdmx.org.mx\/wp-content\/uploads\/2020\/08\/comunicado_nuevo.jpg","datePublished":"2021-08-28T00:38:54+00:00","dateModified":"2021-08-28T00:39:31+00:00","author":{"@id":"https:\/\/www.tecdmx.org.mx\/#\/schema\/person\/208c898199fb3234203823c5f0cf31d6"},"breadcrumb":{"@id":"https:\/\/www.tecdmx.org.mx\/index.php\/comunicados\/2021\/08\/27\/boletin-n-75\/#breadcrumb"},"inLanguage":"es","potentialAction":[{"@type":"ReadAction","target":["https:\/\/www.tecdmx.org.mx\/index.php\/comunicados\/2021\/08\/27\/boletin-n-75\/"]}]},{"@type":"ImageObject","inLanguage":"es","@id":"https:\/\/www.tecdmx.org.mx\/index.php\/comunicados\/2021\/08\/27\/boletin-n-75\/#primaryimage","url":"https:\/\/www.tecdmx.org.mx\/wp-content\/uploads\/2020\/08\/comunicado_nuevo.jpg","contentUrl":"https:\/\/www.tecdmx.org.mx\/wp-content\/uploads\/2020\/08\/comunicado_nuevo.jpg","width":600,"height":366},{"@type":"BreadcrumbList","@id":"https:\/\/www.tecdmx.org.mx\/index.php\/comunicados\/2021\/08\/27\/boletin-n-75\/#breadcrumb","itemListElement":[{"@type":"ListItem","position":1,"name":"Portada","item":"https:\/\/www.tecdmx.org.mx\/"},{"@type":"ListItem","position":2,"name":"Bolet\u00edn N\u00b0 75"}]},{"@type":"WebSite","@id":"https:\/\/www.tecdmx.org.mx\/#website","url":"https:\/\/www.tecdmx.org.mx\/","name":"Tribunal Electoral de la Ciudad de M\u00e9xico","description":"25 a\u00f1os garantizando justicia en tu elecci\u00f3n","potentialAction":[{"@type":"SearchAction","target":{"@type":"EntryPoint","urlTemplate":"https:\/\/www.tecdmx.org.mx\/?s={search_term_string}"},"query-input":"required name=search_term_string"}],"inLanguage":"es"},{"@type":"Person","@id":"https:\/\/www.tecdmx.org.mx\/#\/schema\/person\/208c898199fb3234203823c5f0cf31d6","name":"Difusion2025","image":{"@type":"ImageObject","inLanguage":"es","@id":"https:\/\/www.tecdmx.org.mx\/#\/schema\/person\/image\/","url":"https:\/\/secure.gravatar.com\/avatar\/6f7a4ba3acb418040e90a2eb99b5df28?s=96&d=mm&r=g","contentUrl":"https:\/\/secure.gravatar.com\/avatar\/6f7a4ba3acb418040e90a2eb99b5df28?s=96&d=mm&r=g","caption":"Difusion2025"}}]}},"_links":{"self":[{"href":"https:\/\/www.tecdmx.org.mx\/index.php\/wp-json\/wp\/v2\/posts\/29720"}],"collection":[{"href":"https:\/\/www.tecdmx.org.mx\/index.php\/wp-json\/wp\/v2\/posts"}],"about":[{"href":"https:\/\/www.tecdmx.org.mx\/index.php\/wp-json\/wp\/v2\/types\/post"}],"author":[{"embeddable":true,"href":"https:\/\/www.tecdmx.org.mx\/index.php\/wp-json\/wp\/v2\/users\/13"}],"replies":[{"embeddable":true,"href":"https:\/\/www.tecdmx.org.mx\/index.php\/wp-json\/wp\/v2\/comments?post=29720"}],"version-history":[{"count":2,"href":"https:\/\/www.tecdmx.org.mx\/index.php\/wp-json\/wp\/v2\/posts\/29720\/revisions"}],"predecessor-version":[{"id":29723,"href":"https:\/\/www.tecdmx.org.mx\/index.php\/wp-json\/wp\/v2\/posts\/29720\/revisions\/29723"}],"wp:featuredmedia":[{"embeddable":true,"href":"https:\/\/www.tecdmx.org.mx\/index.php\/wp-json\/wp\/v2\/media\/21168"}],"wp:attachment":[{"href":"https:\/\/www.tecdmx.org.mx\/index.php\/wp-json\/wp\/v2\/media?parent=29720"}],"wp:term":[{"taxonomy":"category","embeddable":true,"href":"https:\/\/www.tecdmx.org.mx\/index.php\/wp-json\/wp\/v2\/categories?post=29720"},{"taxonomy":"post_tag","embeddable":true,"href":"https:\/\/www.tecdmx.org.mx\/index.php\/wp-json\/wp\/v2\/tags?post=29720"}],"curies":[{"name":"wp","href":"https:\/\/api.w.org\/{rel}","templated":true}]}}