{"id":29913,"date":"2021-09-02T21:06:35","date_gmt":"2021-09-03T02:06:35","guid":{"rendered":"https:\/\/www.tecdmx.org.mx\/?p=29913"},"modified":"2021-09-02T21:06:37","modified_gmt":"2021-09-03T02:06:37","slug":"boletin-n-76__trashed","status":"publish","type":"post","link":"https:\/\/www.tecdmx.org.mx\/index.php\/comunicados\/2021\/09\/02\/boletin-n-76__trashed\/","title":{"rendered":"Bolet\u00edn N\u00b0 76"},"content":{"rendered":"\n<p class=\"has-text-align-right\">Ciudad de M\u00e9xico, a 2 de septiembre de 2021<\/p>\n\n\n\n<p><strong>Confirma TECDMX declaraci\u00f3n de validez y constancia de mayor\u00eda para la elecci\u00f3n de la Alcald\u00eda Iztacalco<\/strong><\/p>\n\n\n\n<ul><li>Determinaci\u00f3n que se dio en cumplimiento de sentencia de la Sala Regional Ciudad de M\u00e9xico del TEPJF.<\/li><li>Se resolvieron 5 Juicios Electorales, 3 Juicios para la Protecci\u00f3n de los Derechos Pol\u00edtico-Electorales de la Ciudadan\u00eda y 16 Procedimientos Especiales Sancionadores.<\/li><\/ul>\n\n\n\n<p>El Pleno del Tribunal Electoral de la Ciudad de M\u00e9xico (TECDMX) celebr\u00f3 esta tarde Sesi\u00f3n P\u00fablica de resoluci\u00f3n a distancia por videoconferencia, en la que confirm\u00f3 la declaraci\u00f3n de validez de la elecci\u00f3n de la Alcald\u00eda Iztacalco, as\u00ed como el otorgamiento de la constancia de mayor\u00eda. Lo anterior, al no cumplirse los requisitos para la anulaci\u00f3n de la elecci\u00f3n hechos valer por la parte actora.<a href=\"#_ftn1\">[1]<\/a><\/p>\n\n\n\n<p>Por otra parte, orden\u00f3 modificar el Acta de Asamblea Ciudadana de la unidad territorial San Lorenzo Tezonco 1, demarcaci\u00f3n Iztapalapa, para que se inserte en esta que no se ejecutar\u00e1 el proyecto que obtuvo la mayor\u00eda de las opiniones en la Consulta de Presupuesto Participativo 2021, y que las personas integrantes de la COPACO en dicha unidad no fueron notificados de dicha circunstancia sino hasta el momento de la celebraci\u00f3n de la Asamblea.<a href=\"#_ftn2\">[2]<\/a><\/p>\n\n\n\n<p>Asimismo, el Pleno determin\u00f3 confirmar el oficio mediante el cual la Direcci\u00f3n Distrital 25 del Instituto Electoral de la Ciudad de M\u00e9xico (IECM), dio respuesta a los correos electr\u00f3nicos de la parte actora en los cuales denunci\u00f3 presuntos actos de obstrucci\u00f3n a las actividades del Comit\u00e9 de Ejecuci\u00f3n del proyecto ganador del Presupuesto Participativo 2021 en la unidad territorial Bosques Residencial del Sur fraccionamiento, demarcaci\u00f3n Xochimilco.<a href=\"#_ftn3\">[3]<\/a><\/p>\n\n\n\n<p>Las Magistraturas del TECDMX determinaron revocar la determinaci\u00f3n de la Direcci\u00f3n Distrital 28 del IECM respecto de ejecutar en el ejercicio 2021 el proyecto que obtuvo el segundo lugar en la Consulta de Presupuesto Participativo 2020 y 2021 en la unidad territorial San Juan Cerro, demarcaci\u00f3n Iztapalapa y, en consecuencia, orden\u00f3 que se ejecute el proyecto que obtuvo el primer lugar \u201cUna cancha para Todos\u201d.<a href=\"#_ftn4\">[4]<\/a><\/p>\n\n\n\n<p>En otro orden de ideas, las Magistraturas confirmaron el acuerdo de la Comisi\u00f3n Permanente de Asociaciones Pol\u00edticas del IECM en cumplimiento a la sentencia del juicio electoral 222, por medio del cual determin\u00f3 desechar la queja de la parte promovente, toda vez que la autoridad responsable realiz\u00f3 correctamente el an\u00e1lisis de las conductas denunciadas al evento \u201cGran cierre regional en Santa Mar\u00eda Nativitas&#8221;.<a href=\"#_ftn5\">[5]<\/a><\/p>\n\n\n\n<p>Las Magistradas y Magistrados revocaron la resoluci\u00f3n emitida por la Comisi\u00f3n Nacional de Justicia Partidaria del Partido Revolucionario Institucional, donde se controvirti\u00f3 la legalidad de la Convocatoria emitida para la renovaci\u00f3n de la Presidencia y Secretar\u00eda General del Comit\u00e9 Directivo Estatal de ese partido en la Ciudad de M\u00e9xico, al considerar necesario implementar una acci\u00f3n afirmativa que garantice que dicho \u00f3rgano sea encabezado por una mujer. Al respecto, las Magistraturas consideraron que en la referida Convocatoria se determin\u00f3 que las f\u00f3rmulas para contender para dichos puestos estar\u00edan integradas por hombre y mujer, se\u00f1al\u00e1ndose el cargo para el que contienden, sujet\u00e1ndose a la libre determinaci\u00f3n de las personas integrantes decidir qui\u00e9n de ellas contender\u00e1 para cada \u00e1rea.<a href=\"#_ftn6\">[6]<\/a>&nbsp;<\/p>\n\n\n\n<p>Por otra parte, se confirm\u00f3 la Asamblea Ciudadana de Informaci\u00f3n y Selecci\u00f3n celebrada el 4 de agosto de 2021 en la unidad territorial Del Gas, demarcaci\u00f3n Azcapotzalco toda vez que los agravios presentados por las partes actoras resultaron infundados.<a href=\"#_ftn7\">[7]<\/a><\/p>\n\n\n\n<p>Asimismo, se acredit\u00f3 la omisi\u00f3n de reconocer a la Comisi\u00f3n por la Defensa del Agua del Pueblo San Lucas Xochimanca, por parte de la Alcald\u00eda Xochimilco, toda vez que la citada autoridad debe respetar y asegurar los derechos de los pueblos y barrios originarios y las comunidades ind\u00edgenas residentes, en lo que se refiere al uso y disfrute del espacio p\u00fablico y de los recursos naturales, as\u00ed como los servicios y bienes relacionados con la salud, agua potable, saneamiento, alimentaci\u00f3n y deporte.<a href=\"#_ftn8\">[8]<\/a><\/p>\n\n\n\n<p>Finalmente, las Magistradas y Magistrados resolvieron 16 Procedimientos Especiales Sancionadores de la siguiente manera:<\/p>\n\n\n\n<figure class=\"wp-block-table\"><table><tbody><tr><td><strong>Expediente<\/strong><\/td><td><strong>Hechos denunciados<\/strong><\/td><td><strong>Determinaci\u00f3n del TECDMX<\/strong><\/td><\/tr><tr><td><strong>TECDMX-PES-088\/2021<\/strong><strong><\/strong><\/td><td>La colocaci\u00f3n de propaganda electoral en elementos del equipamiento urbano, atribuidas a Rafael M\u00e1rquez M\u00e9ndez y Mario Santeliz Mart\u00edn.<\/td><td>Existencia de las infracciones denunciadas y, en consecuencia, se impuso una amonestaci\u00f3n a los responsables.<\/td><\/tr><tr><td><strong>TECDMX-PES-089\/2021<\/strong><strong><\/strong><\/td><td>La indebida colocaci\u00f3n de una lona en equipamiento urbano, en contra de Sergio Flores R\u00edos y el Partido Movimiento Ciudadano<\/td><td>Inexistencia de la infracci\u00f3n denunciada.<\/td><\/tr><tr><td><strong>TECDMX-PES-092\/2021<\/strong><strong><\/strong><\/td><td>La realizaci\u00f3n de actos anticipados de campa\u00f1a, promoci\u00f3n personalizada y uso indebido de recursos p\u00fablicos, a partir de una publicaci\u00f3n realizada en el medio informativo digital \u201cEl Big Data\u201d el 5 de febrero, en la que presuntamente Carlos Alonso Castillo P\u00e9rez, promocion\u00f3 su candidatura, su nombre y su imagen de manera anticipada e indebida ante la ciudadan\u00eda.<\/td><td>Sobreseer el Procedimiento, ya que los hechos denunciados no constituyen de manera fehaciente una infracci\u00f3n en materia electoral y est\u00e1n basados en una nota period\u00edstica de car\u00e1cter noticioso.<\/td><\/tr><tr><td><strong>TECDMX-PES-093\/2021<\/strong><strong><\/strong><\/td><td>La presunta <a>comisi\u00f3n de actos anticipados de campa\u00f1a<\/a>, promoci\u00f3n personalizada, uso indebido de recursos p\u00fablicos y de programas sociales, atribuidos a Mar\u00eda Dolores Padierna Luna y la Secretar\u00eda de Obras y Servicios de la CDMX por dos publicaciones en Twitter en las que, seg\u00fan narr\u00f3 la parte quejosa, se difunde la pinta de fachadas de viviendas en la Demarcaci\u00f3n en su nombre, con el apoyo de la citada Secretar\u00eda, y se promociona indebida y anticipadamente ante la ciudadan\u00eda.<\/td><td>Inexistencia de las infracciones denunciadas.<\/td><\/tr><tr><td><strong>TECDMX-PES-098\/2021<\/strong><strong><\/strong><\/td><td>La vulneraci\u00f3n al inter\u00e9s superior de la ni\u00f1ez, atribuida a H\u00e9ctor Hugo Hern\u00e1ndez Ram\u00edrez.<\/td><td>Existencia de la infracci\u00f3n denunciada y, en consecuencia, se impuso una amonestaci\u00f3n al responsable.<\/td><\/tr><tr><td><strong>TECDMX-PES-100\/2021<\/strong><strong><\/strong><\/td><td>La presunta realizaci\u00f3n de actos constitutivos de coacci\u00f3n al voto por la supuesta entrega de cien pesos a las personas asistentes al evento de inicio de campa\u00f1a celebrado el cuatro de abril, atribuidos a Berenice Hern\u00e1ndez Calder\u00f3n, Morena y el Partido del Trabjo<\/td><td>Inexistencia de los hechos denunciados.<\/td><\/tr><tr><td><strong>TECDMX-PES-101\/2021<\/strong><\/td><td>Actos anticipados de campa\u00f1a, promoci\u00f3n personalizada, uso indebido de recursos p\u00fablicos y transgresi\u00f3n al principio de neutralidad, derivado de la publicaci\u00f3n en Twitter en la que V\u00edctor Hugo Romo dio a conocer que se registr\u00f3 como aspirante a la candidatura a la citada Alcald\u00eda por los partidos MORENA, del Trabajo&nbsp; y Verde Ecologista de M\u00e9xico, la distribuci\u00f3n de propaganda impresa, la colocaci\u00f3n de lonas en la referida demarcaci\u00f3n y la publicaci\u00f3n de un video en Twitter por parte de Gustavo Garc\u00eda Arias.<\/td><td>Sobreseerel Procedimiento respecto de la colocaci\u00f3n de seis lonas y la difusi\u00f3n del video denunciado. &nbsp; Inexistencia de los hechos atribuidos a Gustavo Garc\u00eda Arias. &nbsp; Existencia de actos anticipados de campa\u00f1a y promoci\u00f3n personalizada atribuidos a V\u00edctor Hugo Romo, as\u00ed como la inexistencia de uso indebido de recursos p\u00fablicos y la transgresi\u00f3n al principio de neutralidad, contra el denunciado.<\/td><\/tr><tr><td><strong>TECDMX-PES-102\/2021<\/strong><\/td><td>La colocaci\u00f3n de propaganda electoral en elementos del equipamiento urbano en la demarcaci\u00f3n Iztacalco, en contra del Partido Verde Ecolog\u00edsta de M\u00e9xico<\/td><td>Existencia de la infracci\u00f3n denunciadas y, en consecuencia, se impuso una amonestaci\u00f3n al responsable.<\/td><\/tr><tr><td><strong>TECDMX-PES-103\/2021<\/strong><\/td><td>Dos pintas en bardas en un lugar prohibido, esto es, en edificios p\u00fablicos, en las que se promocionaba la candidatura de H\u00e9ctor Hugo Hern\u00e1ndez Rodr\u00edguez.<\/td><td>Existencia de las infracciones denunciadas y, en consecuencia, se impuso una amonestaci\u00f3n al responsable.<\/td><\/tr><tr><td><strong>TECDMX-PES-104\/2021<\/strong><\/td><td>Promoci\u00f3n personalizada, uso indebido de recursos p\u00fablicos y violaci\u00f3n al principio de neutralidad, por la supuesta realizaci\u00f3n de diversos actos por parte de Jorge Gavi\u00f1o Ruiz.<\/td><td>Inexistencia de las infracciones denunciadas.<\/td><\/tr><tr><td><strong>TECDMX-PES-105\/2021<\/strong><\/td><td>La colocaci\u00f3n de propaganda electoral en un \u00e1rbol en la demarcaci\u00f3n territorial Tl\u00e1huac, en contra de Alejandro Dur\u00e1n Ra\u00f1a.<\/td><td>Existencia de la infracci\u00f3n denunciada y, en consecuencia, se impuso una amonestaci\u00f3n al responsable.<\/td><\/tr><tr><td><strong>TECDMX-PES-106\/2021<\/strong><\/td><td>Actos anticipados de precampa\u00f1a, derivado de la supuesta colocaci\u00f3n y exhibici\u00f3n de lonas m\u00f3viles y una fija, en las que se promocionaba el nombre e imagen de Jorge Emilio S\u00e1nchez Cordero Grossman en distintos puntos de la demarcaci\u00f3n \u00c1lvaro Obreg\u00f3n, previo al periodo de precampa\u00f1a.<\/td><td>Inexistencia de las infracciones denunciadas.<\/td><\/tr><tr><td><strong>TECDMX-PES-117\/2021<\/strong><\/td><td>La presunta realizaci\u00f3n de Violencia Pol\u00edtica de G\u00e9nero y\/o Violencia Pol\u00edtica contra las Mujeres en Raz\u00f3n de G\u00e9nero, violencia pol\u00edtica y calumnia, derivado de que Ra\u00fal Armando Quintero Mart\u00ednez realiz\u00f3 un evento de campa\u00f1a el dieciocho de abril, en el que hizo manifestaciones contra la parte promovente, Irma Fabiola Bautista Guzm\u00e1n.<\/td><td>Inexistencia de las infracciones denunciadas.<\/td><\/tr><tr><td><strong>TECDMX-PES-119\/2021<\/strong><\/td><td>La presunta realizaci\u00f3n de actos de Violencia Pol\u00edtica en contra de las Mujeres en Raz\u00f3n de G\u00e9nero, atribuida a Ulises Labrador Hern\u00e1ndez Magro a partir del supuesto retiro de propaganda electoral alusiva a la candidatura de Am\u00e9rica Alejandra Rangel Lorenzana<\/td><td>Inexistencia de los hechos denunciados.<\/td><\/tr><tr><td><strong>TECDMX-PES-121\/2021 y su acumulado TECDMX-PES-124\/2021<\/strong><\/td><td>La presunta comisi\u00f3n de Violencia Pol\u00edtica contra las Mujeres en Raz\u00f3n de G\u00e9nero y\/o Violencia Pol\u00edtica en Raz\u00f3n de G\u00e9nero y calumnia atribuidas a Eduardo Santill\u00e1n P\u00e9rez al realizar diversas expresiones que, desde el punto de vista de la quejosa, L\u00eda Lim\u00f3n Garc\u00eda, fueron ofensivas y discriminantes hacia su persona durante el debate entre las candidaturas contendientes por la citada Alcald\u00eda organizado por el IECM, as\u00ed como en una entrevista difundida en el perfil del periodista Ciro G\u00f3mez Leyva en Facebook. &nbsp;<\/td><td>Inexistencia de las infracciones denunciadas.<\/td><\/tr><\/tbody><\/table><\/figure>\n\n\n\n<p class=\"has-text-align-center\"><strong>o-O-o<\/strong><\/p>\n\n\n\n<hr class=\"wp-block-separator\"\/>\n\n\n\n<p><a href=\"#_ftnref1\">[1]<\/a> TECDMX-JEL-169\/2021 en cumplimiento de sentencia de la Sala Regional Ciudad de M\u00e9xico del Tribunal Electoral del Poder Judicial de la Federaci\u00f3n.<\/p>\n\n\n\n<p><a href=\"#_ftnref2\">[2]<\/a> TECDMX-JEL-223\/2021<\/p>\n\n\n\n<p><a href=\"#_ftnref3\">[3]<\/a> TECDMX-JEL-236\/2021<\/p>\n\n\n\n<p><a href=\"#_ftnref4\">[4]<\/a> TECDMX-JEL-237\/2021<\/p>\n\n\n\n<p><a href=\"#_ftnref5\">[5]<\/a> TECDMX-JEL-242\/2021<\/p>\n\n\n\n<p><a href=\"#_ftnref6\">[6]<\/a> TECDMX-JLDC-120\/2021<\/p>\n\n\n\n<p><a href=\"#_ftnref7\">[7]<\/a> TECDMX-JLDC-126\/2021<\/p>\n\n\n\n<p><a href=\"#_ftnref8\">[8]<\/a> TECDMX-JLDC-127\/2021 en cumplimiento de sentencia de la Sala Regional Ciudad de M\u00e9xico del Tribunal Electoral del Poder Judicial de la Federaci\u00f3n.<\/p>\n","protected":false},"excerpt":{"rendered":"<p>Ciudad de M\u00e9xico, a 2 de septiembre de 2021 Confirma TECDMX declaraci\u00f3n de validez y constancia de mayor\u00eda para la elecci\u00f3n de la Alcald\u00eda Iztacalco Determinaci\u00f3n que se dio en [&hellip;]<\/p>\n","protected":false},"author":13,"featured_media":21168,"comment_status":"open","ping_status":"open","sticky":false,"template":"","format":"standard","meta":{"_acf_changed":false,"_exactmetrics_skip_tracking":false,"_exactmetrics_sitenote_active":false,"_exactmetrics_sitenote_note":"","_exactmetrics_sitenote_category":0,"footnotes":""},"categories":[32,47],"tags":[],"acf":[],"yoast_head":"<!-- This site is optimized with the Yoast SEO plugin v22.3 - https:\/\/yoast.com\/wordpress\/plugins\/seo\/ -->\n<title>Bolet\u00edn N\u00b0 76 - Tribunal Electoral de la Ciudad de M\u00e9xico<\/title>\n<meta name=\"robots\" content=\"index, follow, max-snippet:-1, max-image-preview:large, max-video-preview:-1\" \/>\n<link rel=\"canonical\" href=\"https:\/\/www.tecdmx.org.mx\/index.php\/comunicados\/2021\/09\/02\/boletin-n-76\/\" \/>\n<meta property=\"og:locale\" content=\"es_ES\" \/>\n<meta property=\"og:type\" content=\"article\" \/>\n<meta property=\"og:title\" content=\"Bolet\u00edn N\u00b0 76 - Tribunal Electoral de la Ciudad de M\u00e9xico\" \/>\n<meta property=\"og:description\" content=\"Ciudad de M\u00e9xico, a 2 de septiembre de 2021 Confirma TECDMX declaraci\u00f3n de validez y constancia de mayor\u00eda para la elecci\u00f3n de la Alcald\u00eda Iztacalco Determinaci\u00f3n que se dio en [&hellip;]\" \/>\n<meta property=\"og:url\" content=\"https:\/\/www.tecdmx.org.mx\/index.php\/comunicados\/2021\/09\/02\/boletin-n-76\/\" \/>\n<meta property=\"og:site_name\" content=\"Tribunal Electoral de la Ciudad de M\u00e9xico\" \/>\n<meta property=\"article:publisher\" content=\"https:\/\/www.facebook.com\/TECDMX\/\" \/>\n<meta property=\"article:published_time\" content=\"2021-09-03T02:06:35+00:00\" \/>\n<meta property=\"article:modified_time\" content=\"2021-09-03T02:06:37+00:00\" \/>\n<meta property=\"og:image\" content=\"https:\/\/www.tecdmx.org.mx\/wp-content\/uploads\/2020\/08\/comunicado_nuevo.jpg\" \/>\n\t<meta property=\"og:image:width\" content=\"600\" \/>\n\t<meta property=\"og:image:height\" content=\"366\" \/>\n\t<meta property=\"og:image:type\" content=\"image\/jpeg\" \/>\n<meta name=\"author\" content=\"Difusion2025\" \/>\n<meta name=\"twitter:card\" content=\"summary_large_image\" \/>\n<meta name=\"twitter:creator\" content=\"@tecdmx\" \/>\n<meta name=\"twitter:site\" content=\"@tecdmx\" \/>\n<meta name=\"twitter:label1\" content=\"Escrito por\" \/>\n\t<meta name=\"twitter:data1\" content=\"Difusion2025\" \/>\n\t<meta name=\"twitter:label2\" content=\"Tiempo de lectura\" \/>\n\t<meta name=\"twitter:data2\" content=\"9 minutos\" \/>\n<script type=\"application\/ld+json\" class=\"yoast-schema-graph\">{\"@context\":\"https:\/\/schema.org\",\"@graph\":[{\"@type\":\"WebPage\",\"@id\":\"https:\/\/www.tecdmx.org.mx\/index.php\/comunicados\/2021\/09\/02\/boletin-n-76\/\",\"url\":\"https:\/\/www.tecdmx.org.mx\/index.php\/comunicados\/2021\/09\/02\/boletin-n-76\/\",\"name\":\"Bolet\u00edn N\u00b0 76 - Tribunal Electoral de la Ciudad de M\u00e9xico\",\"isPartOf\":{\"@id\":\"https:\/\/www.tecdmx.org.mx\/#website\"},\"primaryImageOfPage\":{\"@id\":\"https:\/\/www.tecdmx.org.mx\/index.php\/comunicados\/2021\/09\/02\/boletin-n-76\/#primaryimage\"},\"image\":{\"@id\":\"https:\/\/www.tecdmx.org.mx\/index.php\/comunicados\/2021\/09\/02\/boletin-n-76\/#primaryimage\"},\"thumbnailUrl\":\"https:\/\/www.tecdmx.org.mx\/wp-content\/uploads\/2020\/08\/comunicado_nuevo.jpg\",\"datePublished\":\"2021-09-03T02:06:35+00:00\",\"dateModified\":\"2021-09-03T02:06:37+00:00\",\"author\":{\"@id\":\"https:\/\/www.tecdmx.org.mx\/#\/schema\/person\/208c898199fb3234203823c5f0cf31d6\"},\"breadcrumb\":{\"@id\":\"https:\/\/www.tecdmx.org.mx\/index.php\/comunicados\/2021\/09\/02\/boletin-n-76\/#breadcrumb\"},\"inLanguage\":\"es\",\"potentialAction\":[{\"@type\":\"ReadAction\",\"target\":[\"https:\/\/www.tecdmx.org.mx\/index.php\/comunicados\/2021\/09\/02\/boletin-n-76\/\"]}]},{\"@type\":\"ImageObject\",\"inLanguage\":\"es\",\"@id\":\"https:\/\/www.tecdmx.org.mx\/index.php\/comunicados\/2021\/09\/02\/boletin-n-76\/#primaryimage\",\"url\":\"https:\/\/www.tecdmx.org.mx\/wp-content\/uploads\/2020\/08\/comunicado_nuevo.jpg\",\"contentUrl\":\"https:\/\/www.tecdmx.org.mx\/wp-content\/uploads\/2020\/08\/comunicado_nuevo.jpg\",\"width\":600,\"height\":366},{\"@type\":\"BreadcrumbList\",\"@id\":\"https:\/\/www.tecdmx.org.mx\/index.php\/comunicados\/2021\/09\/02\/boletin-n-76\/#breadcrumb\",\"itemListElement\":[{\"@type\":\"ListItem\",\"position\":1,\"name\":\"Portada\",\"item\":\"https:\/\/www.tecdmx.org.mx\/\"},{\"@type\":\"ListItem\",\"position\":2,\"name\":\"Bolet\u00edn N\u00b0 76\"}]},{\"@type\":\"WebSite\",\"@id\":\"https:\/\/www.tecdmx.org.mx\/#website\",\"url\":\"https:\/\/www.tecdmx.org.mx\/\",\"name\":\"Tribunal Electoral de la Ciudad de M\u00e9xico\",\"description\":\"25 a\u00f1os garantizando justicia en tu elecci\u00f3n\",\"potentialAction\":[{\"@type\":\"SearchAction\",\"target\":{\"@type\":\"EntryPoint\",\"urlTemplate\":\"https:\/\/www.tecdmx.org.mx\/?s={search_term_string}\"},\"query-input\":\"required name=search_term_string\"}],\"inLanguage\":\"es\"},{\"@type\":\"Person\",\"@id\":\"https:\/\/www.tecdmx.org.mx\/#\/schema\/person\/208c898199fb3234203823c5f0cf31d6\",\"name\":\"Difusion2025\",\"image\":{\"@type\":\"ImageObject\",\"inLanguage\":\"es\",\"@id\":\"https:\/\/www.tecdmx.org.mx\/#\/schema\/person\/image\/\",\"url\":\"https:\/\/secure.gravatar.com\/avatar\/6f7a4ba3acb418040e90a2eb99b5df28?s=96&d=mm&r=g\",\"contentUrl\":\"https:\/\/secure.gravatar.com\/avatar\/6f7a4ba3acb418040e90a2eb99b5df28?s=96&d=mm&r=g\",\"caption\":\"Difusion2025\"}}]}<\/script>\n<!-- \/ Yoast SEO plugin. -->","yoast_head_json":{"title":"Bolet\u00edn N\u00b0 76 - Tribunal Electoral de la Ciudad de M\u00e9xico","robots":{"index":"index","follow":"follow","max-snippet":"max-snippet:-1","max-image-preview":"max-image-preview:large","max-video-preview":"max-video-preview:-1"},"canonical":"https:\/\/www.tecdmx.org.mx\/index.php\/comunicados\/2021\/09\/02\/boletin-n-76\/","og_locale":"es_ES","og_type":"article","og_title":"Bolet\u00edn N\u00b0 76 - Tribunal Electoral de la Ciudad de M\u00e9xico","og_description":"Ciudad de M\u00e9xico, a 2 de septiembre de 2021 Confirma TECDMX declaraci\u00f3n de validez y constancia de mayor\u00eda para la elecci\u00f3n de la Alcald\u00eda Iztacalco Determinaci\u00f3n que se dio en [&hellip;]","og_url":"https:\/\/www.tecdmx.org.mx\/index.php\/comunicados\/2021\/09\/02\/boletin-n-76\/","og_site_name":"Tribunal Electoral de la Ciudad de M\u00e9xico","article_publisher":"https:\/\/www.facebook.com\/TECDMX\/","article_published_time":"2021-09-03T02:06:35+00:00","article_modified_time":"2021-09-03T02:06:37+00:00","og_image":[{"width":600,"height":366,"url":"https:\/\/www.tecdmx.org.mx\/wp-content\/uploads\/2020\/08\/comunicado_nuevo.jpg","type":"image\/jpeg"}],"author":"Difusion2025","twitter_card":"summary_large_image","twitter_creator":"@tecdmx","twitter_site":"@tecdmx","twitter_misc":{"Escrito por":"Difusion2025","Tiempo de lectura":"9 minutos"},"schema":{"@context":"https:\/\/schema.org","@graph":[{"@type":"WebPage","@id":"https:\/\/www.tecdmx.org.mx\/index.php\/comunicados\/2021\/09\/02\/boletin-n-76\/","url":"https:\/\/www.tecdmx.org.mx\/index.php\/comunicados\/2021\/09\/02\/boletin-n-76\/","name":"Bolet\u00edn N\u00b0 76 - Tribunal Electoral de la Ciudad de M\u00e9xico","isPartOf":{"@id":"https:\/\/www.tecdmx.org.mx\/#website"},"primaryImageOfPage":{"@id":"https:\/\/www.tecdmx.org.mx\/index.php\/comunicados\/2021\/09\/02\/boletin-n-76\/#primaryimage"},"image":{"@id":"https:\/\/www.tecdmx.org.mx\/index.php\/comunicados\/2021\/09\/02\/boletin-n-76\/#primaryimage"},"thumbnailUrl":"https:\/\/www.tecdmx.org.mx\/wp-content\/uploads\/2020\/08\/comunicado_nuevo.jpg","datePublished":"2021-09-03T02:06:35+00:00","dateModified":"2021-09-03T02:06:37+00:00","author":{"@id":"https:\/\/www.tecdmx.org.mx\/#\/schema\/person\/208c898199fb3234203823c5f0cf31d6"},"breadcrumb":{"@id":"https:\/\/www.tecdmx.org.mx\/index.php\/comunicados\/2021\/09\/02\/boletin-n-76\/#breadcrumb"},"inLanguage":"es","potentialAction":[{"@type":"ReadAction","target":["https:\/\/www.tecdmx.org.mx\/index.php\/comunicados\/2021\/09\/02\/boletin-n-76\/"]}]},{"@type":"ImageObject","inLanguage":"es","@id":"https:\/\/www.tecdmx.org.mx\/index.php\/comunicados\/2021\/09\/02\/boletin-n-76\/#primaryimage","url":"https:\/\/www.tecdmx.org.mx\/wp-content\/uploads\/2020\/08\/comunicado_nuevo.jpg","contentUrl":"https:\/\/www.tecdmx.org.mx\/wp-content\/uploads\/2020\/08\/comunicado_nuevo.jpg","width":600,"height":366},{"@type":"BreadcrumbList","@id":"https:\/\/www.tecdmx.org.mx\/index.php\/comunicados\/2021\/09\/02\/boletin-n-76\/#breadcrumb","itemListElement":[{"@type":"ListItem","position":1,"name":"Portada","item":"https:\/\/www.tecdmx.org.mx\/"},{"@type":"ListItem","position":2,"name":"Bolet\u00edn N\u00b0 76"}]},{"@type":"WebSite","@id":"https:\/\/www.tecdmx.org.mx\/#website","url":"https:\/\/www.tecdmx.org.mx\/","name":"Tribunal Electoral de la Ciudad de M\u00e9xico","description":"25 a\u00f1os garantizando justicia en tu elecci\u00f3n","potentialAction":[{"@type":"SearchAction","target":{"@type":"EntryPoint","urlTemplate":"https:\/\/www.tecdmx.org.mx\/?s={search_term_string}"},"query-input":"required name=search_term_string"}],"inLanguage":"es"},{"@type":"Person","@id":"https:\/\/www.tecdmx.org.mx\/#\/schema\/person\/208c898199fb3234203823c5f0cf31d6","name":"Difusion2025","image":{"@type":"ImageObject","inLanguage":"es","@id":"https:\/\/www.tecdmx.org.mx\/#\/schema\/person\/image\/","url":"https:\/\/secure.gravatar.com\/avatar\/6f7a4ba3acb418040e90a2eb99b5df28?s=96&d=mm&r=g","contentUrl":"https:\/\/secure.gravatar.com\/avatar\/6f7a4ba3acb418040e90a2eb99b5df28?s=96&d=mm&r=g","caption":"Difusion2025"}}]}},"_links":{"self":[{"href":"https:\/\/www.tecdmx.org.mx\/index.php\/wp-json\/wp\/v2\/posts\/29913"}],"collection":[{"href":"https:\/\/www.tecdmx.org.mx\/index.php\/wp-json\/wp\/v2\/posts"}],"about":[{"href":"https:\/\/www.tecdmx.org.mx\/index.php\/wp-json\/wp\/v2\/types\/post"}],"author":[{"embeddable":true,"href":"https:\/\/www.tecdmx.org.mx\/index.php\/wp-json\/wp\/v2\/users\/13"}],"replies":[{"embeddable":true,"href":"https:\/\/www.tecdmx.org.mx\/index.php\/wp-json\/wp\/v2\/comments?post=29913"}],"version-history":[{"count":2,"href":"https:\/\/www.tecdmx.org.mx\/index.php\/wp-json\/wp\/v2\/posts\/29913\/revisions"}],"predecessor-version":[{"id":29916,"href":"https:\/\/www.tecdmx.org.mx\/index.php\/wp-json\/wp\/v2\/posts\/29913\/revisions\/29916"}],"wp:featuredmedia":[{"embeddable":true,"href":"https:\/\/www.tecdmx.org.mx\/index.php\/wp-json\/wp\/v2\/media\/21168"}],"wp:attachment":[{"href":"https:\/\/www.tecdmx.org.mx\/index.php\/wp-json\/wp\/v2\/media?parent=29913"}],"wp:term":[{"taxonomy":"category","embeddable":true,"href":"https:\/\/www.tecdmx.org.mx\/index.php\/wp-json\/wp\/v2\/categories?post=29913"},{"taxonomy":"post_tag","embeddable":true,"href":"https:\/\/www.tecdmx.org.mx\/index.php\/wp-json\/wp\/v2\/tags?post=29913"}],"curies":[{"name":"wp","href":"https:\/\/api.w.org\/{rel}","templated":true}]}}