{"id":30315,"date":"2021-09-28T09:20:45","date_gmt":"2021-09-28T14:20:45","guid":{"rendered":"https:\/\/www.tecdmx.org.mx\/?p=30315"},"modified":"2021-09-28T09:20:46","modified_gmt":"2021-09-28T14:20:46","slug":"boletin-no-81","status":"publish","type":"post","link":"https:\/\/www.tecdmx.org.mx\/index.php\/comunicados\/2021\/09\/28\/boletin-no-81\/","title":{"rendered":"Bolet\u00edn N\u00ba 81"},"content":{"rendered":"\n<p class=\"has-text-align-right\">Ciudad de M\u00e9xico a 27 de septiembre de 2021<\/p>\n\n\n\n<p><strong>Magistrada del TECDMX asume la Presidencia de la Asociaci\u00f3n de Magistradas y Magistrados Electorales Locales de los Estados Unidos Mexicanos AMMEL<\/strong><\/p>\n\n\n\n<ul><li><strong>La Magistrada del TECDMX M. Alejandra Ch\u00e1vez Camarena result\u00f3 electa por unanimidad como parte de la planilla \u00fanica denominada \u201cMagistraturas Unidas\u201d.<\/strong><\/li><\/ul>\n\n\n\n<p>En el marco de la Asamblea General Ordinaria de la AMMEL se llev\u00f3 a cabo la renovaci\u00f3n de su Consejo Directivo en la que sus integrantes eligieron a la magistrada del Tribunal Electoral de la Ciudad de M\u00e9xico M. Alejandra Ch\u00e1vez Camarena como presidenta para el periodo 2021-2022.<\/p>\n\n\n\n<p>En su mensaje de toma de protesta la Magistrada Ch\u00e1vez Camarena destac\u00f3 que al frente de dicha asociaci\u00f3n se impulsar\u00e1n 4 ejes prioritarios como: Justicia electoral y Derechos Humanos; Paridad e igualdad laboral; Acci\u00f3n Interinstitucional y Proximidad Ciudadana y Cultura democr\u00e1tica.<\/p>\n\n\n\n<p>Por otra parte, destac\u00f3 la tradici\u00f3n que desde su origen ha mantenido la AMMEL A.C. le ha permitido dar pasos firmes en la consolidaci\u00f3n como una agrupaci\u00f3n profesional y comprometida cultura democr\u00e1tica.<\/p>\n\n\n\n<p>\u201cAsumo con enorme responsabilidad y compromiso de llevar a nuestra organizaci\u00f3n a consolidarse como un referente a nivel nacional y por que no, internacional\u2026 La AMMEL debe ser un factor que incida en el mejoramiento de la calidad de la justicia electoral en nuestro pa\u00eds, as\u00ed como en elevar el nivel de discurso y discusi\u00f3n en los grandes t\u00f3picos de la materia desde una \u00f3ptica transversal, multifactorial e interseccional\u201d asever\u00f3.<\/p>\n\n\n\n<p>Asimismo, mencion\u00f3 que, el nuevo rumbo que toma la Asociaci\u00f3n, dar\u00e1 cabida a la participaci\u00f3n de la academia y la sociedad civil organizada, esto permitir\u00e1 superar la anquilosada visi\u00f3n respecto al funcionamiento de los \u00f3rganos impartidores de justicia, para dar paso a una justicia m\u00e1s abierta que aplique una nueva l\u00f3gica de colaboraci\u00f3n entre la ciudadan\u00eda y autoridades.<\/p>\n\n\n\n<p>En el contexto de una posible reforma electoral, la Magistrada Ch\u00e1vez Camarena habl\u00f3 de la importancia de los factores pol\u00edticos y sociales que convergen, as\u00ed como una participaci\u00f3n inclusiva y de comunicaci\u00f3n estrecha con las autoridades electorales para que, mediante instrumentos de colaboraci\u00f3n, se alcancen resultados positivos.<\/p>\n\n\n\n<p>Para finalizar, la presidenta entrante llam\u00f3 a seguir siendo un elemento que abone a la cohesi\u00f3n y fortalecimiento institucional de la judicatura federal y local.<\/p>\n\n\n\n<p>Previo a la elecci\u00f3n, la presidenta saliente Yolidabey Alvarado de la Cruz perteneciente al Pleno del Tribunal Electoral de Tabasco, rindi\u00f3 el informe de labores en el que destac\u00f3 la realizaci\u00f3n de actividades como: vinculaci\u00f3n con Tribunales Electorales Locales, celebraci\u00f3n de foros tem\u00e1ticos, capacitaci\u00f3n para integrantes y p\u00fablico en general, as\u00ed como la afiliaci\u00f3n de nuevas magistraturas, entre otras.<\/p>\n\n\n\n<p>Para testificar la elecci\u00f3n del nuevo Consejo Directivo de la AMMEL se dieron cita en el acto la ministra Yazm\u00edn Esquivel Mossa, la magistrada M\u00f3nica Aral\u00ed Soto Fregoso y el magistrado Jos\u00e9 Luis Vargas Valdez.<\/p>\n\n\n\n<p>En su intervenci\u00f3n, la ministra Esquivel destac\u00f3 las aportaciones de las asociaciones de magistraturas de las diferentes especialidades, son de vital importancia para el ejercicio de la justicia siempre apoy\u00e1ndose de la autonom\u00eda e independencia y en este caso para hacer valer los derechos pol\u00edtico-electorales de la ciudadan\u00eda.<\/p>\n\n\n\n<p>El evento cont\u00f3 con la participaci\u00f3n de magistraturas locales de diferentes estados de la Rep\u00fablica, as\u00ed como de diferentes personalidades el \u00e1mbito jurisdiccional electoral.<\/p>\n\n\n\n<p class=\"has-text-align-center\">&#8212;&#8212;&#8212;&#8212;&#8212;&#8212;<\/p>\n","protected":false},"excerpt":{"rendered":"<p>Ciudad de M\u00e9xico a 27 de septiembre de 2021 Magistrada del TECDMX asume la Presidencia de la Asociaci\u00f3n de Magistradas y Magistrados Electorales Locales de los Estados Unidos Mexicanos AMMEL [&hellip;]<\/p>\n","protected":false},"author":13,"featured_media":21168,"comment_status":"open","ping_status":"open","sticky":false,"template":"","format":"standard","meta":{"_acf_changed":false,"_exactmetrics_skip_tracking":false,"_exactmetrics_sitenote_active":false,"_exactmetrics_sitenote_note":"","_exactmetrics_sitenote_category":0,"footnotes":""},"categories":[32,47],"tags":[],"acf":[],"yoast_head":"<!-- This site is optimized with the Yoast SEO plugin v22.3 - https:\/\/yoast.com\/wordpress\/plugins\/seo\/ -->\n<title>Bolet\u00edn N\u00ba 81 - Tribunal Electoral de la Ciudad de M\u00e9xico<\/title>\n<meta name=\"robots\" content=\"index, follow, max-snippet:-1, max-image-preview:large, max-video-preview:-1\" \/>\n<link rel=\"canonical\" href=\"https:\/\/www.tecdmx.org.mx\/index.php\/comunicados\/2021\/09\/28\/boletin-no-81\/\" \/>\n<meta property=\"og:locale\" content=\"es_ES\" \/>\n<meta property=\"og:type\" content=\"article\" \/>\n<meta property=\"og:title\" content=\"Bolet\u00edn N\u00ba 81 - Tribunal Electoral de la Ciudad de M\u00e9xico\" \/>\n<meta property=\"og:description\" content=\"Ciudad de M\u00e9xico a 27 de septiembre de 2021 Magistrada del TECDMX asume la Presidencia de la Asociaci\u00f3n de Magistradas y Magistrados Electorales Locales de los Estados Unidos Mexicanos AMMEL [&hellip;]\" \/>\n<meta property=\"og:url\" content=\"https:\/\/www.tecdmx.org.mx\/index.php\/comunicados\/2021\/09\/28\/boletin-no-81\/\" \/>\n<meta property=\"og:site_name\" content=\"Tribunal Electoral de la Ciudad de M\u00e9xico\" \/>\n<meta property=\"article:publisher\" content=\"https:\/\/www.facebook.com\/TECDMX\/\" \/>\n<meta property=\"article:published_time\" content=\"2021-09-28T14:20:45+00:00\" \/>\n<meta property=\"article:modified_time\" content=\"2021-09-28T14:20:46+00:00\" \/>\n<meta property=\"og:image\" content=\"https:\/\/www.tecdmx.org.mx\/wp-content\/uploads\/2020\/08\/comunicado_nuevo.jpg\" \/>\n\t<meta property=\"og:image:width\" content=\"600\" \/>\n\t<meta property=\"og:image:height\" content=\"366\" \/>\n\t<meta property=\"og:image:type\" content=\"image\/jpeg\" \/>\n<meta name=\"author\" content=\"Difusion2025\" \/>\n<meta name=\"twitter:card\" content=\"summary_large_image\" \/>\n<meta name=\"twitter:creator\" content=\"@tecdmx\" \/>\n<meta name=\"twitter:site\" content=\"@tecdmx\" \/>\n<meta name=\"twitter:label1\" content=\"Escrito por\" \/>\n\t<meta name=\"twitter:data1\" content=\"Difusion2025\" \/>\n\t<meta name=\"twitter:label2\" content=\"Tiempo de lectura\" \/>\n\t<meta name=\"twitter:data2\" content=\"3 minutos\" \/>\n<script type=\"application\/ld+json\" class=\"yoast-schema-graph\">{\"@context\":\"https:\/\/schema.org\",\"@graph\":[{\"@type\":\"WebPage\",\"@id\":\"https:\/\/www.tecdmx.org.mx\/index.php\/comunicados\/2021\/09\/28\/boletin-no-81\/\",\"url\":\"https:\/\/www.tecdmx.org.mx\/index.php\/comunicados\/2021\/09\/28\/boletin-no-81\/\",\"name\":\"Bolet\u00edn N\u00ba 81 - Tribunal Electoral de la Ciudad de M\u00e9xico\",\"isPartOf\":{\"@id\":\"https:\/\/www.tecdmx.org.mx\/#website\"},\"primaryImageOfPage\":{\"@id\":\"https:\/\/www.tecdmx.org.mx\/index.php\/comunicados\/2021\/09\/28\/boletin-no-81\/#primaryimage\"},\"image\":{\"@id\":\"https:\/\/www.tecdmx.org.mx\/index.php\/comunicados\/2021\/09\/28\/boletin-no-81\/#primaryimage\"},\"thumbnailUrl\":\"https:\/\/www.tecdmx.org.mx\/wp-content\/uploads\/2020\/08\/comunicado_nuevo.jpg\",\"datePublished\":\"2021-09-28T14:20:45+00:00\",\"dateModified\":\"2021-09-28T14:20:46+00:00\",\"author\":{\"@id\":\"https:\/\/www.tecdmx.org.mx\/#\/schema\/person\/208c898199fb3234203823c5f0cf31d6\"},\"breadcrumb\":{\"@id\":\"https:\/\/www.tecdmx.org.mx\/index.php\/comunicados\/2021\/09\/28\/boletin-no-81\/#breadcrumb\"},\"inLanguage\":\"es\",\"potentialAction\":[{\"@type\":\"ReadAction\",\"target\":[\"https:\/\/www.tecdmx.org.mx\/index.php\/comunicados\/2021\/09\/28\/boletin-no-81\/\"]}]},{\"@type\":\"ImageObject\",\"inLanguage\":\"es\",\"@id\":\"https:\/\/www.tecdmx.org.mx\/index.php\/comunicados\/2021\/09\/28\/boletin-no-81\/#primaryimage\",\"url\":\"https:\/\/www.tecdmx.org.mx\/wp-content\/uploads\/2020\/08\/comunicado_nuevo.jpg\",\"contentUrl\":\"https:\/\/www.tecdmx.org.mx\/wp-content\/uploads\/2020\/08\/comunicado_nuevo.jpg\",\"width\":600,\"height\":366},{\"@type\":\"BreadcrumbList\",\"@id\":\"https:\/\/www.tecdmx.org.mx\/index.php\/comunicados\/2021\/09\/28\/boletin-no-81\/#breadcrumb\",\"itemListElement\":[{\"@type\":\"ListItem\",\"position\":1,\"name\":\"Portada\",\"item\":\"https:\/\/www.tecdmx.org.mx\/\"},{\"@type\":\"ListItem\",\"position\":2,\"name\":\"Bolet\u00edn N\u00ba 81\"}]},{\"@type\":\"WebSite\",\"@id\":\"https:\/\/www.tecdmx.org.mx\/#website\",\"url\":\"https:\/\/www.tecdmx.org.mx\/\",\"name\":\"Tribunal Electoral de la Ciudad de M\u00e9xico\",\"description\":\"25 a\u00f1os garantizando justicia en tu elecci\u00f3n\",\"potentialAction\":[{\"@type\":\"SearchAction\",\"target\":{\"@type\":\"EntryPoint\",\"urlTemplate\":\"https:\/\/www.tecdmx.org.mx\/?s={search_term_string}\"},\"query-input\":\"required name=search_term_string\"}],\"inLanguage\":\"es\"},{\"@type\":\"Person\",\"@id\":\"https:\/\/www.tecdmx.org.mx\/#\/schema\/person\/208c898199fb3234203823c5f0cf31d6\",\"name\":\"Difusion2025\",\"image\":{\"@type\":\"ImageObject\",\"inLanguage\":\"es\",\"@id\":\"https:\/\/www.tecdmx.org.mx\/#\/schema\/person\/image\/\",\"url\":\"https:\/\/secure.gravatar.com\/avatar\/6f7a4ba3acb418040e90a2eb99b5df28?s=96&d=mm&r=g\",\"contentUrl\":\"https:\/\/secure.gravatar.com\/avatar\/6f7a4ba3acb418040e90a2eb99b5df28?s=96&d=mm&r=g\",\"caption\":\"Difusion2025\"}}]}<\/script>\n<!-- \/ Yoast SEO plugin. -->","yoast_head_json":{"title":"Bolet\u00edn N\u00ba 81 - Tribunal Electoral de la Ciudad de M\u00e9xico","robots":{"index":"index","follow":"follow","max-snippet":"max-snippet:-1","max-image-preview":"max-image-preview:large","max-video-preview":"max-video-preview:-1"},"canonical":"https:\/\/www.tecdmx.org.mx\/index.php\/comunicados\/2021\/09\/28\/boletin-no-81\/","og_locale":"es_ES","og_type":"article","og_title":"Bolet\u00edn N\u00ba 81 - Tribunal Electoral de la Ciudad de M\u00e9xico","og_description":"Ciudad de M\u00e9xico a 27 de septiembre de 2021 Magistrada del TECDMX asume la Presidencia de la Asociaci\u00f3n de Magistradas y Magistrados Electorales Locales de los Estados Unidos Mexicanos AMMEL [&hellip;]","og_url":"https:\/\/www.tecdmx.org.mx\/index.php\/comunicados\/2021\/09\/28\/boletin-no-81\/","og_site_name":"Tribunal Electoral de la Ciudad de M\u00e9xico","article_publisher":"https:\/\/www.facebook.com\/TECDMX\/","article_published_time":"2021-09-28T14:20:45+00:00","article_modified_time":"2021-09-28T14:20:46+00:00","og_image":[{"width":600,"height":366,"url":"https:\/\/www.tecdmx.org.mx\/wp-content\/uploads\/2020\/08\/comunicado_nuevo.jpg","type":"image\/jpeg"}],"author":"Difusion2025","twitter_card":"summary_large_image","twitter_creator":"@tecdmx","twitter_site":"@tecdmx","twitter_misc":{"Escrito por":"Difusion2025","Tiempo de lectura":"3 minutos"},"schema":{"@context":"https:\/\/schema.org","@graph":[{"@type":"WebPage","@id":"https:\/\/www.tecdmx.org.mx\/index.php\/comunicados\/2021\/09\/28\/boletin-no-81\/","url":"https:\/\/www.tecdmx.org.mx\/index.php\/comunicados\/2021\/09\/28\/boletin-no-81\/","name":"Bolet\u00edn N\u00ba 81 - Tribunal Electoral de la Ciudad de M\u00e9xico","isPartOf":{"@id":"https:\/\/www.tecdmx.org.mx\/#website"},"primaryImageOfPage":{"@id":"https:\/\/www.tecdmx.org.mx\/index.php\/comunicados\/2021\/09\/28\/boletin-no-81\/#primaryimage"},"image":{"@id":"https:\/\/www.tecdmx.org.mx\/index.php\/comunicados\/2021\/09\/28\/boletin-no-81\/#primaryimage"},"thumbnailUrl":"https:\/\/www.tecdmx.org.mx\/wp-content\/uploads\/2020\/08\/comunicado_nuevo.jpg","datePublished":"2021-09-28T14:20:45+00:00","dateModified":"2021-09-28T14:20:46+00:00","author":{"@id":"https:\/\/www.tecdmx.org.mx\/#\/schema\/person\/208c898199fb3234203823c5f0cf31d6"},"breadcrumb":{"@id":"https:\/\/www.tecdmx.org.mx\/index.php\/comunicados\/2021\/09\/28\/boletin-no-81\/#breadcrumb"},"inLanguage":"es","potentialAction":[{"@type":"ReadAction","target":["https:\/\/www.tecdmx.org.mx\/index.php\/comunicados\/2021\/09\/28\/boletin-no-81\/"]}]},{"@type":"ImageObject","inLanguage":"es","@id":"https:\/\/www.tecdmx.org.mx\/index.php\/comunicados\/2021\/09\/28\/boletin-no-81\/#primaryimage","url":"https:\/\/www.tecdmx.org.mx\/wp-content\/uploads\/2020\/08\/comunicado_nuevo.jpg","contentUrl":"https:\/\/www.tecdmx.org.mx\/wp-content\/uploads\/2020\/08\/comunicado_nuevo.jpg","width":600,"height":366},{"@type":"BreadcrumbList","@id":"https:\/\/www.tecdmx.org.mx\/index.php\/comunicados\/2021\/09\/28\/boletin-no-81\/#breadcrumb","itemListElement":[{"@type":"ListItem","position":1,"name":"Portada","item":"https:\/\/www.tecdmx.org.mx\/"},{"@type":"ListItem","position":2,"name":"Bolet\u00edn N\u00ba 81"}]},{"@type":"WebSite","@id":"https:\/\/www.tecdmx.org.mx\/#website","url":"https:\/\/www.tecdmx.org.mx\/","name":"Tribunal Electoral de la Ciudad de M\u00e9xico","description":"25 a\u00f1os garantizando justicia en tu elecci\u00f3n","potentialAction":[{"@type":"SearchAction","target":{"@type":"EntryPoint","urlTemplate":"https:\/\/www.tecdmx.org.mx\/?s={search_term_string}"},"query-input":"required name=search_term_string"}],"inLanguage":"es"},{"@type":"Person","@id":"https:\/\/www.tecdmx.org.mx\/#\/schema\/person\/208c898199fb3234203823c5f0cf31d6","name":"Difusion2025","image":{"@type":"ImageObject","inLanguage":"es","@id":"https:\/\/www.tecdmx.org.mx\/#\/schema\/person\/image\/","url":"https:\/\/secure.gravatar.com\/avatar\/6f7a4ba3acb418040e90a2eb99b5df28?s=96&d=mm&r=g","contentUrl":"https:\/\/secure.gravatar.com\/avatar\/6f7a4ba3acb418040e90a2eb99b5df28?s=96&d=mm&r=g","caption":"Difusion2025"}}]}},"_links":{"self":[{"href":"https:\/\/www.tecdmx.org.mx\/index.php\/wp-json\/wp\/v2\/posts\/30315"}],"collection":[{"href":"https:\/\/www.tecdmx.org.mx\/index.php\/wp-json\/wp\/v2\/posts"}],"about":[{"href":"https:\/\/www.tecdmx.org.mx\/index.php\/wp-json\/wp\/v2\/types\/post"}],"author":[{"embeddable":true,"href":"https:\/\/www.tecdmx.org.mx\/index.php\/wp-json\/wp\/v2\/users\/13"}],"replies":[{"embeddable":true,"href":"https:\/\/www.tecdmx.org.mx\/index.php\/wp-json\/wp\/v2\/comments?post=30315"}],"version-history":[{"count":2,"href":"https:\/\/www.tecdmx.org.mx\/index.php\/wp-json\/wp\/v2\/posts\/30315\/revisions"}],"predecessor-version":[{"id":30318,"href":"https:\/\/www.tecdmx.org.mx\/index.php\/wp-json\/wp\/v2\/posts\/30315\/revisions\/30318"}],"wp:featuredmedia":[{"embeddable":true,"href":"https:\/\/www.tecdmx.org.mx\/index.php\/wp-json\/wp\/v2\/media\/21168"}],"wp:attachment":[{"href":"https:\/\/www.tecdmx.org.mx\/index.php\/wp-json\/wp\/v2\/media?parent=30315"}],"wp:term":[{"taxonomy":"category","embeddable":true,"href":"https:\/\/www.tecdmx.org.mx\/index.php\/wp-json\/wp\/v2\/categories?post=30315"},{"taxonomy":"post_tag","embeddable":true,"href":"https:\/\/www.tecdmx.org.mx\/index.php\/wp-json\/wp\/v2\/tags?post=30315"}],"curies":[{"name":"wp","href":"https:\/\/api.w.org\/{rel}","templated":true}]}}