{"id":30712,"date":"2021-10-20T21:02:26","date_gmt":"2021-10-21T02:02:26","guid":{"rendered":"https:\/\/www.tecdmx.org.mx\/?p=30712"},"modified":"2021-10-21T21:53:28","modified_gmt":"2021-10-22T02:53:28","slug":"boletin-n-91__trashed","status":"publish","type":"post","link":"https:\/\/www.tecdmx.org.mx\/index.php\/comunicados\/2021\/10\/20\/boletin-n-91__trashed\/","title":{"rendered":"Bolet\u00edn N\u00b0 91"},"content":{"rendered":"\n<p>Ciudad de M\u00e9xico, a 20 de octubre de 2021<\/p>\n\n\n\n<p><strong>Bolet\u00edn N\u00b0 91<\/strong><\/p>\n\n\n\n<p><strong>debe fortalecerse el sistema democratico a trav\u00e9s de la implementaci\u00f3n del&nbsp; principio pro mujer, afirma magistrada Alejandra Ch\u00e1vez Camarena<\/strong><strong><\/strong><\/p>\n\n\n\n<ul><li>La magistrada particip\u00f3 en la primera mesa del conversatorio organizado conjuntamente por el IECM, Secretar\u00eda de las Mujeres y el TECDMX.<\/li><\/ul>\n\n\n\n<p>En el marco del 68 aniversario del voto femenino en M\u00e9xico, la magistrada del Tribunal Electoral de la Ciudad de M\u00e9xico (TECDMX), Alejandra Ch\u00e1vez Camarena, particip\u00f3 en el conversatorio&nbsp;\u201cLa paridad de G\u00e9nero y la Democracia del Sistema Pol\u00edtico Mexicano\u201d, organizado por el Instituto Electoral de la Ciudad de M\u00e9xico, la Secretar\u00eda de las Mujeres capitalina y este \u00d3rgano Jurisdiccional.<\/p>\n\n\n\n<p>Al hacer uso de la voz, la magistrada del TECDMX asegur\u00f3 que las \u201cleyes son espejos de la realidad social que regulan\u201d, esto, al hablar sobre el reconocimiento de los derechos pol\u00edtico-electorales de las mujeres y las discriminaciones hist\u00f3ricas de las que han sido v\u00edctimas en el acceso a espacios de toma de decisi\u00f3n.<\/p>\n\n\n\n<p>\u201cEl camino por la igualdad pol\u00edtica en M\u00e9xico iniciado formalmente en 1917, fortalecido en 1922 y la victoria del movimiento sufragista en 1953, ha encontrado un nuevo impulso en el modelo paritario de la arquitectura constitucional promulgado en junio de 2019\u201d, afirm\u00f3 la magistrada Ch\u00e1vez Camarena.<\/p>\n\n\n\n<p>Por otra parte, consider\u00f3 que el derecho humano a la paridad constituye la herramienta fundamental para transitar de la desiguladad estructural hacia un sistema democr\u00e1tica incluyente, que distribuya equitativamente las oportunidades, el poder, los recursos y los resultados entre todas las personas, sin mayor medida que el respeto a la dignidad humana y los derechos humanos.<\/p>\n\n\n\n<p>\u201cDemocratizar las pol\u00edticas sociales en M\u00e9xico implica materializar la dimensi\u00f3n abstracta de la paridad en todo, esto es, administrar, legislar y juzgar sobre el principio pro mujer. Consolidando con enfoque intergeneracional la ciudadan\u00eda de las mujeres con la promoci\u00f3n y protecci\u00f3n del ejercicio libre y justo de sus derechos y libertades, que se hace tangible y eficaz, con el desempe\u00f1o de una funci\u00f3n p\u00fablica con perspectiva de g\u00e9nero\u201d, reflexion\u00f3.<\/p>\n\n\n\n<p>Asimismo, la magistrada consider\u00f3 fundamental abrir m\u00e1s y mejores espacios para la formaci\u00f3n pol\u00edtica y adelanto de las mujeres en el marco de los elementos de la igualdad sustantiva como uno de los imperativos esenciales de nuestro tiempo, pues \u201cla ley, las acciones afirmativas y la educaci\u00f3n c\u00edvica de hombres y mujeres constituyen los ejes centrales de la democracia paritaria\u201d.<\/p>\n\n\n\n<p>Para concluir su intervenci\u00f3n, la magistrada Alejandra Ch\u00e1vez destac\u00f3 que se identific\u00f3 que 15 demarcaciones territoriales de la Ciudad de M\u00e9xico no se ajustan al mandato constitucional de paridad, lo que impuls\u00f3 un pronunciamiento p\u00fablico del Observatorio de Participaci\u00f3n Pol\u00edtica de las Mujeres en la Ciudad de M\u00e9xico para exhortar a que las alcald\u00edas cumplan con dicho precepto.<\/p>\n\n\n\n<p>\u201cLa paridad es un organismo vivo impulsado por la voluntad pol\u00edtica de quienes participamos en ella y, por su car\u00e1cter evolutivo, presenta vertientes novedosas que exigen de nuestra formaci\u00f3n y experiencia para reflexionarlas con oportunidad y asertividad\u201d, concluy\u00f3 la magistrada electoral capitalina.<\/p>\n\n\n\n<p>El evento cont\u00f3 con la participaci\u00f3n de las consejeras del IECM, Ericka Estrada Ruiz y Sonia P\u00e9rez P\u00e9rez; el consejero presidente provisional del IECM, Bernardo Valle Monroy; el magistrado de la Sala Regional Toluca del Tribunal Electoral del Poder Judicial de la Federaci\u00f3n, Alejandro David Avante Ju\u00e1rez; la directora general de Igualdad y Atenci\u00f3n a la Violencia de G\u00e9nero en la Secretar\u00eda de las Mujeres de la Ciudad de M\u00e9xico, Dulce Claudia Col\u00edn Col\u00edn y; Gloria Tello S\u00e1nchez, educadora feminista especialista en g\u00e9nero.&nbsp;<\/p>\n\n\n\n<p><strong>o-O-o<\/strong><\/p>\n","protected":false},"excerpt":{"rendered":"<p>Ciudad de M\u00e9xico, a 20 de octubre de 2021 Bolet\u00edn N\u00b0 91 debe fortalecerse el sistema democratico a trav\u00e9s de la implementaci\u00f3n del&nbsp; principio pro mujer, afirma magistrada Alejandra Ch\u00e1vez [&hellip;]<\/p>\n","protected":false},"author":13,"featured_media":21168,"comment_status":"open","ping_status":"open","sticky":false,"template":"","format":"standard","meta":{"_acf_changed":false,"_exactmetrics_skip_tracking":false,"_exactmetrics_sitenote_active":false,"_exactmetrics_sitenote_note":"","_exactmetrics_sitenote_category":0,"footnotes":""},"categories":[32,47],"tags":[],"acf":[],"yoast_head":"<!-- This site is optimized with the Yoast SEO plugin v22.3 - https:\/\/yoast.com\/wordpress\/plugins\/seo\/ -->\n<title>Bolet\u00edn N\u00b0 91 - Tribunal Electoral de la Ciudad de M\u00e9xico<\/title>\n<meta name=\"robots\" content=\"index, follow, max-snippet:-1, max-image-preview:large, max-video-preview:-1\" \/>\n<link rel=\"canonical\" href=\"https:\/\/www.tecdmx.org.mx\/index.php\/comunicados\/2021\/10\/20\/boletin-n-91\/\" \/>\n<meta property=\"og:locale\" content=\"es_ES\" \/>\n<meta property=\"og:type\" content=\"article\" \/>\n<meta property=\"og:title\" content=\"Bolet\u00edn N\u00b0 91 - Tribunal Electoral de la Ciudad de M\u00e9xico\" \/>\n<meta property=\"og:description\" content=\"Ciudad de M\u00e9xico, a 20 de octubre de 2021 Bolet\u00edn N\u00b0 91 debe fortalecerse el sistema democratico a trav\u00e9s de la implementaci\u00f3n del&nbsp; principio pro mujer, afirma magistrada Alejandra Ch\u00e1vez [&hellip;]\" \/>\n<meta property=\"og:url\" content=\"https:\/\/www.tecdmx.org.mx\/index.php\/comunicados\/2021\/10\/20\/boletin-n-91\/\" \/>\n<meta property=\"og:site_name\" content=\"Tribunal Electoral de la Ciudad de M\u00e9xico\" \/>\n<meta property=\"article:publisher\" content=\"https:\/\/www.facebook.com\/TECDMX\/\" \/>\n<meta property=\"article:published_time\" content=\"2021-10-21T02:02:26+00:00\" \/>\n<meta property=\"article:modified_time\" content=\"2021-10-22T02:53:28+00:00\" \/>\n<meta property=\"og:image\" content=\"https:\/\/www.tecdmx.org.mx\/wp-content\/uploads\/2020\/08\/comunicado_nuevo.jpg\" \/>\n\t<meta property=\"og:image:width\" content=\"600\" \/>\n\t<meta property=\"og:image:height\" content=\"366\" \/>\n\t<meta property=\"og:image:type\" content=\"image\/jpeg\" \/>\n<meta name=\"author\" content=\"Difusion2025\" \/>\n<meta name=\"twitter:card\" content=\"summary_large_image\" \/>\n<meta name=\"twitter:creator\" content=\"@tecdmx\" \/>\n<meta name=\"twitter:site\" content=\"@tecdmx\" \/>\n<meta name=\"twitter:label1\" content=\"Escrito por\" \/>\n\t<meta name=\"twitter:data1\" content=\"Difusion2025\" \/>\n\t<meta name=\"twitter:label2\" content=\"Tiempo de lectura\" \/>\n\t<meta name=\"twitter:data2\" content=\"3 minutos\" \/>\n<script type=\"application\/ld+json\" class=\"yoast-schema-graph\">{\"@context\":\"https:\/\/schema.org\",\"@graph\":[{\"@type\":\"WebPage\",\"@id\":\"https:\/\/www.tecdmx.org.mx\/index.php\/comunicados\/2021\/10\/20\/boletin-n-91\/\",\"url\":\"https:\/\/www.tecdmx.org.mx\/index.php\/comunicados\/2021\/10\/20\/boletin-n-91\/\",\"name\":\"Bolet\u00edn N\u00b0 91 - Tribunal Electoral de la Ciudad de M\u00e9xico\",\"isPartOf\":{\"@id\":\"https:\/\/www.tecdmx.org.mx\/#website\"},\"primaryImageOfPage\":{\"@id\":\"https:\/\/www.tecdmx.org.mx\/index.php\/comunicados\/2021\/10\/20\/boletin-n-91\/#primaryimage\"},\"image\":{\"@id\":\"https:\/\/www.tecdmx.org.mx\/index.php\/comunicados\/2021\/10\/20\/boletin-n-91\/#primaryimage\"},\"thumbnailUrl\":\"https:\/\/www.tecdmx.org.mx\/wp-content\/uploads\/2020\/08\/comunicado_nuevo.jpg\",\"datePublished\":\"2021-10-21T02:02:26+00:00\",\"dateModified\":\"2021-10-22T02:53:28+00:00\",\"author\":{\"@id\":\"https:\/\/www.tecdmx.org.mx\/#\/schema\/person\/208c898199fb3234203823c5f0cf31d6\"},\"breadcrumb\":{\"@id\":\"https:\/\/www.tecdmx.org.mx\/index.php\/comunicados\/2021\/10\/20\/boletin-n-91\/#breadcrumb\"},\"inLanguage\":\"es\",\"potentialAction\":[{\"@type\":\"ReadAction\",\"target\":[\"https:\/\/www.tecdmx.org.mx\/index.php\/comunicados\/2021\/10\/20\/boletin-n-91\/\"]}]},{\"@type\":\"ImageObject\",\"inLanguage\":\"es\",\"@id\":\"https:\/\/www.tecdmx.org.mx\/index.php\/comunicados\/2021\/10\/20\/boletin-n-91\/#primaryimage\",\"url\":\"https:\/\/www.tecdmx.org.mx\/wp-content\/uploads\/2020\/08\/comunicado_nuevo.jpg\",\"contentUrl\":\"https:\/\/www.tecdmx.org.mx\/wp-content\/uploads\/2020\/08\/comunicado_nuevo.jpg\",\"width\":600,\"height\":366},{\"@type\":\"BreadcrumbList\",\"@id\":\"https:\/\/www.tecdmx.org.mx\/index.php\/comunicados\/2021\/10\/20\/boletin-n-91\/#breadcrumb\",\"itemListElement\":[{\"@type\":\"ListItem\",\"position\":1,\"name\":\"Portada\",\"item\":\"https:\/\/www.tecdmx.org.mx\/\"},{\"@type\":\"ListItem\",\"position\":2,\"name\":\"Bolet\u00edn N\u00b0 91\"}]},{\"@type\":\"WebSite\",\"@id\":\"https:\/\/www.tecdmx.org.mx\/#website\",\"url\":\"https:\/\/www.tecdmx.org.mx\/\",\"name\":\"Tribunal Electoral de la Ciudad de M\u00e9xico\",\"description\":\"25 a\u00f1os garantizando justicia en tu elecci\u00f3n\",\"potentialAction\":[{\"@type\":\"SearchAction\",\"target\":{\"@type\":\"EntryPoint\",\"urlTemplate\":\"https:\/\/www.tecdmx.org.mx\/?s={search_term_string}\"},\"query-input\":\"required name=search_term_string\"}],\"inLanguage\":\"es\"},{\"@type\":\"Person\",\"@id\":\"https:\/\/www.tecdmx.org.mx\/#\/schema\/person\/208c898199fb3234203823c5f0cf31d6\",\"name\":\"Difusion2025\",\"image\":{\"@type\":\"ImageObject\",\"inLanguage\":\"es\",\"@id\":\"https:\/\/www.tecdmx.org.mx\/#\/schema\/person\/image\/\",\"url\":\"https:\/\/secure.gravatar.com\/avatar\/6f7a4ba3acb418040e90a2eb99b5df28?s=96&d=mm&r=g\",\"contentUrl\":\"https:\/\/secure.gravatar.com\/avatar\/6f7a4ba3acb418040e90a2eb99b5df28?s=96&d=mm&r=g\",\"caption\":\"Difusion2025\"}}]}<\/script>\n<!-- \/ Yoast SEO plugin. -->","yoast_head_json":{"title":"Bolet\u00edn N\u00b0 91 - Tribunal Electoral de la Ciudad de M\u00e9xico","robots":{"index":"index","follow":"follow","max-snippet":"max-snippet:-1","max-image-preview":"max-image-preview:large","max-video-preview":"max-video-preview:-1"},"canonical":"https:\/\/www.tecdmx.org.mx\/index.php\/comunicados\/2021\/10\/20\/boletin-n-91\/","og_locale":"es_ES","og_type":"article","og_title":"Bolet\u00edn N\u00b0 91 - Tribunal Electoral de la Ciudad de M\u00e9xico","og_description":"Ciudad de M\u00e9xico, a 20 de octubre de 2021 Bolet\u00edn N\u00b0 91 debe fortalecerse el sistema democratico a trav\u00e9s de la implementaci\u00f3n del&nbsp; principio pro mujer, afirma magistrada Alejandra Ch\u00e1vez [&hellip;]","og_url":"https:\/\/www.tecdmx.org.mx\/index.php\/comunicados\/2021\/10\/20\/boletin-n-91\/","og_site_name":"Tribunal Electoral de la Ciudad de M\u00e9xico","article_publisher":"https:\/\/www.facebook.com\/TECDMX\/","article_published_time":"2021-10-21T02:02:26+00:00","article_modified_time":"2021-10-22T02:53:28+00:00","og_image":[{"width":600,"height":366,"url":"https:\/\/www.tecdmx.org.mx\/wp-content\/uploads\/2020\/08\/comunicado_nuevo.jpg","type":"image\/jpeg"}],"author":"Difusion2025","twitter_card":"summary_large_image","twitter_creator":"@tecdmx","twitter_site":"@tecdmx","twitter_misc":{"Escrito por":"Difusion2025","Tiempo de lectura":"3 minutos"},"schema":{"@context":"https:\/\/schema.org","@graph":[{"@type":"WebPage","@id":"https:\/\/www.tecdmx.org.mx\/index.php\/comunicados\/2021\/10\/20\/boletin-n-91\/","url":"https:\/\/www.tecdmx.org.mx\/index.php\/comunicados\/2021\/10\/20\/boletin-n-91\/","name":"Bolet\u00edn N\u00b0 91 - Tribunal Electoral de la Ciudad de M\u00e9xico","isPartOf":{"@id":"https:\/\/www.tecdmx.org.mx\/#website"},"primaryImageOfPage":{"@id":"https:\/\/www.tecdmx.org.mx\/index.php\/comunicados\/2021\/10\/20\/boletin-n-91\/#primaryimage"},"image":{"@id":"https:\/\/www.tecdmx.org.mx\/index.php\/comunicados\/2021\/10\/20\/boletin-n-91\/#primaryimage"},"thumbnailUrl":"https:\/\/www.tecdmx.org.mx\/wp-content\/uploads\/2020\/08\/comunicado_nuevo.jpg","datePublished":"2021-10-21T02:02:26+00:00","dateModified":"2021-10-22T02:53:28+00:00","author":{"@id":"https:\/\/www.tecdmx.org.mx\/#\/schema\/person\/208c898199fb3234203823c5f0cf31d6"},"breadcrumb":{"@id":"https:\/\/www.tecdmx.org.mx\/index.php\/comunicados\/2021\/10\/20\/boletin-n-91\/#breadcrumb"},"inLanguage":"es","potentialAction":[{"@type":"ReadAction","target":["https:\/\/www.tecdmx.org.mx\/index.php\/comunicados\/2021\/10\/20\/boletin-n-91\/"]}]},{"@type":"ImageObject","inLanguage":"es","@id":"https:\/\/www.tecdmx.org.mx\/index.php\/comunicados\/2021\/10\/20\/boletin-n-91\/#primaryimage","url":"https:\/\/www.tecdmx.org.mx\/wp-content\/uploads\/2020\/08\/comunicado_nuevo.jpg","contentUrl":"https:\/\/www.tecdmx.org.mx\/wp-content\/uploads\/2020\/08\/comunicado_nuevo.jpg","width":600,"height":366},{"@type":"BreadcrumbList","@id":"https:\/\/www.tecdmx.org.mx\/index.php\/comunicados\/2021\/10\/20\/boletin-n-91\/#breadcrumb","itemListElement":[{"@type":"ListItem","position":1,"name":"Portada","item":"https:\/\/www.tecdmx.org.mx\/"},{"@type":"ListItem","position":2,"name":"Bolet\u00edn N\u00b0 91"}]},{"@type":"WebSite","@id":"https:\/\/www.tecdmx.org.mx\/#website","url":"https:\/\/www.tecdmx.org.mx\/","name":"Tribunal Electoral de la Ciudad de M\u00e9xico","description":"25 a\u00f1os garantizando justicia en tu elecci\u00f3n","potentialAction":[{"@type":"SearchAction","target":{"@type":"EntryPoint","urlTemplate":"https:\/\/www.tecdmx.org.mx\/?s={search_term_string}"},"query-input":"required name=search_term_string"}],"inLanguage":"es"},{"@type":"Person","@id":"https:\/\/www.tecdmx.org.mx\/#\/schema\/person\/208c898199fb3234203823c5f0cf31d6","name":"Difusion2025","image":{"@type":"ImageObject","inLanguage":"es","@id":"https:\/\/www.tecdmx.org.mx\/#\/schema\/person\/image\/","url":"https:\/\/secure.gravatar.com\/avatar\/6f7a4ba3acb418040e90a2eb99b5df28?s=96&d=mm&r=g","contentUrl":"https:\/\/secure.gravatar.com\/avatar\/6f7a4ba3acb418040e90a2eb99b5df28?s=96&d=mm&r=g","caption":"Difusion2025"}}]}},"_links":{"self":[{"href":"https:\/\/www.tecdmx.org.mx\/index.php\/wp-json\/wp\/v2\/posts\/30712"}],"collection":[{"href":"https:\/\/www.tecdmx.org.mx\/index.php\/wp-json\/wp\/v2\/posts"}],"about":[{"href":"https:\/\/www.tecdmx.org.mx\/index.php\/wp-json\/wp\/v2\/types\/post"}],"author":[{"embeddable":true,"href":"https:\/\/www.tecdmx.org.mx\/index.php\/wp-json\/wp\/v2\/users\/13"}],"replies":[{"embeddable":true,"href":"https:\/\/www.tecdmx.org.mx\/index.php\/wp-json\/wp\/v2\/comments?post=30712"}],"version-history":[{"count":2,"href":"https:\/\/www.tecdmx.org.mx\/index.php\/wp-json\/wp\/v2\/posts\/30712\/revisions"}],"predecessor-version":[{"id":30722,"href":"https:\/\/www.tecdmx.org.mx\/index.php\/wp-json\/wp\/v2\/posts\/30712\/revisions\/30722"}],"wp:featuredmedia":[{"embeddable":true,"href":"https:\/\/www.tecdmx.org.mx\/index.php\/wp-json\/wp\/v2\/media\/21168"}],"wp:attachment":[{"href":"https:\/\/www.tecdmx.org.mx\/index.php\/wp-json\/wp\/v2\/media?parent=30712"}],"wp:term":[{"taxonomy":"category","embeddable":true,"href":"https:\/\/www.tecdmx.org.mx\/index.php\/wp-json\/wp\/v2\/categories?post=30712"},{"taxonomy":"post_tag","embeddable":true,"href":"https:\/\/www.tecdmx.org.mx\/index.php\/wp-json\/wp\/v2\/tags?post=30712"}],"curies":[{"name":"wp","href":"https:\/\/api.w.org\/{rel}","templated":true}]}}