{"id":32171,"date":"2021-12-13T12:17:29","date_gmt":"2021-12-13T18:17:29","guid":{"rendered":"https:\/\/www.tecdmx.org.mx\/?p=32171"},"modified":"2021-12-13T12:17:30","modified_gmt":"2021-12-13T18:17:30","slug":"boletin-n-112","status":"publish","type":"post","link":"https:\/\/www.tecdmx.org.mx\/index.php\/comunicados\/2021\/12\/13\/boletin-n-112\/","title":{"rendered":"Bolet\u00edn N\u00b0 112"},"content":{"rendered":"\n<p class=\"has-text-align-right\">Ciudad de M\u00e9xico, a 13 de diciembre de 2021<\/p>\n\n\n\n<p><strong>TECDMX, comprometido con la concientizaci\u00f3n de las necesidades de las personas con discapacidad para el ejercicio de sus derechos pol\u00edtico-electorales<\/strong><\/p>\n\n\n\n<ul><li>El foro virtual se integra por 3 mesas en las que se abordar\u00e1 el acceso, participaci\u00f3n y ejercicio de los derechos pol\u00edtico-electorales de las personas con discapacidad.<\/li><\/ul>\n\n\n\n<p>El magistrado presidente interino del Tribunal Electoral de la Ciudad de M\u00e9xico (TECDMX), Armando Ambriz Hern\u00e1ndez, la magistrada Martha Leticia Mercado Ram\u00edrez y el magistrado Juan Carlos S\u00e1nchez Le\u00f3n participaron en la inauguraci\u00f3n del panel virtual \u201cLa accesibilidad y la inclusi\u00f3n de las personas con discapacidad en el ejercicio de sus derechos\u201d, organizado por este \u00d3rgano Jurisdiccional en el marco del D\u00eda Internacional de las Personas con Discapacidad.<\/p>\n\n\n\n<p>Durante el mensaje inaugural, el magistrado Ambriz Hern\u00e1ndez destac\u00f3 la importancia de la inclusi\u00f3n para una sociedad dem\u00f3cratica y que, como una instituci\u00f3n p\u00fablica, el TECDMX debe ayudar a concientizar sobre las necesidades de las personas discapacidad y abrir espacios para que sus voces sean escuchadas.<\/p>\n\n\n\n<p>Asimismo, el magistrado presidente interino destac\u00f3 el trabajo del TECDMX en la inclusi\u00f3n de las personas con discapacidad a la vida p\u00fablica de la CDMX, as\u00ed como sus programas institucionales y acciones orientadas a la igualdad de todas y todos.<\/p>\n\n\n\n<p>\u201cHablar de inclusi\u00f3n nos obliga a hacer un balance de las pol\u00edticas p\u00fablicas que se han implementado en los diversos \u00e1mbitos de la vida de las personas. La inclusi\u00f3n social es un proceso que, a la luz de los esfuerzos de la sociedad civil, autoridades y organizaciones, es ya permanente e ininterrumpible\u201d, afirm\u00f3 el magistrado Ambriz Hern\u00e1ndez.<\/p>\n\n\n\n<p>Al hacer uso de la voz, la magistrada Martha Leticia Mercado Ram\u00edrez asegur\u00f3 que, de acuerdo con datos del INEGI, en M\u00e9xico hay alrededor de 6 millones 179 mil 890 personas con alguna discapacidad (4.9% de la poblaci\u00f3n total), as\u00ed como m\u00e1s de 2 millones de personas que afirman tener alguna limitante para realizar sus actividades.<\/p>\n\n\n\n<p>En el plano democr\u00e1tico, la magistrada Mercado Ram\u00edrez, destac\u00f3 que las autoridades electorales tuvieron que realizar acciones afirmativas para garantizar la participaci\u00f3n y protecci\u00f3n de los derechos pol\u00edtico-electorales de las personas con discapacidad.<\/p>\n\n\n\n<p>\u201cLa batalla es construir una sociedad realmente inclusiva. [\u2026] Es importante la visibilizaci\u00f3n, el di\u00e1logo y la garant\u00eda del acceso a los derechos de las personas con discapacidad. Estoy convencida que una sociedad democr\u00e1tica con grupos que no se sienten incluidos, nos debe hacer reflexionar sobre la deuda hist\u00f3rica que tenemos que atajar\u201d, destac\u00f3 la magistrada del TECDMX.<\/p>\n\n\n\n<p>Por su parte, Geraldina Gonz\u00e1lez de la Vega Hern\u00e1ndez, presidenta del Consejo para Prevenir y Eliminar la Discriminaci\u00f3n de la Ciudad de M\u00e9xico, llam\u00f3 a visibilizar los obst\u00e1culos que viven las personas con discapacidad para el ejercicio de sus derechos, por lo que estos foros son fundamentales para ubicar \u00e1reas de oportunidad sobre los puntos fundamentales donde las autoridades tienen que intervenir.<\/p>\n\n\n\n<p>La presidenta de COPRED afirm\u00f3 que, de acuerdo con datos de esta instituci\u00f3n, el 80% de las personas de las Ciudad de M\u00e9xico perciben que quienes padecen una discapacidad son los m\u00e1s discriminados, mientras que solo el 4% afirma haber sido v\u00edctima de discriminaci\u00f3n, por lo que afirm\u00f3 que \u201cnos falta trabajar mucho en la visibilizaci\u00f3n y la ubicaci\u00f3n de lo que es la discriminaci\u00f3n\u201d.<\/p>\n\n\n\n<p>Asimismo, Karina Salazar Negrete, presidenta de Fundaci\u00f3n Taiyari, llam\u00f3 a responsabilizarnos de nuestros actos, nuestros derechos, el ejercicio que hacemos de ellos y c\u00f3mo hacemos para que las personas con discapacidad los ejerzan a plenitud: \u201cLas organizaciones de la sociedad civil tenemos un compromiso con la inclusi\u00f3n. [\u2026] Somos muchas las que alzamos la voz en favor de los derechos de las personas con discapacidad y trabajamos para incluir sin etiquetas\u201d, asever\u00f3.<\/p>\n\n\n\n<p>Finalmente, Aldo Mu\u00f1oz Ortiz, Director de Pol\u00edticas y Fomento a la Inclusi\u00f3n en el Instituto de las Personas con Discapacidad de la Ciudad de M\u00e9xico, reflexion\u00f3 sobre la convergencia de la accesibilidad, la inclusi\u00f3n y los derechos de las personas con discapacidad: \u201cTenemos que pensar los derechos desde una visi\u00f3n de lo p\u00fablico. Pensar la inclusi\u00f3n desde lo social, lo comunitario, la familia, la convivencia diaria y los principios de respeto y diversidad como pilares para no dejar a nadie atr\u00e1s\u201d, consider\u00f3.<\/p>\n\n\n\n<p class=\"has-text-align-center\"><strong>o-O-o<\/strong><\/p>\n","protected":false},"excerpt":{"rendered":"<p>Ciudad de M\u00e9xico, a 13 de diciembre de 2021 TECDMX, comprometido con la concientizaci\u00f3n de las necesidades de las personas con discapacidad para el ejercicio de sus derechos pol\u00edtico-electorales El [&hellip;]<\/p>\n","protected":false},"author":13,"featured_media":21168,"comment_status":"open","ping_status":"open","sticky":false,"template":"","format":"standard","meta":{"_acf_changed":false,"_exactmetrics_skip_tracking":false,"_exactmetrics_sitenote_active":false,"_exactmetrics_sitenote_note":"","_exactmetrics_sitenote_category":0,"footnotes":""},"categories":[32,47],"tags":[],"acf":[],"yoast_head":"<!-- This site is optimized with the Yoast SEO plugin v22.3 - https:\/\/yoast.com\/wordpress\/plugins\/seo\/ -->\n<title>Bolet\u00edn N\u00b0 112 - Tribunal Electoral de la Ciudad de M\u00e9xico<\/title>\n<meta name=\"robots\" content=\"index, follow, max-snippet:-1, max-image-preview:large, max-video-preview:-1\" \/>\n<link rel=\"canonical\" href=\"https:\/\/www.tecdmx.org.mx\/index.php\/comunicados\/2021\/12\/13\/boletin-n-112\/\" \/>\n<meta property=\"og:locale\" content=\"es_ES\" \/>\n<meta property=\"og:type\" content=\"article\" \/>\n<meta property=\"og:title\" content=\"Bolet\u00edn N\u00b0 112 - Tribunal Electoral de la Ciudad de M\u00e9xico\" \/>\n<meta property=\"og:description\" content=\"Ciudad de M\u00e9xico, a 13 de diciembre de 2021 TECDMX, comprometido con la concientizaci\u00f3n de las necesidades de las personas con discapacidad para el ejercicio de sus derechos pol\u00edtico-electorales El [&hellip;]\" \/>\n<meta property=\"og:url\" content=\"https:\/\/www.tecdmx.org.mx\/index.php\/comunicados\/2021\/12\/13\/boletin-n-112\/\" \/>\n<meta property=\"og:site_name\" content=\"Tribunal Electoral de la Ciudad de M\u00e9xico\" \/>\n<meta property=\"article:publisher\" content=\"https:\/\/www.facebook.com\/TECDMX\/\" \/>\n<meta property=\"article:published_time\" content=\"2021-12-13T18:17:29+00:00\" \/>\n<meta property=\"article:modified_time\" content=\"2021-12-13T18:17:30+00:00\" \/>\n<meta property=\"og:image\" content=\"https:\/\/www.tecdmx.org.mx\/wp-content\/uploads\/2020\/08\/comunicado_nuevo.jpg\" \/>\n\t<meta property=\"og:image:width\" content=\"600\" \/>\n\t<meta property=\"og:image:height\" content=\"366\" \/>\n\t<meta property=\"og:image:type\" content=\"image\/jpeg\" \/>\n<meta name=\"author\" content=\"Difusion2025\" \/>\n<meta name=\"twitter:card\" content=\"summary_large_image\" \/>\n<meta name=\"twitter:creator\" content=\"@tecdmx\" \/>\n<meta name=\"twitter:site\" content=\"@tecdmx\" \/>\n<meta name=\"twitter:label1\" content=\"Escrito por\" \/>\n\t<meta name=\"twitter:data1\" content=\"Difusion2025\" \/>\n\t<meta name=\"twitter:label2\" content=\"Tiempo de lectura\" \/>\n\t<meta name=\"twitter:data2\" content=\"4 minutos\" \/>\n<script type=\"application\/ld+json\" class=\"yoast-schema-graph\">{\"@context\":\"https:\/\/schema.org\",\"@graph\":[{\"@type\":\"WebPage\",\"@id\":\"https:\/\/www.tecdmx.org.mx\/index.php\/comunicados\/2021\/12\/13\/boletin-n-112\/\",\"url\":\"https:\/\/www.tecdmx.org.mx\/index.php\/comunicados\/2021\/12\/13\/boletin-n-112\/\",\"name\":\"Bolet\u00edn N\u00b0 112 - Tribunal Electoral de la Ciudad de M\u00e9xico\",\"isPartOf\":{\"@id\":\"https:\/\/www.tecdmx.org.mx\/#website\"},\"primaryImageOfPage\":{\"@id\":\"https:\/\/www.tecdmx.org.mx\/index.php\/comunicados\/2021\/12\/13\/boletin-n-112\/#primaryimage\"},\"image\":{\"@id\":\"https:\/\/www.tecdmx.org.mx\/index.php\/comunicados\/2021\/12\/13\/boletin-n-112\/#primaryimage\"},\"thumbnailUrl\":\"https:\/\/www.tecdmx.org.mx\/wp-content\/uploads\/2020\/08\/comunicado_nuevo.jpg\",\"datePublished\":\"2021-12-13T18:17:29+00:00\",\"dateModified\":\"2021-12-13T18:17:30+00:00\",\"author\":{\"@id\":\"https:\/\/www.tecdmx.org.mx\/#\/schema\/person\/208c898199fb3234203823c5f0cf31d6\"},\"breadcrumb\":{\"@id\":\"https:\/\/www.tecdmx.org.mx\/index.php\/comunicados\/2021\/12\/13\/boletin-n-112\/#breadcrumb\"},\"inLanguage\":\"es\",\"potentialAction\":[{\"@type\":\"ReadAction\",\"target\":[\"https:\/\/www.tecdmx.org.mx\/index.php\/comunicados\/2021\/12\/13\/boletin-n-112\/\"]}]},{\"@type\":\"ImageObject\",\"inLanguage\":\"es\",\"@id\":\"https:\/\/www.tecdmx.org.mx\/index.php\/comunicados\/2021\/12\/13\/boletin-n-112\/#primaryimage\",\"url\":\"https:\/\/www.tecdmx.org.mx\/wp-content\/uploads\/2020\/08\/comunicado_nuevo.jpg\",\"contentUrl\":\"https:\/\/www.tecdmx.org.mx\/wp-content\/uploads\/2020\/08\/comunicado_nuevo.jpg\",\"width\":600,\"height\":366},{\"@type\":\"BreadcrumbList\",\"@id\":\"https:\/\/www.tecdmx.org.mx\/index.php\/comunicados\/2021\/12\/13\/boletin-n-112\/#breadcrumb\",\"itemListElement\":[{\"@type\":\"ListItem\",\"position\":1,\"name\":\"Portada\",\"item\":\"https:\/\/www.tecdmx.org.mx\/\"},{\"@type\":\"ListItem\",\"position\":2,\"name\":\"Bolet\u00edn N\u00b0 112\"}]},{\"@type\":\"WebSite\",\"@id\":\"https:\/\/www.tecdmx.org.mx\/#website\",\"url\":\"https:\/\/www.tecdmx.org.mx\/\",\"name\":\"Tribunal Electoral de la Ciudad de M\u00e9xico\",\"description\":\"25 a\u00f1os garantizando justicia en tu elecci\u00f3n\",\"potentialAction\":[{\"@type\":\"SearchAction\",\"target\":{\"@type\":\"EntryPoint\",\"urlTemplate\":\"https:\/\/www.tecdmx.org.mx\/?s={search_term_string}\"},\"query-input\":\"required name=search_term_string\"}],\"inLanguage\":\"es\"},{\"@type\":\"Person\",\"@id\":\"https:\/\/www.tecdmx.org.mx\/#\/schema\/person\/208c898199fb3234203823c5f0cf31d6\",\"name\":\"Difusion2025\",\"image\":{\"@type\":\"ImageObject\",\"inLanguage\":\"es\",\"@id\":\"https:\/\/www.tecdmx.org.mx\/#\/schema\/person\/image\/\",\"url\":\"https:\/\/secure.gravatar.com\/avatar\/6f7a4ba3acb418040e90a2eb99b5df28?s=96&d=mm&r=g\",\"contentUrl\":\"https:\/\/secure.gravatar.com\/avatar\/6f7a4ba3acb418040e90a2eb99b5df28?s=96&d=mm&r=g\",\"caption\":\"Difusion2025\"}}]}<\/script>\n<!-- \/ Yoast SEO plugin. -->","yoast_head_json":{"title":"Bolet\u00edn N\u00b0 112 - Tribunal Electoral de la Ciudad de M\u00e9xico","robots":{"index":"index","follow":"follow","max-snippet":"max-snippet:-1","max-image-preview":"max-image-preview:large","max-video-preview":"max-video-preview:-1"},"canonical":"https:\/\/www.tecdmx.org.mx\/index.php\/comunicados\/2021\/12\/13\/boletin-n-112\/","og_locale":"es_ES","og_type":"article","og_title":"Bolet\u00edn N\u00b0 112 - Tribunal Electoral de la Ciudad de M\u00e9xico","og_description":"Ciudad de M\u00e9xico, a 13 de diciembre de 2021 TECDMX, comprometido con la concientizaci\u00f3n de las necesidades de las personas con discapacidad para el ejercicio de sus derechos pol\u00edtico-electorales El [&hellip;]","og_url":"https:\/\/www.tecdmx.org.mx\/index.php\/comunicados\/2021\/12\/13\/boletin-n-112\/","og_site_name":"Tribunal Electoral de la Ciudad de M\u00e9xico","article_publisher":"https:\/\/www.facebook.com\/TECDMX\/","article_published_time":"2021-12-13T18:17:29+00:00","article_modified_time":"2021-12-13T18:17:30+00:00","og_image":[{"width":600,"height":366,"url":"https:\/\/www.tecdmx.org.mx\/wp-content\/uploads\/2020\/08\/comunicado_nuevo.jpg","type":"image\/jpeg"}],"author":"Difusion2025","twitter_card":"summary_large_image","twitter_creator":"@tecdmx","twitter_site":"@tecdmx","twitter_misc":{"Escrito por":"Difusion2025","Tiempo de lectura":"4 minutos"},"schema":{"@context":"https:\/\/schema.org","@graph":[{"@type":"WebPage","@id":"https:\/\/www.tecdmx.org.mx\/index.php\/comunicados\/2021\/12\/13\/boletin-n-112\/","url":"https:\/\/www.tecdmx.org.mx\/index.php\/comunicados\/2021\/12\/13\/boletin-n-112\/","name":"Bolet\u00edn N\u00b0 112 - Tribunal Electoral de la Ciudad de M\u00e9xico","isPartOf":{"@id":"https:\/\/www.tecdmx.org.mx\/#website"},"primaryImageOfPage":{"@id":"https:\/\/www.tecdmx.org.mx\/index.php\/comunicados\/2021\/12\/13\/boletin-n-112\/#primaryimage"},"image":{"@id":"https:\/\/www.tecdmx.org.mx\/index.php\/comunicados\/2021\/12\/13\/boletin-n-112\/#primaryimage"},"thumbnailUrl":"https:\/\/www.tecdmx.org.mx\/wp-content\/uploads\/2020\/08\/comunicado_nuevo.jpg","datePublished":"2021-12-13T18:17:29+00:00","dateModified":"2021-12-13T18:17:30+00:00","author":{"@id":"https:\/\/www.tecdmx.org.mx\/#\/schema\/person\/208c898199fb3234203823c5f0cf31d6"},"breadcrumb":{"@id":"https:\/\/www.tecdmx.org.mx\/index.php\/comunicados\/2021\/12\/13\/boletin-n-112\/#breadcrumb"},"inLanguage":"es","potentialAction":[{"@type":"ReadAction","target":["https:\/\/www.tecdmx.org.mx\/index.php\/comunicados\/2021\/12\/13\/boletin-n-112\/"]}]},{"@type":"ImageObject","inLanguage":"es","@id":"https:\/\/www.tecdmx.org.mx\/index.php\/comunicados\/2021\/12\/13\/boletin-n-112\/#primaryimage","url":"https:\/\/www.tecdmx.org.mx\/wp-content\/uploads\/2020\/08\/comunicado_nuevo.jpg","contentUrl":"https:\/\/www.tecdmx.org.mx\/wp-content\/uploads\/2020\/08\/comunicado_nuevo.jpg","width":600,"height":366},{"@type":"BreadcrumbList","@id":"https:\/\/www.tecdmx.org.mx\/index.php\/comunicados\/2021\/12\/13\/boletin-n-112\/#breadcrumb","itemListElement":[{"@type":"ListItem","position":1,"name":"Portada","item":"https:\/\/www.tecdmx.org.mx\/"},{"@type":"ListItem","position":2,"name":"Bolet\u00edn N\u00b0 112"}]},{"@type":"WebSite","@id":"https:\/\/www.tecdmx.org.mx\/#website","url":"https:\/\/www.tecdmx.org.mx\/","name":"Tribunal Electoral de la Ciudad de M\u00e9xico","description":"25 a\u00f1os garantizando justicia en tu elecci\u00f3n","potentialAction":[{"@type":"SearchAction","target":{"@type":"EntryPoint","urlTemplate":"https:\/\/www.tecdmx.org.mx\/?s={search_term_string}"},"query-input":"required name=search_term_string"}],"inLanguage":"es"},{"@type":"Person","@id":"https:\/\/www.tecdmx.org.mx\/#\/schema\/person\/208c898199fb3234203823c5f0cf31d6","name":"Difusion2025","image":{"@type":"ImageObject","inLanguage":"es","@id":"https:\/\/www.tecdmx.org.mx\/#\/schema\/person\/image\/","url":"https:\/\/secure.gravatar.com\/avatar\/6f7a4ba3acb418040e90a2eb99b5df28?s=96&d=mm&r=g","contentUrl":"https:\/\/secure.gravatar.com\/avatar\/6f7a4ba3acb418040e90a2eb99b5df28?s=96&d=mm&r=g","caption":"Difusion2025"}}]}},"_links":{"self":[{"href":"https:\/\/www.tecdmx.org.mx\/index.php\/wp-json\/wp\/v2\/posts\/32171"}],"collection":[{"href":"https:\/\/www.tecdmx.org.mx\/index.php\/wp-json\/wp\/v2\/posts"}],"about":[{"href":"https:\/\/www.tecdmx.org.mx\/index.php\/wp-json\/wp\/v2\/types\/post"}],"author":[{"embeddable":true,"href":"https:\/\/www.tecdmx.org.mx\/index.php\/wp-json\/wp\/v2\/users\/13"}],"replies":[{"embeddable":true,"href":"https:\/\/www.tecdmx.org.mx\/index.php\/wp-json\/wp\/v2\/comments?post=32171"}],"version-history":[{"count":2,"href":"https:\/\/www.tecdmx.org.mx\/index.php\/wp-json\/wp\/v2\/posts\/32171\/revisions"}],"predecessor-version":[{"id":32174,"href":"https:\/\/www.tecdmx.org.mx\/index.php\/wp-json\/wp\/v2\/posts\/32171\/revisions\/32174"}],"wp:featuredmedia":[{"embeddable":true,"href":"https:\/\/www.tecdmx.org.mx\/index.php\/wp-json\/wp\/v2\/media\/21168"}],"wp:attachment":[{"href":"https:\/\/www.tecdmx.org.mx\/index.php\/wp-json\/wp\/v2\/media?parent=32171"}],"wp:term":[{"taxonomy":"category","embeddable":true,"href":"https:\/\/www.tecdmx.org.mx\/index.php\/wp-json\/wp\/v2\/categories?post=32171"},{"taxonomy":"post_tag","embeddable":true,"href":"https:\/\/www.tecdmx.org.mx\/index.php\/wp-json\/wp\/v2\/tags?post=32171"}],"curies":[{"name":"wp","href":"https:\/\/api.w.org\/{rel}","templated":true}]}}