{"id":32176,"date":"2021-12-13T20:03:18","date_gmt":"2021-12-14T02:03:18","guid":{"rendered":"https:\/\/www.tecdmx.org.mx\/?p=32176"},"modified":"2021-12-13T20:03:19","modified_gmt":"2021-12-14T02:03:19","slug":"boletin-n-113","status":"publish","type":"post","link":"https:\/\/www.tecdmx.org.mx\/index.php\/comunicados\/2021\/12\/13\/boletin-n-113\/","title":{"rendered":"Bolet\u00edn N\u00b0 113"},"content":{"rendered":"\n<p class=\"has-text-align-right\">Ciudad de M\u00e9xico, a 13 de diciembre de 2021<\/p>\n\n\n\n<p><strong>Celebra TECDMX foro virtual para analizar los necesidades y retos de la participaci\u00f3n pol\u00edtica de las personas con discapacidad<\/strong><\/p>\n\n\n\n<p>El Tribunal Electoral de la Ciudad de M\u00e9xico (TECDMX) llev\u00f3 a cabo el foro virtual \u201cLa accesibilidad y la inclusi\u00f3n de las personas con discapacidad en el ejercicio de sus derechos fundamentales\u201d, en el marco del D\u00eda Internacional de las Personas con Discapacidad.<\/p>\n\n\n\n<p>En la primera mesa del panel, moderada por la comisionada del INFO-CDMX, Marina Alicia San Mart\u00edn Rebolloso, comparti\u00f3 que de acuerdo con datos de la Encuesta Nacional sobre Discriminacion 2017 de INEGI y CONAPRED, el 48.5% de las personas con discapacidad no eran respetados sus derechos.<\/p>\n\n\n\n<p>Por su parte, Karina Salazar Negrete, presidenta de la Fundaci\u00f3n Taiyari compartir por la Inclusi\u00f3n A.C. habl\u00f3 sobre la labor de la persona cuidadora como red de apoyo en favor del derecho al cuidado digno de las personas con discapacidad, considerando que la prioridad no es solo ejercer un derecho, es una obligaci\u00f3n a nivel normativo para preservar y exigir el cumplimiento en todas las esferas de derechos inherentes a esta poblaci\u00f3n, as\u00ed como reconocerles como personas que definen prioridades, generan l\u00edmites y ejercen su derecho al respeto de sus derechos humanos.&nbsp;<\/p>\n\n\n\n<p>Asimismo, Laura Lizbeth Bermejo Molina, presidenta de Libre Acceso A.C., destac\u00f3 que la condici\u00f3n de discapacidad debe verse m\u00e1s all\u00e1 de un diagn\u00f3stico m\u00e9dico y de salud, abriendo la perspectiva a que son personas tomadoras de decisiones, de derecho y debemos visibilizarlos e incluirlos abiertamente a trav\u00e9s de elecciones accesibles y procesos electorales incluyentes .<\/p>\n\n\n\n<p>Aldo Mu\u00f1oz Ortiz, director de Pol\u00edticas y Fomento a la Inclusi\u00f3n del Instituto de las Personas con Discapacidad de la Ciudad de M\u00e9xico, afirm\u00f3 que debe hacerse un diagn\u00f3stico de las problem\u00e1ticas de las personas con discapacidad y sus posibles soluciones, as\u00ed como emitir pol\u00edticas p\u00fablicas que permitan abrir canales de debate y comunicaci\u00f3n para hablar de diversidad,&nbsp; pluralidad de opiniones y defensa de las libertades y derechos de las personas con discapacidad.<\/p>\n\n\n\n<p>Para concluir las participaciones de esta mesa, El\u00edas Ponce de Le\u00f3n Oceguera, especialista en derechos de las personas con discapacidad, inclusi\u00f3n y accesibilidad resalt\u00f3 la importancia de crear ayudas t\u00e9cnicas basadas en un trabajo de exploraci\u00f3n que permita generar sistemas tecnol\u00f3gicos de apoyo y herramientas de comunicaci\u00f3n accesibles.<\/p>\n\n\n\n<p>En la segunda mesa, moderada por Marcela T\u00e1rano V\u00e1zquez Mellado, subdirectora de Agenda por los Derechos de las Personas con Discapacidad de la Comisi\u00f3n de Derechos Humanos de la Ciudad de M\u00e9xico, se analiz\u00f3 la integraci\u00f3n de las personas con discapacidad a la vida p\u00fablica de nuestro pa\u00eds a trav\u00e9s del ejercicio pleno de sus derechos pol\u00edtico-electorales.&nbsp;<\/p>\n\n\n\n<p>Al hacer uso de la voz, la diputada Norma Ang\u00e9lica Aceves Garc\u00eda, destac\u00f3 la importancia del actuar legislativo en la promoci\u00f3n de los derechos de las personas con discapacidad, as\u00ed como la ejecuci\u00f3n de acciones afirmativas en favor de la participaci\u00f3n pol\u00edtica de estas.<\/p>\n\n\n\n<p>Asimismo, Agust\u00edn de Pav\u00eda Fr\u00edas, acad\u00e9mico de la Escuela Libre de Derecho y la Universidad Panamericana, cuestion\u00f3 la falta de oportunidades y la brecha salarial que, entre otras cosas, impacta directamente en el desarrollo integral de las personas con discapacidad.<\/p>\n\n\n\n<p>Para terminar con esta mesa, Mar\u00eda del Carmen Carre\u00f3n Castro, ex magistrada de la Sala Regional Especializada del Tribunal Electoral del Poder Judicial de la Federaci\u00f3n, realiz\u00f3 un recorrido por los avances que las autoridades electorales, tanto jurisdiccionales como administrativas, han tenido para favorecer el ejercicio de los derechos pol\u00edtico-electorales de las personas con discapacidad.<\/p>\n\n\n\n<p>Para concluir el foro, la magistrada del TECDMX, Martha Leticia Mercado Ram\u00edrez, moder\u00f3 la \u00faltima mesa y afirm\u00f3 que se deben reconocer los derechos fundamentales, visibilizar y hablar abiertamente sobre la posici\u00f3n en que nos encontramos en el tema de la discapacidad.<\/p>\n\n\n\n<p>Durante su intervenci\u00f3n, Fabiola Ram\u00edrez Mart\u00ednez, nadadora y medallista paral\u00edmpica, reflexion\u00f3 sobre los obst\u00e1culos que tuvo que sortear para convertirse en una atleta paral\u00edmpica de alto rendimiento y la importancia de la visibilizaci\u00f3n de la discapacidad en todos los \u00e1mbitos de la sociedad.<\/p>\n\n\n\n<p>Finalmente, Jes\u00fas Hern\u00e1ndez Hern\u00e1ndez, nadador y medallista paral\u00edmpico, insisti\u00f3 en que se debe reconocer la gran potestad como ser humano para cambiar muchas cosas y adaptarse a los entornos, acept\u00e1ndose y enfrent\u00e1ndose a la realidad con valor y agradecimiento a nosotros mismos, con el fin de lograr la visibilidad, empat\u00eda y equidad para todas las personas con discapacidad.<\/p>\n\n\n\n<p><strong>o-O-o<\/strong><\/p>\n","protected":false},"excerpt":{"rendered":"<p>Ciudad de M\u00e9xico, a 13 de diciembre de 2021 Celebra TECDMX foro virtual para analizar los necesidades y retos de la participaci\u00f3n pol\u00edtica de las personas con discapacidad El Tribunal [&hellip;]<\/p>\n","protected":false},"author":13,"featured_media":21168,"comment_status":"open","ping_status":"open","sticky":false,"template":"","format":"standard","meta":{"_acf_changed":false,"_exactmetrics_skip_tracking":false,"_exactmetrics_sitenote_active":false,"_exactmetrics_sitenote_note":"","_exactmetrics_sitenote_category":0,"footnotes":""},"categories":[32,47],"tags":[],"acf":[],"yoast_head":"<!-- This site is optimized with the Yoast SEO plugin v22.3 - https:\/\/yoast.com\/wordpress\/plugins\/seo\/ -->\n<title>Bolet\u00edn N\u00b0 113 - Tribunal Electoral de la Ciudad de M\u00e9xico<\/title>\n<meta name=\"robots\" content=\"index, follow, max-snippet:-1, max-image-preview:large, max-video-preview:-1\" \/>\n<link rel=\"canonical\" href=\"https:\/\/www.tecdmx.org.mx\/index.php\/comunicados\/2021\/12\/13\/boletin-n-113\/\" \/>\n<meta property=\"og:locale\" content=\"es_ES\" \/>\n<meta property=\"og:type\" content=\"article\" \/>\n<meta property=\"og:title\" content=\"Bolet\u00edn N\u00b0 113 - Tribunal Electoral de la Ciudad de M\u00e9xico\" \/>\n<meta property=\"og:description\" content=\"Ciudad de M\u00e9xico, a 13 de diciembre de 2021 Celebra TECDMX foro virtual para analizar los necesidades y retos de la participaci\u00f3n pol\u00edtica de las personas con discapacidad El Tribunal [&hellip;]\" \/>\n<meta property=\"og:url\" content=\"https:\/\/www.tecdmx.org.mx\/index.php\/comunicados\/2021\/12\/13\/boletin-n-113\/\" \/>\n<meta property=\"og:site_name\" content=\"Tribunal Electoral de la Ciudad de M\u00e9xico\" \/>\n<meta property=\"article:publisher\" content=\"https:\/\/www.facebook.com\/TECDMX\/\" \/>\n<meta property=\"article:published_time\" content=\"2021-12-14T02:03:18+00:00\" \/>\n<meta property=\"article:modified_time\" content=\"2021-12-14T02:03:19+00:00\" \/>\n<meta property=\"og:image\" content=\"https:\/\/www.tecdmx.org.mx\/wp-content\/uploads\/2020\/08\/comunicado_nuevo.jpg\" \/>\n\t<meta property=\"og:image:width\" content=\"600\" \/>\n\t<meta property=\"og:image:height\" content=\"366\" \/>\n\t<meta property=\"og:image:type\" content=\"image\/jpeg\" \/>\n<meta name=\"author\" content=\"Difusion2025\" \/>\n<meta name=\"twitter:card\" content=\"summary_large_image\" \/>\n<meta name=\"twitter:creator\" content=\"@tecdmx\" \/>\n<meta name=\"twitter:site\" content=\"@tecdmx\" \/>\n<meta name=\"twitter:label1\" content=\"Escrito por\" \/>\n\t<meta name=\"twitter:data1\" content=\"Difusion2025\" \/>\n\t<meta name=\"twitter:label2\" content=\"Tiempo de lectura\" \/>\n\t<meta name=\"twitter:data2\" content=\"4 minutos\" \/>\n<script type=\"application\/ld+json\" class=\"yoast-schema-graph\">{\"@context\":\"https:\/\/schema.org\",\"@graph\":[{\"@type\":\"WebPage\",\"@id\":\"https:\/\/www.tecdmx.org.mx\/index.php\/comunicados\/2021\/12\/13\/boletin-n-113\/\",\"url\":\"https:\/\/www.tecdmx.org.mx\/index.php\/comunicados\/2021\/12\/13\/boletin-n-113\/\",\"name\":\"Bolet\u00edn N\u00b0 113 - Tribunal Electoral de la Ciudad de M\u00e9xico\",\"isPartOf\":{\"@id\":\"https:\/\/www.tecdmx.org.mx\/#website\"},\"primaryImageOfPage\":{\"@id\":\"https:\/\/www.tecdmx.org.mx\/index.php\/comunicados\/2021\/12\/13\/boletin-n-113\/#primaryimage\"},\"image\":{\"@id\":\"https:\/\/www.tecdmx.org.mx\/index.php\/comunicados\/2021\/12\/13\/boletin-n-113\/#primaryimage\"},\"thumbnailUrl\":\"https:\/\/www.tecdmx.org.mx\/wp-content\/uploads\/2020\/08\/comunicado_nuevo.jpg\",\"datePublished\":\"2021-12-14T02:03:18+00:00\",\"dateModified\":\"2021-12-14T02:03:19+00:00\",\"author\":{\"@id\":\"https:\/\/www.tecdmx.org.mx\/#\/schema\/person\/208c898199fb3234203823c5f0cf31d6\"},\"breadcrumb\":{\"@id\":\"https:\/\/www.tecdmx.org.mx\/index.php\/comunicados\/2021\/12\/13\/boletin-n-113\/#breadcrumb\"},\"inLanguage\":\"es\",\"potentialAction\":[{\"@type\":\"ReadAction\",\"target\":[\"https:\/\/www.tecdmx.org.mx\/index.php\/comunicados\/2021\/12\/13\/boletin-n-113\/\"]}]},{\"@type\":\"ImageObject\",\"inLanguage\":\"es\",\"@id\":\"https:\/\/www.tecdmx.org.mx\/index.php\/comunicados\/2021\/12\/13\/boletin-n-113\/#primaryimage\",\"url\":\"https:\/\/www.tecdmx.org.mx\/wp-content\/uploads\/2020\/08\/comunicado_nuevo.jpg\",\"contentUrl\":\"https:\/\/www.tecdmx.org.mx\/wp-content\/uploads\/2020\/08\/comunicado_nuevo.jpg\",\"width\":600,\"height\":366},{\"@type\":\"BreadcrumbList\",\"@id\":\"https:\/\/www.tecdmx.org.mx\/index.php\/comunicados\/2021\/12\/13\/boletin-n-113\/#breadcrumb\",\"itemListElement\":[{\"@type\":\"ListItem\",\"position\":1,\"name\":\"Portada\",\"item\":\"https:\/\/www.tecdmx.org.mx\/\"},{\"@type\":\"ListItem\",\"position\":2,\"name\":\"Bolet\u00edn N\u00b0 113\"}]},{\"@type\":\"WebSite\",\"@id\":\"https:\/\/www.tecdmx.org.mx\/#website\",\"url\":\"https:\/\/www.tecdmx.org.mx\/\",\"name\":\"Tribunal Electoral de la Ciudad de M\u00e9xico\",\"description\":\"25 a\u00f1os garantizando justicia en tu elecci\u00f3n\",\"potentialAction\":[{\"@type\":\"SearchAction\",\"target\":{\"@type\":\"EntryPoint\",\"urlTemplate\":\"https:\/\/www.tecdmx.org.mx\/?s={search_term_string}\"},\"query-input\":\"required name=search_term_string\"}],\"inLanguage\":\"es\"},{\"@type\":\"Person\",\"@id\":\"https:\/\/www.tecdmx.org.mx\/#\/schema\/person\/208c898199fb3234203823c5f0cf31d6\",\"name\":\"Difusion2025\",\"image\":{\"@type\":\"ImageObject\",\"inLanguage\":\"es\",\"@id\":\"https:\/\/www.tecdmx.org.mx\/#\/schema\/person\/image\/\",\"url\":\"https:\/\/secure.gravatar.com\/avatar\/6f7a4ba3acb418040e90a2eb99b5df28?s=96&d=mm&r=g\",\"contentUrl\":\"https:\/\/secure.gravatar.com\/avatar\/6f7a4ba3acb418040e90a2eb99b5df28?s=96&d=mm&r=g\",\"caption\":\"Difusion2025\"}}]}<\/script>\n<!-- \/ Yoast SEO plugin. -->","yoast_head_json":{"title":"Bolet\u00edn N\u00b0 113 - Tribunal Electoral de la Ciudad de M\u00e9xico","robots":{"index":"index","follow":"follow","max-snippet":"max-snippet:-1","max-image-preview":"max-image-preview:large","max-video-preview":"max-video-preview:-1"},"canonical":"https:\/\/www.tecdmx.org.mx\/index.php\/comunicados\/2021\/12\/13\/boletin-n-113\/","og_locale":"es_ES","og_type":"article","og_title":"Bolet\u00edn N\u00b0 113 - Tribunal Electoral de la Ciudad de M\u00e9xico","og_description":"Ciudad de M\u00e9xico, a 13 de diciembre de 2021 Celebra TECDMX foro virtual para analizar los necesidades y retos de la participaci\u00f3n pol\u00edtica de las personas con discapacidad El Tribunal [&hellip;]","og_url":"https:\/\/www.tecdmx.org.mx\/index.php\/comunicados\/2021\/12\/13\/boletin-n-113\/","og_site_name":"Tribunal Electoral de la Ciudad de M\u00e9xico","article_publisher":"https:\/\/www.facebook.com\/TECDMX\/","article_published_time":"2021-12-14T02:03:18+00:00","article_modified_time":"2021-12-14T02:03:19+00:00","og_image":[{"width":600,"height":366,"url":"https:\/\/www.tecdmx.org.mx\/wp-content\/uploads\/2020\/08\/comunicado_nuevo.jpg","type":"image\/jpeg"}],"author":"Difusion2025","twitter_card":"summary_large_image","twitter_creator":"@tecdmx","twitter_site":"@tecdmx","twitter_misc":{"Escrito por":"Difusion2025","Tiempo de lectura":"4 minutos"},"schema":{"@context":"https:\/\/schema.org","@graph":[{"@type":"WebPage","@id":"https:\/\/www.tecdmx.org.mx\/index.php\/comunicados\/2021\/12\/13\/boletin-n-113\/","url":"https:\/\/www.tecdmx.org.mx\/index.php\/comunicados\/2021\/12\/13\/boletin-n-113\/","name":"Bolet\u00edn N\u00b0 113 - Tribunal Electoral de la Ciudad de M\u00e9xico","isPartOf":{"@id":"https:\/\/www.tecdmx.org.mx\/#website"},"primaryImageOfPage":{"@id":"https:\/\/www.tecdmx.org.mx\/index.php\/comunicados\/2021\/12\/13\/boletin-n-113\/#primaryimage"},"image":{"@id":"https:\/\/www.tecdmx.org.mx\/index.php\/comunicados\/2021\/12\/13\/boletin-n-113\/#primaryimage"},"thumbnailUrl":"https:\/\/www.tecdmx.org.mx\/wp-content\/uploads\/2020\/08\/comunicado_nuevo.jpg","datePublished":"2021-12-14T02:03:18+00:00","dateModified":"2021-12-14T02:03:19+00:00","author":{"@id":"https:\/\/www.tecdmx.org.mx\/#\/schema\/person\/208c898199fb3234203823c5f0cf31d6"},"breadcrumb":{"@id":"https:\/\/www.tecdmx.org.mx\/index.php\/comunicados\/2021\/12\/13\/boletin-n-113\/#breadcrumb"},"inLanguage":"es","potentialAction":[{"@type":"ReadAction","target":["https:\/\/www.tecdmx.org.mx\/index.php\/comunicados\/2021\/12\/13\/boletin-n-113\/"]}]},{"@type":"ImageObject","inLanguage":"es","@id":"https:\/\/www.tecdmx.org.mx\/index.php\/comunicados\/2021\/12\/13\/boletin-n-113\/#primaryimage","url":"https:\/\/www.tecdmx.org.mx\/wp-content\/uploads\/2020\/08\/comunicado_nuevo.jpg","contentUrl":"https:\/\/www.tecdmx.org.mx\/wp-content\/uploads\/2020\/08\/comunicado_nuevo.jpg","width":600,"height":366},{"@type":"BreadcrumbList","@id":"https:\/\/www.tecdmx.org.mx\/index.php\/comunicados\/2021\/12\/13\/boletin-n-113\/#breadcrumb","itemListElement":[{"@type":"ListItem","position":1,"name":"Portada","item":"https:\/\/www.tecdmx.org.mx\/"},{"@type":"ListItem","position":2,"name":"Bolet\u00edn N\u00b0 113"}]},{"@type":"WebSite","@id":"https:\/\/www.tecdmx.org.mx\/#website","url":"https:\/\/www.tecdmx.org.mx\/","name":"Tribunal Electoral de la Ciudad de M\u00e9xico","description":"25 a\u00f1os garantizando justicia en tu elecci\u00f3n","potentialAction":[{"@type":"SearchAction","target":{"@type":"EntryPoint","urlTemplate":"https:\/\/www.tecdmx.org.mx\/?s={search_term_string}"},"query-input":"required name=search_term_string"}],"inLanguage":"es"},{"@type":"Person","@id":"https:\/\/www.tecdmx.org.mx\/#\/schema\/person\/208c898199fb3234203823c5f0cf31d6","name":"Difusion2025","image":{"@type":"ImageObject","inLanguage":"es","@id":"https:\/\/www.tecdmx.org.mx\/#\/schema\/person\/image\/","url":"https:\/\/secure.gravatar.com\/avatar\/6f7a4ba3acb418040e90a2eb99b5df28?s=96&d=mm&r=g","contentUrl":"https:\/\/secure.gravatar.com\/avatar\/6f7a4ba3acb418040e90a2eb99b5df28?s=96&d=mm&r=g","caption":"Difusion2025"}}]}},"_links":{"self":[{"href":"https:\/\/www.tecdmx.org.mx\/index.php\/wp-json\/wp\/v2\/posts\/32176"}],"collection":[{"href":"https:\/\/www.tecdmx.org.mx\/index.php\/wp-json\/wp\/v2\/posts"}],"about":[{"href":"https:\/\/www.tecdmx.org.mx\/index.php\/wp-json\/wp\/v2\/types\/post"}],"author":[{"embeddable":true,"href":"https:\/\/www.tecdmx.org.mx\/index.php\/wp-json\/wp\/v2\/users\/13"}],"replies":[{"embeddable":true,"href":"https:\/\/www.tecdmx.org.mx\/index.php\/wp-json\/wp\/v2\/comments?post=32176"}],"version-history":[{"count":2,"href":"https:\/\/www.tecdmx.org.mx\/index.php\/wp-json\/wp\/v2\/posts\/32176\/revisions"}],"predecessor-version":[{"id":32179,"href":"https:\/\/www.tecdmx.org.mx\/index.php\/wp-json\/wp\/v2\/posts\/32176\/revisions\/32179"}],"wp:featuredmedia":[{"embeddable":true,"href":"https:\/\/www.tecdmx.org.mx\/index.php\/wp-json\/wp\/v2\/media\/21168"}],"wp:attachment":[{"href":"https:\/\/www.tecdmx.org.mx\/index.php\/wp-json\/wp\/v2\/media?parent=32176"}],"wp:term":[{"taxonomy":"category","embeddable":true,"href":"https:\/\/www.tecdmx.org.mx\/index.php\/wp-json\/wp\/v2\/categories?post=32176"},{"taxonomy":"post_tag","embeddable":true,"href":"https:\/\/www.tecdmx.org.mx\/index.php\/wp-json\/wp\/v2\/tags?post=32176"}],"curies":[{"name":"wp","href":"https:\/\/api.w.org\/{rel}","templated":true}]}}