{"id":33281,"date":"2022-02-09T13:38:39","date_gmt":"2022-02-09T19:38:39","guid":{"rendered":"https:\/\/www.tecdmx.org.mx\/?p=33281"},"modified":"2022-02-09T13:38:42","modified_gmt":"2022-02-09T19:38:42","slug":"boletin-n-7__trashed","status":"publish","type":"post","link":"https:\/\/www.tecdmx.org.mx\/index.php\/comunicados\/2022\/02\/09\/boletin-n-7__trashed\/","title":{"rendered":"Bolet\u00edn N\u00b0 7"},"content":{"rendered":"\n<p class=\"has-text-align-right\">Ciudad de M\u00e9xico, a 9 de febrero de 2022<\/p>\n\n\n\n<p><\/p>\n\n\n\n<p class=\"has-text-align-center\"><strong>No hay tierra m\u00e1s f\u00e9rtil para la formaci\u00f3n democr\u00e1tica que las personas j\u00f3venes, afirma el magistrado Armando Ambriz Hern\u00e1ndez<\/strong><\/p>\n\n\n\n<ul><li>TECDMX y SECTEI impulsan un espacio de di\u00e1logo y debate entre estudiantes y autoridades para analizar el acceso y la formaci\u00f3n de las personas j\u00f3venes en la vida democr\u00e1tica.<\/li><\/ul>\n\n\n\n<p>El magistrado presidente interino del Tribunal Electoral de la Ciudad de M\u00e9xico (TECDMX), Armando Ambriz Hern\u00e1ndez, y la magistrada Martha Leticia Mercado Ram\u00edrez, participaron en la ceremonia de inauguraci\u00f3n del 2\u00b0 E-Conversatorio en Educaci\u00f3n: Cultivando la Democracia en la Ciudad de M\u00e9xico 2022, organizado por este \u00d3rgano Jurisdiccional y la Secretar\u00eda de Educaci\u00f3n, Ciencia, Tecnolog\u00eda e Innovaci\u00f3n de la Ciudad de M\u00e9xico (SECTEI).<\/p>\n\n\n\n<p>Al hacer uso de la voz, el magistrado Ambriz Hern\u00e1ndez destac\u00f3 la importancia de cultivar en las personas j\u00f3venes los principios de la democracia, los cuales ser\u00e1n abonados por la innovaci\u00f3n de la juventud, para tener una mejor ciudadan\u00eda, de ah\u00ed la relevancia de abrir espacios de di\u00e1logo que impulsen una sociedad m\u00e1s participativa, informada y democr\u00e1tica.<\/p>\n\n\n\n<p>\u201cSi entendemos a la democracia como un conjunto de valores, estos deben sembrarse, abonarse regarse y cultivarse para tener una cosecha pr\u00f3spera y plena; y no hay tierra m\u00e1s f\u00e9rtil que la de las personas j\u00f3venes\u201d, afirm\u00f3 el magistrado presidente interino del TECDMX.<\/p>\n\n\n\n<p>Por su parte, la magistrada Mercado Ram\u00edrez se congratul\u00f3 por la oportunidad de plantear este tipo de conversatorios en donde convergen estudiantes y autoridades para debatir y reflexionar sobre las necesidades de participaci\u00f3n y acceso a la vida democr\u00e1tica.<\/p>\n\n\n\n<p>\u201cReconozco la importancia de dialogar e intercambiar este c\u00famulo de ideas que se genera en cada estudiante a trav\u00e9s de las problem\u00e1ticas que deben resolver [\u2026] Es para m\u00ed un benepl\u00e1cito que el Tribunal Electoral de la Ciudad de M\u00e9xico encabece este tipo de eventos\u201d, a\u00f1adi\u00f3 la magistrada del TECDMX.<\/p>\n\n\n\n<p>En representaci\u00f3n de la Dra. Rosaura Ruiz Guti\u00e9rrez, titular de la SECTEI, Paulo C\u00e9sar Mart\u00ednez consider\u00f3 que la educaci\u00f3n es la base para toda sociedad, por lo que tanto desde la secretar\u00eda como de la Jefatura de Gobierno se ha dado un importante impulso a esta, generando nuevas estrategias para hacer llegar el conocimiento a toda la ciudad en el contexto actual de la pandemia por Covid-19.<\/p>\n\n\n\n<p>\u201cEntendemos que este tipo de eventos nos ayudar\u00e1 en la generaci\u00f3n de conocimientos y de nuevas experiencias educativas en este contexto de pandemia. Desde las autoridades entendemos que es fundamental conocer la visi\u00f3n de estudiantes de secundaria y preparatoria en temas como la desigualdad educativa y la brecha digital\u201d, refiri\u00f3 el coordinador general de Inclusi\u00f3n Educativa e Innovaci\u00f3n de la SECTEI.<\/p>\n\n\n\n<p>Finalmente, la directora general del Instituto de Educaci\u00f3n Media Superior de la Ciudad de M\u00e9xico, Silvia Estela Jurado Cu\u00e9llar, reflexion\u00f3 sobre la relevancia de que las personas j\u00f3venes aprendan a escuchar, debatir y expresar ideas para construir el progreso de nuestra ciudad.<\/p>\n\n\n\n<p>\u201cLa escuela es la ventana de la cultura democr\u00e1tica y de la formaci\u00f3n ciudadana de las personas j\u00f3venes en la Ciudad de M\u00e9xico [\u2026] La educaci\u00f3n es una construcci\u00f3n social que se proyecta en las escuelas y al exterior de estas, en donde las personas estudiantes puedan ser mejores personas en el mundo\u201d, concluy\u00f3 Jurado Cu\u00e9llar.<\/p>\n\n\n\n<p class=\"has-text-align-center\"><strong>o-O-o<\/strong><\/p>\n","protected":false},"excerpt":{"rendered":"<p>Ciudad de M\u00e9xico, a 9 de febrero de 2022 No hay tierra m\u00e1s f\u00e9rtil para la formaci\u00f3n democr\u00e1tica que las personas j\u00f3venes, afirma el magistrado Armando Ambriz Hern\u00e1ndez TECDMX y [&hellip;]<\/p>\n","protected":false},"author":13,"featured_media":21168,"comment_status":"open","ping_status":"open","sticky":false,"template":"","format":"standard","meta":{"_acf_changed":false,"_exactmetrics_skip_tracking":false,"_exactmetrics_sitenote_active":false,"_exactmetrics_sitenote_note":"","_exactmetrics_sitenote_category":0,"footnotes":""},"categories":[32,47],"tags":[],"acf":[],"yoast_head":"<!-- This site is optimized with the Yoast SEO plugin v22.3 - https:\/\/yoast.com\/wordpress\/plugins\/seo\/ -->\n<title>Bolet\u00edn N\u00b0 7 - Tribunal Electoral de la Ciudad de M\u00e9xico<\/title>\n<meta name=\"robots\" content=\"index, follow, max-snippet:-1, max-image-preview:large, max-video-preview:-1\" \/>\n<link rel=\"canonical\" href=\"https:\/\/www.tecdmx.org.mx\/index.php\/comunicados\/2022\/02\/09\/boletin-n-7\/\" \/>\n<meta property=\"og:locale\" content=\"es_ES\" \/>\n<meta property=\"og:type\" content=\"article\" \/>\n<meta property=\"og:title\" content=\"Bolet\u00edn N\u00b0 7 - Tribunal Electoral de la Ciudad de M\u00e9xico\" \/>\n<meta property=\"og:description\" content=\"Ciudad de M\u00e9xico, a 9 de febrero de 2022 No hay tierra m\u00e1s f\u00e9rtil para la formaci\u00f3n democr\u00e1tica que las personas j\u00f3venes, afirma el magistrado Armando Ambriz Hern\u00e1ndez TECDMX y [&hellip;]\" \/>\n<meta property=\"og:url\" content=\"https:\/\/www.tecdmx.org.mx\/index.php\/comunicados\/2022\/02\/09\/boletin-n-7\/\" \/>\n<meta property=\"og:site_name\" content=\"Tribunal Electoral de la Ciudad de M\u00e9xico\" \/>\n<meta property=\"article:publisher\" content=\"https:\/\/www.facebook.com\/TECDMX\/\" \/>\n<meta property=\"article:published_time\" content=\"2022-02-09T19:38:39+00:00\" \/>\n<meta property=\"article:modified_time\" content=\"2022-02-09T19:38:42+00:00\" \/>\n<meta property=\"og:image\" content=\"https:\/\/www.tecdmx.org.mx\/wp-content\/uploads\/2020\/08\/comunicado_nuevo.jpg\" \/>\n\t<meta property=\"og:image:width\" content=\"600\" \/>\n\t<meta property=\"og:image:height\" content=\"366\" \/>\n\t<meta property=\"og:image:type\" content=\"image\/jpeg\" \/>\n<meta name=\"author\" content=\"Difusion2025\" \/>\n<meta name=\"twitter:card\" content=\"summary_large_image\" \/>\n<meta name=\"twitter:creator\" content=\"@tecdmx\" \/>\n<meta name=\"twitter:site\" content=\"@tecdmx\" \/>\n<meta name=\"twitter:label1\" content=\"Escrito por\" \/>\n\t<meta name=\"twitter:data1\" content=\"Difusion2025\" \/>\n\t<meta name=\"twitter:label2\" content=\"Tiempo de lectura\" \/>\n\t<meta name=\"twitter:data2\" content=\"3 minutos\" \/>\n<script type=\"application\/ld+json\" class=\"yoast-schema-graph\">{\"@context\":\"https:\/\/schema.org\",\"@graph\":[{\"@type\":\"WebPage\",\"@id\":\"https:\/\/www.tecdmx.org.mx\/index.php\/comunicados\/2022\/02\/09\/boletin-n-7\/\",\"url\":\"https:\/\/www.tecdmx.org.mx\/index.php\/comunicados\/2022\/02\/09\/boletin-n-7\/\",\"name\":\"Bolet\u00edn N\u00b0 7 - Tribunal Electoral de la Ciudad de M\u00e9xico\",\"isPartOf\":{\"@id\":\"https:\/\/www.tecdmx.org.mx\/#website\"},\"primaryImageOfPage\":{\"@id\":\"https:\/\/www.tecdmx.org.mx\/index.php\/comunicados\/2022\/02\/09\/boletin-n-7\/#primaryimage\"},\"image\":{\"@id\":\"https:\/\/www.tecdmx.org.mx\/index.php\/comunicados\/2022\/02\/09\/boletin-n-7\/#primaryimage\"},\"thumbnailUrl\":\"https:\/\/www.tecdmx.org.mx\/wp-content\/uploads\/2020\/08\/comunicado_nuevo.jpg\",\"datePublished\":\"2022-02-09T19:38:39+00:00\",\"dateModified\":\"2022-02-09T19:38:42+00:00\",\"author\":{\"@id\":\"https:\/\/www.tecdmx.org.mx\/#\/schema\/person\/208c898199fb3234203823c5f0cf31d6\"},\"breadcrumb\":{\"@id\":\"https:\/\/www.tecdmx.org.mx\/index.php\/comunicados\/2022\/02\/09\/boletin-n-7\/#breadcrumb\"},\"inLanguage\":\"es\",\"potentialAction\":[{\"@type\":\"ReadAction\",\"target\":[\"https:\/\/www.tecdmx.org.mx\/index.php\/comunicados\/2022\/02\/09\/boletin-n-7\/\"]}]},{\"@type\":\"ImageObject\",\"inLanguage\":\"es\",\"@id\":\"https:\/\/www.tecdmx.org.mx\/index.php\/comunicados\/2022\/02\/09\/boletin-n-7\/#primaryimage\",\"url\":\"https:\/\/www.tecdmx.org.mx\/wp-content\/uploads\/2020\/08\/comunicado_nuevo.jpg\",\"contentUrl\":\"https:\/\/www.tecdmx.org.mx\/wp-content\/uploads\/2020\/08\/comunicado_nuevo.jpg\",\"width\":600,\"height\":366},{\"@type\":\"BreadcrumbList\",\"@id\":\"https:\/\/www.tecdmx.org.mx\/index.php\/comunicados\/2022\/02\/09\/boletin-n-7\/#breadcrumb\",\"itemListElement\":[{\"@type\":\"ListItem\",\"position\":1,\"name\":\"Portada\",\"item\":\"https:\/\/www.tecdmx.org.mx\/\"},{\"@type\":\"ListItem\",\"position\":2,\"name\":\"Bolet\u00edn N\u00b0 7\"}]},{\"@type\":\"WebSite\",\"@id\":\"https:\/\/www.tecdmx.org.mx\/#website\",\"url\":\"https:\/\/www.tecdmx.org.mx\/\",\"name\":\"Tribunal Electoral de la Ciudad de M\u00e9xico\",\"description\":\"25 a\u00f1os garantizando justicia en tu elecci\u00f3n\",\"potentialAction\":[{\"@type\":\"SearchAction\",\"target\":{\"@type\":\"EntryPoint\",\"urlTemplate\":\"https:\/\/www.tecdmx.org.mx\/?s={search_term_string}\"},\"query-input\":\"required name=search_term_string\"}],\"inLanguage\":\"es\"},{\"@type\":\"Person\",\"@id\":\"https:\/\/www.tecdmx.org.mx\/#\/schema\/person\/208c898199fb3234203823c5f0cf31d6\",\"name\":\"Difusion2025\",\"image\":{\"@type\":\"ImageObject\",\"inLanguage\":\"es\",\"@id\":\"https:\/\/www.tecdmx.org.mx\/#\/schema\/person\/image\/\",\"url\":\"https:\/\/secure.gravatar.com\/avatar\/6f7a4ba3acb418040e90a2eb99b5df28?s=96&d=mm&r=g\",\"contentUrl\":\"https:\/\/secure.gravatar.com\/avatar\/6f7a4ba3acb418040e90a2eb99b5df28?s=96&d=mm&r=g\",\"caption\":\"Difusion2025\"}}]}<\/script>\n<!-- \/ Yoast SEO plugin. -->","yoast_head_json":{"title":"Bolet\u00edn N\u00b0 7 - Tribunal Electoral de la Ciudad de M\u00e9xico","robots":{"index":"index","follow":"follow","max-snippet":"max-snippet:-1","max-image-preview":"max-image-preview:large","max-video-preview":"max-video-preview:-1"},"canonical":"https:\/\/www.tecdmx.org.mx\/index.php\/comunicados\/2022\/02\/09\/boletin-n-7\/","og_locale":"es_ES","og_type":"article","og_title":"Bolet\u00edn N\u00b0 7 - Tribunal Electoral de la Ciudad de M\u00e9xico","og_description":"Ciudad de M\u00e9xico, a 9 de febrero de 2022 No hay tierra m\u00e1s f\u00e9rtil para la formaci\u00f3n democr\u00e1tica que las personas j\u00f3venes, afirma el magistrado Armando Ambriz Hern\u00e1ndez TECDMX y [&hellip;]","og_url":"https:\/\/www.tecdmx.org.mx\/index.php\/comunicados\/2022\/02\/09\/boletin-n-7\/","og_site_name":"Tribunal Electoral de la Ciudad de M\u00e9xico","article_publisher":"https:\/\/www.facebook.com\/TECDMX\/","article_published_time":"2022-02-09T19:38:39+00:00","article_modified_time":"2022-02-09T19:38:42+00:00","og_image":[{"width":600,"height":366,"url":"https:\/\/www.tecdmx.org.mx\/wp-content\/uploads\/2020\/08\/comunicado_nuevo.jpg","type":"image\/jpeg"}],"author":"Difusion2025","twitter_card":"summary_large_image","twitter_creator":"@tecdmx","twitter_site":"@tecdmx","twitter_misc":{"Escrito por":"Difusion2025","Tiempo de lectura":"3 minutos"},"schema":{"@context":"https:\/\/schema.org","@graph":[{"@type":"WebPage","@id":"https:\/\/www.tecdmx.org.mx\/index.php\/comunicados\/2022\/02\/09\/boletin-n-7\/","url":"https:\/\/www.tecdmx.org.mx\/index.php\/comunicados\/2022\/02\/09\/boletin-n-7\/","name":"Bolet\u00edn N\u00b0 7 - Tribunal Electoral de la Ciudad de M\u00e9xico","isPartOf":{"@id":"https:\/\/www.tecdmx.org.mx\/#website"},"primaryImageOfPage":{"@id":"https:\/\/www.tecdmx.org.mx\/index.php\/comunicados\/2022\/02\/09\/boletin-n-7\/#primaryimage"},"image":{"@id":"https:\/\/www.tecdmx.org.mx\/index.php\/comunicados\/2022\/02\/09\/boletin-n-7\/#primaryimage"},"thumbnailUrl":"https:\/\/www.tecdmx.org.mx\/wp-content\/uploads\/2020\/08\/comunicado_nuevo.jpg","datePublished":"2022-02-09T19:38:39+00:00","dateModified":"2022-02-09T19:38:42+00:00","author":{"@id":"https:\/\/www.tecdmx.org.mx\/#\/schema\/person\/208c898199fb3234203823c5f0cf31d6"},"breadcrumb":{"@id":"https:\/\/www.tecdmx.org.mx\/index.php\/comunicados\/2022\/02\/09\/boletin-n-7\/#breadcrumb"},"inLanguage":"es","potentialAction":[{"@type":"ReadAction","target":["https:\/\/www.tecdmx.org.mx\/index.php\/comunicados\/2022\/02\/09\/boletin-n-7\/"]}]},{"@type":"ImageObject","inLanguage":"es","@id":"https:\/\/www.tecdmx.org.mx\/index.php\/comunicados\/2022\/02\/09\/boletin-n-7\/#primaryimage","url":"https:\/\/www.tecdmx.org.mx\/wp-content\/uploads\/2020\/08\/comunicado_nuevo.jpg","contentUrl":"https:\/\/www.tecdmx.org.mx\/wp-content\/uploads\/2020\/08\/comunicado_nuevo.jpg","width":600,"height":366},{"@type":"BreadcrumbList","@id":"https:\/\/www.tecdmx.org.mx\/index.php\/comunicados\/2022\/02\/09\/boletin-n-7\/#breadcrumb","itemListElement":[{"@type":"ListItem","position":1,"name":"Portada","item":"https:\/\/www.tecdmx.org.mx\/"},{"@type":"ListItem","position":2,"name":"Bolet\u00edn N\u00b0 7"}]},{"@type":"WebSite","@id":"https:\/\/www.tecdmx.org.mx\/#website","url":"https:\/\/www.tecdmx.org.mx\/","name":"Tribunal Electoral de la Ciudad de M\u00e9xico","description":"25 a\u00f1os garantizando justicia en tu elecci\u00f3n","potentialAction":[{"@type":"SearchAction","target":{"@type":"EntryPoint","urlTemplate":"https:\/\/www.tecdmx.org.mx\/?s={search_term_string}"},"query-input":"required name=search_term_string"}],"inLanguage":"es"},{"@type":"Person","@id":"https:\/\/www.tecdmx.org.mx\/#\/schema\/person\/208c898199fb3234203823c5f0cf31d6","name":"Difusion2025","image":{"@type":"ImageObject","inLanguage":"es","@id":"https:\/\/www.tecdmx.org.mx\/#\/schema\/person\/image\/","url":"https:\/\/secure.gravatar.com\/avatar\/6f7a4ba3acb418040e90a2eb99b5df28?s=96&d=mm&r=g","contentUrl":"https:\/\/secure.gravatar.com\/avatar\/6f7a4ba3acb418040e90a2eb99b5df28?s=96&d=mm&r=g","caption":"Difusion2025"}}]}},"_links":{"self":[{"href":"https:\/\/www.tecdmx.org.mx\/index.php\/wp-json\/wp\/v2\/posts\/33281"}],"collection":[{"href":"https:\/\/www.tecdmx.org.mx\/index.php\/wp-json\/wp\/v2\/posts"}],"about":[{"href":"https:\/\/www.tecdmx.org.mx\/index.php\/wp-json\/wp\/v2\/types\/post"}],"author":[{"embeddable":true,"href":"https:\/\/www.tecdmx.org.mx\/index.php\/wp-json\/wp\/v2\/users\/13"}],"replies":[{"embeddable":true,"href":"https:\/\/www.tecdmx.org.mx\/index.php\/wp-json\/wp\/v2\/comments?post=33281"}],"version-history":[{"count":2,"href":"https:\/\/www.tecdmx.org.mx\/index.php\/wp-json\/wp\/v2\/posts\/33281\/revisions"}],"predecessor-version":[{"id":33284,"href":"https:\/\/www.tecdmx.org.mx\/index.php\/wp-json\/wp\/v2\/posts\/33281\/revisions\/33284"}],"wp:featuredmedia":[{"embeddable":true,"href":"https:\/\/www.tecdmx.org.mx\/index.php\/wp-json\/wp\/v2\/media\/21168"}],"wp:attachment":[{"href":"https:\/\/www.tecdmx.org.mx\/index.php\/wp-json\/wp\/v2\/media?parent=33281"}],"wp:term":[{"taxonomy":"category","embeddable":true,"href":"https:\/\/www.tecdmx.org.mx\/index.php\/wp-json\/wp\/v2\/categories?post=33281"},{"taxonomy":"post_tag","embeddable":true,"href":"https:\/\/www.tecdmx.org.mx\/index.php\/wp-json\/wp\/v2\/tags?post=33281"}],"curies":[{"name":"wp","href":"https:\/\/api.w.org\/{rel}","templated":true}]}}