{"id":33306,"date":"2022-02-09T19:48:09","date_gmt":"2022-02-10T01:48:09","guid":{"rendered":"https:\/\/www.tecdmx.org.mx\/?p=33306"},"modified":"2022-02-09T19:48:12","modified_gmt":"2022-02-10T01:48:12","slug":"boletin-n-8__trashed","status":"publish","type":"post","link":"https:\/\/www.tecdmx.org.mx\/index.php\/comunicados\/2022\/02\/09\/boletin-n-8__trashed\/","title":{"rendered":"Bolet\u00edn N\u00b0 8"},"content":{"rendered":"\n<p class=\"has-text-align-right\">Ciudad de M\u00e9xico, a 9 de febrero de 2022<\/p>\n\n\n\n<p><strong>Bolet\u00edn N\u00b0 8<\/strong><\/p>\n\n\n\n<p><strong>Dialogan estudiantes de secundaria y preparatoria con autoridades sobre la brecha digital, desigualdad educativa y construcci\u00f3n de ciudadan\u00eda<\/strong><\/p>\n\n\n\n<p>Como parte de los trabajos del 2\u00b0 E-Conversatorio en Educaci\u00f3n: Cultivando la Democracia en la Ciudad de M\u00e9xico 2022, organizado por el Tribunal Electoral de la Ciudad de M\u00e9xico (TECDMX) y la Secretar\u00eda de Educaci\u00f3n, Ciencia, Tecnolog\u00eda e Innovaci\u00f3n capitalina (SECTEI), estudiantes de secundaria y preparatoria reflexionaron con autoridades sobre temas de relevancia en materia de educaci\u00f3n y democracia en el marco de la pandemia del Covid-19.<\/p>\n\n\n\n<p>De acuerdo con cifras del INEGI, en M\u00e9xico viven 22 millones 356 mil 958 personas entre los 10 y los 19 a\u00f1os (17.66% de la poblaci\u00f3n), por lo que, para este \u00d3rgano Jurisdiccional, resulta fundamental abrir espacios de di\u00e1logo y reflexi\u00f3n sobre la formaci\u00f3n de ciudadan\u00eda desde edades tempranas, en aras de fortalecer nuestra democracia tanto en el presente como a futuro.<\/p>\n\n\n\n<p>En la primera mesa del e-conversatorio, titulada \u201cDesigualdades educativas y la brecha digital en tiempos del Covid-19\u201d, Mauricio Huesca Rodr\u00edguez, consejero del Instituto Electoral de la Ciudad de M\u00e9xico, condujo el di\u00e1logo en el que participaron las personas estudiantes y Norma Elena Flores, subdirectora del Instituto de Formaci\u00f3n y Capacitaci\u00f3n del TECDMX.<\/p>\n\n\n\n<p>El consejero del IECM destac\u00f3 que la brecha digital presenta tres dimensiones y factores: la posibilidad de acceso a las tecnolog\u00edas de la informaci\u00f3n, la falta de competencias y habilidades para su uso y, finalmente, el grado de conciencia y conocimiento que tenemos las personas sobre el uso y aprovechamiento de las TICS. Estos factores han generado consecuencias graves en la educaci\u00f3n, pues podemos identificar que la brecha digital ha aumentado la deserci\u00f3n escolar y la calidad en la educaci\u00f3n.<\/p>\n\n\n\n<p>Eli\u00e1n Sebasti\u00e1n L\u00f3pez Garc\u00eda y Regina Guti\u00e9rrez Reyes, del Instituto Escuela del Sur, as\u00ed como Ashley Torres Flores, del Instituto de Educaci\u00f3n Media Superior de la Ciudad de M\u00e9xico (IEMS), estudiantes participantes en el foro, destacaron las limitaciones de logros y aciertos de las personas educadoras, la falta de presupuesto y la falta de interacci\u00f3n como principales obst\u00e1culos para la educaci\u00f3n a distancia.<\/p>\n\n\n\n<p>En este aspecto, seg\u00fan&nbsp;la Encuesta Nacional sobre Disponibilidad y Uso de Tecnolog\u00edas de la Informaci\u00f3n en los Hogares de 2019, el 70.1% de la poblaci\u00f3n de seis a\u00f1os o m\u00e1s en M\u00e9xico es usuaria de Internet y&nbsp;20.1 millones de hogares (56.4% del total nacional) disponen de conexi\u00f3n a Internet.&nbsp;<\/p>\n\n\n\n<p>Asimismo, la encuesta da a conocer que&nbsp;de la poblaci\u00f3n con estudios universitarios el 96.4% se conecta a la red, mientras que del grupo de personas con estudios de educaci\u00f3n b\u00e1sica se conecta el 59.1 por ciento.&nbsp;<\/p>\n\n\n\n<p>Por otra parte, en el segundo webinar del e-conversatorio \u201cConstrucci\u00f3n de ciudadan\u00eda durante el confinamiento \u00bfuna labor compartida?\u201d, la consejera del IECM Carolina del \u00c1ngel Cruz habl\u00f3 sobre la adaptaci\u00f3n de las personas j\u00f3venes para capacitarse y abrirse espacios para su participaci\u00f3n en la vida democr\u00e1tica de la Ciudad de M\u00e9xico.<\/p>\n\n\n\n<p>Las estudiantes del Colegio Franc\u00e9s del Pedregal, Alexa Villavicencia y Marga Valencia, del Instituto Cultural Colegio Teresiano, Adri\u00e1n D\u00edaz Noriega, y del IEMS, Leopoldo Dom\u00ednguez, destacaron que la pandemia ha dificultado la forma de educar a las nuevas generaciones, por lo que consideraron fundamental el trabajo conjunto entre la SEP, las familias y las personas estudiantes para construir nuevas estrategias atractivas y eficaces para acercar la educaci\u00f3n en ciudadan\u00eda a \u00e9stas.<\/p>\n\n\n\n<p>Finalmente, la diputada del Congreso de la Ciudad de M\u00e9xico, quien es vicepresidenta de la Comisi\u00f3n de Educaci\u00f3n y presidenta de la de Derechos Humanos, Marisela Z\u00fa\u00f1iga Cer\u00f3n, destac\u00f3 la vinculaci\u00f3n entre los derechos humanos y la educaci\u00f3n, considerando que la construcci\u00f3n de ciudadan\u00eda es un trabajo de todas y todos a trav\u00e9s de las instituciones p\u00fablicas.<\/p>\n\n\n\n<p><strong>o-O-o<\/strong><\/p>\n","protected":false},"excerpt":{"rendered":"<p>Ciudad de M\u00e9xico, a 9 de febrero de 2022 Bolet\u00edn N\u00b0 8 Dialogan estudiantes de secundaria y preparatoria con autoridades sobre la brecha digital, desigualdad educativa y construcci\u00f3n de ciudadan\u00eda [&hellip;]<\/p>\n","protected":false},"author":13,"featured_media":21168,"comment_status":"open","ping_status":"open","sticky":false,"template":"","format":"standard","meta":{"_acf_changed":false,"_exactmetrics_skip_tracking":false,"_exactmetrics_sitenote_active":false,"_exactmetrics_sitenote_note":"","_exactmetrics_sitenote_category":0,"footnotes":""},"categories":[32,47],"tags":[],"acf":[],"yoast_head":"<!-- This site is optimized with the Yoast SEO plugin v22.3 - https:\/\/yoast.com\/wordpress\/plugins\/seo\/ -->\n<title>Bolet\u00edn N\u00b0 8 - Tribunal Electoral de la Ciudad de M\u00e9xico<\/title>\n<meta name=\"robots\" content=\"index, follow, max-snippet:-1, max-image-preview:large, max-video-preview:-1\" \/>\n<link rel=\"canonical\" href=\"https:\/\/www.tecdmx.org.mx\/index.php\/comunicados\/2022\/02\/09\/boletin-n-8\/\" \/>\n<meta property=\"og:locale\" content=\"es_ES\" \/>\n<meta property=\"og:type\" content=\"article\" \/>\n<meta property=\"og:title\" content=\"Bolet\u00edn N\u00b0 8 - Tribunal Electoral de la Ciudad de M\u00e9xico\" \/>\n<meta property=\"og:description\" content=\"Ciudad de M\u00e9xico, a 9 de febrero de 2022 Bolet\u00edn N\u00b0 8 Dialogan estudiantes de secundaria y preparatoria con autoridades sobre la brecha digital, desigualdad educativa y construcci\u00f3n de ciudadan\u00eda [&hellip;]\" \/>\n<meta property=\"og:url\" content=\"https:\/\/www.tecdmx.org.mx\/index.php\/comunicados\/2022\/02\/09\/boletin-n-8\/\" \/>\n<meta property=\"og:site_name\" content=\"Tribunal Electoral de la Ciudad de M\u00e9xico\" \/>\n<meta property=\"article:publisher\" content=\"https:\/\/www.facebook.com\/TECDMX\/\" \/>\n<meta property=\"article:published_time\" content=\"2022-02-10T01:48:09+00:00\" \/>\n<meta property=\"article:modified_time\" content=\"2022-02-10T01:48:12+00:00\" \/>\n<meta property=\"og:image\" content=\"https:\/\/www.tecdmx.org.mx\/wp-content\/uploads\/2020\/08\/comunicado_nuevo.jpg\" \/>\n\t<meta property=\"og:image:width\" content=\"600\" \/>\n\t<meta property=\"og:image:height\" content=\"366\" \/>\n\t<meta property=\"og:image:type\" content=\"image\/jpeg\" \/>\n<meta name=\"author\" content=\"Difusion2025\" \/>\n<meta name=\"twitter:card\" content=\"summary_large_image\" \/>\n<meta name=\"twitter:creator\" content=\"@tecdmx\" \/>\n<meta name=\"twitter:site\" content=\"@tecdmx\" \/>\n<meta name=\"twitter:label1\" content=\"Escrito por\" \/>\n\t<meta name=\"twitter:data1\" content=\"Difusion2025\" \/>\n\t<meta name=\"twitter:label2\" content=\"Tiempo de lectura\" \/>\n\t<meta name=\"twitter:data2\" content=\"3 minutos\" \/>\n<script type=\"application\/ld+json\" class=\"yoast-schema-graph\">{\"@context\":\"https:\/\/schema.org\",\"@graph\":[{\"@type\":\"WebPage\",\"@id\":\"https:\/\/www.tecdmx.org.mx\/index.php\/comunicados\/2022\/02\/09\/boletin-n-8\/\",\"url\":\"https:\/\/www.tecdmx.org.mx\/index.php\/comunicados\/2022\/02\/09\/boletin-n-8\/\",\"name\":\"Bolet\u00edn N\u00b0 8 - Tribunal Electoral de la Ciudad de M\u00e9xico\",\"isPartOf\":{\"@id\":\"https:\/\/www.tecdmx.org.mx\/#website\"},\"primaryImageOfPage\":{\"@id\":\"https:\/\/www.tecdmx.org.mx\/index.php\/comunicados\/2022\/02\/09\/boletin-n-8\/#primaryimage\"},\"image\":{\"@id\":\"https:\/\/www.tecdmx.org.mx\/index.php\/comunicados\/2022\/02\/09\/boletin-n-8\/#primaryimage\"},\"thumbnailUrl\":\"https:\/\/www.tecdmx.org.mx\/wp-content\/uploads\/2020\/08\/comunicado_nuevo.jpg\",\"datePublished\":\"2022-02-10T01:48:09+00:00\",\"dateModified\":\"2022-02-10T01:48:12+00:00\",\"author\":{\"@id\":\"https:\/\/www.tecdmx.org.mx\/#\/schema\/person\/208c898199fb3234203823c5f0cf31d6\"},\"breadcrumb\":{\"@id\":\"https:\/\/www.tecdmx.org.mx\/index.php\/comunicados\/2022\/02\/09\/boletin-n-8\/#breadcrumb\"},\"inLanguage\":\"es\",\"potentialAction\":[{\"@type\":\"ReadAction\",\"target\":[\"https:\/\/www.tecdmx.org.mx\/index.php\/comunicados\/2022\/02\/09\/boletin-n-8\/\"]}]},{\"@type\":\"ImageObject\",\"inLanguage\":\"es\",\"@id\":\"https:\/\/www.tecdmx.org.mx\/index.php\/comunicados\/2022\/02\/09\/boletin-n-8\/#primaryimage\",\"url\":\"https:\/\/www.tecdmx.org.mx\/wp-content\/uploads\/2020\/08\/comunicado_nuevo.jpg\",\"contentUrl\":\"https:\/\/www.tecdmx.org.mx\/wp-content\/uploads\/2020\/08\/comunicado_nuevo.jpg\",\"width\":600,\"height\":366},{\"@type\":\"BreadcrumbList\",\"@id\":\"https:\/\/www.tecdmx.org.mx\/index.php\/comunicados\/2022\/02\/09\/boletin-n-8\/#breadcrumb\",\"itemListElement\":[{\"@type\":\"ListItem\",\"position\":1,\"name\":\"Portada\",\"item\":\"https:\/\/www.tecdmx.org.mx\/\"},{\"@type\":\"ListItem\",\"position\":2,\"name\":\"Bolet\u00edn N\u00b0 8\"}]},{\"@type\":\"WebSite\",\"@id\":\"https:\/\/www.tecdmx.org.mx\/#website\",\"url\":\"https:\/\/www.tecdmx.org.mx\/\",\"name\":\"Tribunal Electoral de la Ciudad de M\u00e9xico\",\"description\":\"25 a\u00f1os garantizando justicia en tu elecci\u00f3n\",\"potentialAction\":[{\"@type\":\"SearchAction\",\"target\":{\"@type\":\"EntryPoint\",\"urlTemplate\":\"https:\/\/www.tecdmx.org.mx\/?s={search_term_string}\"},\"query-input\":\"required name=search_term_string\"}],\"inLanguage\":\"es\"},{\"@type\":\"Person\",\"@id\":\"https:\/\/www.tecdmx.org.mx\/#\/schema\/person\/208c898199fb3234203823c5f0cf31d6\",\"name\":\"Difusion2025\",\"image\":{\"@type\":\"ImageObject\",\"inLanguage\":\"es\",\"@id\":\"https:\/\/www.tecdmx.org.mx\/#\/schema\/person\/image\/\",\"url\":\"https:\/\/secure.gravatar.com\/avatar\/6f7a4ba3acb418040e90a2eb99b5df28?s=96&d=mm&r=g\",\"contentUrl\":\"https:\/\/secure.gravatar.com\/avatar\/6f7a4ba3acb418040e90a2eb99b5df28?s=96&d=mm&r=g\",\"caption\":\"Difusion2025\"}}]}<\/script>\n<!-- \/ Yoast SEO plugin. -->","yoast_head_json":{"title":"Bolet\u00edn N\u00b0 8 - Tribunal Electoral de la Ciudad de M\u00e9xico","robots":{"index":"index","follow":"follow","max-snippet":"max-snippet:-1","max-image-preview":"max-image-preview:large","max-video-preview":"max-video-preview:-1"},"canonical":"https:\/\/www.tecdmx.org.mx\/index.php\/comunicados\/2022\/02\/09\/boletin-n-8\/","og_locale":"es_ES","og_type":"article","og_title":"Bolet\u00edn N\u00b0 8 - Tribunal Electoral de la Ciudad de M\u00e9xico","og_description":"Ciudad de M\u00e9xico, a 9 de febrero de 2022 Bolet\u00edn N\u00b0 8 Dialogan estudiantes de secundaria y preparatoria con autoridades sobre la brecha digital, desigualdad educativa y construcci\u00f3n de ciudadan\u00eda [&hellip;]","og_url":"https:\/\/www.tecdmx.org.mx\/index.php\/comunicados\/2022\/02\/09\/boletin-n-8\/","og_site_name":"Tribunal Electoral de la Ciudad de M\u00e9xico","article_publisher":"https:\/\/www.facebook.com\/TECDMX\/","article_published_time":"2022-02-10T01:48:09+00:00","article_modified_time":"2022-02-10T01:48:12+00:00","og_image":[{"width":600,"height":366,"url":"https:\/\/www.tecdmx.org.mx\/wp-content\/uploads\/2020\/08\/comunicado_nuevo.jpg","type":"image\/jpeg"}],"author":"Difusion2025","twitter_card":"summary_large_image","twitter_creator":"@tecdmx","twitter_site":"@tecdmx","twitter_misc":{"Escrito por":"Difusion2025","Tiempo de lectura":"3 minutos"},"schema":{"@context":"https:\/\/schema.org","@graph":[{"@type":"WebPage","@id":"https:\/\/www.tecdmx.org.mx\/index.php\/comunicados\/2022\/02\/09\/boletin-n-8\/","url":"https:\/\/www.tecdmx.org.mx\/index.php\/comunicados\/2022\/02\/09\/boletin-n-8\/","name":"Bolet\u00edn N\u00b0 8 - Tribunal Electoral de la Ciudad de M\u00e9xico","isPartOf":{"@id":"https:\/\/www.tecdmx.org.mx\/#website"},"primaryImageOfPage":{"@id":"https:\/\/www.tecdmx.org.mx\/index.php\/comunicados\/2022\/02\/09\/boletin-n-8\/#primaryimage"},"image":{"@id":"https:\/\/www.tecdmx.org.mx\/index.php\/comunicados\/2022\/02\/09\/boletin-n-8\/#primaryimage"},"thumbnailUrl":"https:\/\/www.tecdmx.org.mx\/wp-content\/uploads\/2020\/08\/comunicado_nuevo.jpg","datePublished":"2022-02-10T01:48:09+00:00","dateModified":"2022-02-10T01:48:12+00:00","author":{"@id":"https:\/\/www.tecdmx.org.mx\/#\/schema\/person\/208c898199fb3234203823c5f0cf31d6"},"breadcrumb":{"@id":"https:\/\/www.tecdmx.org.mx\/index.php\/comunicados\/2022\/02\/09\/boletin-n-8\/#breadcrumb"},"inLanguage":"es","potentialAction":[{"@type":"ReadAction","target":["https:\/\/www.tecdmx.org.mx\/index.php\/comunicados\/2022\/02\/09\/boletin-n-8\/"]}]},{"@type":"ImageObject","inLanguage":"es","@id":"https:\/\/www.tecdmx.org.mx\/index.php\/comunicados\/2022\/02\/09\/boletin-n-8\/#primaryimage","url":"https:\/\/www.tecdmx.org.mx\/wp-content\/uploads\/2020\/08\/comunicado_nuevo.jpg","contentUrl":"https:\/\/www.tecdmx.org.mx\/wp-content\/uploads\/2020\/08\/comunicado_nuevo.jpg","width":600,"height":366},{"@type":"BreadcrumbList","@id":"https:\/\/www.tecdmx.org.mx\/index.php\/comunicados\/2022\/02\/09\/boletin-n-8\/#breadcrumb","itemListElement":[{"@type":"ListItem","position":1,"name":"Portada","item":"https:\/\/www.tecdmx.org.mx\/"},{"@type":"ListItem","position":2,"name":"Bolet\u00edn N\u00b0 8"}]},{"@type":"WebSite","@id":"https:\/\/www.tecdmx.org.mx\/#website","url":"https:\/\/www.tecdmx.org.mx\/","name":"Tribunal Electoral de la Ciudad de M\u00e9xico","description":"25 a\u00f1os garantizando justicia en tu elecci\u00f3n","potentialAction":[{"@type":"SearchAction","target":{"@type":"EntryPoint","urlTemplate":"https:\/\/www.tecdmx.org.mx\/?s={search_term_string}"},"query-input":"required name=search_term_string"}],"inLanguage":"es"},{"@type":"Person","@id":"https:\/\/www.tecdmx.org.mx\/#\/schema\/person\/208c898199fb3234203823c5f0cf31d6","name":"Difusion2025","image":{"@type":"ImageObject","inLanguage":"es","@id":"https:\/\/www.tecdmx.org.mx\/#\/schema\/person\/image\/","url":"https:\/\/secure.gravatar.com\/avatar\/6f7a4ba3acb418040e90a2eb99b5df28?s=96&d=mm&r=g","contentUrl":"https:\/\/secure.gravatar.com\/avatar\/6f7a4ba3acb418040e90a2eb99b5df28?s=96&d=mm&r=g","caption":"Difusion2025"}}]}},"_links":{"self":[{"href":"https:\/\/www.tecdmx.org.mx\/index.php\/wp-json\/wp\/v2\/posts\/33306"}],"collection":[{"href":"https:\/\/www.tecdmx.org.mx\/index.php\/wp-json\/wp\/v2\/posts"}],"about":[{"href":"https:\/\/www.tecdmx.org.mx\/index.php\/wp-json\/wp\/v2\/types\/post"}],"author":[{"embeddable":true,"href":"https:\/\/www.tecdmx.org.mx\/index.php\/wp-json\/wp\/v2\/users\/13"}],"replies":[{"embeddable":true,"href":"https:\/\/www.tecdmx.org.mx\/index.php\/wp-json\/wp\/v2\/comments?post=33306"}],"version-history":[{"count":2,"href":"https:\/\/www.tecdmx.org.mx\/index.php\/wp-json\/wp\/v2\/posts\/33306\/revisions"}],"predecessor-version":[{"id":33309,"href":"https:\/\/www.tecdmx.org.mx\/index.php\/wp-json\/wp\/v2\/posts\/33306\/revisions\/33309"}],"wp:featuredmedia":[{"embeddable":true,"href":"https:\/\/www.tecdmx.org.mx\/index.php\/wp-json\/wp\/v2\/media\/21168"}],"wp:attachment":[{"href":"https:\/\/www.tecdmx.org.mx\/index.php\/wp-json\/wp\/v2\/media?parent=33306"}],"wp:term":[{"taxonomy":"category","embeddable":true,"href":"https:\/\/www.tecdmx.org.mx\/index.php\/wp-json\/wp\/v2\/categories?post=33306"},{"taxonomy":"post_tag","embeddable":true,"href":"https:\/\/www.tecdmx.org.mx\/index.php\/wp-json\/wp\/v2\/tags?post=33306"}],"curies":[{"name":"wp","href":"https:\/\/api.w.org\/{rel}","templated":true}]}}