{"id":33365,"date":"2022-02-16T17:36:37","date_gmt":"2022-02-16T23:36:37","guid":{"rendered":"https:\/\/www.tecdmx.org.mx\/?p=33365"},"modified":"2022-02-16T17:36:40","modified_gmt":"2022-02-16T23:36:40","slug":"boletin-n-11__trashed","status":"publish","type":"post","link":"https:\/\/www.tecdmx.org.mx\/index.php\/comunicados\/2022\/02\/16\/boletin-n-11__trashed\/","title":{"rendered":"Bolet\u00edn N\u00b0 11"},"content":{"rendered":"\n<p class=\"has-text-align-right\">Ciudad de M\u00e9xico, a 16 de febrero de 2022<\/p>\n\n\n\n<p><\/p>\n\n\n\n<p class=\"has-text-align-center\"><strong>Violencia pol\u00edtica no debe ser un obst\u00e1culo para que las mujeres accedan a espacios de toma de decisiones, afirma magistrada Martha Mercado<\/strong><\/p>\n\n\n\n<p>La magistrada del Tribunal Electoral de la Ciudad de M\u00e9xico (TECDMX), Martha Leticia Mercado Ram\u00edrez particip\u00f3 en la presentaci\u00f3n del informe del Observatorio: &#8220;Del dicho al hecho. Observaci\u00f3n Electoral Jurisdiccional en materia de Violencia Pol\u00edtica contra las mujeres en raz\u00f3n de g\u00e9nero en Proceso Electoral Federal\u201d, realizado por la organizaci\u00f3n Fuerza Ciudadana A.C.<\/p>\n\n\n\n<p>Al hacer uso de la voz, la magistrada Mercado Ram\u00edrez resalt\u00f3 la relevancia de la observaci\u00f3n por parte de la ciudadan\u00eda y las organizaciones en materia pol\u00edtico-electoral, pues a partir de ah\u00ed se han generado reflexiones y estrategias para resolver las problem\u00e1ticas vinculadas con el acceso a espacios de toma de decisi\u00f3n y el ejercicio pleno de los derechos.<\/p>\n\n\n\n<p>Asimismo, asegur\u00f3 que la \u201cviolencia contra las mujeres ha existido siempre, pero es urgente que se lleven a cabo soluciones espec\u00edficas que permitan la erradicaci\u00f3n de este terrible mal que aqueja a la sociedad [\u2026]. Por ejemplo, en la pol\u00edtica, la violencia sigue siendo uno de los mayores obst\u00e1culos para las mujeres y eso ha impedido que se ejerzan a plenitud los derechos pol\u00edtico-electorales\u201d.<\/p>\n\n\n\n<p>De igual forma, asegur\u00f3 que solo a trav\u00e9s de la formaci\u00f3n de una cultura de respeto a los derechos, las nuevas generaciones podr\u00e1n subsanar las desigualdades en contra de las mujeres y as\u00ed lograr el establecimiento de una cultura de igualdad sustantiva. Es complejo el reto de no repetir esquemas que venimos arrastrando, \u201cdebemos hacer lo necesario para transformar nuestra realidad y que, en 20 a\u00f1os, no sigamos discutiendo los mismos temas y planteando las mismas problem\u00e1ticas\u201d, remarc\u00f3 la magistrada del TECDMX.<\/p>\n\n\n\n<p>El informe en cuesti\u00f3n analiza el tema de la violencia desde en tres principales etapas:<\/p>\n\n\n\n<ol type=\"1\"><li>El desarrollo y aprobaci\u00f3n de la reforma sobre Violencia Pol\u00edtica Contra las Mujeres en Raz\u00f3n de G\u00e9nero.<\/li><li>Las sentencias en la materia relativas a Diputaciones Federales correspondientes al Proceso Electoral Federal 2020-2021<\/li><li>La aplicaci\u00f3n de la reforma en este tipo de actos en el Proceso Electoral Federal 2020-2021<\/li><\/ol>\n\n\n\n<p>Asimismo, el informe considera que el mayor castigo que puede tener una persona que realiza violencia pol\u00edtica por raz\u00f3n de g\u00e9nero en contra de una mujer es que, en caso de haber obtenido la victoria, se anule la elecci\u00f3n; de lo contrario, se deja en las autoridades electorales la nulidad \u00fanicamente cuando se comprueben violaciones constitucionales.<\/p>\n\n\n\n<p>Dentro de las principales recomendaciones del informe se propone la incorporaci\u00f3n de la perspectiva de interseccionalidad, que es tan importante como la de g\u00e9nero. El informe considera que con estas dos herramientas se podr\u00e1 tener una visi\u00f3n m\u00e1s amplia y con m\u00e1s profundidad del fen\u00f3meno de la violencia pol\u00edtica y c\u00f3mo es que lo viven las mujeres desde su diversidad, entendiendo que la diversidad no se limita solamente, por ejemplo, a mujeres ind\u00edgenas, tambi\u00e9n debe de incorporar e incluir a las mujeres con discapacidad, a las mujeres pertenecientes al colectivo LGBTTTIQ+, a las mujeres migrantes y afro mexicanas.<\/p>\n\n\n\n<p>Por su parte, Gloria Alcocer Olmos, directora ejecutiva de Fuerza Ciudadana A.C., asegur\u00f3 que se debe fortalecer a las autoridades electorales locales, pues son estos quienes conocen el contexto y necesidades de cada regi\u00f3n y, con ello, tienen mejor capacidad y entendimiento para la resoluci\u00f3n de los actos que acusan violencia pol\u00edtica en raz\u00f3n de g\u00e9nero.<\/p>\n\n\n\n<p>De igual forma, consider\u00f3 imperante que, para las pr\u00f3ximas reformas en la materia, las personas legisladoras deben tomar en cuenta la voz, necesidades y exigencias de las personas que ser\u00e1n beneficiarias de la ley, pues solo de esta forma se podr\u00e1n atacar y resolver las problem\u00e1ticas y violencias en contra de las mujeres y grupos de atenci\u00f3n prioritaria.<\/p>\n\n\n\n<p>Durante su participaci\u00f3n, Ninfa Elizabeth Hern\u00e1ndez Trejo, coordinadora de la investigaci\u00f3n de Fuerza Ciudadana A.C., consider\u00f3 insuficientes las sanciones sobre las conductas identificadas como violencia pol\u00edtica de g\u00e9nero, pues no existe dinero suficiente que permita reparar el da\u00f1o generado por impedir a una mujer que participe en la vida p\u00fablica y el ejercicio de sus derechos.<\/p>\n\n\n\n<p>\u201cConsideramos que son insuficientes para reparar el da\u00f1o a la v\u00edctima y es importante ampliar las medidas de reparaci\u00f3n integral a las v\u00edctimas, a fin de darles certeza de que el acto cometido en contra de ellas no se repetir\u00e1\u201d, afirm\u00f3.<\/p>\n\n\n\n<p>Finalmente, Marisol Jim\u00e9nez Mart\u00ednez, asesora jur\u00eddica de Fuerza Ciudadana A.C., reiter\u00f3 que inscribir a alguien en el Cat\u00e1logo de Personas Sancionadas por Violencia Pol\u00edtica de G\u00e9nero resulta insuficiente en el caso de personas que no aspiran a un cargo p\u00fablico, pues podr\u00e1 seguir cometiendo actos contra las mujeres sin un impacto real.<\/p>\n\n\n\n<p>\u201cHay que reconocer que existe un vac\u00edo normativo y en la competencia para sancionar la violencia pol\u00edtica en raz\u00f3n de g\u00e9nero. Consideramos fundamental robustecer el marco normativo y determinar de manera clara cu\u00e1ndo ser\u00e1 materia federal y cu\u00e1ndo local\u201d, concluy\u00f3.<\/p>\n\n\n\n<p class=\"has-text-align-center\"><strong>o-O-o<\/strong><\/p>\n","protected":false},"excerpt":{"rendered":"<p>Ciudad de M\u00e9xico, a 16 de febrero de 2022 Violencia pol\u00edtica no debe ser un obst\u00e1culo para que las mujeres accedan a espacios de toma de decisiones, afirma magistrada Martha [&hellip;]<\/p>\n","protected":false},"author":13,"featured_media":21168,"comment_status":"open","ping_status":"open","sticky":false,"template":"","format":"standard","meta":{"_acf_changed":false,"_exactmetrics_skip_tracking":false,"_exactmetrics_sitenote_active":false,"_exactmetrics_sitenote_note":"","_exactmetrics_sitenote_category":0,"footnotes":""},"categories":[32,47],"tags":[],"acf":[],"yoast_head":"<!-- This site is optimized with the Yoast SEO plugin v22.3 - https:\/\/yoast.com\/wordpress\/plugins\/seo\/ -->\n<title>Bolet\u00edn N\u00b0 11 - Tribunal Electoral de la Ciudad de M\u00e9xico<\/title>\n<meta name=\"robots\" content=\"index, follow, max-snippet:-1, max-image-preview:large, max-video-preview:-1\" \/>\n<link rel=\"canonical\" href=\"https:\/\/www.tecdmx.org.mx\/index.php\/comunicados\/2022\/02\/16\/boletin-n-11\/\" \/>\n<meta property=\"og:locale\" content=\"es_ES\" \/>\n<meta property=\"og:type\" content=\"article\" \/>\n<meta property=\"og:title\" content=\"Bolet\u00edn N\u00b0 11 - Tribunal Electoral de la Ciudad de M\u00e9xico\" \/>\n<meta property=\"og:description\" content=\"Ciudad de M\u00e9xico, a 16 de febrero de 2022 Violencia pol\u00edtica no debe ser un obst\u00e1culo para que las mujeres accedan a espacios de toma de decisiones, afirma magistrada Martha [&hellip;]\" \/>\n<meta property=\"og:url\" content=\"https:\/\/www.tecdmx.org.mx\/index.php\/comunicados\/2022\/02\/16\/boletin-n-11\/\" \/>\n<meta property=\"og:site_name\" content=\"Tribunal Electoral de la Ciudad de M\u00e9xico\" \/>\n<meta property=\"article:publisher\" content=\"https:\/\/www.facebook.com\/TECDMX\/\" \/>\n<meta property=\"article:published_time\" content=\"2022-02-16T23:36:37+00:00\" \/>\n<meta property=\"article:modified_time\" content=\"2022-02-16T23:36:40+00:00\" \/>\n<meta property=\"og:image\" content=\"https:\/\/www.tecdmx.org.mx\/wp-content\/uploads\/2020\/08\/comunicado_nuevo.jpg\" \/>\n\t<meta property=\"og:image:width\" content=\"600\" \/>\n\t<meta property=\"og:image:height\" content=\"366\" \/>\n\t<meta property=\"og:image:type\" content=\"image\/jpeg\" \/>\n<meta name=\"author\" content=\"Difusion2025\" \/>\n<meta name=\"twitter:card\" content=\"summary_large_image\" \/>\n<meta name=\"twitter:creator\" content=\"@tecdmx\" \/>\n<meta name=\"twitter:site\" content=\"@tecdmx\" \/>\n<meta name=\"twitter:label1\" content=\"Escrito por\" \/>\n\t<meta name=\"twitter:data1\" content=\"Difusion2025\" \/>\n\t<meta name=\"twitter:label2\" content=\"Tiempo de lectura\" \/>\n\t<meta name=\"twitter:data2\" content=\"4 minutos\" \/>\n<script type=\"application\/ld+json\" class=\"yoast-schema-graph\">{\"@context\":\"https:\/\/schema.org\",\"@graph\":[{\"@type\":\"WebPage\",\"@id\":\"https:\/\/www.tecdmx.org.mx\/index.php\/comunicados\/2022\/02\/16\/boletin-n-11\/\",\"url\":\"https:\/\/www.tecdmx.org.mx\/index.php\/comunicados\/2022\/02\/16\/boletin-n-11\/\",\"name\":\"Bolet\u00edn N\u00b0 11 - Tribunal Electoral de la Ciudad de M\u00e9xico\",\"isPartOf\":{\"@id\":\"https:\/\/www.tecdmx.org.mx\/#website\"},\"primaryImageOfPage\":{\"@id\":\"https:\/\/www.tecdmx.org.mx\/index.php\/comunicados\/2022\/02\/16\/boletin-n-11\/#primaryimage\"},\"image\":{\"@id\":\"https:\/\/www.tecdmx.org.mx\/index.php\/comunicados\/2022\/02\/16\/boletin-n-11\/#primaryimage\"},\"thumbnailUrl\":\"https:\/\/www.tecdmx.org.mx\/wp-content\/uploads\/2020\/08\/comunicado_nuevo.jpg\",\"datePublished\":\"2022-02-16T23:36:37+00:00\",\"dateModified\":\"2022-02-16T23:36:40+00:00\",\"author\":{\"@id\":\"https:\/\/www.tecdmx.org.mx\/#\/schema\/person\/208c898199fb3234203823c5f0cf31d6\"},\"breadcrumb\":{\"@id\":\"https:\/\/www.tecdmx.org.mx\/index.php\/comunicados\/2022\/02\/16\/boletin-n-11\/#breadcrumb\"},\"inLanguage\":\"es\",\"potentialAction\":[{\"@type\":\"ReadAction\",\"target\":[\"https:\/\/www.tecdmx.org.mx\/index.php\/comunicados\/2022\/02\/16\/boletin-n-11\/\"]}]},{\"@type\":\"ImageObject\",\"inLanguage\":\"es\",\"@id\":\"https:\/\/www.tecdmx.org.mx\/index.php\/comunicados\/2022\/02\/16\/boletin-n-11\/#primaryimage\",\"url\":\"https:\/\/www.tecdmx.org.mx\/wp-content\/uploads\/2020\/08\/comunicado_nuevo.jpg\",\"contentUrl\":\"https:\/\/www.tecdmx.org.mx\/wp-content\/uploads\/2020\/08\/comunicado_nuevo.jpg\",\"width\":600,\"height\":366},{\"@type\":\"BreadcrumbList\",\"@id\":\"https:\/\/www.tecdmx.org.mx\/index.php\/comunicados\/2022\/02\/16\/boletin-n-11\/#breadcrumb\",\"itemListElement\":[{\"@type\":\"ListItem\",\"position\":1,\"name\":\"Portada\",\"item\":\"https:\/\/www.tecdmx.org.mx\/\"},{\"@type\":\"ListItem\",\"position\":2,\"name\":\"Bolet\u00edn N\u00b0 11\"}]},{\"@type\":\"WebSite\",\"@id\":\"https:\/\/www.tecdmx.org.mx\/#website\",\"url\":\"https:\/\/www.tecdmx.org.mx\/\",\"name\":\"Tribunal Electoral de la Ciudad de M\u00e9xico\",\"description\":\"25 a\u00f1os garantizando justicia en tu elecci\u00f3n\",\"potentialAction\":[{\"@type\":\"SearchAction\",\"target\":{\"@type\":\"EntryPoint\",\"urlTemplate\":\"https:\/\/www.tecdmx.org.mx\/?s={search_term_string}\"},\"query-input\":\"required name=search_term_string\"}],\"inLanguage\":\"es\"},{\"@type\":\"Person\",\"@id\":\"https:\/\/www.tecdmx.org.mx\/#\/schema\/person\/208c898199fb3234203823c5f0cf31d6\",\"name\":\"Difusion2025\",\"image\":{\"@type\":\"ImageObject\",\"inLanguage\":\"es\",\"@id\":\"https:\/\/www.tecdmx.org.mx\/#\/schema\/person\/image\/\",\"url\":\"https:\/\/secure.gravatar.com\/avatar\/6f7a4ba3acb418040e90a2eb99b5df28?s=96&d=mm&r=g\",\"contentUrl\":\"https:\/\/secure.gravatar.com\/avatar\/6f7a4ba3acb418040e90a2eb99b5df28?s=96&d=mm&r=g\",\"caption\":\"Difusion2025\"}}]}<\/script>\n<!-- \/ Yoast SEO plugin. -->","yoast_head_json":{"title":"Bolet\u00edn N\u00b0 11 - Tribunal Electoral de la Ciudad de M\u00e9xico","robots":{"index":"index","follow":"follow","max-snippet":"max-snippet:-1","max-image-preview":"max-image-preview:large","max-video-preview":"max-video-preview:-1"},"canonical":"https:\/\/www.tecdmx.org.mx\/index.php\/comunicados\/2022\/02\/16\/boletin-n-11\/","og_locale":"es_ES","og_type":"article","og_title":"Bolet\u00edn N\u00b0 11 - Tribunal Electoral de la Ciudad de M\u00e9xico","og_description":"Ciudad de M\u00e9xico, a 16 de febrero de 2022 Violencia pol\u00edtica no debe ser un obst\u00e1culo para que las mujeres accedan a espacios de toma de decisiones, afirma magistrada Martha [&hellip;]","og_url":"https:\/\/www.tecdmx.org.mx\/index.php\/comunicados\/2022\/02\/16\/boletin-n-11\/","og_site_name":"Tribunal Electoral de la Ciudad de M\u00e9xico","article_publisher":"https:\/\/www.facebook.com\/TECDMX\/","article_published_time":"2022-02-16T23:36:37+00:00","article_modified_time":"2022-02-16T23:36:40+00:00","og_image":[{"width":600,"height":366,"url":"https:\/\/www.tecdmx.org.mx\/wp-content\/uploads\/2020\/08\/comunicado_nuevo.jpg","type":"image\/jpeg"}],"author":"Difusion2025","twitter_card":"summary_large_image","twitter_creator":"@tecdmx","twitter_site":"@tecdmx","twitter_misc":{"Escrito por":"Difusion2025","Tiempo de lectura":"4 minutos"},"schema":{"@context":"https:\/\/schema.org","@graph":[{"@type":"WebPage","@id":"https:\/\/www.tecdmx.org.mx\/index.php\/comunicados\/2022\/02\/16\/boletin-n-11\/","url":"https:\/\/www.tecdmx.org.mx\/index.php\/comunicados\/2022\/02\/16\/boletin-n-11\/","name":"Bolet\u00edn N\u00b0 11 - Tribunal Electoral de la Ciudad de M\u00e9xico","isPartOf":{"@id":"https:\/\/www.tecdmx.org.mx\/#website"},"primaryImageOfPage":{"@id":"https:\/\/www.tecdmx.org.mx\/index.php\/comunicados\/2022\/02\/16\/boletin-n-11\/#primaryimage"},"image":{"@id":"https:\/\/www.tecdmx.org.mx\/index.php\/comunicados\/2022\/02\/16\/boletin-n-11\/#primaryimage"},"thumbnailUrl":"https:\/\/www.tecdmx.org.mx\/wp-content\/uploads\/2020\/08\/comunicado_nuevo.jpg","datePublished":"2022-02-16T23:36:37+00:00","dateModified":"2022-02-16T23:36:40+00:00","author":{"@id":"https:\/\/www.tecdmx.org.mx\/#\/schema\/person\/208c898199fb3234203823c5f0cf31d6"},"breadcrumb":{"@id":"https:\/\/www.tecdmx.org.mx\/index.php\/comunicados\/2022\/02\/16\/boletin-n-11\/#breadcrumb"},"inLanguage":"es","potentialAction":[{"@type":"ReadAction","target":["https:\/\/www.tecdmx.org.mx\/index.php\/comunicados\/2022\/02\/16\/boletin-n-11\/"]}]},{"@type":"ImageObject","inLanguage":"es","@id":"https:\/\/www.tecdmx.org.mx\/index.php\/comunicados\/2022\/02\/16\/boletin-n-11\/#primaryimage","url":"https:\/\/www.tecdmx.org.mx\/wp-content\/uploads\/2020\/08\/comunicado_nuevo.jpg","contentUrl":"https:\/\/www.tecdmx.org.mx\/wp-content\/uploads\/2020\/08\/comunicado_nuevo.jpg","width":600,"height":366},{"@type":"BreadcrumbList","@id":"https:\/\/www.tecdmx.org.mx\/index.php\/comunicados\/2022\/02\/16\/boletin-n-11\/#breadcrumb","itemListElement":[{"@type":"ListItem","position":1,"name":"Portada","item":"https:\/\/www.tecdmx.org.mx\/"},{"@type":"ListItem","position":2,"name":"Bolet\u00edn N\u00b0 11"}]},{"@type":"WebSite","@id":"https:\/\/www.tecdmx.org.mx\/#website","url":"https:\/\/www.tecdmx.org.mx\/","name":"Tribunal Electoral de la Ciudad de M\u00e9xico","description":"25 a\u00f1os garantizando justicia en tu elecci\u00f3n","potentialAction":[{"@type":"SearchAction","target":{"@type":"EntryPoint","urlTemplate":"https:\/\/www.tecdmx.org.mx\/?s={search_term_string}"},"query-input":"required name=search_term_string"}],"inLanguage":"es"},{"@type":"Person","@id":"https:\/\/www.tecdmx.org.mx\/#\/schema\/person\/208c898199fb3234203823c5f0cf31d6","name":"Difusion2025","image":{"@type":"ImageObject","inLanguage":"es","@id":"https:\/\/www.tecdmx.org.mx\/#\/schema\/person\/image\/","url":"https:\/\/secure.gravatar.com\/avatar\/6f7a4ba3acb418040e90a2eb99b5df28?s=96&d=mm&r=g","contentUrl":"https:\/\/secure.gravatar.com\/avatar\/6f7a4ba3acb418040e90a2eb99b5df28?s=96&d=mm&r=g","caption":"Difusion2025"}}]}},"_links":{"self":[{"href":"https:\/\/www.tecdmx.org.mx\/index.php\/wp-json\/wp\/v2\/posts\/33365"}],"collection":[{"href":"https:\/\/www.tecdmx.org.mx\/index.php\/wp-json\/wp\/v2\/posts"}],"about":[{"href":"https:\/\/www.tecdmx.org.mx\/index.php\/wp-json\/wp\/v2\/types\/post"}],"author":[{"embeddable":true,"href":"https:\/\/www.tecdmx.org.mx\/index.php\/wp-json\/wp\/v2\/users\/13"}],"replies":[{"embeddable":true,"href":"https:\/\/www.tecdmx.org.mx\/index.php\/wp-json\/wp\/v2\/comments?post=33365"}],"version-history":[{"count":2,"href":"https:\/\/www.tecdmx.org.mx\/index.php\/wp-json\/wp\/v2\/posts\/33365\/revisions"}],"predecessor-version":[{"id":33368,"href":"https:\/\/www.tecdmx.org.mx\/index.php\/wp-json\/wp\/v2\/posts\/33365\/revisions\/33368"}],"wp:featuredmedia":[{"embeddable":true,"href":"https:\/\/www.tecdmx.org.mx\/index.php\/wp-json\/wp\/v2\/media\/21168"}],"wp:attachment":[{"href":"https:\/\/www.tecdmx.org.mx\/index.php\/wp-json\/wp\/v2\/media?parent=33365"}],"wp:term":[{"taxonomy":"category","embeddable":true,"href":"https:\/\/www.tecdmx.org.mx\/index.php\/wp-json\/wp\/v2\/categories?post=33365"},{"taxonomy":"post_tag","embeddable":true,"href":"https:\/\/www.tecdmx.org.mx\/index.php\/wp-json\/wp\/v2\/tags?post=33365"}],"curies":[{"name":"wp","href":"https:\/\/api.w.org\/{rel}","templated":true}]}}