{"id":33975,"date":"2022-03-02T14:31:38","date_gmt":"2022-03-02T20:31:38","guid":{"rendered":"https:\/\/www.tecdmx.org.mx\/?p=33975"},"modified":"2022-03-02T14:31:40","modified_gmt":"2022-03-02T20:31:40","slug":"boletin-n-16__trashed","status":"publish","type":"post","link":"https:\/\/www.tecdmx.org.mx\/index.php\/comunicados\/2022\/03\/02\/boletin-n-16__trashed\/","title":{"rendered":"Bolet\u00edn N\u00b0 16"},"content":{"rendered":"\n<p class=\"has-text-align-right\">Ciudad de M\u00e9xico, a 2 de marzo de 2022<\/p>\n\n\n\n<p><\/p>\n\n\n\n<p class=\"has-text-align-center\"><strong>El derecho a votar de las personas privadas de la libertad sin sentencia se sustenta en la presunci\u00f3n de inocencia, afirma magistrada Martha Mercado Ram\u00edrez<\/strong><\/p>\n\n\n\n<ul><li>Destac\u00f3 la relevancia de la sentencia del TEPJF donde ordena generar las condiciones y mecanismos para que personas en prisi\u00f3n preventiva puedan ejercer su derecho a votar.<\/li><li>El evento estuvo encabezado por Nashieli Ram\u00edrez Hern\u00e1ndez, presidenta de la CDH-CDMX y cont\u00f3 con la participaci\u00f3n de organizaciones sociales, academia e instituciones p\u00fablicas.<\/li><\/ul>\n\n\n\n<p>En el marco del foro \u201cDerechos Pol\u00edticos y Voto de Personas en Prisi\u00f3n Preventiva\u201d, organizado por la Comisi\u00f3n de Derechos Humanos de la Ciudad de M\u00e9xico (CDH-CDMX), la magistrada del Tribunal Electoral de la Ciudad de M\u00e9xico, Martha Leticia Mercado Ram\u00edrez, destac\u00f3 la relevancia de la sentencia emitida por el Tribunal Electoral del Poder Judicial de la Federaci\u00f3n para que personas en prisi\u00f3n preventiva puedan ejercer su derecho al voto.<\/p>\n\n\n\n<p>\u201cEstamos en una etapa donde tenemos que tomar la responsabilidad de lo que representamos. No podemos tener miedo a ser creativos, a ser progresivos, a hacer interpretaciones reales y generar medidas de reparaci\u00f3n, no va a cambiar nada\u201d, afirm\u00f3 la magistrada del TECDMX.<\/p>\n\n\n\n<p>Asimismo, la magistrada afirm\u00f3 que esta sentencia abre la posibilidad de generar un cambio real para el ejercicio de los derechos de las personas en prisi\u00f3n preventiva, pues, con base en el principio de presunci\u00f3n de inocencia se garantiz\u00f3 el derecho humano al voto.<\/p>\n\n\n\n<p>\u201cEl derecho pol\u00edtico de las personas privadas de la libertad sin sentencia representa la presunci\u00f3n de inocencia y, sobre todo, la garant\u00eda de los derechos pol\u00edticos; un cumplimiento del Estado Mexicano con obligaciones de reinserci\u00f3n social\u201d, consider\u00f3 la magistrada Mercado.<\/p>\n\n\n\n<p>Para concluir, la magistrada Martha Mercado afirm\u00f3 que esta pr\u00e1ctica deber\u00e1 ser una realidad en 2024 y no solo un ejercicio o prueba piloto, involucrando a los institutos electorales tanto del nivel federal como local, as\u00ed generar condiciones de sensibilizaci\u00f3n para el perfeccionamiento de este modelo de participaci\u00f3n.<\/p>\n\n\n\n<p>\u201cUna sociedad incluyente es parte de un pa\u00eds democr\u00e1tico. Lo necesitamos y queremos todas y todos; necesitamos instrumentos institucionales y voluntad pol\u00edtica para seguir avanzando en los temas del ejercicio de derechos humanos y pol\u00edtico-electorales\u201d, concluy\u00f3 la magistrada Martha Leticia Mercado Ram\u00edrez.<\/p>\n\n\n\n<p>El evento cont\u00f3 con la participaci\u00f3n de representantes del Centro de Estudios y Acci\u00f3n por la Justicia Social, Documenta, A.C., Libres para Elegir y Art\u00edculo 19, as\u00ed como de la presidenta de la CDH-CDMX, Nashieli Ram\u00edrez Hern\u00e1ndez; la consejera del INE, Dania Ravel Cuevas; el comisionado presidente del INFO Ciudad de M\u00e9xico, Ar\u00edstides Rodrigo Guerrero Garc\u00eda; el diputado del Congreso de la Ciudad de M\u00e9xico, Temist\u00f3cles Villanueva; y el consejero del Instituto Electoral capitalino, Bernardo Valle Monroy.<\/p>\n\n\n\n<p class=\"has-text-align-center\"><strong>o-O-o<\/strong><\/p>\n","protected":false},"excerpt":{"rendered":"<p>Ciudad de M\u00e9xico, a 2 de marzo de 2022 El derecho a votar de las personas privadas de la libertad sin sentencia se sustenta en la presunci\u00f3n de inocencia, afirma [&hellip;]<\/p>\n","protected":false},"author":13,"featured_media":21168,"comment_status":"open","ping_status":"open","sticky":false,"template":"","format":"standard","meta":{"_acf_changed":false,"_exactmetrics_skip_tracking":false,"_exactmetrics_sitenote_active":false,"_exactmetrics_sitenote_note":"","_exactmetrics_sitenote_category":0,"footnotes":""},"categories":[32,47],"tags":[],"acf":[],"yoast_head":"<!-- This site is optimized with the Yoast SEO plugin v22.3 - https:\/\/yoast.com\/wordpress\/plugins\/seo\/ -->\n<title>Bolet\u00edn N\u00b0 16 - Tribunal Electoral de la Ciudad de M\u00e9xico<\/title>\n<meta name=\"robots\" content=\"index, follow, max-snippet:-1, max-image-preview:large, max-video-preview:-1\" \/>\n<link rel=\"canonical\" href=\"https:\/\/www.tecdmx.org.mx\/index.php\/comunicados\/2022\/03\/02\/boletin-n-16\/\" \/>\n<meta property=\"og:locale\" content=\"es_ES\" \/>\n<meta property=\"og:type\" content=\"article\" \/>\n<meta property=\"og:title\" content=\"Bolet\u00edn N\u00b0 16 - Tribunal Electoral de la Ciudad de M\u00e9xico\" \/>\n<meta property=\"og:description\" content=\"Ciudad de M\u00e9xico, a 2 de marzo de 2022 El derecho a votar de las personas privadas de la libertad sin sentencia se sustenta en la presunci\u00f3n de inocencia, afirma [&hellip;]\" \/>\n<meta property=\"og:url\" content=\"https:\/\/www.tecdmx.org.mx\/index.php\/comunicados\/2022\/03\/02\/boletin-n-16\/\" \/>\n<meta property=\"og:site_name\" content=\"Tribunal Electoral de la Ciudad de M\u00e9xico\" \/>\n<meta property=\"article:publisher\" content=\"https:\/\/www.facebook.com\/TECDMX\/\" \/>\n<meta property=\"article:published_time\" content=\"2022-03-02T20:31:38+00:00\" \/>\n<meta property=\"article:modified_time\" content=\"2022-03-02T20:31:40+00:00\" \/>\n<meta property=\"og:image\" content=\"https:\/\/www.tecdmx.org.mx\/wp-content\/uploads\/2020\/08\/comunicado_nuevo.jpg\" \/>\n\t<meta property=\"og:image:width\" content=\"600\" \/>\n\t<meta property=\"og:image:height\" content=\"366\" \/>\n\t<meta property=\"og:image:type\" content=\"image\/jpeg\" \/>\n<meta name=\"author\" content=\"Difusion2025\" \/>\n<meta name=\"twitter:card\" content=\"summary_large_image\" \/>\n<meta name=\"twitter:creator\" content=\"@tecdmx\" \/>\n<meta name=\"twitter:site\" content=\"@tecdmx\" \/>\n<meta name=\"twitter:label1\" content=\"Escrito por\" \/>\n\t<meta name=\"twitter:data1\" content=\"Difusion2025\" \/>\n\t<meta name=\"twitter:label2\" content=\"Tiempo de lectura\" \/>\n\t<meta name=\"twitter:data2\" content=\"3 minutos\" \/>\n<script type=\"application\/ld+json\" class=\"yoast-schema-graph\">{\"@context\":\"https:\/\/schema.org\",\"@graph\":[{\"@type\":\"WebPage\",\"@id\":\"https:\/\/www.tecdmx.org.mx\/index.php\/comunicados\/2022\/03\/02\/boletin-n-16\/\",\"url\":\"https:\/\/www.tecdmx.org.mx\/index.php\/comunicados\/2022\/03\/02\/boletin-n-16\/\",\"name\":\"Bolet\u00edn N\u00b0 16 - Tribunal Electoral de la Ciudad de M\u00e9xico\",\"isPartOf\":{\"@id\":\"https:\/\/www.tecdmx.org.mx\/#website\"},\"primaryImageOfPage\":{\"@id\":\"https:\/\/www.tecdmx.org.mx\/index.php\/comunicados\/2022\/03\/02\/boletin-n-16\/#primaryimage\"},\"image\":{\"@id\":\"https:\/\/www.tecdmx.org.mx\/index.php\/comunicados\/2022\/03\/02\/boletin-n-16\/#primaryimage\"},\"thumbnailUrl\":\"https:\/\/www.tecdmx.org.mx\/wp-content\/uploads\/2020\/08\/comunicado_nuevo.jpg\",\"datePublished\":\"2022-03-02T20:31:38+00:00\",\"dateModified\":\"2022-03-02T20:31:40+00:00\",\"author\":{\"@id\":\"https:\/\/www.tecdmx.org.mx\/#\/schema\/person\/208c898199fb3234203823c5f0cf31d6\"},\"breadcrumb\":{\"@id\":\"https:\/\/www.tecdmx.org.mx\/index.php\/comunicados\/2022\/03\/02\/boletin-n-16\/#breadcrumb\"},\"inLanguage\":\"es\",\"potentialAction\":[{\"@type\":\"ReadAction\",\"target\":[\"https:\/\/www.tecdmx.org.mx\/index.php\/comunicados\/2022\/03\/02\/boletin-n-16\/\"]}]},{\"@type\":\"ImageObject\",\"inLanguage\":\"es\",\"@id\":\"https:\/\/www.tecdmx.org.mx\/index.php\/comunicados\/2022\/03\/02\/boletin-n-16\/#primaryimage\",\"url\":\"https:\/\/www.tecdmx.org.mx\/wp-content\/uploads\/2020\/08\/comunicado_nuevo.jpg\",\"contentUrl\":\"https:\/\/www.tecdmx.org.mx\/wp-content\/uploads\/2020\/08\/comunicado_nuevo.jpg\",\"width\":600,\"height\":366},{\"@type\":\"BreadcrumbList\",\"@id\":\"https:\/\/www.tecdmx.org.mx\/index.php\/comunicados\/2022\/03\/02\/boletin-n-16\/#breadcrumb\",\"itemListElement\":[{\"@type\":\"ListItem\",\"position\":1,\"name\":\"Portada\",\"item\":\"https:\/\/www.tecdmx.org.mx\/\"},{\"@type\":\"ListItem\",\"position\":2,\"name\":\"Bolet\u00edn N\u00b0 16\"}]},{\"@type\":\"WebSite\",\"@id\":\"https:\/\/www.tecdmx.org.mx\/#website\",\"url\":\"https:\/\/www.tecdmx.org.mx\/\",\"name\":\"Tribunal Electoral de la Ciudad de M\u00e9xico\",\"description\":\"25 a\u00f1os garantizando justicia en tu elecci\u00f3n\",\"potentialAction\":[{\"@type\":\"SearchAction\",\"target\":{\"@type\":\"EntryPoint\",\"urlTemplate\":\"https:\/\/www.tecdmx.org.mx\/?s={search_term_string}\"},\"query-input\":\"required name=search_term_string\"}],\"inLanguage\":\"es\"},{\"@type\":\"Person\",\"@id\":\"https:\/\/www.tecdmx.org.mx\/#\/schema\/person\/208c898199fb3234203823c5f0cf31d6\",\"name\":\"Difusion2025\",\"image\":{\"@type\":\"ImageObject\",\"inLanguage\":\"es\",\"@id\":\"https:\/\/www.tecdmx.org.mx\/#\/schema\/person\/image\/\",\"url\":\"https:\/\/secure.gravatar.com\/avatar\/6f7a4ba3acb418040e90a2eb99b5df28?s=96&d=mm&r=g\",\"contentUrl\":\"https:\/\/secure.gravatar.com\/avatar\/6f7a4ba3acb418040e90a2eb99b5df28?s=96&d=mm&r=g\",\"caption\":\"Difusion2025\"}}]}<\/script>\n<!-- \/ Yoast SEO plugin. -->","yoast_head_json":{"title":"Bolet\u00edn N\u00b0 16 - Tribunal Electoral de la Ciudad de M\u00e9xico","robots":{"index":"index","follow":"follow","max-snippet":"max-snippet:-1","max-image-preview":"max-image-preview:large","max-video-preview":"max-video-preview:-1"},"canonical":"https:\/\/www.tecdmx.org.mx\/index.php\/comunicados\/2022\/03\/02\/boletin-n-16\/","og_locale":"es_ES","og_type":"article","og_title":"Bolet\u00edn N\u00b0 16 - Tribunal Electoral de la Ciudad de M\u00e9xico","og_description":"Ciudad de M\u00e9xico, a 2 de marzo de 2022 El derecho a votar de las personas privadas de la libertad sin sentencia se sustenta en la presunci\u00f3n de inocencia, afirma [&hellip;]","og_url":"https:\/\/www.tecdmx.org.mx\/index.php\/comunicados\/2022\/03\/02\/boletin-n-16\/","og_site_name":"Tribunal Electoral de la Ciudad de M\u00e9xico","article_publisher":"https:\/\/www.facebook.com\/TECDMX\/","article_published_time":"2022-03-02T20:31:38+00:00","article_modified_time":"2022-03-02T20:31:40+00:00","og_image":[{"width":600,"height":366,"url":"https:\/\/www.tecdmx.org.mx\/wp-content\/uploads\/2020\/08\/comunicado_nuevo.jpg","type":"image\/jpeg"}],"author":"Difusion2025","twitter_card":"summary_large_image","twitter_creator":"@tecdmx","twitter_site":"@tecdmx","twitter_misc":{"Escrito por":"Difusion2025","Tiempo de lectura":"3 minutos"},"schema":{"@context":"https:\/\/schema.org","@graph":[{"@type":"WebPage","@id":"https:\/\/www.tecdmx.org.mx\/index.php\/comunicados\/2022\/03\/02\/boletin-n-16\/","url":"https:\/\/www.tecdmx.org.mx\/index.php\/comunicados\/2022\/03\/02\/boletin-n-16\/","name":"Bolet\u00edn N\u00b0 16 - Tribunal Electoral de la Ciudad de M\u00e9xico","isPartOf":{"@id":"https:\/\/www.tecdmx.org.mx\/#website"},"primaryImageOfPage":{"@id":"https:\/\/www.tecdmx.org.mx\/index.php\/comunicados\/2022\/03\/02\/boletin-n-16\/#primaryimage"},"image":{"@id":"https:\/\/www.tecdmx.org.mx\/index.php\/comunicados\/2022\/03\/02\/boletin-n-16\/#primaryimage"},"thumbnailUrl":"https:\/\/www.tecdmx.org.mx\/wp-content\/uploads\/2020\/08\/comunicado_nuevo.jpg","datePublished":"2022-03-02T20:31:38+00:00","dateModified":"2022-03-02T20:31:40+00:00","author":{"@id":"https:\/\/www.tecdmx.org.mx\/#\/schema\/person\/208c898199fb3234203823c5f0cf31d6"},"breadcrumb":{"@id":"https:\/\/www.tecdmx.org.mx\/index.php\/comunicados\/2022\/03\/02\/boletin-n-16\/#breadcrumb"},"inLanguage":"es","potentialAction":[{"@type":"ReadAction","target":["https:\/\/www.tecdmx.org.mx\/index.php\/comunicados\/2022\/03\/02\/boletin-n-16\/"]}]},{"@type":"ImageObject","inLanguage":"es","@id":"https:\/\/www.tecdmx.org.mx\/index.php\/comunicados\/2022\/03\/02\/boletin-n-16\/#primaryimage","url":"https:\/\/www.tecdmx.org.mx\/wp-content\/uploads\/2020\/08\/comunicado_nuevo.jpg","contentUrl":"https:\/\/www.tecdmx.org.mx\/wp-content\/uploads\/2020\/08\/comunicado_nuevo.jpg","width":600,"height":366},{"@type":"BreadcrumbList","@id":"https:\/\/www.tecdmx.org.mx\/index.php\/comunicados\/2022\/03\/02\/boletin-n-16\/#breadcrumb","itemListElement":[{"@type":"ListItem","position":1,"name":"Portada","item":"https:\/\/www.tecdmx.org.mx\/"},{"@type":"ListItem","position":2,"name":"Bolet\u00edn N\u00b0 16"}]},{"@type":"WebSite","@id":"https:\/\/www.tecdmx.org.mx\/#website","url":"https:\/\/www.tecdmx.org.mx\/","name":"Tribunal Electoral de la Ciudad de M\u00e9xico","description":"25 a\u00f1os garantizando justicia en tu elecci\u00f3n","potentialAction":[{"@type":"SearchAction","target":{"@type":"EntryPoint","urlTemplate":"https:\/\/www.tecdmx.org.mx\/?s={search_term_string}"},"query-input":"required name=search_term_string"}],"inLanguage":"es"},{"@type":"Person","@id":"https:\/\/www.tecdmx.org.mx\/#\/schema\/person\/208c898199fb3234203823c5f0cf31d6","name":"Difusion2025","image":{"@type":"ImageObject","inLanguage":"es","@id":"https:\/\/www.tecdmx.org.mx\/#\/schema\/person\/image\/","url":"https:\/\/secure.gravatar.com\/avatar\/6f7a4ba3acb418040e90a2eb99b5df28?s=96&d=mm&r=g","contentUrl":"https:\/\/secure.gravatar.com\/avatar\/6f7a4ba3acb418040e90a2eb99b5df28?s=96&d=mm&r=g","caption":"Difusion2025"}}]}},"_links":{"self":[{"href":"https:\/\/www.tecdmx.org.mx\/index.php\/wp-json\/wp\/v2\/posts\/33975"}],"collection":[{"href":"https:\/\/www.tecdmx.org.mx\/index.php\/wp-json\/wp\/v2\/posts"}],"about":[{"href":"https:\/\/www.tecdmx.org.mx\/index.php\/wp-json\/wp\/v2\/types\/post"}],"author":[{"embeddable":true,"href":"https:\/\/www.tecdmx.org.mx\/index.php\/wp-json\/wp\/v2\/users\/13"}],"replies":[{"embeddable":true,"href":"https:\/\/www.tecdmx.org.mx\/index.php\/wp-json\/wp\/v2\/comments?post=33975"}],"version-history":[{"count":2,"href":"https:\/\/www.tecdmx.org.mx\/index.php\/wp-json\/wp\/v2\/posts\/33975\/revisions"}],"predecessor-version":[{"id":33978,"href":"https:\/\/www.tecdmx.org.mx\/index.php\/wp-json\/wp\/v2\/posts\/33975\/revisions\/33978"}],"wp:featuredmedia":[{"embeddable":true,"href":"https:\/\/www.tecdmx.org.mx\/index.php\/wp-json\/wp\/v2\/media\/21168"}],"wp:attachment":[{"href":"https:\/\/www.tecdmx.org.mx\/index.php\/wp-json\/wp\/v2\/media?parent=33975"}],"wp:term":[{"taxonomy":"category","embeddable":true,"href":"https:\/\/www.tecdmx.org.mx\/index.php\/wp-json\/wp\/v2\/categories?post=33975"},{"taxonomy":"post_tag","embeddable":true,"href":"https:\/\/www.tecdmx.org.mx\/index.php\/wp-json\/wp\/v2\/tags?post=33975"}],"curies":[{"name":"wp","href":"https:\/\/api.w.org\/{rel}","templated":true}]}}