{"id":34013,"date":"2022-03-08T20:44:35","date_gmt":"2022-03-09T02:44:35","guid":{"rendered":"https:\/\/www.tecdmx.org.mx\/?p=34013"},"modified":"2022-03-08T20:44:37","modified_gmt":"2022-03-09T02:44:37","slug":"boletin-n-20__trashed","status":"publish","type":"post","link":"https:\/\/www.tecdmx.org.mx\/index.php\/comunicados\/2022\/03\/08\/boletin-n-20__trashed\/","title":{"rendered":"Bolet\u00edn N\u00b0 20"},"content":{"rendered":"\n<p>Ciudad de M\u00e9xico, a 8 de marzo de 2022<\/p>\n\n\n\n<p><strong>Bolet\u00edn N\u00b0 20<\/strong><\/p>\n\n\n\n<p><strong>Llama magistrada Martha Mercado a comprometerse para juzgar con perspectiva de g\u00e9nero<\/strong><\/p>\n\n\n\n<ul><li>Consider\u00f3 fundamental erradicar las barreras hist\u00f3ricas que han enfrentado las mujeres para acceder y ejercer cargos p\u00fablicos.<\/li><\/ul>\n\n\n\n<p>La magistrada del Tribunal Electoral de la Ciudad de M\u00e9xico (TECDMX), Martha Leticia Mercado Ram\u00edrez, destac\u00f3 que en la Ciudad de M\u00e9xico hay m\u00e1s mujeres que hombres, sin embargo, los espacios de toma de decisi\u00f3n no han sido hist\u00f3ricamente paritarios y, que hasta 2018, no se alcanz\u00f3 la paridad en el Congreso capitalino y, hasta 2021, la igualdad en titularidades de Alcald\u00edas.<\/p>\n\n\n\n<p>\u201cTendr\u00edamos que estudiar si la realidad de tener m\u00e1s legisladoras mujeres que hombres ha llevado al resultado de impulsar normativas y acciones que favorezcan el ejercicio de los derechos de las mujeres y su acceso a la vida p\u00fablica\u201d, afirm\u00f3 la magistrada del TECDMX.<\/p>\n\n\n\n<p>Esto, al participar en el conversatorio: \u201cLa Ciudad de M\u00e9xico en perspectiva de g\u00e9nero\u201d, organizado por el Comit\u00e9 de Participaci\u00f3n Ciudadana de la Ciudad de M\u00e9xico (CPC-CDMX) y donde comparti\u00f3 espacio con las personas integrantes de dicho comit\u00e9, Ili\u00e1n Maldonado Salvador y Edwin Ram\u00edrez D\u00edaz; el expresidente del CPC, Edgar T\u00e9llez Padr\u00f3n; la comisionada del INFO-CDMX, Marina San Mart\u00edn Rebolloso; la exprocuradora de la Defensa Laboral de la Ciudad de M\u00e9xico, Sara Elvira Morgan Hermida; y la acad\u00e9mica de la UNAM, Ver\u00f3nica Cervera Torres.<\/p>\n\n\n\n<p>Consider\u00f3 que los grupos de atenci\u00f3n prioritaria, dentro de los que se ubican las mujeres, han enfrentado barreras hist\u00f3ricas para poder participar por un cargo p\u00fablico y, pero aun, cuando los han obtenido, se ha evitado que puedan ejercerlo en condiciones de seguridad e igualdad.<\/p>\n\n\n\n<p>\u201cTenemos que comprometernos a juzgar con perspectiva de g\u00e9nero y entender que nuestras decisiones tienen un impacto en la comunidad. Debemos comprometernos con la igualdad en todo y a seguir discutiendo estos temas con una \u00f3ptica vanguardista para solucionar los problemas que enfrentamos\u201d, reflexion\u00f3 la magistrada Martha Mercado.<\/p>\n\n\n\n<p>Por otra parte, la magistrada Mercado Ram\u00edrez remarc\u00f3 la importancia de que las normativas en materia de paridad y violencia pol\u00edtica contra las mujeres por raz\u00f3n de g\u00e9nero deber\u00e1n estar acompa\u00f1adas de partidas presupuestales que permitan su implementaci\u00f3n integral.<\/p>\n\n\n\n<p>\u201cUna reforma que beneficie a un grupo de atenci\u00f3n prioritaria debe ir acompa\u00f1ada de una partida presupuestal espec\u00edfica. La ley requiere tambi\u00e9n a las personas juzgadoras y servidoras p\u00fablicas para su ejecuci\u00f3n e interpretaci\u00f3n para generar un impacto real en la ciudadan\u00eda\u201d, reiter\u00f3 la magistrada Mercado Ram\u00edrez.<\/p>\n\n\n\n<p>Para concluir con su participaci\u00f3n, la magistrada Martha Mercado consider\u00f3 como \u201cindispensable e impostergable que existan mujeres en espacios de toma de decisi\u00f3n\u201d, pues de esta manera se generar\u00e1n cambios culturales que, en el futuro, permitir\u00e1n discutir los temas en favor de las mujeres desde una visi\u00f3n igualitaria.<\/p>\n\n\n\n<p>\u201cSe necesita la visi\u00f3n de las mujeres en los espacios p\u00fablicos y que seamos protagonistas del debate de la vida p\u00fablica de nuestro pa\u00eds. No se puede dialogar, debatir o construir sin mujeres [\u2026] Tenemos que lograr que los espacios concedidos para las mujeres sigan siendo de esta manera una vez se concluyan los cargos, pues de esta manera se podr\u00eda incidir, desde el espacio p\u00fablico, en el \u00e1mbito privado\u201d, concluy\u00f3 la magistrada Mercado Ram\u00edrez.<\/p>\n\n\n\n<p><strong>o-O-o<\/strong><\/p>\n","protected":false},"excerpt":{"rendered":"<p>Ciudad de M\u00e9xico, a 8 de marzo de 2022 Bolet\u00edn N\u00b0 20 Llama magistrada Martha Mercado a comprometerse para juzgar con perspectiva de g\u00e9nero Consider\u00f3 fundamental erradicar las barreras hist\u00f3ricas [&hellip;]<\/p>\n","protected":false},"author":13,"featured_media":21168,"comment_status":"open","ping_status":"open","sticky":false,"template":"","format":"standard","meta":{"_acf_changed":false,"_exactmetrics_skip_tracking":false,"_exactmetrics_sitenote_active":false,"_exactmetrics_sitenote_note":"","_exactmetrics_sitenote_category":0,"footnotes":""},"categories":[32,47],"tags":[],"acf":[],"yoast_head":"<!-- This site is optimized with the Yoast SEO plugin v22.3 - https:\/\/yoast.com\/wordpress\/plugins\/seo\/ -->\n<title>Bolet\u00edn N\u00b0 20 - Tribunal Electoral de la Ciudad de M\u00e9xico<\/title>\n<meta name=\"robots\" content=\"index, follow, max-snippet:-1, max-image-preview:large, max-video-preview:-1\" \/>\n<link rel=\"canonical\" href=\"https:\/\/www.tecdmx.org.mx\/index.php\/comunicados\/2022\/03\/08\/boletin-n-20\/\" \/>\n<meta property=\"og:locale\" content=\"es_ES\" \/>\n<meta property=\"og:type\" content=\"article\" \/>\n<meta property=\"og:title\" content=\"Bolet\u00edn N\u00b0 20 - Tribunal Electoral de la Ciudad de M\u00e9xico\" \/>\n<meta property=\"og:description\" content=\"Ciudad de M\u00e9xico, a 8 de marzo de 2022 Bolet\u00edn N\u00b0 20 Llama magistrada Martha Mercado a comprometerse para juzgar con perspectiva de g\u00e9nero Consider\u00f3 fundamental erradicar las barreras hist\u00f3ricas [&hellip;]\" \/>\n<meta property=\"og:url\" content=\"https:\/\/www.tecdmx.org.mx\/index.php\/comunicados\/2022\/03\/08\/boletin-n-20\/\" \/>\n<meta property=\"og:site_name\" content=\"Tribunal Electoral de la Ciudad de M\u00e9xico\" \/>\n<meta property=\"article:publisher\" content=\"https:\/\/www.facebook.com\/TECDMX\/\" \/>\n<meta property=\"article:published_time\" content=\"2022-03-09T02:44:35+00:00\" \/>\n<meta property=\"article:modified_time\" content=\"2022-03-09T02:44:37+00:00\" \/>\n<meta property=\"og:image\" content=\"https:\/\/www.tecdmx.org.mx\/wp-content\/uploads\/2020\/08\/comunicado_nuevo.jpg\" \/>\n\t<meta property=\"og:image:width\" content=\"600\" \/>\n\t<meta property=\"og:image:height\" content=\"366\" \/>\n\t<meta property=\"og:image:type\" content=\"image\/jpeg\" \/>\n<meta name=\"author\" content=\"Difusion2025\" \/>\n<meta name=\"twitter:card\" content=\"summary_large_image\" \/>\n<meta name=\"twitter:creator\" content=\"@tecdmx\" \/>\n<meta name=\"twitter:site\" content=\"@tecdmx\" \/>\n<meta name=\"twitter:label1\" content=\"Escrito por\" \/>\n\t<meta name=\"twitter:data1\" content=\"Difusion2025\" \/>\n\t<meta name=\"twitter:label2\" content=\"Tiempo de lectura\" \/>\n\t<meta name=\"twitter:data2\" content=\"3 minutos\" \/>\n<script type=\"application\/ld+json\" class=\"yoast-schema-graph\">{\"@context\":\"https:\/\/schema.org\",\"@graph\":[{\"@type\":\"WebPage\",\"@id\":\"https:\/\/www.tecdmx.org.mx\/index.php\/comunicados\/2022\/03\/08\/boletin-n-20\/\",\"url\":\"https:\/\/www.tecdmx.org.mx\/index.php\/comunicados\/2022\/03\/08\/boletin-n-20\/\",\"name\":\"Bolet\u00edn N\u00b0 20 - Tribunal Electoral de la Ciudad de M\u00e9xico\",\"isPartOf\":{\"@id\":\"https:\/\/www.tecdmx.org.mx\/#website\"},\"primaryImageOfPage\":{\"@id\":\"https:\/\/www.tecdmx.org.mx\/index.php\/comunicados\/2022\/03\/08\/boletin-n-20\/#primaryimage\"},\"image\":{\"@id\":\"https:\/\/www.tecdmx.org.mx\/index.php\/comunicados\/2022\/03\/08\/boletin-n-20\/#primaryimage\"},\"thumbnailUrl\":\"https:\/\/www.tecdmx.org.mx\/wp-content\/uploads\/2020\/08\/comunicado_nuevo.jpg\",\"datePublished\":\"2022-03-09T02:44:35+00:00\",\"dateModified\":\"2022-03-09T02:44:37+00:00\",\"author\":{\"@id\":\"https:\/\/www.tecdmx.org.mx\/#\/schema\/person\/208c898199fb3234203823c5f0cf31d6\"},\"breadcrumb\":{\"@id\":\"https:\/\/www.tecdmx.org.mx\/index.php\/comunicados\/2022\/03\/08\/boletin-n-20\/#breadcrumb\"},\"inLanguage\":\"es\",\"potentialAction\":[{\"@type\":\"ReadAction\",\"target\":[\"https:\/\/www.tecdmx.org.mx\/index.php\/comunicados\/2022\/03\/08\/boletin-n-20\/\"]}]},{\"@type\":\"ImageObject\",\"inLanguage\":\"es\",\"@id\":\"https:\/\/www.tecdmx.org.mx\/index.php\/comunicados\/2022\/03\/08\/boletin-n-20\/#primaryimage\",\"url\":\"https:\/\/www.tecdmx.org.mx\/wp-content\/uploads\/2020\/08\/comunicado_nuevo.jpg\",\"contentUrl\":\"https:\/\/www.tecdmx.org.mx\/wp-content\/uploads\/2020\/08\/comunicado_nuevo.jpg\",\"width\":600,\"height\":366},{\"@type\":\"BreadcrumbList\",\"@id\":\"https:\/\/www.tecdmx.org.mx\/index.php\/comunicados\/2022\/03\/08\/boletin-n-20\/#breadcrumb\",\"itemListElement\":[{\"@type\":\"ListItem\",\"position\":1,\"name\":\"Portada\",\"item\":\"https:\/\/www.tecdmx.org.mx\/\"},{\"@type\":\"ListItem\",\"position\":2,\"name\":\"Bolet\u00edn N\u00b0 20\"}]},{\"@type\":\"WebSite\",\"@id\":\"https:\/\/www.tecdmx.org.mx\/#website\",\"url\":\"https:\/\/www.tecdmx.org.mx\/\",\"name\":\"Tribunal Electoral de la Ciudad de M\u00e9xico\",\"description\":\"25 a\u00f1os garantizando justicia en tu elecci\u00f3n\",\"potentialAction\":[{\"@type\":\"SearchAction\",\"target\":{\"@type\":\"EntryPoint\",\"urlTemplate\":\"https:\/\/www.tecdmx.org.mx\/?s={search_term_string}\"},\"query-input\":\"required name=search_term_string\"}],\"inLanguage\":\"es\"},{\"@type\":\"Person\",\"@id\":\"https:\/\/www.tecdmx.org.mx\/#\/schema\/person\/208c898199fb3234203823c5f0cf31d6\",\"name\":\"Difusion2025\",\"image\":{\"@type\":\"ImageObject\",\"inLanguage\":\"es\",\"@id\":\"https:\/\/www.tecdmx.org.mx\/#\/schema\/person\/image\/\",\"url\":\"https:\/\/secure.gravatar.com\/avatar\/6f7a4ba3acb418040e90a2eb99b5df28?s=96&d=mm&r=g\",\"contentUrl\":\"https:\/\/secure.gravatar.com\/avatar\/6f7a4ba3acb418040e90a2eb99b5df28?s=96&d=mm&r=g\",\"caption\":\"Difusion2025\"}}]}<\/script>\n<!-- \/ Yoast SEO plugin. -->","yoast_head_json":{"title":"Bolet\u00edn N\u00b0 20 - Tribunal Electoral de la Ciudad de M\u00e9xico","robots":{"index":"index","follow":"follow","max-snippet":"max-snippet:-1","max-image-preview":"max-image-preview:large","max-video-preview":"max-video-preview:-1"},"canonical":"https:\/\/www.tecdmx.org.mx\/index.php\/comunicados\/2022\/03\/08\/boletin-n-20\/","og_locale":"es_ES","og_type":"article","og_title":"Bolet\u00edn N\u00b0 20 - Tribunal Electoral de la Ciudad de M\u00e9xico","og_description":"Ciudad de M\u00e9xico, a 8 de marzo de 2022 Bolet\u00edn N\u00b0 20 Llama magistrada Martha Mercado a comprometerse para juzgar con perspectiva de g\u00e9nero Consider\u00f3 fundamental erradicar las barreras hist\u00f3ricas [&hellip;]","og_url":"https:\/\/www.tecdmx.org.mx\/index.php\/comunicados\/2022\/03\/08\/boletin-n-20\/","og_site_name":"Tribunal Electoral de la Ciudad de M\u00e9xico","article_publisher":"https:\/\/www.facebook.com\/TECDMX\/","article_published_time":"2022-03-09T02:44:35+00:00","article_modified_time":"2022-03-09T02:44:37+00:00","og_image":[{"width":600,"height":366,"url":"https:\/\/www.tecdmx.org.mx\/wp-content\/uploads\/2020\/08\/comunicado_nuevo.jpg","type":"image\/jpeg"}],"author":"Difusion2025","twitter_card":"summary_large_image","twitter_creator":"@tecdmx","twitter_site":"@tecdmx","twitter_misc":{"Escrito por":"Difusion2025","Tiempo de lectura":"3 minutos"},"schema":{"@context":"https:\/\/schema.org","@graph":[{"@type":"WebPage","@id":"https:\/\/www.tecdmx.org.mx\/index.php\/comunicados\/2022\/03\/08\/boletin-n-20\/","url":"https:\/\/www.tecdmx.org.mx\/index.php\/comunicados\/2022\/03\/08\/boletin-n-20\/","name":"Bolet\u00edn N\u00b0 20 - Tribunal Electoral de la Ciudad de M\u00e9xico","isPartOf":{"@id":"https:\/\/www.tecdmx.org.mx\/#website"},"primaryImageOfPage":{"@id":"https:\/\/www.tecdmx.org.mx\/index.php\/comunicados\/2022\/03\/08\/boletin-n-20\/#primaryimage"},"image":{"@id":"https:\/\/www.tecdmx.org.mx\/index.php\/comunicados\/2022\/03\/08\/boletin-n-20\/#primaryimage"},"thumbnailUrl":"https:\/\/www.tecdmx.org.mx\/wp-content\/uploads\/2020\/08\/comunicado_nuevo.jpg","datePublished":"2022-03-09T02:44:35+00:00","dateModified":"2022-03-09T02:44:37+00:00","author":{"@id":"https:\/\/www.tecdmx.org.mx\/#\/schema\/person\/208c898199fb3234203823c5f0cf31d6"},"breadcrumb":{"@id":"https:\/\/www.tecdmx.org.mx\/index.php\/comunicados\/2022\/03\/08\/boletin-n-20\/#breadcrumb"},"inLanguage":"es","potentialAction":[{"@type":"ReadAction","target":["https:\/\/www.tecdmx.org.mx\/index.php\/comunicados\/2022\/03\/08\/boletin-n-20\/"]}]},{"@type":"ImageObject","inLanguage":"es","@id":"https:\/\/www.tecdmx.org.mx\/index.php\/comunicados\/2022\/03\/08\/boletin-n-20\/#primaryimage","url":"https:\/\/www.tecdmx.org.mx\/wp-content\/uploads\/2020\/08\/comunicado_nuevo.jpg","contentUrl":"https:\/\/www.tecdmx.org.mx\/wp-content\/uploads\/2020\/08\/comunicado_nuevo.jpg","width":600,"height":366},{"@type":"BreadcrumbList","@id":"https:\/\/www.tecdmx.org.mx\/index.php\/comunicados\/2022\/03\/08\/boletin-n-20\/#breadcrumb","itemListElement":[{"@type":"ListItem","position":1,"name":"Portada","item":"https:\/\/www.tecdmx.org.mx\/"},{"@type":"ListItem","position":2,"name":"Bolet\u00edn N\u00b0 20"}]},{"@type":"WebSite","@id":"https:\/\/www.tecdmx.org.mx\/#website","url":"https:\/\/www.tecdmx.org.mx\/","name":"Tribunal Electoral de la Ciudad de M\u00e9xico","description":"25 a\u00f1os garantizando justicia en tu elecci\u00f3n","potentialAction":[{"@type":"SearchAction","target":{"@type":"EntryPoint","urlTemplate":"https:\/\/www.tecdmx.org.mx\/?s={search_term_string}"},"query-input":"required name=search_term_string"}],"inLanguage":"es"},{"@type":"Person","@id":"https:\/\/www.tecdmx.org.mx\/#\/schema\/person\/208c898199fb3234203823c5f0cf31d6","name":"Difusion2025","image":{"@type":"ImageObject","inLanguage":"es","@id":"https:\/\/www.tecdmx.org.mx\/#\/schema\/person\/image\/","url":"https:\/\/secure.gravatar.com\/avatar\/6f7a4ba3acb418040e90a2eb99b5df28?s=96&d=mm&r=g","contentUrl":"https:\/\/secure.gravatar.com\/avatar\/6f7a4ba3acb418040e90a2eb99b5df28?s=96&d=mm&r=g","caption":"Difusion2025"}}]}},"_links":{"self":[{"href":"https:\/\/www.tecdmx.org.mx\/index.php\/wp-json\/wp\/v2\/posts\/34013"}],"collection":[{"href":"https:\/\/www.tecdmx.org.mx\/index.php\/wp-json\/wp\/v2\/posts"}],"about":[{"href":"https:\/\/www.tecdmx.org.mx\/index.php\/wp-json\/wp\/v2\/types\/post"}],"author":[{"embeddable":true,"href":"https:\/\/www.tecdmx.org.mx\/index.php\/wp-json\/wp\/v2\/users\/13"}],"replies":[{"embeddable":true,"href":"https:\/\/www.tecdmx.org.mx\/index.php\/wp-json\/wp\/v2\/comments?post=34013"}],"version-history":[{"count":2,"href":"https:\/\/www.tecdmx.org.mx\/index.php\/wp-json\/wp\/v2\/posts\/34013\/revisions"}],"predecessor-version":[{"id":34016,"href":"https:\/\/www.tecdmx.org.mx\/index.php\/wp-json\/wp\/v2\/posts\/34013\/revisions\/34016"}],"wp:featuredmedia":[{"embeddable":true,"href":"https:\/\/www.tecdmx.org.mx\/index.php\/wp-json\/wp\/v2\/media\/21168"}],"wp:attachment":[{"href":"https:\/\/www.tecdmx.org.mx\/index.php\/wp-json\/wp\/v2\/media?parent=34013"}],"wp:term":[{"taxonomy":"category","embeddable":true,"href":"https:\/\/www.tecdmx.org.mx\/index.php\/wp-json\/wp\/v2\/categories?post=34013"},{"taxonomy":"post_tag","embeddable":true,"href":"https:\/\/www.tecdmx.org.mx\/index.php\/wp-json\/wp\/v2\/tags?post=34013"}],"curies":[{"name":"wp","href":"https:\/\/api.w.org\/{rel}","templated":true}]}}