{"id":34035,"date":"2022-03-10T18:11:48","date_gmt":"2022-03-11T00:11:48","guid":{"rendered":"https:\/\/www.tecdmx.org.mx\/?p=34035"},"modified":"2022-03-10T18:11:50","modified_gmt":"2022-03-11T00:11:50","slug":"boletin-n-22__trashed","status":"publish","type":"post","link":"https:\/\/www.tecdmx.org.mx\/index.php\/comunicados\/2022\/03\/10\/boletin-n-22__trashed\/","title":{"rendered":"Bolet\u00edn N\u00b0 22"},"content":{"rendered":"\n<p><strong>Ciudad de M\u00e9xico, a. 10 de marzo de 2022<\/strong><\/p>\n\n\n\n<p><strong>Bolet\u00edn N\u00b0 22<\/strong><\/p>\n\n\n\n<p><strong>\u201cUna democracia id\u00f3nea es aquella en donde las minor\u00edas tengan garant\u00edas plenas de inclusi\u00f3n y respeto por sus derechos\u201d, afirma magistrada Martha Mercado<\/strong><\/p>\n\n\n\n<p>La magistrada del Tribunal Electoral de la Ciudad de M\u00e9xico (TECDMX), Martha Leticia Mercado Ram\u00edrez, particip\u00f3 en el programa \u201cHablemos Derecho\u201d de la fundaci\u00f3n \u201cPrograma Nacional de Asistencia Jur\u00eddica\u201d conducido por Tzoyectzin Chac\u00f3n, para hablar sobre la \u201cJusticia Inclusiva\u201d.<\/p>\n\n\n\n<p>Inici\u00f3 su participaci\u00f3n hablando sobre la justicia electoral inclusiva, la cual ha jugado un papel destacado y resalt\u00f3 que M\u00e9xico cuenta con una Constituci\u00f3n Pol\u00edtica inclusiva y de vanguardia creada por una Asamblea Constituyente conformada por un 50% de mujeres y un 50% de hombres.<\/p>\n\n\n\n<p>Asimismo, la Magistrada Mercado Ram\u00edrez consider\u00f3 que las personas juzgadoras est\u00e1n obligadas a entender el impacto social que tienen las sentencias que emiten, ya que, en algunas de ellas no se reconoce la vulnerabilidad de una persona.<\/p>\n\n\n\n<p>Mencion\u00f3 que, igual que en otros planos sociales, el Derecho Electoral se enfrenta a una realidad desigual y esta brecha de discriminaci\u00f3n hacia los grupos hist\u00f3ricamente rezagados, reprimidos y marginados por espacios de poder pol\u00edtico requiere una visi\u00f3n espec\u00edfica de empat\u00eda y sensibilidad por parte de las personas operadoras, int\u00e9rpretes, integrantes de poderes judiciales e impartidoras de justicia, que permita lograr una democracia inclusiva.&nbsp;<\/p>\n\n\n\n<p>Respecto del acceso de las personas con discapacidad en el \u00e1mbito de la justicia en materia electoral, la magistrada destac\u00f3 algunas medidas que generan espacios de mayor inclusi\u00f3n como por ejemplo: la participaci\u00f3n de personas int\u00e9rpretes en Lengua de Se\u00f1as Mexicana y el subtitulado en los spots televisivos de partidos pol\u00edticos y autoridades, los cuales permiten que m\u00e1s personas puedan conocer los temas de car\u00e1cter pol\u00edtico en nuestro pa\u00eds.<\/p>\n\n\n\n<p>Se remont\u00f3 a la Reforma de Derechos Humanos de 2011, la cual indic\u00f3 fue un parteaguas para que los grupos que hist\u00f3ricamente hab\u00edan sido discriminados y marginados fueran puestos en el centro del cambio de perspectiva, siendo este un anhelo constitucional y un ejercicio igualitario que obliga a poner mayor \u00e9nfasis en estos grupos. De ah\u00ed que los Congresos Locales y Federales han evolucionado con la mejora de estructuras y el establecimiento de medidas de&nbsp;<a>cero discriminaci\u00f3n<\/a>.&nbsp;&nbsp;<\/p>\n\n\n\n<p>Refiri\u00f3 tambi\u00e9n que durante 2019 sigui\u00f3 una reforma en la que se comenz\u00f3 a conceptualizar la violencia pol\u00edtica por razones de g\u00e9nero, aspecto de suma importancia para mejorar el estatus de la mujer y lograr una legislaci\u00f3n con principios de paridad.<\/p>\n\n\n\n<p>Destac\u00f3 que mientras m\u00e1s disposici\u00f3n haya para reconocer que se trata de transformar con empat\u00eda y sensibilidad, se lograr\u00e1 un verdadero cambio. A su vez, dijo que, si bien ha habido muchos avances en la materia, es necesario difundir para que haya un acceso pleno al ejercicio de estos derechos.<\/p>\n\n\n\n<p>Concluy\u00f3 que es necesario que la ciudadan\u00eda y personas servidoras p\u00fablicas asuman un compromiso tangible con la democracia, la justicia emp\u00e1tica y el progreso social a trav\u00e9s de la inclusi\u00f3n.<\/p>\n\n\n\n<p><strong>o-O-o<\/strong><\/p>\n","protected":false},"excerpt":{"rendered":"<p>Ciudad de M\u00e9xico, a. 10 de marzo de 2022 Bolet\u00edn N\u00b0 22 \u201cUna democracia id\u00f3nea es aquella en donde las minor\u00edas tengan garant\u00edas plenas de inclusi\u00f3n y respeto por sus [&hellip;]<\/p>\n","protected":false},"author":13,"featured_media":21168,"comment_status":"open","ping_status":"open","sticky":false,"template":"","format":"standard","meta":{"_acf_changed":false,"_exactmetrics_skip_tracking":false,"_exactmetrics_sitenote_active":false,"_exactmetrics_sitenote_note":"","_exactmetrics_sitenote_category":0,"footnotes":""},"categories":[32,47],"tags":[],"acf":[],"yoast_head":"<!-- This site is optimized with the Yoast SEO plugin v22.3 - https:\/\/yoast.com\/wordpress\/plugins\/seo\/ -->\n<title>Bolet\u00edn N\u00b0 22 - Tribunal Electoral de la Ciudad de M\u00e9xico<\/title>\n<meta name=\"robots\" content=\"index, follow, max-snippet:-1, max-image-preview:large, max-video-preview:-1\" \/>\n<link rel=\"canonical\" href=\"https:\/\/www.tecdmx.org.mx\/index.php\/comunicados\/2022\/03\/10\/boletin-n-22\/\" \/>\n<meta property=\"og:locale\" content=\"es_ES\" \/>\n<meta property=\"og:type\" content=\"article\" \/>\n<meta property=\"og:title\" content=\"Bolet\u00edn N\u00b0 22 - Tribunal Electoral de la Ciudad de M\u00e9xico\" \/>\n<meta property=\"og:description\" content=\"Ciudad de M\u00e9xico, a. 10 de marzo de 2022 Bolet\u00edn N\u00b0 22 \u201cUna democracia id\u00f3nea es aquella en donde las minor\u00edas tengan garant\u00edas plenas de inclusi\u00f3n y respeto por sus [&hellip;]\" \/>\n<meta property=\"og:url\" content=\"https:\/\/www.tecdmx.org.mx\/index.php\/comunicados\/2022\/03\/10\/boletin-n-22\/\" \/>\n<meta property=\"og:site_name\" content=\"Tribunal Electoral de la Ciudad de M\u00e9xico\" \/>\n<meta property=\"article:publisher\" content=\"https:\/\/www.facebook.com\/TECDMX\/\" \/>\n<meta property=\"article:published_time\" content=\"2022-03-11T00:11:48+00:00\" \/>\n<meta property=\"article:modified_time\" content=\"2022-03-11T00:11:50+00:00\" \/>\n<meta property=\"og:image\" content=\"https:\/\/www.tecdmx.org.mx\/wp-content\/uploads\/2020\/08\/comunicado_nuevo.jpg\" \/>\n\t<meta property=\"og:image:width\" content=\"600\" \/>\n\t<meta property=\"og:image:height\" content=\"366\" \/>\n\t<meta property=\"og:image:type\" content=\"image\/jpeg\" \/>\n<meta name=\"author\" content=\"Difusion2025\" \/>\n<meta name=\"twitter:card\" content=\"summary_large_image\" \/>\n<meta name=\"twitter:creator\" content=\"@tecdmx\" \/>\n<meta name=\"twitter:site\" content=\"@tecdmx\" \/>\n<meta name=\"twitter:label1\" content=\"Escrito por\" \/>\n\t<meta name=\"twitter:data1\" content=\"Difusion2025\" \/>\n\t<meta name=\"twitter:label2\" content=\"Tiempo de lectura\" \/>\n\t<meta name=\"twitter:data2\" content=\"3 minutos\" \/>\n<script type=\"application\/ld+json\" class=\"yoast-schema-graph\">{\"@context\":\"https:\/\/schema.org\",\"@graph\":[{\"@type\":\"WebPage\",\"@id\":\"https:\/\/www.tecdmx.org.mx\/index.php\/comunicados\/2022\/03\/10\/boletin-n-22\/\",\"url\":\"https:\/\/www.tecdmx.org.mx\/index.php\/comunicados\/2022\/03\/10\/boletin-n-22\/\",\"name\":\"Bolet\u00edn N\u00b0 22 - Tribunal Electoral de la Ciudad de M\u00e9xico\",\"isPartOf\":{\"@id\":\"https:\/\/www.tecdmx.org.mx\/#website\"},\"primaryImageOfPage\":{\"@id\":\"https:\/\/www.tecdmx.org.mx\/index.php\/comunicados\/2022\/03\/10\/boletin-n-22\/#primaryimage\"},\"image\":{\"@id\":\"https:\/\/www.tecdmx.org.mx\/index.php\/comunicados\/2022\/03\/10\/boletin-n-22\/#primaryimage\"},\"thumbnailUrl\":\"https:\/\/www.tecdmx.org.mx\/wp-content\/uploads\/2020\/08\/comunicado_nuevo.jpg\",\"datePublished\":\"2022-03-11T00:11:48+00:00\",\"dateModified\":\"2022-03-11T00:11:50+00:00\",\"author\":{\"@id\":\"https:\/\/www.tecdmx.org.mx\/#\/schema\/person\/208c898199fb3234203823c5f0cf31d6\"},\"breadcrumb\":{\"@id\":\"https:\/\/www.tecdmx.org.mx\/index.php\/comunicados\/2022\/03\/10\/boletin-n-22\/#breadcrumb\"},\"inLanguage\":\"es\",\"potentialAction\":[{\"@type\":\"ReadAction\",\"target\":[\"https:\/\/www.tecdmx.org.mx\/index.php\/comunicados\/2022\/03\/10\/boletin-n-22\/\"]}]},{\"@type\":\"ImageObject\",\"inLanguage\":\"es\",\"@id\":\"https:\/\/www.tecdmx.org.mx\/index.php\/comunicados\/2022\/03\/10\/boletin-n-22\/#primaryimage\",\"url\":\"https:\/\/www.tecdmx.org.mx\/wp-content\/uploads\/2020\/08\/comunicado_nuevo.jpg\",\"contentUrl\":\"https:\/\/www.tecdmx.org.mx\/wp-content\/uploads\/2020\/08\/comunicado_nuevo.jpg\",\"width\":600,\"height\":366},{\"@type\":\"BreadcrumbList\",\"@id\":\"https:\/\/www.tecdmx.org.mx\/index.php\/comunicados\/2022\/03\/10\/boletin-n-22\/#breadcrumb\",\"itemListElement\":[{\"@type\":\"ListItem\",\"position\":1,\"name\":\"Portada\",\"item\":\"https:\/\/www.tecdmx.org.mx\/\"},{\"@type\":\"ListItem\",\"position\":2,\"name\":\"Bolet\u00edn N\u00b0 22\"}]},{\"@type\":\"WebSite\",\"@id\":\"https:\/\/www.tecdmx.org.mx\/#website\",\"url\":\"https:\/\/www.tecdmx.org.mx\/\",\"name\":\"Tribunal Electoral de la Ciudad de M\u00e9xico\",\"description\":\"25 a\u00f1os garantizando justicia en tu elecci\u00f3n\",\"potentialAction\":[{\"@type\":\"SearchAction\",\"target\":{\"@type\":\"EntryPoint\",\"urlTemplate\":\"https:\/\/www.tecdmx.org.mx\/?s={search_term_string}\"},\"query-input\":\"required name=search_term_string\"}],\"inLanguage\":\"es\"},{\"@type\":\"Person\",\"@id\":\"https:\/\/www.tecdmx.org.mx\/#\/schema\/person\/208c898199fb3234203823c5f0cf31d6\",\"name\":\"Difusion2025\",\"image\":{\"@type\":\"ImageObject\",\"inLanguage\":\"es\",\"@id\":\"https:\/\/www.tecdmx.org.mx\/#\/schema\/person\/image\/\",\"url\":\"https:\/\/secure.gravatar.com\/avatar\/6f7a4ba3acb418040e90a2eb99b5df28?s=96&d=mm&r=g\",\"contentUrl\":\"https:\/\/secure.gravatar.com\/avatar\/6f7a4ba3acb418040e90a2eb99b5df28?s=96&d=mm&r=g\",\"caption\":\"Difusion2025\"}}]}<\/script>\n<!-- \/ Yoast SEO plugin. -->","yoast_head_json":{"title":"Bolet\u00edn N\u00b0 22 - Tribunal Electoral de la Ciudad de M\u00e9xico","robots":{"index":"index","follow":"follow","max-snippet":"max-snippet:-1","max-image-preview":"max-image-preview:large","max-video-preview":"max-video-preview:-1"},"canonical":"https:\/\/www.tecdmx.org.mx\/index.php\/comunicados\/2022\/03\/10\/boletin-n-22\/","og_locale":"es_ES","og_type":"article","og_title":"Bolet\u00edn N\u00b0 22 - Tribunal Electoral de la Ciudad de M\u00e9xico","og_description":"Ciudad de M\u00e9xico, a. 10 de marzo de 2022 Bolet\u00edn N\u00b0 22 \u201cUna democracia id\u00f3nea es aquella en donde las minor\u00edas tengan garant\u00edas plenas de inclusi\u00f3n y respeto por sus [&hellip;]","og_url":"https:\/\/www.tecdmx.org.mx\/index.php\/comunicados\/2022\/03\/10\/boletin-n-22\/","og_site_name":"Tribunal Electoral de la Ciudad de M\u00e9xico","article_publisher":"https:\/\/www.facebook.com\/TECDMX\/","article_published_time":"2022-03-11T00:11:48+00:00","article_modified_time":"2022-03-11T00:11:50+00:00","og_image":[{"width":600,"height":366,"url":"https:\/\/www.tecdmx.org.mx\/wp-content\/uploads\/2020\/08\/comunicado_nuevo.jpg","type":"image\/jpeg"}],"author":"Difusion2025","twitter_card":"summary_large_image","twitter_creator":"@tecdmx","twitter_site":"@tecdmx","twitter_misc":{"Escrito por":"Difusion2025","Tiempo de lectura":"3 minutos"},"schema":{"@context":"https:\/\/schema.org","@graph":[{"@type":"WebPage","@id":"https:\/\/www.tecdmx.org.mx\/index.php\/comunicados\/2022\/03\/10\/boletin-n-22\/","url":"https:\/\/www.tecdmx.org.mx\/index.php\/comunicados\/2022\/03\/10\/boletin-n-22\/","name":"Bolet\u00edn N\u00b0 22 - Tribunal Electoral de la Ciudad de M\u00e9xico","isPartOf":{"@id":"https:\/\/www.tecdmx.org.mx\/#website"},"primaryImageOfPage":{"@id":"https:\/\/www.tecdmx.org.mx\/index.php\/comunicados\/2022\/03\/10\/boletin-n-22\/#primaryimage"},"image":{"@id":"https:\/\/www.tecdmx.org.mx\/index.php\/comunicados\/2022\/03\/10\/boletin-n-22\/#primaryimage"},"thumbnailUrl":"https:\/\/www.tecdmx.org.mx\/wp-content\/uploads\/2020\/08\/comunicado_nuevo.jpg","datePublished":"2022-03-11T00:11:48+00:00","dateModified":"2022-03-11T00:11:50+00:00","author":{"@id":"https:\/\/www.tecdmx.org.mx\/#\/schema\/person\/208c898199fb3234203823c5f0cf31d6"},"breadcrumb":{"@id":"https:\/\/www.tecdmx.org.mx\/index.php\/comunicados\/2022\/03\/10\/boletin-n-22\/#breadcrumb"},"inLanguage":"es","potentialAction":[{"@type":"ReadAction","target":["https:\/\/www.tecdmx.org.mx\/index.php\/comunicados\/2022\/03\/10\/boletin-n-22\/"]}]},{"@type":"ImageObject","inLanguage":"es","@id":"https:\/\/www.tecdmx.org.mx\/index.php\/comunicados\/2022\/03\/10\/boletin-n-22\/#primaryimage","url":"https:\/\/www.tecdmx.org.mx\/wp-content\/uploads\/2020\/08\/comunicado_nuevo.jpg","contentUrl":"https:\/\/www.tecdmx.org.mx\/wp-content\/uploads\/2020\/08\/comunicado_nuevo.jpg","width":600,"height":366},{"@type":"BreadcrumbList","@id":"https:\/\/www.tecdmx.org.mx\/index.php\/comunicados\/2022\/03\/10\/boletin-n-22\/#breadcrumb","itemListElement":[{"@type":"ListItem","position":1,"name":"Portada","item":"https:\/\/www.tecdmx.org.mx\/"},{"@type":"ListItem","position":2,"name":"Bolet\u00edn N\u00b0 22"}]},{"@type":"WebSite","@id":"https:\/\/www.tecdmx.org.mx\/#website","url":"https:\/\/www.tecdmx.org.mx\/","name":"Tribunal Electoral de la Ciudad de M\u00e9xico","description":"25 a\u00f1os garantizando justicia en tu elecci\u00f3n","potentialAction":[{"@type":"SearchAction","target":{"@type":"EntryPoint","urlTemplate":"https:\/\/www.tecdmx.org.mx\/?s={search_term_string}"},"query-input":"required name=search_term_string"}],"inLanguage":"es"},{"@type":"Person","@id":"https:\/\/www.tecdmx.org.mx\/#\/schema\/person\/208c898199fb3234203823c5f0cf31d6","name":"Difusion2025","image":{"@type":"ImageObject","inLanguage":"es","@id":"https:\/\/www.tecdmx.org.mx\/#\/schema\/person\/image\/","url":"https:\/\/secure.gravatar.com\/avatar\/6f7a4ba3acb418040e90a2eb99b5df28?s=96&d=mm&r=g","contentUrl":"https:\/\/secure.gravatar.com\/avatar\/6f7a4ba3acb418040e90a2eb99b5df28?s=96&d=mm&r=g","caption":"Difusion2025"}}]}},"_links":{"self":[{"href":"https:\/\/www.tecdmx.org.mx\/index.php\/wp-json\/wp\/v2\/posts\/34035"}],"collection":[{"href":"https:\/\/www.tecdmx.org.mx\/index.php\/wp-json\/wp\/v2\/posts"}],"about":[{"href":"https:\/\/www.tecdmx.org.mx\/index.php\/wp-json\/wp\/v2\/types\/post"}],"author":[{"embeddable":true,"href":"https:\/\/www.tecdmx.org.mx\/index.php\/wp-json\/wp\/v2\/users\/13"}],"replies":[{"embeddable":true,"href":"https:\/\/www.tecdmx.org.mx\/index.php\/wp-json\/wp\/v2\/comments?post=34035"}],"version-history":[{"count":2,"href":"https:\/\/www.tecdmx.org.mx\/index.php\/wp-json\/wp\/v2\/posts\/34035\/revisions"}],"predecessor-version":[{"id":34038,"href":"https:\/\/www.tecdmx.org.mx\/index.php\/wp-json\/wp\/v2\/posts\/34035\/revisions\/34038"}],"wp:featuredmedia":[{"embeddable":true,"href":"https:\/\/www.tecdmx.org.mx\/index.php\/wp-json\/wp\/v2\/media\/21168"}],"wp:attachment":[{"href":"https:\/\/www.tecdmx.org.mx\/index.php\/wp-json\/wp\/v2\/media?parent=34035"}],"wp:term":[{"taxonomy":"category","embeddable":true,"href":"https:\/\/www.tecdmx.org.mx\/index.php\/wp-json\/wp\/v2\/categories?post=34035"},{"taxonomy":"post_tag","embeddable":true,"href":"https:\/\/www.tecdmx.org.mx\/index.php\/wp-json\/wp\/v2\/tags?post=34035"}],"curies":[{"name":"wp","href":"https:\/\/api.w.org\/{rel}","templated":true}]}}