{"id":34049,"date":"2022-03-11T19:59:19","date_gmt":"2022-03-12T01:59:19","guid":{"rendered":"https:\/\/www.tecdmx.org.mx\/?p=34049"},"modified":"2022-03-11T19:59:22","modified_gmt":"2022-03-12T01:59:22","slug":"boletin-n-24__trashed","status":"publish","type":"post","link":"https:\/\/www.tecdmx.org.mx\/index.php\/comunicados\/2022\/03\/11\/boletin-n-24__trashed\/","title":{"rendered":"Bolet\u00edn N\u00b0 24"},"content":{"rendered":"\n<p class=\"has-text-align-right\">Ciudad de M\u00e9xico, a 11 de marzo de 2022<\/p>\n\n\n\n<p><\/p>\n\n\n\n<p class=\"has-text-align-center\"><strong>Capacitaci\u00f3n de personas mayores en derechos pol\u00edtico-electorales incentiva su participaci\u00f3n y cierra brechas de discriminaci\u00f3n, afirman en el TECDMX<\/strong><\/p>\n\n\n\n<ul><li>Destacan altos porcentajes de votaci\u00f3n de personas mayores durante los \u00faltimos procesos electorales.<\/li><\/ul>\n\n\n\n<p>El Tribunal Electoral de la Ciudad de M\u00e9xico (TECDMX), en colaboraci\u00f3n con el Instituto del Envejecimiento Digno de la Ciudad de M\u00e9xico, celebr\u00f3 esta ma\u00f1ana la inauguraci\u00f3n de los trabajos del curso-taller \u201cRa\u00edces por la Democracia\u201d, el cual est\u00e1 enfocado en capacitar a personas mayores en el conocimiento y ejercicio de sus derechos pol\u00edtico-electorales, con el fin de que puedan fortalecer e impulsar su participaci\u00f3n en la vida p\u00fablica de nuestra sociedad.<\/p>\n\n\n\n<p>Al hacer uso de la voz, la magistrada Martha Leticia Mercado Ram\u00edrez destac\u00f3 que la edad representa un factor fundamental de discriminaci\u00f3n, maltrato y violencia hacia las personas mayores, lo que trastoca y merma su calidad de vida, as\u00ed como tambi\u00e9n el ejercicio de sus derechos y libertades fundamentales.<\/p>\n\n\n\n<p>\u201cDe acuerdo con el INEGI, en los pr\u00f3ximos a\u00f1os se espera una inversi\u00f3n en la pir\u00e1mide poblacional, teniendo que el grupo de personas de 60 a\u00f1os y m\u00e1s ser\u00e1n las que predominen [\u2026] Ra\u00edces por la Democracia es un modelo para sensibilizar sobre la discriminaci\u00f3n que vive este grupo etario\u201d, afirm\u00f3 la magistrada Mercado Ram\u00edrez.<\/p>\n\n\n\n<p>Asimismo, la magistrada Alejandra Ch\u00e1vez Camarena, quien realiz\u00f3 la declaratoria de inauguraci\u00f3n de este programa, destac\u00f3 que, de acuerdo con informaci\u00f3n censal, las personas mayores pasaron de 5 a 15.1 millones en el \u00faltimo siglo, representando del 6% al 12% de la poblaci\u00f3n total.<\/p>\n\n\n\n<p>\u201cLos estudios de comportamiento electoral dan cuenta que las personas mayores son uno de los segmentos que m\u00e1s participan electoralmente. Esta visi\u00f3n, se contrapone a factores sociales, culturales y pol\u00edticos que han mantenido a quienes integran este grupo en estado cr\u00f3nico de desciudadanizaci\u00f3n, siendo uno de los grupos m\u00e1s invisibilizados\u201d, consider\u00f3 la magistrada Ch\u00e1vez Camarena.<\/p>\n\n\n\n<p>Por su parte, la presidenta de la Comisi\u00f3n de Derechos Humanos de la Ciudad de M\u00e9xico, Nashieli Ram\u00edrez Hern\u00e1ndez, destac\u00f3 que este tipo de acciones no solo refrendan el compromiso social e institucional con las personas mayores, sino que representan un ejercicio de empoderamiento personal que genera y estimula la confianza para ejercer su plena autonom\u00eda, incentivando as\u00ed su participaci\u00f3n para el ejercicio de sus derechos pol\u00edticos.<\/p>\n\n\n\n<p>\u201cGracias por generar condiciones para que las instituciones p\u00fablicas y organizaciones de la sociedad civil nos coordinemos en pro de los derechos humanos de las personas que habitan la Ciudad de M\u00e9xico y, en especial, de las mayores\u201d, afirm\u00f3 la presidenta de la Comisi\u00f3n de Derechos Humanos capitalina.<\/p>\n\n\n\n<p>Durante su participaci\u00f3n, la consejera presidenta del Instituto Electoral de la Ciudad de M\u00e9xico reflexion\u00f3 sobre que la democracia atraviesa a todos los \u00e1mbitos de la vida, por lo que se deben generar acciones de tolerancia, respeto y promoci\u00f3n de los derechos humanos, en este caso, de las personas mayores.<\/p>\n\n\n\n<p>\u201cEl sector de las personas mayores ha sido olvidado en muchas ocasiones, dejando de lado que estas personas pudieran ejercer plenamente sus derechos pol\u00edtico-electorales. [\u2026] Debemos refrendar y ampliar todos los ejercicios de participaci\u00f3n en favor de las personas mayores\u201d, reiter\u00f3 la consejera presidenta.<\/p>\n\n\n\n<p>Por su parte, la directora general de Pol\u00edtica Criminal y Vinculaci\u00f3n en materia de Delitos Electorales en la Fiscal\u00eda Especializada en Delitos Electorales, Mar\u00eda de los \u00c1ngeles Lozano MacDonald, dio a conocer que en el Proceso Electoral 2017-2018 las personas en el bloque de edad entre los 60 y 79 a\u00f1os promediaron un 56.67% de participaci\u00f3n respecto del total de la lista nominal.<\/p>\n\n\n\n<p>\u201cLa efectividad del sufragio en las personas mayores es una de las aristas por abarcar dentro del logro del desarrollo democr\u00e1tico del pa\u00eds. Es preciso encontrar mecanismos para involucrar a la poblaci\u00f3n mayor en tareas como las candidaturas y la observaci\u00f3n electoral, tanto en procesos locales como federales\u201d, reflexion\u00f3 la directora general.<\/p>\n\n\n\n<p>Durante 2021, el programa \u201cRa\u00edces por la Democracia\u201d tuvo 20 horas de capacitaci\u00f3n, 200 personas mayores capacitadas (159 mujeres y 41 hombres), as\u00ed como la publicaci\u00f3n de un compendio con las vivencias tanto de quienes participaron en los cursos-taller, as\u00ed como de personas ponentes.<\/p>\n\n\n\n<p>El evento inaugural, as\u00ed como los cursos-taller, cont\u00f3 con la participaci\u00f3n de representantes de instituciones p\u00fablicas, organizaciones de la sociedad civil y la academia.<\/p>\n\n\n\n<p class=\"has-text-align-center\">o-O-o<\/p>\n","protected":false},"excerpt":{"rendered":"<p>Ciudad de M\u00e9xico, a 11 de marzo de 2022 Capacitaci\u00f3n de personas mayores en derechos pol\u00edtico-electorales incentiva su participaci\u00f3n y cierra brechas de discriminaci\u00f3n, afirman en el TECDMX Destacan altos [&hellip;]<\/p>\n","protected":false},"author":13,"featured_media":21168,"comment_status":"open","ping_status":"open","sticky":false,"template":"","format":"standard","meta":{"_acf_changed":false,"_exactmetrics_skip_tracking":false,"_exactmetrics_sitenote_active":false,"_exactmetrics_sitenote_note":"","_exactmetrics_sitenote_category":0,"footnotes":""},"categories":[32,47],"tags":[],"acf":[],"yoast_head":"<!-- This site is optimized with the Yoast SEO plugin v22.3 - https:\/\/yoast.com\/wordpress\/plugins\/seo\/ -->\n<title>Bolet\u00edn N\u00b0 24 - Tribunal Electoral de la Ciudad de M\u00e9xico<\/title>\n<meta name=\"robots\" content=\"index, follow, max-snippet:-1, max-image-preview:large, max-video-preview:-1\" \/>\n<link rel=\"canonical\" href=\"https:\/\/www.tecdmx.org.mx\/index.php\/comunicados\/2022\/03\/11\/boletin-n-24\/\" \/>\n<meta property=\"og:locale\" content=\"es_ES\" \/>\n<meta property=\"og:type\" content=\"article\" \/>\n<meta property=\"og:title\" content=\"Bolet\u00edn N\u00b0 24 - Tribunal Electoral de la Ciudad de M\u00e9xico\" \/>\n<meta property=\"og:description\" content=\"Ciudad de M\u00e9xico, a 11 de marzo de 2022 Capacitaci\u00f3n de personas mayores en derechos pol\u00edtico-electorales incentiva su participaci\u00f3n y cierra brechas de discriminaci\u00f3n, afirman en el TECDMX Destacan altos [&hellip;]\" \/>\n<meta property=\"og:url\" content=\"https:\/\/www.tecdmx.org.mx\/index.php\/comunicados\/2022\/03\/11\/boletin-n-24\/\" \/>\n<meta property=\"og:site_name\" content=\"Tribunal Electoral de la Ciudad de M\u00e9xico\" \/>\n<meta property=\"article:publisher\" content=\"https:\/\/www.facebook.com\/TECDMX\/\" \/>\n<meta property=\"article:published_time\" content=\"2022-03-12T01:59:19+00:00\" \/>\n<meta property=\"article:modified_time\" content=\"2022-03-12T01:59:22+00:00\" \/>\n<meta property=\"og:image\" content=\"https:\/\/www.tecdmx.org.mx\/wp-content\/uploads\/2020\/08\/comunicado_nuevo.jpg\" \/>\n\t<meta property=\"og:image:width\" content=\"600\" \/>\n\t<meta property=\"og:image:height\" content=\"366\" \/>\n\t<meta property=\"og:image:type\" content=\"image\/jpeg\" \/>\n<meta name=\"author\" content=\"Difusion2025\" \/>\n<meta name=\"twitter:card\" content=\"summary_large_image\" \/>\n<meta name=\"twitter:creator\" content=\"@tecdmx\" \/>\n<meta name=\"twitter:site\" content=\"@tecdmx\" \/>\n<meta name=\"twitter:label1\" content=\"Escrito por\" \/>\n\t<meta name=\"twitter:data1\" content=\"Difusion2025\" \/>\n\t<meta name=\"twitter:label2\" content=\"Tiempo de lectura\" \/>\n\t<meta name=\"twitter:data2\" content=\"4 minutos\" \/>\n<script type=\"application\/ld+json\" class=\"yoast-schema-graph\">{\"@context\":\"https:\/\/schema.org\",\"@graph\":[{\"@type\":\"WebPage\",\"@id\":\"https:\/\/www.tecdmx.org.mx\/index.php\/comunicados\/2022\/03\/11\/boletin-n-24\/\",\"url\":\"https:\/\/www.tecdmx.org.mx\/index.php\/comunicados\/2022\/03\/11\/boletin-n-24\/\",\"name\":\"Bolet\u00edn N\u00b0 24 - Tribunal Electoral de la Ciudad de M\u00e9xico\",\"isPartOf\":{\"@id\":\"https:\/\/www.tecdmx.org.mx\/#website\"},\"primaryImageOfPage\":{\"@id\":\"https:\/\/www.tecdmx.org.mx\/index.php\/comunicados\/2022\/03\/11\/boletin-n-24\/#primaryimage\"},\"image\":{\"@id\":\"https:\/\/www.tecdmx.org.mx\/index.php\/comunicados\/2022\/03\/11\/boletin-n-24\/#primaryimage\"},\"thumbnailUrl\":\"https:\/\/www.tecdmx.org.mx\/wp-content\/uploads\/2020\/08\/comunicado_nuevo.jpg\",\"datePublished\":\"2022-03-12T01:59:19+00:00\",\"dateModified\":\"2022-03-12T01:59:22+00:00\",\"author\":{\"@id\":\"https:\/\/www.tecdmx.org.mx\/#\/schema\/person\/208c898199fb3234203823c5f0cf31d6\"},\"breadcrumb\":{\"@id\":\"https:\/\/www.tecdmx.org.mx\/index.php\/comunicados\/2022\/03\/11\/boletin-n-24\/#breadcrumb\"},\"inLanguage\":\"es\",\"potentialAction\":[{\"@type\":\"ReadAction\",\"target\":[\"https:\/\/www.tecdmx.org.mx\/index.php\/comunicados\/2022\/03\/11\/boletin-n-24\/\"]}]},{\"@type\":\"ImageObject\",\"inLanguage\":\"es\",\"@id\":\"https:\/\/www.tecdmx.org.mx\/index.php\/comunicados\/2022\/03\/11\/boletin-n-24\/#primaryimage\",\"url\":\"https:\/\/www.tecdmx.org.mx\/wp-content\/uploads\/2020\/08\/comunicado_nuevo.jpg\",\"contentUrl\":\"https:\/\/www.tecdmx.org.mx\/wp-content\/uploads\/2020\/08\/comunicado_nuevo.jpg\",\"width\":600,\"height\":366},{\"@type\":\"BreadcrumbList\",\"@id\":\"https:\/\/www.tecdmx.org.mx\/index.php\/comunicados\/2022\/03\/11\/boletin-n-24\/#breadcrumb\",\"itemListElement\":[{\"@type\":\"ListItem\",\"position\":1,\"name\":\"Portada\",\"item\":\"https:\/\/www.tecdmx.org.mx\/\"},{\"@type\":\"ListItem\",\"position\":2,\"name\":\"Bolet\u00edn N\u00b0 24\"}]},{\"@type\":\"WebSite\",\"@id\":\"https:\/\/www.tecdmx.org.mx\/#website\",\"url\":\"https:\/\/www.tecdmx.org.mx\/\",\"name\":\"Tribunal Electoral de la Ciudad de M\u00e9xico\",\"description\":\"25 a\u00f1os garantizando justicia en tu elecci\u00f3n\",\"potentialAction\":[{\"@type\":\"SearchAction\",\"target\":{\"@type\":\"EntryPoint\",\"urlTemplate\":\"https:\/\/www.tecdmx.org.mx\/?s={search_term_string}\"},\"query-input\":\"required name=search_term_string\"}],\"inLanguage\":\"es\"},{\"@type\":\"Person\",\"@id\":\"https:\/\/www.tecdmx.org.mx\/#\/schema\/person\/208c898199fb3234203823c5f0cf31d6\",\"name\":\"Difusion2025\",\"image\":{\"@type\":\"ImageObject\",\"inLanguage\":\"es\",\"@id\":\"https:\/\/www.tecdmx.org.mx\/#\/schema\/person\/image\/\",\"url\":\"https:\/\/secure.gravatar.com\/avatar\/6f7a4ba3acb418040e90a2eb99b5df28?s=96&d=mm&r=g\",\"contentUrl\":\"https:\/\/secure.gravatar.com\/avatar\/6f7a4ba3acb418040e90a2eb99b5df28?s=96&d=mm&r=g\",\"caption\":\"Difusion2025\"}}]}<\/script>\n<!-- \/ Yoast SEO plugin. -->","yoast_head_json":{"title":"Bolet\u00edn N\u00b0 24 - Tribunal Electoral de la Ciudad de M\u00e9xico","robots":{"index":"index","follow":"follow","max-snippet":"max-snippet:-1","max-image-preview":"max-image-preview:large","max-video-preview":"max-video-preview:-1"},"canonical":"https:\/\/www.tecdmx.org.mx\/index.php\/comunicados\/2022\/03\/11\/boletin-n-24\/","og_locale":"es_ES","og_type":"article","og_title":"Bolet\u00edn N\u00b0 24 - Tribunal Electoral de la Ciudad de M\u00e9xico","og_description":"Ciudad de M\u00e9xico, a 11 de marzo de 2022 Capacitaci\u00f3n de personas mayores en derechos pol\u00edtico-electorales incentiva su participaci\u00f3n y cierra brechas de discriminaci\u00f3n, afirman en el TECDMX Destacan altos [&hellip;]","og_url":"https:\/\/www.tecdmx.org.mx\/index.php\/comunicados\/2022\/03\/11\/boletin-n-24\/","og_site_name":"Tribunal Electoral de la Ciudad de M\u00e9xico","article_publisher":"https:\/\/www.facebook.com\/TECDMX\/","article_published_time":"2022-03-12T01:59:19+00:00","article_modified_time":"2022-03-12T01:59:22+00:00","og_image":[{"width":600,"height":366,"url":"https:\/\/www.tecdmx.org.mx\/wp-content\/uploads\/2020\/08\/comunicado_nuevo.jpg","type":"image\/jpeg"}],"author":"Difusion2025","twitter_card":"summary_large_image","twitter_creator":"@tecdmx","twitter_site":"@tecdmx","twitter_misc":{"Escrito por":"Difusion2025","Tiempo de lectura":"4 minutos"},"schema":{"@context":"https:\/\/schema.org","@graph":[{"@type":"WebPage","@id":"https:\/\/www.tecdmx.org.mx\/index.php\/comunicados\/2022\/03\/11\/boletin-n-24\/","url":"https:\/\/www.tecdmx.org.mx\/index.php\/comunicados\/2022\/03\/11\/boletin-n-24\/","name":"Bolet\u00edn N\u00b0 24 - Tribunal Electoral de la Ciudad de M\u00e9xico","isPartOf":{"@id":"https:\/\/www.tecdmx.org.mx\/#website"},"primaryImageOfPage":{"@id":"https:\/\/www.tecdmx.org.mx\/index.php\/comunicados\/2022\/03\/11\/boletin-n-24\/#primaryimage"},"image":{"@id":"https:\/\/www.tecdmx.org.mx\/index.php\/comunicados\/2022\/03\/11\/boletin-n-24\/#primaryimage"},"thumbnailUrl":"https:\/\/www.tecdmx.org.mx\/wp-content\/uploads\/2020\/08\/comunicado_nuevo.jpg","datePublished":"2022-03-12T01:59:19+00:00","dateModified":"2022-03-12T01:59:22+00:00","author":{"@id":"https:\/\/www.tecdmx.org.mx\/#\/schema\/person\/208c898199fb3234203823c5f0cf31d6"},"breadcrumb":{"@id":"https:\/\/www.tecdmx.org.mx\/index.php\/comunicados\/2022\/03\/11\/boletin-n-24\/#breadcrumb"},"inLanguage":"es","potentialAction":[{"@type":"ReadAction","target":["https:\/\/www.tecdmx.org.mx\/index.php\/comunicados\/2022\/03\/11\/boletin-n-24\/"]}]},{"@type":"ImageObject","inLanguage":"es","@id":"https:\/\/www.tecdmx.org.mx\/index.php\/comunicados\/2022\/03\/11\/boletin-n-24\/#primaryimage","url":"https:\/\/www.tecdmx.org.mx\/wp-content\/uploads\/2020\/08\/comunicado_nuevo.jpg","contentUrl":"https:\/\/www.tecdmx.org.mx\/wp-content\/uploads\/2020\/08\/comunicado_nuevo.jpg","width":600,"height":366},{"@type":"BreadcrumbList","@id":"https:\/\/www.tecdmx.org.mx\/index.php\/comunicados\/2022\/03\/11\/boletin-n-24\/#breadcrumb","itemListElement":[{"@type":"ListItem","position":1,"name":"Portada","item":"https:\/\/www.tecdmx.org.mx\/"},{"@type":"ListItem","position":2,"name":"Bolet\u00edn N\u00b0 24"}]},{"@type":"WebSite","@id":"https:\/\/www.tecdmx.org.mx\/#website","url":"https:\/\/www.tecdmx.org.mx\/","name":"Tribunal Electoral de la Ciudad de M\u00e9xico","description":"25 a\u00f1os garantizando justicia en tu elecci\u00f3n","potentialAction":[{"@type":"SearchAction","target":{"@type":"EntryPoint","urlTemplate":"https:\/\/www.tecdmx.org.mx\/?s={search_term_string}"},"query-input":"required name=search_term_string"}],"inLanguage":"es"},{"@type":"Person","@id":"https:\/\/www.tecdmx.org.mx\/#\/schema\/person\/208c898199fb3234203823c5f0cf31d6","name":"Difusion2025","image":{"@type":"ImageObject","inLanguage":"es","@id":"https:\/\/www.tecdmx.org.mx\/#\/schema\/person\/image\/","url":"https:\/\/secure.gravatar.com\/avatar\/6f7a4ba3acb418040e90a2eb99b5df28?s=96&d=mm&r=g","contentUrl":"https:\/\/secure.gravatar.com\/avatar\/6f7a4ba3acb418040e90a2eb99b5df28?s=96&d=mm&r=g","caption":"Difusion2025"}}]}},"_links":{"self":[{"href":"https:\/\/www.tecdmx.org.mx\/index.php\/wp-json\/wp\/v2\/posts\/34049"}],"collection":[{"href":"https:\/\/www.tecdmx.org.mx\/index.php\/wp-json\/wp\/v2\/posts"}],"about":[{"href":"https:\/\/www.tecdmx.org.mx\/index.php\/wp-json\/wp\/v2\/types\/post"}],"author":[{"embeddable":true,"href":"https:\/\/www.tecdmx.org.mx\/index.php\/wp-json\/wp\/v2\/users\/13"}],"replies":[{"embeddable":true,"href":"https:\/\/www.tecdmx.org.mx\/index.php\/wp-json\/wp\/v2\/comments?post=34049"}],"version-history":[{"count":2,"href":"https:\/\/www.tecdmx.org.mx\/index.php\/wp-json\/wp\/v2\/posts\/34049\/revisions"}],"predecessor-version":[{"id":34052,"href":"https:\/\/www.tecdmx.org.mx\/index.php\/wp-json\/wp\/v2\/posts\/34049\/revisions\/34052"}],"wp:featuredmedia":[{"embeddable":true,"href":"https:\/\/www.tecdmx.org.mx\/index.php\/wp-json\/wp\/v2\/media\/21168"}],"wp:attachment":[{"href":"https:\/\/www.tecdmx.org.mx\/index.php\/wp-json\/wp\/v2\/media?parent=34049"}],"wp:term":[{"taxonomy":"category","embeddable":true,"href":"https:\/\/www.tecdmx.org.mx\/index.php\/wp-json\/wp\/v2\/categories?post=34049"},{"taxonomy":"post_tag","embeddable":true,"href":"https:\/\/www.tecdmx.org.mx\/index.php\/wp-json\/wp\/v2\/tags?post=34049"}],"curies":[{"name":"wp","href":"https:\/\/api.w.org\/{rel}","templated":true}]}}