{"id":34271,"date":"2022-03-16T17:19:31","date_gmt":"2022-03-16T23:19:31","guid":{"rendered":"https:\/\/www.tecdmx.org.mx\/?p=34271"},"modified":"2022-03-16T17:19:44","modified_gmt":"2022-03-16T23:19:44","slug":"boletin-n-28__trashed","status":"publish","type":"post","link":"https:\/\/www.tecdmx.org.mx\/index.php\/comunicados\/2022\/03\/16\/boletin-n-28__trashed\/","title":{"rendered":"Bolet\u00edn N\u00b0 28"},"content":{"rendered":"\n<p class=\"has-text-align-right\">Ciudad de M\u00e9xico, a 16 de marzo de 2022<\/p>\n\n\n\n<p><\/p>\n\n\n\n<p class=\"has-text-align-center\"><strong>Confirma TECDMX expulsi\u00f3n de Nallely Guti\u00e9rrez y Ulises Ruiz del PRI <\/strong><strong>en cumplimiento de sentencia de la Sala Regional Ciudad de M\u00e9xico del TEPJF.<\/strong><strong><\/strong><\/p>\n\n\n\n<p>El Pleno del Tribunal Electoral de la Ciudad de M\u00e9xico (TECDMX) celebr\u00f3 Sesi\u00f3n P\u00fablica en la que confirm\u00f3, en cumplimiento de sentencia de la Sala Regional Ciudad de M\u00e9xico del Tribunal Electoral del Poder Judicial de la Federaci\u00f3n, la expulsi\u00f3n de Nallely Guti\u00e9rrez Gij\u00f3n y Ulises Ernesto Ruiz Ortiz del Partido Revolucionario Institucional (PRI).<\/p>\n\n\n\n<p>Lo anterior, toda vez que fue correcto el actuar de la Comisi\u00f3n Nacional de Justicia Partidaria del PRI, al haber impuesto la expulsi\u00f3n como sanci\u00f3n por hechos como la actividad proselitista y de apoyo a fuerzas antag\u00f3nicas a ese partido por parte de la militante denunciada, as\u00ed como la toma de instalaciones del Comit\u00e9 Ejecutivo Nacional del partido por parte de ambas personas.<a href=\"#_ftn1\">[1]<\/a><\/p>\n\n\n\n<p>Entre otros asuntos, en esta Sesi\u00f3n las magistraturas resolvieron 5 Procedimientos Especiales Sancionadores de la siguiente manera:<\/p>\n\n\n\n<figure class=\"wp-block-table\"><table><tbody><tr><td><strong>Expediente<\/strong><\/td><td><strong>Hechos denunciados<\/strong><\/td><td><strong>Determinaci\u00f3n del TECDMX<\/strong><\/td><\/tr><tr><td><strong>TECDMX-PES-251\/2021<\/strong><strong><\/strong><\/td><td>Uso indebido de recursos p\u00fablicos e inducci\u00f3n o coacci\u00f3n al voto derivado de dos pintas en barda y seis publicaciones del 17 y 29 de mayo, en Facebook, atribuidas a Jos\u00e9 Carlos Acosta Ruiz, otrora candidato a la Alcald\u00eda Xochimilco, y el partido Morena, por <em>culpa in vigilando<\/em>.<\/td><td>Sobreseimiento respecto del uso indebido de recursos p\u00fablicos, as\u00ed como inexistencia de la coacci\u00f3n al voto.<\/td><\/tr><tr><td><strong>TECDMX-PES-255\/2021<\/strong><\/td><td>Uso indebido de recursos p\u00fablicos atribuidos a Jorge Real S\u00e1nchez, Alejandro M\u00e9ndez Gonz\u00e1lez e Israel N\u00fa\u00f1ez Zavala, en su calidad de personas servidoras p\u00fablicas adscritas al \u00d3rgano Interno de Control del Congreso de la Ciudad de M\u00e9xico, derivado de cuatro publicaciones realizadas en sus perfiles en la red social Facebook.<\/td><td>Inexistencia de la infracci\u00f3n denunciada.<\/td><\/tr><tr><td><strong>TECDMX-PES-257\/2021<\/strong><\/td><td>Actos anticipados de campa\u00f1a, promoci\u00f3n personalizada y uso indebido de recursos p\u00fablicos atribuidos a Eduardo Santill\u00e1n P\u00e9rez, otrora diputado local, derivado de la publicaci\u00f3n de un video en Facebook, as\u00ed como a los partidos Morena, del Trabajo y Verde Ecologista de M\u00e9xico por <em>culpa in vigilando<\/em>.<\/td><td>Inexistencia de actos anticipados de campa\u00f1a. &nbsp; Existencia de promoci\u00f3n personalizada y uso indebido de recursos p\u00fablicos y, en consecuencia, se dio vista al Congreso de la Ciudad de M\u00e9xico para que imponga la sanci\u00f3n que en derecho corresponda.<\/td><\/tr><tr><td><strong>TECDMX-PES-002\/2022<\/strong><\/td><td>Actos anticipados de precampa\u00f1a y campa\u00f1a, as\u00ed como coacci\u00f3n o inducci\u00f3n al voto atribuidos a Sandra Xantall Cuevas Nieves, en su calidad de otrora candidata a la Alcald\u00eda Cuauht\u00e9moc, y culpa <em>in vigilando<\/em> al PAN, al PRD y al PRI.<\/td><td>Inexistencia de las infracciones denunciadas.<\/td><\/tr><tr><td><strong>TECDMX-PES-013\/2022<\/strong><\/td><td>Actos anticipados de precampa\u00f1a atribuidos a Fernando Z\u00e1rate Salgado y Jorge Emilio S\u00e1nchez Cordero Grossmann, por una publicaci\u00f3n en Facebook en la que realizan manifestaciones a favor de Jorge S\u00e1nchez Cordero para contender por la Alcald\u00eda \u00c1lvaro Obreg\u00f3n.<\/td><td>Inexistencia de la infracci\u00f3n denunciada.<\/td><\/tr><\/tbody><\/table><\/figure>\n\n\n\n<p>Por otro lado, el Pleno determin\u00f3 revocar un oficio de la Secretar\u00eda Administrativa del Instituto Electoral de la Ciudad de M\u00e9xico (IECM) a trav\u00e9s del cual expuso los motivos por los que la parte actora no ten\u00eda derecho a ser inscrita en el Fondo de Ahorro 2022 con motivo de la relaci\u00f3n jur\u00eddica existente con dicho organismo. Por ello, este \u00d3rgano Jurisdiccional orden\u00f3 a la responsable que lleven a cabo las adecuaciones necesarias para que, en el momento en que la persona cumpla 6 meses de haber ingresado al citado Instituto, sea inscrito al Fondo.<a href=\"#_ftn2\">[2]<\/a><\/p>\n\n\n\n<p>Las magistraturas confirmaron en otro juicio la respuesta del Secretario Administrativo del IECM por el que contesta la solicitud formulada por la parte actora con relaci\u00f3n al otorgamiento de d\u00edas de descanso que, como incentivo, le fueron concedidos a trav\u00e9s del Acuerdo 063 de 2020 del Consejo General de dicho Instituto.<a href=\"#_ftn3\">[3]<\/a><\/p>\n\n\n\n<p>En otro orden de ideas, las magistradas y magistrados ordenaron a la Alcald\u00eda Xochimilco realizar las acciones necesarias para llevar a cabo el proyecto de <a>Presupuesto Participativo <\/a>2020-2021 \u201cMejoramiento de la imagen del pante\u00f3n del pueblo (nichos)\u201d en San Luis Tlaxialtemalco, toda vez que la determinaci\u00f3n se tom\u00f3 dentro de la Asamblea Comunitaria de dicho pueblo.<a href=\"#_ftn4\">[4]<\/a><\/p>\n\n\n\n<p>De igual forma, determinaron dejar sin efectos las acciones realizadas por la 19 Direcci\u00f3n Distrital del IECM y del director general de Participaci\u00f3n Ciudadana de la Alcald\u00eda Xochimilco, respecto al Presupuesto Participativo en el Pueblo de San Lucas Xochimanca, quienes no reconocieron a las personas que se ostentaron como autoridades tradicionales en dicho pueblo. Asimismo, las magistraturas ordenaron al IECM llevar a cabo una reuni\u00f3n informativa con las autoridades tradicionales del pueblo <s>y<\/s> para que las oriente sobre la necesidad de que los proyectos propuestos de presupuesto participativo provengan de la decisi\u00f3n de la comunidad, adoptada en la asamblea de dicho pueblo.<a href=\"#_ftn5\">[5]<\/a><\/p>\n\n\n\n<p>Finalmente, el pleno determin\u00f3 el desechamiento de diversos juicios por las razones siguientes:<\/p>\n\n\n\n<ul><li><strong>TECDMX-JEL-030\/2022<\/strong> al haber quedado sin materia, toda vez que la Direcci\u00f3n General de Participaci\u00f3n Ciudadana de la Alcald\u00eda Coyoac\u00e1n, dio respuesta a la parte actora sobre el retraso en la ejecuci\u00f3n del proyecto ganador de presupuesto participativo 2020 y 2021, en la unidad territorial Ex Ejido San Francisco Culhuac\u00e1n II de la citada demarcaci\u00f3n.<\/li><li><strong>TECDMX-JLDC-014\/2022 y sus acumulados (JLDC-015, JLDC-17 y JLDC-018)<\/strong> al haber un cambio de situaci\u00f3n jur\u00eddica, ya que los actos que la parte actora pretend\u00eda controvertir quedaron sin efectos en raz\u00f3n de que la Sala Regional Ciudad de M\u00e9xico determin\u00f3 revocar la sentencia en la cual este \u00f3rgano jurisdiccional (TECDMX-JLDC-132\/2021) hab\u00eda ordenado a la Comisi\u00f3n Nacional reponer el procedimiento sancionador a partir de la etapa de emplazamiento.<\/li><\/ul>\n\n\n\n<p class=\"has-text-align-center\"><strong>o-O-o<\/strong><\/p>\n\n\n\n<hr class=\"wp-block-separator\"\/>\n\n\n\n<p><a href=\"#_ftnref1\"><strong>[1]<\/strong><\/a><strong> TECDMX-JLD-132\/2021<\/strong><\/p>\n\n\n\n<p><a href=\"#_ftnref2\"><strong>[2]<\/strong><\/a><strong> TECDMX-JEL-054\/2022<\/strong><strong><\/strong><\/p>\n\n\n\n<p><a href=\"#_ftnref3\"><strong>[3]<\/strong><\/a><strong> TECDMX-JEL-065\/2022<\/strong><strong><\/strong><\/p>\n\n\n\n<p><a href=\"#_ftnref4\"><strong>[4]<\/strong><\/a><strong>TECDMX-JLDC-012\/2022<\/strong><\/p>\n\n\n\n<p><a href=\"#_ftnref5\"><strong>[5]<\/strong><\/a><strong>TECDMX-JLDC-013\/2022<\/strong><\/p>\n","protected":false},"excerpt":{"rendered":"<p>Ciudad de M\u00e9xico, a 16 de marzo de 2022 Confirma TECDMX expulsi\u00f3n de Nallely Guti\u00e9rrez y Ulises Ruiz del PRI en cumplimiento de sentencia de la Sala Regional Ciudad de [&hellip;]<\/p>\n","protected":false},"author":13,"featured_media":21168,"comment_status":"open","ping_status":"open","sticky":false,"template":"","format":"standard","meta":{"_acf_changed":false,"_exactmetrics_skip_tracking":false,"_exactmetrics_sitenote_active":false,"_exactmetrics_sitenote_note":"","_exactmetrics_sitenote_category":0,"footnotes":""},"categories":[32,47],"tags":[],"acf":[],"yoast_head":"<!-- This site is optimized with the Yoast SEO plugin v22.3 - https:\/\/yoast.com\/wordpress\/plugins\/seo\/ -->\n<title>Bolet\u00edn N\u00b0 28 - Tribunal Electoral de la Ciudad de M\u00e9xico<\/title>\n<meta name=\"robots\" content=\"index, follow, max-snippet:-1, max-image-preview:large, max-video-preview:-1\" \/>\n<link rel=\"canonical\" href=\"https:\/\/www.tecdmx.org.mx\/index.php\/comunicados\/2022\/03\/16\/boletin-n-28\/\" \/>\n<meta property=\"og:locale\" content=\"es_ES\" \/>\n<meta property=\"og:type\" content=\"article\" \/>\n<meta property=\"og:title\" content=\"Bolet\u00edn N\u00b0 28 - Tribunal Electoral de la Ciudad de M\u00e9xico\" \/>\n<meta property=\"og:description\" content=\"Ciudad de M\u00e9xico, a 16 de marzo de 2022 Confirma TECDMX expulsi\u00f3n de Nallely Guti\u00e9rrez y Ulises Ruiz del PRI en cumplimiento de sentencia de la Sala Regional Ciudad de [&hellip;]\" \/>\n<meta property=\"og:url\" content=\"https:\/\/www.tecdmx.org.mx\/index.php\/comunicados\/2022\/03\/16\/boletin-n-28\/\" \/>\n<meta property=\"og:site_name\" content=\"Tribunal Electoral de la Ciudad de M\u00e9xico\" \/>\n<meta property=\"article:publisher\" content=\"https:\/\/www.facebook.com\/TECDMX\/\" \/>\n<meta property=\"article:published_time\" content=\"2022-03-16T23:19:31+00:00\" \/>\n<meta property=\"article:modified_time\" content=\"2022-03-16T23:19:44+00:00\" \/>\n<meta property=\"og:image\" content=\"https:\/\/www.tecdmx.org.mx\/wp-content\/uploads\/2020\/08\/comunicado_nuevo.jpg\" \/>\n\t<meta property=\"og:image:width\" content=\"600\" \/>\n\t<meta property=\"og:image:height\" content=\"366\" \/>\n\t<meta property=\"og:image:type\" content=\"image\/jpeg\" \/>\n<meta name=\"author\" content=\"Difusion2025\" \/>\n<meta name=\"twitter:card\" content=\"summary_large_image\" \/>\n<meta name=\"twitter:creator\" content=\"@tecdmx\" \/>\n<meta name=\"twitter:site\" content=\"@tecdmx\" \/>\n<meta name=\"twitter:label1\" content=\"Escrito por\" \/>\n\t<meta name=\"twitter:data1\" content=\"Difusion2025\" \/>\n\t<meta name=\"twitter:label2\" content=\"Tiempo de lectura\" \/>\n\t<meta name=\"twitter:data2\" content=\"5 minutos\" \/>\n<script type=\"application\/ld+json\" class=\"yoast-schema-graph\">{\"@context\":\"https:\/\/schema.org\",\"@graph\":[{\"@type\":\"WebPage\",\"@id\":\"https:\/\/www.tecdmx.org.mx\/index.php\/comunicados\/2022\/03\/16\/boletin-n-28\/\",\"url\":\"https:\/\/www.tecdmx.org.mx\/index.php\/comunicados\/2022\/03\/16\/boletin-n-28\/\",\"name\":\"Bolet\u00edn N\u00b0 28 - Tribunal Electoral de la Ciudad de M\u00e9xico\",\"isPartOf\":{\"@id\":\"https:\/\/www.tecdmx.org.mx\/#website\"},\"primaryImageOfPage\":{\"@id\":\"https:\/\/www.tecdmx.org.mx\/index.php\/comunicados\/2022\/03\/16\/boletin-n-28\/#primaryimage\"},\"image\":{\"@id\":\"https:\/\/www.tecdmx.org.mx\/index.php\/comunicados\/2022\/03\/16\/boletin-n-28\/#primaryimage\"},\"thumbnailUrl\":\"https:\/\/www.tecdmx.org.mx\/wp-content\/uploads\/2020\/08\/comunicado_nuevo.jpg\",\"datePublished\":\"2022-03-16T23:19:31+00:00\",\"dateModified\":\"2022-03-16T23:19:44+00:00\",\"author\":{\"@id\":\"https:\/\/www.tecdmx.org.mx\/#\/schema\/person\/208c898199fb3234203823c5f0cf31d6\"},\"breadcrumb\":{\"@id\":\"https:\/\/www.tecdmx.org.mx\/index.php\/comunicados\/2022\/03\/16\/boletin-n-28\/#breadcrumb\"},\"inLanguage\":\"es\",\"potentialAction\":[{\"@type\":\"ReadAction\",\"target\":[\"https:\/\/www.tecdmx.org.mx\/index.php\/comunicados\/2022\/03\/16\/boletin-n-28\/\"]}]},{\"@type\":\"ImageObject\",\"inLanguage\":\"es\",\"@id\":\"https:\/\/www.tecdmx.org.mx\/index.php\/comunicados\/2022\/03\/16\/boletin-n-28\/#primaryimage\",\"url\":\"https:\/\/www.tecdmx.org.mx\/wp-content\/uploads\/2020\/08\/comunicado_nuevo.jpg\",\"contentUrl\":\"https:\/\/www.tecdmx.org.mx\/wp-content\/uploads\/2020\/08\/comunicado_nuevo.jpg\",\"width\":600,\"height\":366},{\"@type\":\"BreadcrumbList\",\"@id\":\"https:\/\/www.tecdmx.org.mx\/index.php\/comunicados\/2022\/03\/16\/boletin-n-28\/#breadcrumb\",\"itemListElement\":[{\"@type\":\"ListItem\",\"position\":1,\"name\":\"Portada\",\"item\":\"https:\/\/www.tecdmx.org.mx\/\"},{\"@type\":\"ListItem\",\"position\":2,\"name\":\"Bolet\u00edn N\u00b0 28\"}]},{\"@type\":\"WebSite\",\"@id\":\"https:\/\/www.tecdmx.org.mx\/#website\",\"url\":\"https:\/\/www.tecdmx.org.mx\/\",\"name\":\"Tribunal Electoral de la Ciudad de M\u00e9xico\",\"description\":\"25 a\u00f1os garantizando justicia en tu elecci\u00f3n\",\"potentialAction\":[{\"@type\":\"SearchAction\",\"target\":{\"@type\":\"EntryPoint\",\"urlTemplate\":\"https:\/\/www.tecdmx.org.mx\/?s={search_term_string}\"},\"query-input\":\"required name=search_term_string\"}],\"inLanguage\":\"es\"},{\"@type\":\"Person\",\"@id\":\"https:\/\/www.tecdmx.org.mx\/#\/schema\/person\/208c898199fb3234203823c5f0cf31d6\",\"name\":\"Difusion2025\",\"image\":{\"@type\":\"ImageObject\",\"inLanguage\":\"es\",\"@id\":\"https:\/\/www.tecdmx.org.mx\/#\/schema\/person\/image\/\",\"url\":\"https:\/\/secure.gravatar.com\/avatar\/6f7a4ba3acb418040e90a2eb99b5df28?s=96&d=mm&r=g\",\"contentUrl\":\"https:\/\/secure.gravatar.com\/avatar\/6f7a4ba3acb418040e90a2eb99b5df28?s=96&d=mm&r=g\",\"caption\":\"Difusion2025\"}}]}<\/script>\n<!-- \/ Yoast SEO plugin. -->","yoast_head_json":{"title":"Bolet\u00edn N\u00b0 28 - Tribunal Electoral de la Ciudad de M\u00e9xico","robots":{"index":"index","follow":"follow","max-snippet":"max-snippet:-1","max-image-preview":"max-image-preview:large","max-video-preview":"max-video-preview:-1"},"canonical":"https:\/\/www.tecdmx.org.mx\/index.php\/comunicados\/2022\/03\/16\/boletin-n-28\/","og_locale":"es_ES","og_type":"article","og_title":"Bolet\u00edn N\u00b0 28 - Tribunal Electoral de la Ciudad de M\u00e9xico","og_description":"Ciudad de M\u00e9xico, a 16 de marzo de 2022 Confirma TECDMX expulsi\u00f3n de Nallely Guti\u00e9rrez y Ulises Ruiz del PRI en cumplimiento de sentencia de la Sala Regional Ciudad de [&hellip;]","og_url":"https:\/\/www.tecdmx.org.mx\/index.php\/comunicados\/2022\/03\/16\/boletin-n-28\/","og_site_name":"Tribunal Electoral de la Ciudad de M\u00e9xico","article_publisher":"https:\/\/www.facebook.com\/TECDMX\/","article_published_time":"2022-03-16T23:19:31+00:00","article_modified_time":"2022-03-16T23:19:44+00:00","og_image":[{"width":600,"height":366,"url":"https:\/\/www.tecdmx.org.mx\/wp-content\/uploads\/2020\/08\/comunicado_nuevo.jpg","type":"image\/jpeg"}],"author":"Difusion2025","twitter_card":"summary_large_image","twitter_creator":"@tecdmx","twitter_site":"@tecdmx","twitter_misc":{"Escrito por":"Difusion2025","Tiempo de lectura":"5 minutos"},"schema":{"@context":"https:\/\/schema.org","@graph":[{"@type":"WebPage","@id":"https:\/\/www.tecdmx.org.mx\/index.php\/comunicados\/2022\/03\/16\/boletin-n-28\/","url":"https:\/\/www.tecdmx.org.mx\/index.php\/comunicados\/2022\/03\/16\/boletin-n-28\/","name":"Bolet\u00edn N\u00b0 28 - Tribunal Electoral de la Ciudad de M\u00e9xico","isPartOf":{"@id":"https:\/\/www.tecdmx.org.mx\/#website"},"primaryImageOfPage":{"@id":"https:\/\/www.tecdmx.org.mx\/index.php\/comunicados\/2022\/03\/16\/boletin-n-28\/#primaryimage"},"image":{"@id":"https:\/\/www.tecdmx.org.mx\/index.php\/comunicados\/2022\/03\/16\/boletin-n-28\/#primaryimage"},"thumbnailUrl":"https:\/\/www.tecdmx.org.mx\/wp-content\/uploads\/2020\/08\/comunicado_nuevo.jpg","datePublished":"2022-03-16T23:19:31+00:00","dateModified":"2022-03-16T23:19:44+00:00","author":{"@id":"https:\/\/www.tecdmx.org.mx\/#\/schema\/person\/208c898199fb3234203823c5f0cf31d6"},"breadcrumb":{"@id":"https:\/\/www.tecdmx.org.mx\/index.php\/comunicados\/2022\/03\/16\/boletin-n-28\/#breadcrumb"},"inLanguage":"es","potentialAction":[{"@type":"ReadAction","target":["https:\/\/www.tecdmx.org.mx\/index.php\/comunicados\/2022\/03\/16\/boletin-n-28\/"]}]},{"@type":"ImageObject","inLanguage":"es","@id":"https:\/\/www.tecdmx.org.mx\/index.php\/comunicados\/2022\/03\/16\/boletin-n-28\/#primaryimage","url":"https:\/\/www.tecdmx.org.mx\/wp-content\/uploads\/2020\/08\/comunicado_nuevo.jpg","contentUrl":"https:\/\/www.tecdmx.org.mx\/wp-content\/uploads\/2020\/08\/comunicado_nuevo.jpg","width":600,"height":366},{"@type":"BreadcrumbList","@id":"https:\/\/www.tecdmx.org.mx\/index.php\/comunicados\/2022\/03\/16\/boletin-n-28\/#breadcrumb","itemListElement":[{"@type":"ListItem","position":1,"name":"Portada","item":"https:\/\/www.tecdmx.org.mx\/"},{"@type":"ListItem","position":2,"name":"Bolet\u00edn N\u00b0 28"}]},{"@type":"WebSite","@id":"https:\/\/www.tecdmx.org.mx\/#website","url":"https:\/\/www.tecdmx.org.mx\/","name":"Tribunal Electoral de la Ciudad de M\u00e9xico","description":"25 a\u00f1os garantizando justicia en tu elecci\u00f3n","potentialAction":[{"@type":"SearchAction","target":{"@type":"EntryPoint","urlTemplate":"https:\/\/www.tecdmx.org.mx\/?s={search_term_string}"},"query-input":"required name=search_term_string"}],"inLanguage":"es"},{"@type":"Person","@id":"https:\/\/www.tecdmx.org.mx\/#\/schema\/person\/208c898199fb3234203823c5f0cf31d6","name":"Difusion2025","image":{"@type":"ImageObject","inLanguage":"es","@id":"https:\/\/www.tecdmx.org.mx\/#\/schema\/person\/image\/","url":"https:\/\/secure.gravatar.com\/avatar\/6f7a4ba3acb418040e90a2eb99b5df28?s=96&d=mm&r=g","contentUrl":"https:\/\/secure.gravatar.com\/avatar\/6f7a4ba3acb418040e90a2eb99b5df28?s=96&d=mm&r=g","caption":"Difusion2025"}}]}},"_links":{"self":[{"href":"https:\/\/www.tecdmx.org.mx\/index.php\/wp-json\/wp\/v2\/posts\/34271"}],"collection":[{"href":"https:\/\/www.tecdmx.org.mx\/index.php\/wp-json\/wp\/v2\/posts"}],"about":[{"href":"https:\/\/www.tecdmx.org.mx\/index.php\/wp-json\/wp\/v2\/types\/post"}],"author":[{"embeddable":true,"href":"https:\/\/www.tecdmx.org.mx\/index.php\/wp-json\/wp\/v2\/users\/13"}],"replies":[{"embeddable":true,"href":"https:\/\/www.tecdmx.org.mx\/index.php\/wp-json\/wp\/v2\/comments?post=34271"}],"version-history":[{"count":3,"href":"https:\/\/www.tecdmx.org.mx\/index.php\/wp-json\/wp\/v2\/posts\/34271\/revisions"}],"predecessor-version":[{"id":34275,"href":"https:\/\/www.tecdmx.org.mx\/index.php\/wp-json\/wp\/v2\/posts\/34271\/revisions\/34275"}],"wp:featuredmedia":[{"embeddable":true,"href":"https:\/\/www.tecdmx.org.mx\/index.php\/wp-json\/wp\/v2\/media\/21168"}],"wp:attachment":[{"href":"https:\/\/www.tecdmx.org.mx\/index.php\/wp-json\/wp\/v2\/media?parent=34271"}],"wp:term":[{"taxonomy":"category","embeddable":true,"href":"https:\/\/www.tecdmx.org.mx\/index.php\/wp-json\/wp\/v2\/categories?post=34271"},{"taxonomy":"post_tag","embeddable":true,"href":"https:\/\/www.tecdmx.org.mx\/index.php\/wp-json\/wp\/v2\/tags?post=34271"}],"curies":[{"name":"wp","href":"https:\/\/api.w.org\/{rel}","templated":true}]}}