{"id":34357,"date":"2022-03-28T18:40:07","date_gmt":"2022-03-29T00:40:07","guid":{"rendered":"https:\/\/www.tecdmx.org.mx\/?p=34357"},"modified":"2022-03-28T20:22:57","modified_gmt":"2022-03-29T02:22:57","slug":"boletin-n-30__trashed","status":"publish","type":"post","link":"https:\/\/www.tecdmx.org.mx\/index.php\/comunicados\/2022\/03\/28\/boletin-n-30__trashed\/","title":{"rendered":"Bolet\u00edn N\u00b0 30"},"content":{"rendered":"\n<p class=\"has-text-align-right\">Ciudad de M\u00e9xico, a 28 de marzo de 2022<\/p>\n\n\n\n<p><\/p>\n\n\n\n<p class=\"has-text-align-center\"><strong>La Protecci\u00f3n de datos personales es un derecho fundamental para la integridad de la ciudadan\u00eda, afirma magistrada Martha Mercado Ram\u00edrez<\/strong><\/p>\n\n\n\n<p>El Tribunal Electoral de la Ciudad de M\u00e9xico (TECDMX), en colaboraci\u00f3n con la Universidad Aut\u00f3noma Metropolitana, unidad Xochimilco (UAM-Xochimilco), celebr\u00f3 la inauguraci\u00f3n de la 4ta. Edici\u00f3n del Diplomado en Protecci\u00f3n de Datos Personales \u201cLos Retos Electr\u00f3nicos, Uso de Tecnolog\u00edas de Informaci\u00f3n y Vulneraci\u00f3n de Derechos\u201d.<\/p>\n\n\n\n<p>La magistrada del TECDMX, Martha Leticia Mercado Ram\u00edrez, destac\u00f3 la importancia de la vinculaci\u00f3n entre las instituciones p\u00fablicas y la academia con el objeto de formar nuevas generaciones de especialistas en la protecci\u00f3n de datos personales, ya que la transparencia y rendici\u00f3n de cuentas requiere permear en todos los niveles de los entes p\u00fablicos, primordialmente en la ciudadan\u00eda.<\/p>\n\n\n\n<p>Destac\u00f3 la importancia de los mecanismos de rendici\u00f3n de cuentas y su relaci\u00f3n con los derechos pol\u00edtico-electorales en los diferentes ejercicios de participaci\u00f3n ciudadana. \u201cEl esfuerzo conjunto entre \u00f3rganos aut\u00f3nomos permite la construcci\u00f3n de pol\u00edticas p\u00fablicas y acciones integrales con una visi\u00f3n de beneficio a la ciudadan\u00eda\u201d.<\/p>\n\n\n\n<p>Asimismo, asegur\u00f3 que \u201clos datos personales deben ser especialmente protegidos al ser un derecho fundamental. Hablar de la protecci\u00f3n de datos personales, sin duda, es referirse a la integridad de las personas, de su bienestar y el tratamiento que deba darse de estos bajo los principios que marca la ley\u201d.<\/p>\n\n\n\n<p>Por su parte, el comisionado presidente del INFO-CDMX, Ar\u00edstides Rodrigo Guerrero Garc\u00eda, destac\u00f3 que \u201ctanto la materia electoral como la transparencia tienen or\u00edgenes comunes [\u2026] Son materias estrechamente vinculadas y que nos permiten, a trav\u00e9s de este diplomado, aplicarlas en la vida cotidiana del tribunal\u201d.<\/p>\n\n\n\n<p>Asimismo, la directora de la Divisi\u00f3n de Ciencias Sociales y Humanidades de la UAM-Xochimilco, Mar\u00eda Dolly Esp\u00ednola Frausto, asegur\u00f3 que \u201clos cambios derivados del confinamiento y la pandemia han hecho que seamos m\u00e1s concientes de lo que signigica y la importancia que tiene la protecci\u00f3n de nuestros datos personales\u201d.<\/p>\n\n\n\n<p>Al hacer uso de la voz, Jorge \u00d3scar Rouquette Alvarado, coordinador de Educaci\u00f3n Continua de la UAM-Xochimilco, recalc\u00f3 que \u201cel manejo e intercambio de datos se ha convertido en una pr\u00e1ctica habitual, as\u00ed como el uso de las tecnolog\u00edas de la informaci\u00f3n est\u00e1n presentes en todos los procesos, por lo que la optimizaci\u00f3n de los recursos implica un desaf\u00edo en torno a la seguridad de la informaci\u00f3n, la protecci\u00f3n de datos personales y el cumplimiento de la normativa en la materia\u201d.<\/p>\n\n\n\n<p>Finalmente, Daniel Le\u00f3n V\u00e1zquez, coordinador de Transparencia y Datos Personales del TECDMX consider\u00f3 que gracias a las tem\u00e1ticas que ser\u00e1n presentadas durante el esta actividad acad\u00e9mica, as\u00ed como la experiencia de las personas que participar\u00e1n como ponentes, las personas que lo cursar\u00e1n contar\u00e1n con herramientas para salvaguardar los datos personales de la ciudadan\u00eda.<\/p>\n\n\n\n<p class=\"has-text-align-center\"><strong>o-O-o<\/strong><\/p>\n","protected":false},"excerpt":{"rendered":"<p>Ciudad de M\u00e9xico, a 28 de marzo de 2022 La Protecci\u00f3n de datos personales es un derecho fundamental para la integridad de la ciudadan\u00eda, afirma magistrada Martha Mercado Ram\u00edrez El [&hellip;]<\/p>\n","protected":false},"author":13,"featured_media":21168,"comment_status":"open","ping_status":"open","sticky":false,"template":"","format":"standard","meta":{"_acf_changed":false,"_exactmetrics_skip_tracking":false,"_exactmetrics_sitenote_active":false,"_exactmetrics_sitenote_note":"","_exactmetrics_sitenote_category":0,"footnotes":""},"categories":[32,47],"tags":[],"acf":[],"yoast_head":"<!-- This site is optimized with the Yoast SEO plugin v22.3 - https:\/\/yoast.com\/wordpress\/plugins\/seo\/ -->\n<title>Bolet\u00edn N\u00b0 30 - Tribunal Electoral de la Ciudad de M\u00e9xico<\/title>\n<meta name=\"robots\" content=\"index, follow, max-snippet:-1, max-image-preview:large, max-video-preview:-1\" \/>\n<link rel=\"canonical\" href=\"https:\/\/www.tecdmx.org.mx\/index.php\/comunicados\/2022\/03\/28\/boletin-n-30\/\" \/>\n<meta property=\"og:locale\" content=\"es_ES\" \/>\n<meta property=\"og:type\" content=\"article\" \/>\n<meta property=\"og:title\" content=\"Bolet\u00edn N\u00b0 30 - Tribunal Electoral de la Ciudad de M\u00e9xico\" \/>\n<meta property=\"og:description\" content=\"Ciudad de M\u00e9xico, a 28 de marzo de 2022 La Protecci\u00f3n de datos personales es un derecho fundamental para la integridad de la ciudadan\u00eda, afirma magistrada Martha Mercado Ram\u00edrez El [&hellip;]\" \/>\n<meta property=\"og:url\" content=\"https:\/\/www.tecdmx.org.mx\/index.php\/comunicados\/2022\/03\/28\/boletin-n-30\/\" \/>\n<meta property=\"og:site_name\" content=\"Tribunal Electoral de la Ciudad de M\u00e9xico\" \/>\n<meta property=\"article:publisher\" content=\"https:\/\/www.facebook.com\/TECDMX\/\" \/>\n<meta property=\"article:published_time\" content=\"2022-03-29T00:40:07+00:00\" \/>\n<meta property=\"article:modified_time\" content=\"2022-03-29T02:22:57+00:00\" \/>\n<meta property=\"og:image\" content=\"https:\/\/www.tecdmx.org.mx\/wp-content\/uploads\/2020\/08\/comunicado_nuevo.jpg\" \/>\n\t<meta property=\"og:image:width\" content=\"600\" \/>\n\t<meta property=\"og:image:height\" content=\"366\" \/>\n\t<meta property=\"og:image:type\" content=\"image\/jpeg\" \/>\n<meta name=\"author\" content=\"Difusion2025\" \/>\n<meta name=\"twitter:card\" content=\"summary_large_image\" \/>\n<meta name=\"twitter:creator\" content=\"@tecdmx\" \/>\n<meta name=\"twitter:site\" content=\"@tecdmx\" \/>\n<meta name=\"twitter:label1\" content=\"Escrito por\" \/>\n\t<meta name=\"twitter:data1\" content=\"Difusion2025\" \/>\n\t<meta name=\"twitter:label2\" content=\"Tiempo de lectura\" \/>\n\t<meta name=\"twitter:data2\" content=\"3 minutos\" \/>\n<script type=\"application\/ld+json\" class=\"yoast-schema-graph\">{\"@context\":\"https:\/\/schema.org\",\"@graph\":[{\"@type\":\"WebPage\",\"@id\":\"https:\/\/www.tecdmx.org.mx\/index.php\/comunicados\/2022\/03\/28\/boletin-n-30\/\",\"url\":\"https:\/\/www.tecdmx.org.mx\/index.php\/comunicados\/2022\/03\/28\/boletin-n-30\/\",\"name\":\"Bolet\u00edn N\u00b0 30 - Tribunal Electoral de la Ciudad de M\u00e9xico\",\"isPartOf\":{\"@id\":\"https:\/\/www.tecdmx.org.mx\/#website\"},\"primaryImageOfPage\":{\"@id\":\"https:\/\/www.tecdmx.org.mx\/index.php\/comunicados\/2022\/03\/28\/boletin-n-30\/#primaryimage\"},\"image\":{\"@id\":\"https:\/\/www.tecdmx.org.mx\/index.php\/comunicados\/2022\/03\/28\/boletin-n-30\/#primaryimage\"},\"thumbnailUrl\":\"https:\/\/www.tecdmx.org.mx\/wp-content\/uploads\/2020\/08\/comunicado_nuevo.jpg\",\"datePublished\":\"2022-03-29T00:40:07+00:00\",\"dateModified\":\"2022-03-29T02:22:57+00:00\",\"author\":{\"@id\":\"https:\/\/www.tecdmx.org.mx\/#\/schema\/person\/208c898199fb3234203823c5f0cf31d6\"},\"breadcrumb\":{\"@id\":\"https:\/\/www.tecdmx.org.mx\/index.php\/comunicados\/2022\/03\/28\/boletin-n-30\/#breadcrumb\"},\"inLanguage\":\"es\",\"potentialAction\":[{\"@type\":\"ReadAction\",\"target\":[\"https:\/\/www.tecdmx.org.mx\/index.php\/comunicados\/2022\/03\/28\/boletin-n-30\/\"]}]},{\"@type\":\"ImageObject\",\"inLanguage\":\"es\",\"@id\":\"https:\/\/www.tecdmx.org.mx\/index.php\/comunicados\/2022\/03\/28\/boletin-n-30\/#primaryimage\",\"url\":\"https:\/\/www.tecdmx.org.mx\/wp-content\/uploads\/2020\/08\/comunicado_nuevo.jpg\",\"contentUrl\":\"https:\/\/www.tecdmx.org.mx\/wp-content\/uploads\/2020\/08\/comunicado_nuevo.jpg\",\"width\":600,\"height\":366},{\"@type\":\"BreadcrumbList\",\"@id\":\"https:\/\/www.tecdmx.org.mx\/index.php\/comunicados\/2022\/03\/28\/boletin-n-30\/#breadcrumb\",\"itemListElement\":[{\"@type\":\"ListItem\",\"position\":1,\"name\":\"Portada\",\"item\":\"https:\/\/www.tecdmx.org.mx\/\"},{\"@type\":\"ListItem\",\"position\":2,\"name\":\"Bolet\u00edn N\u00b0 30\"}]},{\"@type\":\"WebSite\",\"@id\":\"https:\/\/www.tecdmx.org.mx\/#website\",\"url\":\"https:\/\/www.tecdmx.org.mx\/\",\"name\":\"Tribunal Electoral de la Ciudad de M\u00e9xico\",\"description\":\"25 a\u00f1os garantizando justicia en tu elecci\u00f3n\",\"potentialAction\":[{\"@type\":\"SearchAction\",\"target\":{\"@type\":\"EntryPoint\",\"urlTemplate\":\"https:\/\/www.tecdmx.org.mx\/?s={search_term_string}\"},\"query-input\":\"required name=search_term_string\"}],\"inLanguage\":\"es\"},{\"@type\":\"Person\",\"@id\":\"https:\/\/www.tecdmx.org.mx\/#\/schema\/person\/208c898199fb3234203823c5f0cf31d6\",\"name\":\"Difusion2025\",\"image\":{\"@type\":\"ImageObject\",\"inLanguage\":\"es\",\"@id\":\"https:\/\/www.tecdmx.org.mx\/#\/schema\/person\/image\/\",\"url\":\"https:\/\/secure.gravatar.com\/avatar\/6f7a4ba3acb418040e90a2eb99b5df28?s=96&d=mm&r=g\",\"contentUrl\":\"https:\/\/secure.gravatar.com\/avatar\/6f7a4ba3acb418040e90a2eb99b5df28?s=96&d=mm&r=g\",\"caption\":\"Difusion2025\"}}]}<\/script>\n<!-- \/ Yoast SEO plugin. -->","yoast_head_json":{"title":"Bolet\u00edn N\u00b0 30 - Tribunal Electoral de la Ciudad de M\u00e9xico","robots":{"index":"index","follow":"follow","max-snippet":"max-snippet:-1","max-image-preview":"max-image-preview:large","max-video-preview":"max-video-preview:-1"},"canonical":"https:\/\/www.tecdmx.org.mx\/index.php\/comunicados\/2022\/03\/28\/boletin-n-30\/","og_locale":"es_ES","og_type":"article","og_title":"Bolet\u00edn N\u00b0 30 - Tribunal Electoral de la Ciudad de M\u00e9xico","og_description":"Ciudad de M\u00e9xico, a 28 de marzo de 2022 La Protecci\u00f3n de datos personales es un derecho fundamental para la integridad de la ciudadan\u00eda, afirma magistrada Martha Mercado Ram\u00edrez El [&hellip;]","og_url":"https:\/\/www.tecdmx.org.mx\/index.php\/comunicados\/2022\/03\/28\/boletin-n-30\/","og_site_name":"Tribunal Electoral de la Ciudad de M\u00e9xico","article_publisher":"https:\/\/www.facebook.com\/TECDMX\/","article_published_time":"2022-03-29T00:40:07+00:00","article_modified_time":"2022-03-29T02:22:57+00:00","og_image":[{"width":600,"height":366,"url":"https:\/\/www.tecdmx.org.mx\/wp-content\/uploads\/2020\/08\/comunicado_nuevo.jpg","type":"image\/jpeg"}],"author":"Difusion2025","twitter_card":"summary_large_image","twitter_creator":"@tecdmx","twitter_site":"@tecdmx","twitter_misc":{"Escrito por":"Difusion2025","Tiempo de lectura":"3 minutos"},"schema":{"@context":"https:\/\/schema.org","@graph":[{"@type":"WebPage","@id":"https:\/\/www.tecdmx.org.mx\/index.php\/comunicados\/2022\/03\/28\/boletin-n-30\/","url":"https:\/\/www.tecdmx.org.mx\/index.php\/comunicados\/2022\/03\/28\/boletin-n-30\/","name":"Bolet\u00edn N\u00b0 30 - Tribunal Electoral de la Ciudad de M\u00e9xico","isPartOf":{"@id":"https:\/\/www.tecdmx.org.mx\/#website"},"primaryImageOfPage":{"@id":"https:\/\/www.tecdmx.org.mx\/index.php\/comunicados\/2022\/03\/28\/boletin-n-30\/#primaryimage"},"image":{"@id":"https:\/\/www.tecdmx.org.mx\/index.php\/comunicados\/2022\/03\/28\/boletin-n-30\/#primaryimage"},"thumbnailUrl":"https:\/\/www.tecdmx.org.mx\/wp-content\/uploads\/2020\/08\/comunicado_nuevo.jpg","datePublished":"2022-03-29T00:40:07+00:00","dateModified":"2022-03-29T02:22:57+00:00","author":{"@id":"https:\/\/www.tecdmx.org.mx\/#\/schema\/person\/208c898199fb3234203823c5f0cf31d6"},"breadcrumb":{"@id":"https:\/\/www.tecdmx.org.mx\/index.php\/comunicados\/2022\/03\/28\/boletin-n-30\/#breadcrumb"},"inLanguage":"es","potentialAction":[{"@type":"ReadAction","target":["https:\/\/www.tecdmx.org.mx\/index.php\/comunicados\/2022\/03\/28\/boletin-n-30\/"]}]},{"@type":"ImageObject","inLanguage":"es","@id":"https:\/\/www.tecdmx.org.mx\/index.php\/comunicados\/2022\/03\/28\/boletin-n-30\/#primaryimage","url":"https:\/\/www.tecdmx.org.mx\/wp-content\/uploads\/2020\/08\/comunicado_nuevo.jpg","contentUrl":"https:\/\/www.tecdmx.org.mx\/wp-content\/uploads\/2020\/08\/comunicado_nuevo.jpg","width":600,"height":366},{"@type":"BreadcrumbList","@id":"https:\/\/www.tecdmx.org.mx\/index.php\/comunicados\/2022\/03\/28\/boletin-n-30\/#breadcrumb","itemListElement":[{"@type":"ListItem","position":1,"name":"Portada","item":"https:\/\/www.tecdmx.org.mx\/"},{"@type":"ListItem","position":2,"name":"Bolet\u00edn N\u00b0 30"}]},{"@type":"WebSite","@id":"https:\/\/www.tecdmx.org.mx\/#website","url":"https:\/\/www.tecdmx.org.mx\/","name":"Tribunal Electoral de la Ciudad de M\u00e9xico","description":"25 a\u00f1os garantizando justicia en tu elecci\u00f3n","potentialAction":[{"@type":"SearchAction","target":{"@type":"EntryPoint","urlTemplate":"https:\/\/www.tecdmx.org.mx\/?s={search_term_string}"},"query-input":"required name=search_term_string"}],"inLanguage":"es"},{"@type":"Person","@id":"https:\/\/www.tecdmx.org.mx\/#\/schema\/person\/208c898199fb3234203823c5f0cf31d6","name":"Difusion2025","image":{"@type":"ImageObject","inLanguage":"es","@id":"https:\/\/www.tecdmx.org.mx\/#\/schema\/person\/image\/","url":"https:\/\/secure.gravatar.com\/avatar\/6f7a4ba3acb418040e90a2eb99b5df28?s=96&d=mm&r=g","contentUrl":"https:\/\/secure.gravatar.com\/avatar\/6f7a4ba3acb418040e90a2eb99b5df28?s=96&d=mm&r=g","caption":"Difusion2025"}}]}},"_links":{"self":[{"href":"https:\/\/www.tecdmx.org.mx\/index.php\/wp-json\/wp\/v2\/posts\/34357"}],"collection":[{"href":"https:\/\/www.tecdmx.org.mx\/index.php\/wp-json\/wp\/v2\/posts"}],"about":[{"href":"https:\/\/www.tecdmx.org.mx\/index.php\/wp-json\/wp\/v2\/types\/post"}],"author":[{"embeddable":true,"href":"https:\/\/www.tecdmx.org.mx\/index.php\/wp-json\/wp\/v2\/users\/13"}],"replies":[{"embeddable":true,"href":"https:\/\/www.tecdmx.org.mx\/index.php\/wp-json\/wp\/v2\/comments?post=34357"}],"version-history":[{"count":3,"href":"https:\/\/www.tecdmx.org.mx\/index.php\/wp-json\/wp\/v2\/posts\/34357\/revisions"}],"predecessor-version":[{"id":34361,"href":"https:\/\/www.tecdmx.org.mx\/index.php\/wp-json\/wp\/v2\/posts\/34357\/revisions\/34361"}],"wp:featuredmedia":[{"embeddable":true,"href":"https:\/\/www.tecdmx.org.mx\/index.php\/wp-json\/wp\/v2\/media\/21168"}],"wp:attachment":[{"href":"https:\/\/www.tecdmx.org.mx\/index.php\/wp-json\/wp\/v2\/media?parent=34357"}],"wp:term":[{"taxonomy":"category","embeddable":true,"href":"https:\/\/www.tecdmx.org.mx\/index.php\/wp-json\/wp\/v2\/categories?post=34357"},{"taxonomy":"post_tag","embeddable":true,"href":"https:\/\/www.tecdmx.org.mx\/index.php\/wp-json\/wp\/v2\/tags?post=34357"}],"curies":[{"name":"wp","href":"https:\/\/api.w.org\/{rel}","templated":true}]}}