{"id":3597,"date":"2018-08-28T15:17:27","date_gmt":"2018-08-28T15:17:27","guid":{"rendered":"http:\/\/107.21.43.131\/tecdmx\/?p=3597"},"modified":"2018-08-28T15:34:01","modified_gmt":"2018-08-28T15:34:01","slug":"convocatoria-agitando-ideas-jovenes-formando-ciudadania","status":"publish","type":"post","link":"https:\/\/www.tecdmx.org.mx\/index.php\/destacados\/2018\/08\/28\/convocatoria-agitando-ideas-jovenes-formando-ciudadania\/","title":{"rendered":"Convocatoria: \u201cAgitando Ideas, J\u00f3venes Formando Ciudadan\u00eda\u201d"},"content":{"rendered":"<p>Lorem ipsum dolor sit amet, consectetur adipiscing elit. Pellentesque convallis magna eu odio accumsan dignissim. Proin ornare mauris sit amet malesuada volutpat. Vestibulum ante ipsum primis in faucibus orci luctus et ultrices posuere cubilia Curae; Morbi tempor condimentum maximus. In venenatis augue in metus elementum tempor. Mauris in volutpat nisi. Proin eleifend quis justo non luctus. Aliquam erat volutpat. Sed scelerisque facilisis pulvinar.<\/p>\n<p>Orci varius natoque penatibus et magnis dis parturient montes, nascetur ridiculus mus. Pellentesque id viverra sem. Nunc venenatis dui eu condimentum lobortis. Fusce ullamcorper quis erat non venenatis. Nunc eget mattis quam, id placerat sapien. Suspendisse vulputate metus eu neque aliquet, at sagittis odio dictum. Cras vulputate sapien ex, eu elementum velit pharetra eu. Proin quis rhoncus nisl. Duis rhoncus nec lacus a vestibulum. Ut cursus nunc id felis sodales pellentesque.<\/p>\n<p>Ut bibendum magna tellus, et ullamcorper risus molestie ac. Aliquam euismod eu ipsum non finibus. Ut iaculis, dui a vehicula blandit, tellus urna rhoncus sem, sed facilisis sem nisl in dolor. Etiam at lorem sed magna aliquam consequat at sit amet neque. Sed nunc tortor, porta et scelerisque at, sagittis a libero. Cras iaculis vehicula erat, vel feugiat lectus vehicula pellentesque. In tristique nulla vel est finibus, nec sagittis neque eleifend. Proin sit amet tristique purus. Morbi eget massa pulvinar, vestibulum dolor nec, auctor metus. Orci varius natoque penatibus et magnis dis parturient montes, nascetur ridiculus mus. Phasellus et elementum augue.<\/p>\n<p><img loading=\"lazy\" decoding=\"async\" class=\"alignnone size-full wp-image-3598\" src=\"https:\/\/www.tecdmx.org.mx\/wp-content\/uploads\/2018\/08\/convocatoria-agitando-ideas.jpg\" alt=\"\" width=\"792\" height=\"1224\" srcset=\"https:\/\/www.tecdmx.org.mx\/wp-content\/uploads\/2018\/08\/convocatoria-agitando-ideas-162x250.jpg 162w, https:\/\/www.tecdmx.org.mx\/wp-content\/uploads\/2018\/08\/convocatoria-agitando-ideas-768x1187.jpg 768w, https:\/\/www.tecdmx.org.mx\/wp-content\/uploads\/2018\/08\/convocatoria-agitando-ideas-226x350.jpg 226w, https:\/\/www.tecdmx.org.mx\/wp-content\/uploads\/2018\/08\/convocatoria-agitando-ideas.jpg 792w\" sizes=\"(max-width: 792px) 100vw, 792px\" \/><\/p>\n","protected":false},"excerpt":{"rendered":"<p>Lorem ipsum dolor sit amet, consectetur adipiscing elit. Pellentesque convallis magna eu odio accumsan dignissim. Proin ornare mauris sit amet malesuada volutpat. Vestibulum ante ipsum primis in faucibus orci luctus [&hellip;]<\/p>\n","protected":false},"author":13,"featured_media":3599,"comment_status":"open","ping_status":"open","sticky":false,"template":"","format":"standard","meta":{"_acf_changed":false,"_exactmetrics_skip_tracking":false,"_exactmetrics_sitenote_active":false,"_exactmetrics_sitenote_note":"","_exactmetrics_sitenote_category":0,"footnotes":""},"categories":[47,40],"tags":[],"acf":[],"yoast_head":"<!-- This site is optimized with the Yoast SEO plugin v22.3 - https:\/\/yoast.com\/wordpress\/plugins\/seo\/ -->\n<title>Convocatoria: \u201cAgitando Ideas, J\u00f3venes Formando Ciudadan\u00eda\u201d - Tribunal Electoral de la Ciudad de M\u00e9xico<\/title>\n<meta name=\"robots\" content=\"index, follow, max-snippet:-1, max-image-preview:large, max-video-preview:-1\" \/>\n<link rel=\"canonical\" href=\"https:\/\/www.tecdmx.org.mx\/index.php\/destacados\/2018\/08\/28\/convocatoria-agitando-ideas-jovenes-formando-ciudadania\/\" \/>\n<meta property=\"og:locale\" content=\"es_ES\" \/>\n<meta property=\"og:type\" content=\"article\" \/>\n<meta property=\"og:title\" content=\"Convocatoria: \u201cAgitando Ideas, J\u00f3venes Formando Ciudadan\u00eda\u201d - Tribunal Electoral de la Ciudad de M\u00e9xico\" \/>\n<meta property=\"og:description\" content=\"Lorem ipsum dolor sit amet, consectetur adipiscing elit. Pellentesque convallis magna eu odio accumsan dignissim. Proin ornare mauris sit amet malesuada volutpat. Vestibulum ante ipsum primis in faucibus orci luctus [&hellip;]\" \/>\n<meta property=\"og:url\" content=\"https:\/\/www.tecdmx.org.mx\/index.php\/destacados\/2018\/08\/28\/convocatoria-agitando-ideas-jovenes-formando-ciudadania\/\" \/>\n<meta property=\"og:site_name\" content=\"Tribunal Electoral de la Ciudad de M\u00e9xico\" \/>\n<meta property=\"article:publisher\" content=\"https:\/\/www.facebook.com\/TECDMX\/\" \/>\n<meta property=\"article:published_time\" content=\"2018-08-28T15:17:27+00:00\" \/>\n<meta property=\"article:modified_time\" content=\"2018-08-28T15:34:01+00:00\" \/>\n<meta property=\"og:image\" content=\"https:\/\/www.tecdmx.org.mx\/wp-content\/uploads\/2018\/08\/agitando-las-ideas.jpg\" \/>\n\t<meta property=\"og:image:width\" content=\"432\" \/>\n\t<meta property=\"og:image:height\" content=\"288\" \/>\n\t<meta property=\"og:image:type\" content=\"image\/jpeg\" \/>\n<meta name=\"author\" content=\"Difusion2025\" \/>\n<meta name=\"twitter:card\" content=\"summary_large_image\" \/>\n<meta name=\"twitter:creator\" content=\"@tecdmx\" \/>\n<meta name=\"twitter:site\" content=\"@tecdmx\" \/>\n<meta name=\"twitter:label1\" content=\"Escrito por\" \/>\n\t<meta name=\"twitter:data1\" content=\"Difusion2025\" \/>\n\t<meta name=\"twitter:label2\" content=\"Tiempo de lectura\" \/>\n\t<meta name=\"twitter:data2\" content=\"1 minuto\" \/>\n<script type=\"application\/ld+json\" class=\"yoast-schema-graph\">{\"@context\":\"https:\/\/schema.org\",\"@graph\":[{\"@type\":\"WebPage\",\"@id\":\"https:\/\/www.tecdmx.org.mx\/index.php\/destacados\/2018\/08\/28\/convocatoria-agitando-ideas-jovenes-formando-ciudadania\/\",\"url\":\"https:\/\/www.tecdmx.org.mx\/index.php\/destacados\/2018\/08\/28\/convocatoria-agitando-ideas-jovenes-formando-ciudadania\/\",\"name\":\"Convocatoria: \u201cAgitando Ideas, J\u00f3venes Formando Ciudadan\u00eda\u201d - Tribunal Electoral de la Ciudad de M\u00e9xico\",\"isPartOf\":{\"@id\":\"https:\/\/www.tecdmx.org.mx\/#website\"},\"primaryImageOfPage\":{\"@id\":\"https:\/\/www.tecdmx.org.mx\/index.php\/destacados\/2018\/08\/28\/convocatoria-agitando-ideas-jovenes-formando-ciudadania\/#primaryimage\"},\"image\":{\"@id\":\"https:\/\/www.tecdmx.org.mx\/index.php\/destacados\/2018\/08\/28\/convocatoria-agitando-ideas-jovenes-formando-ciudadania\/#primaryimage\"},\"thumbnailUrl\":\"https:\/\/www.tecdmx.org.mx\/wp-content\/uploads\/2018\/08\/agitando-las-ideas.jpg\",\"datePublished\":\"2018-08-28T15:17:27+00:00\",\"dateModified\":\"2018-08-28T15:34:01+00:00\",\"author\":{\"@id\":\"https:\/\/www.tecdmx.org.mx\/#\/schema\/person\/208c898199fb3234203823c5f0cf31d6\"},\"breadcrumb\":{\"@id\":\"https:\/\/www.tecdmx.org.mx\/index.php\/destacados\/2018\/08\/28\/convocatoria-agitando-ideas-jovenes-formando-ciudadania\/#breadcrumb\"},\"inLanguage\":\"es\",\"potentialAction\":[{\"@type\":\"ReadAction\",\"target\":[\"https:\/\/www.tecdmx.org.mx\/index.php\/destacados\/2018\/08\/28\/convocatoria-agitando-ideas-jovenes-formando-ciudadania\/\"]}]},{\"@type\":\"ImageObject\",\"inLanguage\":\"es\",\"@id\":\"https:\/\/www.tecdmx.org.mx\/index.php\/destacados\/2018\/08\/28\/convocatoria-agitando-ideas-jovenes-formando-ciudadania\/#primaryimage\",\"url\":\"https:\/\/www.tecdmx.org.mx\/wp-content\/uploads\/2018\/08\/agitando-las-ideas.jpg\",\"contentUrl\":\"https:\/\/www.tecdmx.org.mx\/wp-content\/uploads\/2018\/08\/agitando-las-ideas.jpg\",\"width\":432,\"height\":288},{\"@type\":\"BreadcrumbList\",\"@id\":\"https:\/\/www.tecdmx.org.mx\/index.php\/destacados\/2018\/08\/28\/convocatoria-agitando-ideas-jovenes-formando-ciudadania\/#breadcrumb\",\"itemListElement\":[{\"@type\":\"ListItem\",\"position\":1,\"name\":\"Portada\",\"item\":\"https:\/\/www.tecdmx.org.mx\/\"},{\"@type\":\"ListItem\",\"position\":2,\"name\":\"Convocatoria: \u201cAgitando Ideas, J\u00f3venes Formando Ciudadan\u00eda\u201d\"}]},{\"@type\":\"WebSite\",\"@id\":\"https:\/\/www.tecdmx.org.mx\/#website\",\"url\":\"https:\/\/www.tecdmx.org.mx\/\",\"name\":\"Tribunal Electoral de la Ciudad de M\u00e9xico\",\"description\":\"25 a\u00f1os garantizando justicia en tu elecci\u00f3n\",\"potentialAction\":[{\"@type\":\"SearchAction\",\"target\":{\"@type\":\"EntryPoint\",\"urlTemplate\":\"https:\/\/www.tecdmx.org.mx\/?s={search_term_string}\"},\"query-input\":\"required name=search_term_string\"}],\"inLanguage\":\"es\"},{\"@type\":\"Person\",\"@id\":\"https:\/\/www.tecdmx.org.mx\/#\/schema\/person\/208c898199fb3234203823c5f0cf31d6\",\"name\":\"Difusion2025\",\"image\":{\"@type\":\"ImageObject\",\"inLanguage\":\"es\",\"@id\":\"https:\/\/www.tecdmx.org.mx\/#\/schema\/person\/image\/\",\"url\":\"https:\/\/secure.gravatar.com\/avatar\/6f7a4ba3acb418040e90a2eb99b5df28?s=96&d=mm&r=g\",\"contentUrl\":\"https:\/\/secure.gravatar.com\/avatar\/6f7a4ba3acb418040e90a2eb99b5df28?s=96&d=mm&r=g\",\"caption\":\"Difusion2025\"}}]}<\/script>\n<!-- \/ Yoast SEO plugin. -->","yoast_head_json":{"title":"Convocatoria: \u201cAgitando Ideas, J\u00f3venes Formando Ciudadan\u00eda\u201d - Tribunal Electoral de la Ciudad de M\u00e9xico","robots":{"index":"index","follow":"follow","max-snippet":"max-snippet:-1","max-image-preview":"max-image-preview:large","max-video-preview":"max-video-preview:-1"},"canonical":"https:\/\/www.tecdmx.org.mx\/index.php\/destacados\/2018\/08\/28\/convocatoria-agitando-ideas-jovenes-formando-ciudadania\/","og_locale":"es_ES","og_type":"article","og_title":"Convocatoria: \u201cAgitando Ideas, J\u00f3venes Formando Ciudadan\u00eda\u201d - Tribunal Electoral de la Ciudad de M\u00e9xico","og_description":"Lorem ipsum dolor sit amet, consectetur adipiscing elit. Pellentesque convallis magna eu odio accumsan dignissim. Proin ornare mauris sit amet malesuada volutpat. Vestibulum ante ipsum primis in faucibus orci luctus [&hellip;]","og_url":"https:\/\/www.tecdmx.org.mx\/index.php\/destacados\/2018\/08\/28\/convocatoria-agitando-ideas-jovenes-formando-ciudadania\/","og_site_name":"Tribunal Electoral de la Ciudad de M\u00e9xico","article_publisher":"https:\/\/www.facebook.com\/TECDMX\/","article_published_time":"2018-08-28T15:17:27+00:00","article_modified_time":"2018-08-28T15:34:01+00:00","og_image":[{"width":432,"height":288,"url":"https:\/\/www.tecdmx.org.mx\/wp-content\/uploads\/2018\/08\/agitando-las-ideas.jpg","type":"image\/jpeg"}],"author":"Difusion2025","twitter_card":"summary_large_image","twitter_creator":"@tecdmx","twitter_site":"@tecdmx","twitter_misc":{"Escrito por":"Difusion2025","Tiempo de lectura":"1 minuto"},"schema":{"@context":"https:\/\/schema.org","@graph":[{"@type":"WebPage","@id":"https:\/\/www.tecdmx.org.mx\/index.php\/destacados\/2018\/08\/28\/convocatoria-agitando-ideas-jovenes-formando-ciudadania\/","url":"https:\/\/www.tecdmx.org.mx\/index.php\/destacados\/2018\/08\/28\/convocatoria-agitando-ideas-jovenes-formando-ciudadania\/","name":"Convocatoria: \u201cAgitando Ideas, J\u00f3venes Formando Ciudadan\u00eda\u201d - Tribunal Electoral de la Ciudad de M\u00e9xico","isPartOf":{"@id":"https:\/\/www.tecdmx.org.mx\/#website"},"primaryImageOfPage":{"@id":"https:\/\/www.tecdmx.org.mx\/index.php\/destacados\/2018\/08\/28\/convocatoria-agitando-ideas-jovenes-formando-ciudadania\/#primaryimage"},"image":{"@id":"https:\/\/www.tecdmx.org.mx\/index.php\/destacados\/2018\/08\/28\/convocatoria-agitando-ideas-jovenes-formando-ciudadania\/#primaryimage"},"thumbnailUrl":"https:\/\/www.tecdmx.org.mx\/wp-content\/uploads\/2018\/08\/agitando-las-ideas.jpg","datePublished":"2018-08-28T15:17:27+00:00","dateModified":"2018-08-28T15:34:01+00:00","author":{"@id":"https:\/\/www.tecdmx.org.mx\/#\/schema\/person\/208c898199fb3234203823c5f0cf31d6"},"breadcrumb":{"@id":"https:\/\/www.tecdmx.org.mx\/index.php\/destacados\/2018\/08\/28\/convocatoria-agitando-ideas-jovenes-formando-ciudadania\/#breadcrumb"},"inLanguage":"es","potentialAction":[{"@type":"ReadAction","target":["https:\/\/www.tecdmx.org.mx\/index.php\/destacados\/2018\/08\/28\/convocatoria-agitando-ideas-jovenes-formando-ciudadania\/"]}]},{"@type":"ImageObject","inLanguage":"es","@id":"https:\/\/www.tecdmx.org.mx\/index.php\/destacados\/2018\/08\/28\/convocatoria-agitando-ideas-jovenes-formando-ciudadania\/#primaryimage","url":"https:\/\/www.tecdmx.org.mx\/wp-content\/uploads\/2018\/08\/agitando-las-ideas.jpg","contentUrl":"https:\/\/www.tecdmx.org.mx\/wp-content\/uploads\/2018\/08\/agitando-las-ideas.jpg","width":432,"height":288},{"@type":"BreadcrumbList","@id":"https:\/\/www.tecdmx.org.mx\/index.php\/destacados\/2018\/08\/28\/convocatoria-agitando-ideas-jovenes-formando-ciudadania\/#breadcrumb","itemListElement":[{"@type":"ListItem","position":1,"name":"Portada","item":"https:\/\/www.tecdmx.org.mx\/"},{"@type":"ListItem","position":2,"name":"Convocatoria: \u201cAgitando Ideas, J\u00f3venes Formando Ciudadan\u00eda\u201d"}]},{"@type":"WebSite","@id":"https:\/\/www.tecdmx.org.mx\/#website","url":"https:\/\/www.tecdmx.org.mx\/","name":"Tribunal Electoral de la Ciudad de M\u00e9xico","description":"25 a\u00f1os garantizando justicia en tu elecci\u00f3n","potentialAction":[{"@type":"SearchAction","target":{"@type":"EntryPoint","urlTemplate":"https:\/\/www.tecdmx.org.mx\/?s={search_term_string}"},"query-input":"required name=search_term_string"}],"inLanguage":"es"},{"@type":"Person","@id":"https:\/\/www.tecdmx.org.mx\/#\/schema\/person\/208c898199fb3234203823c5f0cf31d6","name":"Difusion2025","image":{"@type":"ImageObject","inLanguage":"es","@id":"https:\/\/www.tecdmx.org.mx\/#\/schema\/person\/image\/","url":"https:\/\/secure.gravatar.com\/avatar\/6f7a4ba3acb418040e90a2eb99b5df28?s=96&d=mm&r=g","contentUrl":"https:\/\/secure.gravatar.com\/avatar\/6f7a4ba3acb418040e90a2eb99b5df28?s=96&d=mm&r=g","caption":"Difusion2025"}}]}},"_links":{"self":[{"href":"https:\/\/www.tecdmx.org.mx\/index.php\/wp-json\/wp\/v2\/posts\/3597"}],"collection":[{"href":"https:\/\/www.tecdmx.org.mx\/index.php\/wp-json\/wp\/v2\/posts"}],"about":[{"href":"https:\/\/www.tecdmx.org.mx\/index.php\/wp-json\/wp\/v2\/types\/post"}],"author":[{"embeddable":true,"href":"https:\/\/www.tecdmx.org.mx\/index.php\/wp-json\/wp\/v2\/users\/13"}],"replies":[{"embeddable":true,"href":"https:\/\/www.tecdmx.org.mx\/index.php\/wp-json\/wp\/v2\/comments?post=3597"}],"version-history":[{"count":1,"href":"https:\/\/www.tecdmx.org.mx\/index.php\/wp-json\/wp\/v2\/posts\/3597\/revisions"}],"predecessor-version":[{"id":3600,"href":"https:\/\/www.tecdmx.org.mx\/index.php\/wp-json\/wp\/v2\/posts\/3597\/revisions\/3600"}],"wp:featuredmedia":[{"embeddable":true,"href":"https:\/\/www.tecdmx.org.mx\/index.php\/wp-json\/wp\/v2\/media\/3599"}],"wp:attachment":[{"href":"https:\/\/www.tecdmx.org.mx\/index.php\/wp-json\/wp\/v2\/media?parent=3597"}],"wp:term":[{"taxonomy":"category","embeddable":true,"href":"https:\/\/www.tecdmx.org.mx\/index.php\/wp-json\/wp\/v2\/categories?post=3597"},{"taxonomy":"post_tag","embeddable":true,"href":"https:\/\/www.tecdmx.org.mx\/index.php\/wp-json\/wp\/v2\/tags?post=3597"}],"curies":[{"name":"wp","href":"https:\/\/api.w.org\/{rel}","templated":true}]}}