{"id":37495,"date":"2022-06-17T10:26:12","date_gmt":"2022-06-17T15:26:12","guid":{"rendered":"https:\/\/www.tecdmx.org.mx\/?p=37495"},"modified":"2022-06-17T10:26:15","modified_gmt":"2022-06-17T15:26:15","slug":"boletin-n-51__trashed","status":"publish","type":"post","link":"https:\/\/www.tecdmx.org.mx\/index.php\/comunicados\/2022\/06\/17\/boletin-n-51__trashed\/","title":{"rendered":"Bolet\u00edn N\u00b0 51"},"content":{"rendered":"\n<p class=\"has-text-align-right\">Ciudad de M\u00e9xico, a 17 de junio de 2022<\/p>\n\n\n\n<p><\/p>\n\n\n\n<p><strong>La violencia pol\u00edtica tiene ra\u00edces culturales que han colocado a la mujer en inferioridad al hombre, asegura magistrada Martha Mercado<\/strong><\/p>\n\n\n\n<p>La magistrada del Tribunal Electoral de la Ciudad de M\u00e9xico (TECDMX), Martha Leticia Mercado Ram\u00edrez, particip\u00f3 en los Jueves de Cultura Jur\u00eddica organizados por el Instituto de Formaci\u00f3n Profesional y Estudios Superiores de la Fiscal\u00eda General de Justicia de la Ciudad de M\u00e9xico, en donde imparti\u00f3 la conferencia \u201cViolencia pol\u00edtica contra las mujeres en raz\u00f3n de g\u00e9nero\u201d.<\/p>\n\n\n\n<p>Durante su participaci\u00f3n, la magistrada del TECDMX consider\u00f3 que a pesar de los avances y medidas que se han impulsado para la erradicaci\u00f3n de la violencia pol\u00edtica, \u00e9sta sigue existiendo, por lo que reflexion\u00f3 sobre la eficacia de las medidas coercitivas del derecho como una soluci\u00f3n completa y efectiva de esta problem\u00e1tica.<\/p>\n\n\n\n<p>\u201cLa violencia pol\u00edtica tiene ra\u00edces profundas en la cultura que ha colocado a la mujer en una posici\u00f3n inferior al hombre. Por ello, tenemos que avanzar unidos como sociedad, con cambios cotidianos y sostenidos, en la ruptura de los esquemas culturales y patriarcales\u201d, asegur\u00f3 la magistrada Mercado Ram\u00edrez.<\/p>\n\n\n\n<p>Asimismo, la magistrada reflexion\u00f3 sobre las diferencias existentes entre la violencia pol\u00edtica y la violencia pol\u00edtica por raz\u00f3n de g\u00e9nero, destacando que esta \u00faltima comprende todas aquellas acciones u omisiones que se dirigen a la persona en raz\u00f3n de su g\u00e9nero, y que tienen un impacto diferenciado ante las dem\u00e1s personas, afect\u00e1ndoles desproporcionadamente, menoscabando o anulando sus derechos pol\u00edtico-electorales, incluso, en el ejercicio de un cargo p\u00fablico.<\/p>\n\n\n\n<p>\u201cLa violencia pol\u00edtica por razones de g\u00e9nero impacta directamente en el ejercicio efectivo de los derechos pol\u00edticos y electorales de una o varias mujeres, su acceso al ejercicio inherente de los cargos p\u00fablicos, el desarrollo de la funci\u00f3n p\u00fablica y, por \u00faltimo, su acceso a prerrogativas\u201d, consider\u00f3 la magistrada Martha Mercado.<\/p>\n\n\n\n<p>Para concluir, la magistrada del TECDMX resalt\u00f3 la importancia de que cualquier ley en favor de las mujeres o para cualquier grupo de atenci\u00f3n prioritaria, debe ir acompa\u00f1ada de partidas presupuestales que permitan su ejecuci\u00f3n e impulsen el acceso igualitario de las personas que son sus beneficiarias.<\/p>\n\n\n\n<p class=\"has-text-align-center\"><strong>o-O-o<\/strong><strong><\/strong><\/p>\n","protected":false},"excerpt":{"rendered":"<p>Ciudad de M\u00e9xico, a 17 de junio de 2022 La violencia pol\u00edtica tiene ra\u00edces culturales que han colocado a la mujer en inferioridad al hombre, asegura magistrada Martha Mercado La [&hellip;]<\/p>\n","protected":false},"author":13,"featured_media":21168,"comment_status":"open","ping_status":"open","sticky":false,"template":"","format":"standard","meta":{"_acf_changed":false,"_exactmetrics_skip_tracking":false,"_exactmetrics_sitenote_active":false,"_exactmetrics_sitenote_note":"","_exactmetrics_sitenote_category":0,"footnotes":""},"categories":[32,47],"tags":[],"acf":[],"yoast_head":"<!-- This site is optimized with the Yoast SEO plugin v22.3 - https:\/\/yoast.com\/wordpress\/plugins\/seo\/ -->\n<title>Bolet\u00edn N\u00b0 51 - Tribunal Electoral de la Ciudad de M\u00e9xico<\/title>\n<meta name=\"robots\" content=\"index, follow, max-snippet:-1, max-image-preview:large, max-video-preview:-1\" \/>\n<link rel=\"canonical\" href=\"https:\/\/www.tecdmx.org.mx\/index.php\/comunicados\/2022\/06\/17\/boletin-n-51\/\" \/>\n<meta property=\"og:locale\" content=\"es_ES\" \/>\n<meta property=\"og:type\" content=\"article\" \/>\n<meta property=\"og:title\" content=\"Bolet\u00edn N\u00b0 51 - Tribunal Electoral de la Ciudad de M\u00e9xico\" \/>\n<meta property=\"og:description\" content=\"Ciudad de M\u00e9xico, a 17 de junio de 2022 La violencia pol\u00edtica tiene ra\u00edces culturales que han colocado a la mujer en inferioridad al hombre, asegura magistrada Martha Mercado La [&hellip;]\" \/>\n<meta property=\"og:url\" content=\"https:\/\/www.tecdmx.org.mx\/index.php\/comunicados\/2022\/06\/17\/boletin-n-51\/\" \/>\n<meta property=\"og:site_name\" content=\"Tribunal Electoral de la Ciudad de M\u00e9xico\" \/>\n<meta property=\"article:publisher\" content=\"https:\/\/www.facebook.com\/TECDMX\/\" \/>\n<meta property=\"article:published_time\" content=\"2022-06-17T15:26:12+00:00\" \/>\n<meta property=\"article:modified_time\" content=\"2022-06-17T15:26:15+00:00\" \/>\n<meta property=\"og:image\" content=\"https:\/\/www.tecdmx.org.mx\/wp-content\/uploads\/2020\/08\/comunicado_nuevo.jpg\" \/>\n\t<meta property=\"og:image:width\" content=\"600\" \/>\n\t<meta property=\"og:image:height\" content=\"366\" \/>\n\t<meta property=\"og:image:type\" content=\"image\/jpeg\" \/>\n<meta name=\"author\" content=\"Difusion2025\" \/>\n<meta name=\"twitter:card\" content=\"summary_large_image\" \/>\n<meta name=\"twitter:creator\" content=\"@tecdmx\" \/>\n<meta name=\"twitter:site\" content=\"@tecdmx\" \/>\n<meta name=\"twitter:label1\" content=\"Escrito por\" \/>\n\t<meta name=\"twitter:data1\" content=\"Difusion2025\" \/>\n\t<meta name=\"twitter:label2\" content=\"Tiempo de lectura\" \/>\n\t<meta name=\"twitter:data2\" content=\"2 minutos\" \/>\n<script type=\"application\/ld+json\" class=\"yoast-schema-graph\">{\"@context\":\"https:\/\/schema.org\",\"@graph\":[{\"@type\":\"WebPage\",\"@id\":\"https:\/\/www.tecdmx.org.mx\/index.php\/comunicados\/2022\/06\/17\/boletin-n-51\/\",\"url\":\"https:\/\/www.tecdmx.org.mx\/index.php\/comunicados\/2022\/06\/17\/boletin-n-51\/\",\"name\":\"Bolet\u00edn N\u00b0 51 - Tribunal Electoral de la Ciudad de M\u00e9xico\",\"isPartOf\":{\"@id\":\"https:\/\/www.tecdmx.org.mx\/#website\"},\"primaryImageOfPage\":{\"@id\":\"https:\/\/www.tecdmx.org.mx\/index.php\/comunicados\/2022\/06\/17\/boletin-n-51\/#primaryimage\"},\"image\":{\"@id\":\"https:\/\/www.tecdmx.org.mx\/index.php\/comunicados\/2022\/06\/17\/boletin-n-51\/#primaryimage\"},\"thumbnailUrl\":\"https:\/\/www.tecdmx.org.mx\/wp-content\/uploads\/2020\/08\/comunicado_nuevo.jpg\",\"datePublished\":\"2022-06-17T15:26:12+00:00\",\"dateModified\":\"2022-06-17T15:26:15+00:00\",\"author\":{\"@id\":\"https:\/\/www.tecdmx.org.mx\/#\/schema\/person\/208c898199fb3234203823c5f0cf31d6\"},\"breadcrumb\":{\"@id\":\"https:\/\/www.tecdmx.org.mx\/index.php\/comunicados\/2022\/06\/17\/boletin-n-51\/#breadcrumb\"},\"inLanguage\":\"es\",\"potentialAction\":[{\"@type\":\"ReadAction\",\"target\":[\"https:\/\/www.tecdmx.org.mx\/index.php\/comunicados\/2022\/06\/17\/boletin-n-51\/\"]}]},{\"@type\":\"ImageObject\",\"inLanguage\":\"es\",\"@id\":\"https:\/\/www.tecdmx.org.mx\/index.php\/comunicados\/2022\/06\/17\/boletin-n-51\/#primaryimage\",\"url\":\"https:\/\/www.tecdmx.org.mx\/wp-content\/uploads\/2020\/08\/comunicado_nuevo.jpg\",\"contentUrl\":\"https:\/\/www.tecdmx.org.mx\/wp-content\/uploads\/2020\/08\/comunicado_nuevo.jpg\",\"width\":600,\"height\":366},{\"@type\":\"BreadcrumbList\",\"@id\":\"https:\/\/www.tecdmx.org.mx\/index.php\/comunicados\/2022\/06\/17\/boletin-n-51\/#breadcrumb\",\"itemListElement\":[{\"@type\":\"ListItem\",\"position\":1,\"name\":\"Portada\",\"item\":\"https:\/\/www.tecdmx.org.mx\/\"},{\"@type\":\"ListItem\",\"position\":2,\"name\":\"Bolet\u00edn N\u00b0 51\"}]},{\"@type\":\"WebSite\",\"@id\":\"https:\/\/www.tecdmx.org.mx\/#website\",\"url\":\"https:\/\/www.tecdmx.org.mx\/\",\"name\":\"Tribunal Electoral de la Ciudad de M\u00e9xico\",\"description\":\"25 a\u00f1os garantizando justicia en tu elecci\u00f3n\",\"potentialAction\":[{\"@type\":\"SearchAction\",\"target\":{\"@type\":\"EntryPoint\",\"urlTemplate\":\"https:\/\/www.tecdmx.org.mx\/?s={search_term_string}\"},\"query-input\":\"required name=search_term_string\"}],\"inLanguage\":\"es\"},{\"@type\":\"Person\",\"@id\":\"https:\/\/www.tecdmx.org.mx\/#\/schema\/person\/208c898199fb3234203823c5f0cf31d6\",\"name\":\"Difusion2025\",\"image\":{\"@type\":\"ImageObject\",\"inLanguage\":\"es\",\"@id\":\"https:\/\/www.tecdmx.org.mx\/#\/schema\/person\/image\/\",\"url\":\"https:\/\/secure.gravatar.com\/avatar\/6f7a4ba3acb418040e90a2eb99b5df28?s=96&d=mm&r=g\",\"contentUrl\":\"https:\/\/secure.gravatar.com\/avatar\/6f7a4ba3acb418040e90a2eb99b5df28?s=96&d=mm&r=g\",\"caption\":\"Difusion2025\"}}]}<\/script>\n<!-- \/ Yoast SEO plugin. -->","yoast_head_json":{"title":"Bolet\u00edn N\u00b0 51 - Tribunal Electoral de la Ciudad de M\u00e9xico","robots":{"index":"index","follow":"follow","max-snippet":"max-snippet:-1","max-image-preview":"max-image-preview:large","max-video-preview":"max-video-preview:-1"},"canonical":"https:\/\/www.tecdmx.org.mx\/index.php\/comunicados\/2022\/06\/17\/boletin-n-51\/","og_locale":"es_ES","og_type":"article","og_title":"Bolet\u00edn N\u00b0 51 - Tribunal Electoral de la Ciudad de M\u00e9xico","og_description":"Ciudad de M\u00e9xico, a 17 de junio de 2022 La violencia pol\u00edtica tiene ra\u00edces culturales que han colocado a la mujer en inferioridad al hombre, asegura magistrada Martha Mercado La [&hellip;]","og_url":"https:\/\/www.tecdmx.org.mx\/index.php\/comunicados\/2022\/06\/17\/boletin-n-51\/","og_site_name":"Tribunal Electoral de la Ciudad de M\u00e9xico","article_publisher":"https:\/\/www.facebook.com\/TECDMX\/","article_published_time":"2022-06-17T15:26:12+00:00","article_modified_time":"2022-06-17T15:26:15+00:00","og_image":[{"width":600,"height":366,"url":"https:\/\/www.tecdmx.org.mx\/wp-content\/uploads\/2020\/08\/comunicado_nuevo.jpg","type":"image\/jpeg"}],"author":"Difusion2025","twitter_card":"summary_large_image","twitter_creator":"@tecdmx","twitter_site":"@tecdmx","twitter_misc":{"Escrito por":"Difusion2025","Tiempo de lectura":"2 minutos"},"schema":{"@context":"https:\/\/schema.org","@graph":[{"@type":"WebPage","@id":"https:\/\/www.tecdmx.org.mx\/index.php\/comunicados\/2022\/06\/17\/boletin-n-51\/","url":"https:\/\/www.tecdmx.org.mx\/index.php\/comunicados\/2022\/06\/17\/boletin-n-51\/","name":"Bolet\u00edn N\u00b0 51 - Tribunal Electoral de la Ciudad de M\u00e9xico","isPartOf":{"@id":"https:\/\/www.tecdmx.org.mx\/#website"},"primaryImageOfPage":{"@id":"https:\/\/www.tecdmx.org.mx\/index.php\/comunicados\/2022\/06\/17\/boletin-n-51\/#primaryimage"},"image":{"@id":"https:\/\/www.tecdmx.org.mx\/index.php\/comunicados\/2022\/06\/17\/boletin-n-51\/#primaryimage"},"thumbnailUrl":"https:\/\/www.tecdmx.org.mx\/wp-content\/uploads\/2020\/08\/comunicado_nuevo.jpg","datePublished":"2022-06-17T15:26:12+00:00","dateModified":"2022-06-17T15:26:15+00:00","author":{"@id":"https:\/\/www.tecdmx.org.mx\/#\/schema\/person\/208c898199fb3234203823c5f0cf31d6"},"breadcrumb":{"@id":"https:\/\/www.tecdmx.org.mx\/index.php\/comunicados\/2022\/06\/17\/boletin-n-51\/#breadcrumb"},"inLanguage":"es","potentialAction":[{"@type":"ReadAction","target":["https:\/\/www.tecdmx.org.mx\/index.php\/comunicados\/2022\/06\/17\/boletin-n-51\/"]}]},{"@type":"ImageObject","inLanguage":"es","@id":"https:\/\/www.tecdmx.org.mx\/index.php\/comunicados\/2022\/06\/17\/boletin-n-51\/#primaryimage","url":"https:\/\/www.tecdmx.org.mx\/wp-content\/uploads\/2020\/08\/comunicado_nuevo.jpg","contentUrl":"https:\/\/www.tecdmx.org.mx\/wp-content\/uploads\/2020\/08\/comunicado_nuevo.jpg","width":600,"height":366},{"@type":"BreadcrumbList","@id":"https:\/\/www.tecdmx.org.mx\/index.php\/comunicados\/2022\/06\/17\/boletin-n-51\/#breadcrumb","itemListElement":[{"@type":"ListItem","position":1,"name":"Portada","item":"https:\/\/www.tecdmx.org.mx\/"},{"@type":"ListItem","position":2,"name":"Bolet\u00edn N\u00b0 51"}]},{"@type":"WebSite","@id":"https:\/\/www.tecdmx.org.mx\/#website","url":"https:\/\/www.tecdmx.org.mx\/","name":"Tribunal Electoral de la Ciudad de M\u00e9xico","description":"25 a\u00f1os garantizando justicia en tu elecci\u00f3n","potentialAction":[{"@type":"SearchAction","target":{"@type":"EntryPoint","urlTemplate":"https:\/\/www.tecdmx.org.mx\/?s={search_term_string}"},"query-input":"required name=search_term_string"}],"inLanguage":"es"},{"@type":"Person","@id":"https:\/\/www.tecdmx.org.mx\/#\/schema\/person\/208c898199fb3234203823c5f0cf31d6","name":"Difusion2025","image":{"@type":"ImageObject","inLanguage":"es","@id":"https:\/\/www.tecdmx.org.mx\/#\/schema\/person\/image\/","url":"https:\/\/secure.gravatar.com\/avatar\/6f7a4ba3acb418040e90a2eb99b5df28?s=96&d=mm&r=g","contentUrl":"https:\/\/secure.gravatar.com\/avatar\/6f7a4ba3acb418040e90a2eb99b5df28?s=96&d=mm&r=g","caption":"Difusion2025"}}]}},"_links":{"self":[{"href":"https:\/\/www.tecdmx.org.mx\/index.php\/wp-json\/wp\/v2\/posts\/37495"}],"collection":[{"href":"https:\/\/www.tecdmx.org.mx\/index.php\/wp-json\/wp\/v2\/posts"}],"about":[{"href":"https:\/\/www.tecdmx.org.mx\/index.php\/wp-json\/wp\/v2\/types\/post"}],"author":[{"embeddable":true,"href":"https:\/\/www.tecdmx.org.mx\/index.php\/wp-json\/wp\/v2\/users\/13"}],"replies":[{"embeddable":true,"href":"https:\/\/www.tecdmx.org.mx\/index.php\/wp-json\/wp\/v2\/comments?post=37495"}],"version-history":[{"count":2,"href":"https:\/\/www.tecdmx.org.mx\/index.php\/wp-json\/wp\/v2\/posts\/37495\/revisions"}],"predecessor-version":[{"id":37498,"href":"https:\/\/www.tecdmx.org.mx\/index.php\/wp-json\/wp\/v2\/posts\/37495\/revisions\/37498"}],"wp:featuredmedia":[{"embeddable":true,"href":"https:\/\/www.tecdmx.org.mx\/index.php\/wp-json\/wp\/v2\/media\/21168"}],"wp:attachment":[{"href":"https:\/\/www.tecdmx.org.mx\/index.php\/wp-json\/wp\/v2\/media?parent=37495"}],"wp:term":[{"taxonomy":"category","embeddable":true,"href":"https:\/\/www.tecdmx.org.mx\/index.php\/wp-json\/wp\/v2\/categories?post=37495"},{"taxonomy":"post_tag","embeddable":true,"href":"https:\/\/www.tecdmx.org.mx\/index.php\/wp-json\/wp\/v2\/tags?post=37495"}],"curies":[{"name":"wp","href":"https:\/\/api.w.org\/{rel}","templated":true}]}}