{"id":38627,"date":"2022-08-17T21:47:03","date_gmt":"2022-08-18T02:47:03","guid":{"rendered":"https:\/\/www.tecdmx.org.mx\/?p=38627"},"modified":"2022-08-17T21:47:06","modified_gmt":"2022-08-18T02:47:06","slug":"boletin-n-62","status":"publish","type":"post","link":"https:\/\/www.tecdmx.org.mx\/index.php\/comunicados\/2022\/08\/17\/boletin-n-62\/","title":{"rendered":"Bolet\u00edn N\u00b0 62"},"content":{"rendered":"\n<p>Ciudad de M\u00e9xico, a 17 de agosto de 2022<\/p>\n\n\n\n<p><strong>Bolet\u00edn N\u00b0 62<\/strong><\/p>\n\n\n\n<p><strong>Acciones afirmativas permiten la integraci\u00f3n de grupos de atenci\u00f3n prioritaria a espacios de toma de decisi\u00f3n, afirma magistrada Martha Mercado<\/strong><\/p>\n\n\n\n<p>La magistrada del Tribunal Electoral de la Ciudad de M\u00e9xico (TECDMX), Martha Leticia Mercado Ram\u00edrez, particip\u00f3 en el \u201cParlamento abierto de la reforma pol\u00edtico electoral\u201d organizado por la C\u00e1mara de Diputados con el tema: Migraci\u00f3n y elecciones en M\u00e9xico.<\/p>\n\n\n\n<p>Durante su intervenci\u00f3n, la magistrada Mercado Ram\u00edrez destac\u00f3 la importancia de las acciones afirmativas en favor de las personas que integran grupos de atenci\u00f3n prioritaria, entre ellos las personas migrantes, para su acceso a espacios de toma decisi\u00f3n y el pleno ejercicio de sus derechos pol\u00edtico-electorales.<\/p>\n\n\n\n<p>La magistrada del TECDMX dio a conocer que M\u00e9xico es el segundo pa\u00eds a nivel mundial con m\u00e1s personas migrantes, solo por detr\u00e1s de la India, lo cual obliga a generar acciones y espacios de representaci\u00f3n para que puedan participar en la vida p\u00fablica de nuestras comunidades.<\/p>\n\n\n\n<p>\u201cEl Instituto Federal Electoral, hoy INE, enfrent\u00f3 un enorme desaf\u00edo en el Proceso Electoral 2011-2012 al abrir la posibilidad de votar y participar de las personas migrantes a trav\u00e9s del mecanismo del voto postal\u201d, agreg\u00f3 la magistrada Martha Mercado.<\/p>\n\n\n\n<p>Por otra parte, destac\u00f3 que las resoluciones tanto del Tribunal Electoral del Poder Judicial de la Federaci\u00f3n como de tribunales electorales locales han otorgado a las personas migrantes el derecho no solo de votar, sino de aspirar para obtener un lugar en los poderes legislativos.<\/p>\n\n\n\n<p>\u201cEn el caso de la Ciudad de M\u00e9xico, para la II Legislatura del Congreso se cre\u00f3 la figura de la Diputaci\u00f3n Migrante, la cual pas\u00f3 por una larga cadena impugnativa en el \u00e1mbito local y federal que concluy\u00f3 con su ratificaci\u00f3n\u201d, explic\u00f3 la magistrada Martha Leticia Mercado Ram\u00edrez.<\/p>\n\n\n\n<p>Finalmente, consider\u00f3 fundamental que las reformas deben construirse desde la \u00f3ptica de las necesidades y beneficios espec\u00edficos que recibir\u00e1n las personas de los grupos de atenci\u00f3n prioritaria; en este caso, las personas migrantes y su derecho a ser representadas en el Poder Legislativo capitalino.<\/p>\n\n\n\n<p>\u201cLas autoridades debemos atender el multiculturalismo de nuestro pa\u00eds en la construcci\u00f3n legislativa y la emisi\u00f3n de sentencias, pues solo de esta manera podremos generar acciones que disminuyan las brechas e impulsen el acceso pleno de los grupos de atenci\u00f3n prioritaria a los espacios de toma de decisi\u00f3n\u201d, concluy\u00f3.<\/p>\n\n\n\n<p>El evento cont\u00f3 con la participaci\u00f3n de Ricardo Emmanuel Ortiz Carre\u00f3n, representante de la Red Nacional de Ciegos en Jalisco; Aaron Ortiz Santos, experto en derechos plenos de migrantes; Leydi Diossa Jim\u00e9nez, soci\u00f3loga y experta en migraci\u00f3n; Miguel Moctezuma Longoria, investigador de la Universidad Aut\u00f3noma de Zacatecas; Yuriko Takahashi, acad\u00e9mica de la Universidad de Waseda en Jap\u00f3n; V\u00edctor Alejandro Espinoza Valle, representante del Colegio de la Frontera Norte; y Yuri Gabriel Beltr\u00e1n Miranda, ex consejero del Instituto Electoral de la Ciudad de M\u00e9xico.<\/p>\n\n\n\n<p><strong>o-O-o<\/strong><\/p>\n","protected":false},"excerpt":{"rendered":"<p>Ciudad de M\u00e9xico, a 17 de agosto de 2022 Bolet\u00edn N\u00b0 62 Acciones afirmativas permiten la integraci\u00f3n de grupos de atenci\u00f3n prioritaria a espacios de toma de decisi\u00f3n, afirma magistrada [&hellip;]<\/p>\n","protected":false},"author":13,"featured_media":21168,"comment_status":"open","ping_status":"open","sticky":false,"template":"","format":"standard","meta":{"_acf_changed":false,"_exactmetrics_skip_tracking":false,"_exactmetrics_sitenote_active":false,"_exactmetrics_sitenote_note":"","_exactmetrics_sitenote_category":0,"footnotes":""},"categories":[32,47],"tags":[],"acf":[],"yoast_head":"<!-- This site is optimized with the Yoast SEO plugin v22.3 - https:\/\/yoast.com\/wordpress\/plugins\/seo\/ -->\n<title>Bolet\u00edn N\u00b0 62 - Tribunal Electoral de la Ciudad de M\u00e9xico<\/title>\n<meta name=\"robots\" content=\"index, follow, max-snippet:-1, max-image-preview:large, max-video-preview:-1\" \/>\n<link rel=\"canonical\" href=\"https:\/\/www.tecdmx.org.mx\/index.php\/comunicados\/2022\/08\/17\/boletin-n-62\/\" \/>\n<meta property=\"og:locale\" content=\"es_ES\" \/>\n<meta property=\"og:type\" content=\"article\" \/>\n<meta property=\"og:title\" content=\"Bolet\u00edn N\u00b0 62 - Tribunal Electoral de la Ciudad de M\u00e9xico\" \/>\n<meta property=\"og:description\" content=\"Ciudad de M\u00e9xico, a 17 de agosto de 2022 Bolet\u00edn N\u00b0 62 Acciones afirmativas permiten la integraci\u00f3n de grupos de atenci\u00f3n prioritaria a espacios de toma de decisi\u00f3n, afirma magistrada [&hellip;]\" \/>\n<meta property=\"og:url\" content=\"https:\/\/www.tecdmx.org.mx\/index.php\/comunicados\/2022\/08\/17\/boletin-n-62\/\" \/>\n<meta property=\"og:site_name\" content=\"Tribunal Electoral de la Ciudad de M\u00e9xico\" \/>\n<meta property=\"article:publisher\" content=\"https:\/\/www.facebook.com\/TECDMX\/\" \/>\n<meta property=\"article:published_time\" content=\"2022-08-18T02:47:03+00:00\" \/>\n<meta property=\"article:modified_time\" content=\"2022-08-18T02:47:06+00:00\" \/>\n<meta property=\"og:image\" content=\"https:\/\/www.tecdmx.org.mx\/wp-content\/uploads\/2020\/08\/comunicado_nuevo.jpg\" \/>\n\t<meta property=\"og:image:width\" content=\"600\" \/>\n\t<meta property=\"og:image:height\" content=\"366\" \/>\n\t<meta property=\"og:image:type\" content=\"image\/jpeg\" \/>\n<meta name=\"author\" content=\"Difusion2025\" \/>\n<meta name=\"twitter:card\" content=\"summary_large_image\" \/>\n<meta name=\"twitter:creator\" content=\"@tecdmx\" \/>\n<meta name=\"twitter:site\" content=\"@tecdmx\" \/>\n<meta name=\"twitter:label1\" content=\"Escrito por\" \/>\n\t<meta name=\"twitter:data1\" content=\"Difusion2025\" \/>\n\t<meta name=\"twitter:label2\" content=\"Tiempo de lectura\" \/>\n\t<meta name=\"twitter:data2\" content=\"3 minutos\" \/>\n<script type=\"application\/ld+json\" class=\"yoast-schema-graph\">{\"@context\":\"https:\/\/schema.org\",\"@graph\":[{\"@type\":\"WebPage\",\"@id\":\"https:\/\/www.tecdmx.org.mx\/index.php\/comunicados\/2022\/08\/17\/boletin-n-62\/\",\"url\":\"https:\/\/www.tecdmx.org.mx\/index.php\/comunicados\/2022\/08\/17\/boletin-n-62\/\",\"name\":\"Bolet\u00edn N\u00b0 62 - Tribunal Electoral de la Ciudad de M\u00e9xico\",\"isPartOf\":{\"@id\":\"https:\/\/www.tecdmx.org.mx\/#website\"},\"primaryImageOfPage\":{\"@id\":\"https:\/\/www.tecdmx.org.mx\/index.php\/comunicados\/2022\/08\/17\/boletin-n-62\/#primaryimage\"},\"image\":{\"@id\":\"https:\/\/www.tecdmx.org.mx\/index.php\/comunicados\/2022\/08\/17\/boletin-n-62\/#primaryimage\"},\"thumbnailUrl\":\"https:\/\/www.tecdmx.org.mx\/wp-content\/uploads\/2020\/08\/comunicado_nuevo.jpg\",\"datePublished\":\"2022-08-18T02:47:03+00:00\",\"dateModified\":\"2022-08-18T02:47:06+00:00\",\"author\":{\"@id\":\"https:\/\/www.tecdmx.org.mx\/#\/schema\/person\/208c898199fb3234203823c5f0cf31d6\"},\"breadcrumb\":{\"@id\":\"https:\/\/www.tecdmx.org.mx\/index.php\/comunicados\/2022\/08\/17\/boletin-n-62\/#breadcrumb\"},\"inLanguage\":\"es\",\"potentialAction\":[{\"@type\":\"ReadAction\",\"target\":[\"https:\/\/www.tecdmx.org.mx\/index.php\/comunicados\/2022\/08\/17\/boletin-n-62\/\"]}]},{\"@type\":\"ImageObject\",\"inLanguage\":\"es\",\"@id\":\"https:\/\/www.tecdmx.org.mx\/index.php\/comunicados\/2022\/08\/17\/boletin-n-62\/#primaryimage\",\"url\":\"https:\/\/www.tecdmx.org.mx\/wp-content\/uploads\/2020\/08\/comunicado_nuevo.jpg\",\"contentUrl\":\"https:\/\/www.tecdmx.org.mx\/wp-content\/uploads\/2020\/08\/comunicado_nuevo.jpg\",\"width\":600,\"height\":366},{\"@type\":\"BreadcrumbList\",\"@id\":\"https:\/\/www.tecdmx.org.mx\/index.php\/comunicados\/2022\/08\/17\/boletin-n-62\/#breadcrumb\",\"itemListElement\":[{\"@type\":\"ListItem\",\"position\":1,\"name\":\"Portada\",\"item\":\"https:\/\/www.tecdmx.org.mx\/\"},{\"@type\":\"ListItem\",\"position\":2,\"name\":\"Bolet\u00edn N\u00b0 62\"}]},{\"@type\":\"WebSite\",\"@id\":\"https:\/\/www.tecdmx.org.mx\/#website\",\"url\":\"https:\/\/www.tecdmx.org.mx\/\",\"name\":\"Tribunal Electoral de la Ciudad de M\u00e9xico\",\"description\":\"25 a\u00f1os garantizando justicia en tu elecci\u00f3n\",\"potentialAction\":[{\"@type\":\"SearchAction\",\"target\":{\"@type\":\"EntryPoint\",\"urlTemplate\":\"https:\/\/www.tecdmx.org.mx\/?s={search_term_string}\"},\"query-input\":\"required name=search_term_string\"}],\"inLanguage\":\"es\"},{\"@type\":\"Person\",\"@id\":\"https:\/\/www.tecdmx.org.mx\/#\/schema\/person\/208c898199fb3234203823c5f0cf31d6\",\"name\":\"Difusion2025\",\"image\":{\"@type\":\"ImageObject\",\"inLanguage\":\"es\",\"@id\":\"https:\/\/www.tecdmx.org.mx\/#\/schema\/person\/image\/\",\"url\":\"https:\/\/secure.gravatar.com\/avatar\/6f7a4ba3acb418040e90a2eb99b5df28?s=96&d=mm&r=g\",\"contentUrl\":\"https:\/\/secure.gravatar.com\/avatar\/6f7a4ba3acb418040e90a2eb99b5df28?s=96&d=mm&r=g\",\"caption\":\"Difusion2025\"}}]}<\/script>\n<!-- \/ Yoast SEO plugin. -->","yoast_head_json":{"title":"Bolet\u00edn N\u00b0 62 - Tribunal Electoral de la Ciudad de M\u00e9xico","robots":{"index":"index","follow":"follow","max-snippet":"max-snippet:-1","max-image-preview":"max-image-preview:large","max-video-preview":"max-video-preview:-1"},"canonical":"https:\/\/www.tecdmx.org.mx\/index.php\/comunicados\/2022\/08\/17\/boletin-n-62\/","og_locale":"es_ES","og_type":"article","og_title":"Bolet\u00edn N\u00b0 62 - Tribunal Electoral de la Ciudad de M\u00e9xico","og_description":"Ciudad de M\u00e9xico, a 17 de agosto de 2022 Bolet\u00edn N\u00b0 62 Acciones afirmativas permiten la integraci\u00f3n de grupos de atenci\u00f3n prioritaria a espacios de toma de decisi\u00f3n, afirma magistrada [&hellip;]","og_url":"https:\/\/www.tecdmx.org.mx\/index.php\/comunicados\/2022\/08\/17\/boletin-n-62\/","og_site_name":"Tribunal Electoral de la Ciudad de M\u00e9xico","article_publisher":"https:\/\/www.facebook.com\/TECDMX\/","article_published_time":"2022-08-18T02:47:03+00:00","article_modified_time":"2022-08-18T02:47:06+00:00","og_image":[{"width":600,"height":366,"url":"https:\/\/www.tecdmx.org.mx\/wp-content\/uploads\/2020\/08\/comunicado_nuevo.jpg","type":"image\/jpeg"}],"author":"Difusion2025","twitter_card":"summary_large_image","twitter_creator":"@tecdmx","twitter_site":"@tecdmx","twitter_misc":{"Escrito por":"Difusion2025","Tiempo de lectura":"3 minutos"},"schema":{"@context":"https:\/\/schema.org","@graph":[{"@type":"WebPage","@id":"https:\/\/www.tecdmx.org.mx\/index.php\/comunicados\/2022\/08\/17\/boletin-n-62\/","url":"https:\/\/www.tecdmx.org.mx\/index.php\/comunicados\/2022\/08\/17\/boletin-n-62\/","name":"Bolet\u00edn N\u00b0 62 - Tribunal Electoral de la Ciudad de M\u00e9xico","isPartOf":{"@id":"https:\/\/www.tecdmx.org.mx\/#website"},"primaryImageOfPage":{"@id":"https:\/\/www.tecdmx.org.mx\/index.php\/comunicados\/2022\/08\/17\/boletin-n-62\/#primaryimage"},"image":{"@id":"https:\/\/www.tecdmx.org.mx\/index.php\/comunicados\/2022\/08\/17\/boletin-n-62\/#primaryimage"},"thumbnailUrl":"https:\/\/www.tecdmx.org.mx\/wp-content\/uploads\/2020\/08\/comunicado_nuevo.jpg","datePublished":"2022-08-18T02:47:03+00:00","dateModified":"2022-08-18T02:47:06+00:00","author":{"@id":"https:\/\/www.tecdmx.org.mx\/#\/schema\/person\/208c898199fb3234203823c5f0cf31d6"},"breadcrumb":{"@id":"https:\/\/www.tecdmx.org.mx\/index.php\/comunicados\/2022\/08\/17\/boletin-n-62\/#breadcrumb"},"inLanguage":"es","potentialAction":[{"@type":"ReadAction","target":["https:\/\/www.tecdmx.org.mx\/index.php\/comunicados\/2022\/08\/17\/boletin-n-62\/"]}]},{"@type":"ImageObject","inLanguage":"es","@id":"https:\/\/www.tecdmx.org.mx\/index.php\/comunicados\/2022\/08\/17\/boletin-n-62\/#primaryimage","url":"https:\/\/www.tecdmx.org.mx\/wp-content\/uploads\/2020\/08\/comunicado_nuevo.jpg","contentUrl":"https:\/\/www.tecdmx.org.mx\/wp-content\/uploads\/2020\/08\/comunicado_nuevo.jpg","width":600,"height":366},{"@type":"BreadcrumbList","@id":"https:\/\/www.tecdmx.org.mx\/index.php\/comunicados\/2022\/08\/17\/boletin-n-62\/#breadcrumb","itemListElement":[{"@type":"ListItem","position":1,"name":"Portada","item":"https:\/\/www.tecdmx.org.mx\/"},{"@type":"ListItem","position":2,"name":"Bolet\u00edn N\u00b0 62"}]},{"@type":"WebSite","@id":"https:\/\/www.tecdmx.org.mx\/#website","url":"https:\/\/www.tecdmx.org.mx\/","name":"Tribunal Electoral de la Ciudad de M\u00e9xico","description":"25 a\u00f1os garantizando justicia en tu elecci\u00f3n","potentialAction":[{"@type":"SearchAction","target":{"@type":"EntryPoint","urlTemplate":"https:\/\/www.tecdmx.org.mx\/?s={search_term_string}"},"query-input":"required name=search_term_string"}],"inLanguage":"es"},{"@type":"Person","@id":"https:\/\/www.tecdmx.org.mx\/#\/schema\/person\/208c898199fb3234203823c5f0cf31d6","name":"Difusion2025","image":{"@type":"ImageObject","inLanguage":"es","@id":"https:\/\/www.tecdmx.org.mx\/#\/schema\/person\/image\/","url":"https:\/\/secure.gravatar.com\/avatar\/6f7a4ba3acb418040e90a2eb99b5df28?s=96&d=mm&r=g","contentUrl":"https:\/\/secure.gravatar.com\/avatar\/6f7a4ba3acb418040e90a2eb99b5df28?s=96&d=mm&r=g","caption":"Difusion2025"}}]}},"_links":{"self":[{"href":"https:\/\/www.tecdmx.org.mx\/index.php\/wp-json\/wp\/v2\/posts\/38627"}],"collection":[{"href":"https:\/\/www.tecdmx.org.mx\/index.php\/wp-json\/wp\/v2\/posts"}],"about":[{"href":"https:\/\/www.tecdmx.org.mx\/index.php\/wp-json\/wp\/v2\/types\/post"}],"author":[{"embeddable":true,"href":"https:\/\/www.tecdmx.org.mx\/index.php\/wp-json\/wp\/v2\/users\/13"}],"replies":[{"embeddable":true,"href":"https:\/\/www.tecdmx.org.mx\/index.php\/wp-json\/wp\/v2\/comments?post=38627"}],"version-history":[{"count":2,"href":"https:\/\/www.tecdmx.org.mx\/index.php\/wp-json\/wp\/v2\/posts\/38627\/revisions"}],"predecessor-version":[{"id":38630,"href":"https:\/\/www.tecdmx.org.mx\/index.php\/wp-json\/wp\/v2\/posts\/38627\/revisions\/38630"}],"wp:featuredmedia":[{"embeddable":true,"href":"https:\/\/www.tecdmx.org.mx\/index.php\/wp-json\/wp\/v2\/media\/21168"}],"wp:attachment":[{"href":"https:\/\/www.tecdmx.org.mx\/index.php\/wp-json\/wp\/v2\/media?parent=38627"}],"wp:term":[{"taxonomy":"category","embeddable":true,"href":"https:\/\/www.tecdmx.org.mx\/index.php\/wp-json\/wp\/v2\/categories?post=38627"},{"taxonomy":"post_tag","embeddable":true,"href":"https:\/\/www.tecdmx.org.mx\/index.php\/wp-json\/wp\/v2\/tags?post=38627"}],"curies":[{"name":"wp","href":"https:\/\/api.w.org\/{rel}","templated":true}]}}