{"id":39371,"date":"2022-09-23T21:56:29","date_gmt":"2022-09-24T02:56:29","guid":{"rendered":"https:\/\/www.tecdmx.org.mx\/?p=39371"},"modified":"2022-09-23T21:56:32","modified_gmt":"2022-09-24T02:56:32","slug":"boletin-n-71","status":"publish","type":"post","link":"https:\/\/www.tecdmx.org.mx\/index.php\/comunicados\/2022\/09\/23\/boletin-n-71\/","title":{"rendered":"Bolet\u00edn N\u00b0 71"},"content":{"rendered":"\n<p class=\"has-text-align-right\">Ciudad de M\u00e9xico, a 23 de septiembre de 2022<\/p>\n\n\n\n<p><\/p>\n\n\n\n<p class=\"has-text-align-center\"><strong>PARTICIPA MAGISTRADO AMBRIZ HERN\u00c1NDEZ EN FORO SOBRE VIOLENCIA POL\u00cdTICA CONTRA LAS MUJERES EN RAZ\u00d3N DE G\u00c9NERO<\/strong><\/p>\n\n\n\n<p>El magistrado presidente interino del Tribunal Electoral de la Ciudad de M\u00e9xico (TECDMX), Armando Ambriz Hern\u00e1ndez, particip\u00f3 en el foro \u201cTestimonios en el ejercicio de los derechos pol\u00edtico- electorales de las mujeres libre de violencia pol\u00edtica en raz\u00f3n de g\u00e9nero. Su tutela por el Tribunal Electoral del Poder Judicial de la Federaci\u00f3n\u201d (TEPJF), organizado por dicho \u00f3rgano jurisdiccional a trav\u00e9s de la Direcci\u00f3n General de Igualdad de Derechos y Paridad de G\u00e9nero.<\/p>\n\n\n\n<p><br>En el marco del panel denominado \u201cTestimonios de participaci\u00f3n pol\u00edtica de las mujeres en el \u00e1mbito municipal\u201d, el magistrado presidente interino del TECDMX fue encargado de realizar preguntas a quienes expusieron, Arlene Moreno Maciel, comunicadora y excandidata a diputada federal, y Claudia Trujillo Rinc\u00f3n, secretaria t\u00e9cnica del Colectivo Nacional 50 m\u00e1s 1.<br><\/p>\n\n\n\n<p>El magistrado Ambriz Hern\u00e1ndez pregunt\u00f3 a Arlene Moreno Maciel sobre los desaf\u00edos para erradicar la Violencia Pol\u00edtica contra las Mujeres por raz\u00f3n de g\u00e9nero en medios de comunicaci\u00f3n y redes sociales, quien contest\u00f3 que las redes sociales y los medios de comunicaci\u00f3n deben estar conscientes de su impacto en la sociedad.<\/p>\n\n\n\n<p><br>Consider\u00f3 tambi\u00e9n que se debe hacer valer la ley para erradicar el machismo y la violencia contra las mujeres, as\u00ed como generar las condiciones necesarias para que las mujeres conozcan c\u00f3mo presentar quejas en materia de violencia en el \u00e1mbito electoral y, en \u00faltimas consecuencias, en instancias judiciales.<\/p>\n\n\n\n<p><br>Por otra parte, el magistrado pregunt\u00f3 a Claudia Trujillo Rinc\u00f3n sobre los retos para erradicar la violencia contra las mujeres en el \u00e1mbito municipal. La ponente destac\u00f3 la importancia del acompa\u00f1amiento de las mujeres para garantizar el acceso de \u00e9stas a los espacios de toma de decisi\u00f3n y ejercicio de los cargos p\u00fablicos.<\/p>\n\n\n\n<p><br>Asimismo, llam\u00f3 a armonizar las normativas tanto del \u00e1mbito federal como local, as\u00ed como la generaci\u00f3n de acciones jurisdiccionales, para que las instituciones tengan \u201clos dientes\u201d necesarios para proteger y sancionar cuando suceda violencia pol\u00edtica contra las mujeres en raz\u00f3n de g\u00e9nero.<\/p>\n\n\n\n<p><br>Finalmente, el magistrado Armando Ambriz Hern\u00e1ndez destac\u00f3 que se debe ahondar en el tema de generar las condiciones para que las autoridades jurisdiccionales puedan garantizar el cumplimiento de las sentencias que emiten pues, en muchas ocasiones, la implementaci\u00f3n de \u00e9stas resulta dif\u00edcil.<\/p>\n\n\n\n<p><\/p>\n\n\n\n<p class=\"has-text-align-center\"><strong>o-O-o<\/strong><strong><\/strong><\/p>\n\n\n\n<hr class=\"wp-block-separator\"\/>\n","protected":false},"excerpt":{"rendered":"<p>Ciudad de M\u00e9xico, a 23 de septiembre de 2022 PARTICIPA MAGISTRADO AMBRIZ HERN\u00c1NDEZ EN FORO SOBRE VIOLENCIA POL\u00cdTICA CONTRA LAS MUJERES EN RAZ\u00d3N DE G\u00c9NERO El magistrado presidente interino del [&hellip;]<\/p>\n","protected":false},"author":13,"featured_media":21168,"comment_status":"open","ping_status":"open","sticky":false,"template":"","format":"standard","meta":{"_acf_changed":false,"_exactmetrics_skip_tracking":false,"_exactmetrics_sitenote_active":false,"_exactmetrics_sitenote_note":"","_exactmetrics_sitenote_category":0,"footnotes":""},"categories":[32,47],"tags":[],"acf":[],"yoast_head":"<!-- This site is optimized with the Yoast SEO plugin v22.3 - https:\/\/yoast.com\/wordpress\/plugins\/seo\/ -->\n<title>Bolet\u00edn N\u00b0 71 - Tribunal Electoral de la Ciudad de M\u00e9xico<\/title>\n<meta name=\"robots\" content=\"index, follow, max-snippet:-1, max-image-preview:large, max-video-preview:-1\" \/>\n<link rel=\"canonical\" href=\"https:\/\/www.tecdmx.org.mx\/index.php\/comunicados\/2022\/09\/23\/boletin-n-71\/\" \/>\n<meta property=\"og:locale\" content=\"es_ES\" \/>\n<meta property=\"og:type\" content=\"article\" \/>\n<meta property=\"og:title\" content=\"Bolet\u00edn N\u00b0 71 - Tribunal Electoral de la Ciudad de M\u00e9xico\" \/>\n<meta property=\"og:description\" content=\"Ciudad de M\u00e9xico, a 23 de septiembre de 2022 PARTICIPA MAGISTRADO AMBRIZ HERN\u00c1NDEZ EN FORO SOBRE VIOLENCIA POL\u00cdTICA CONTRA LAS MUJERES EN RAZ\u00d3N DE G\u00c9NERO El magistrado presidente interino del [&hellip;]\" \/>\n<meta property=\"og:url\" content=\"https:\/\/www.tecdmx.org.mx\/index.php\/comunicados\/2022\/09\/23\/boletin-n-71\/\" \/>\n<meta property=\"og:site_name\" content=\"Tribunal Electoral de la Ciudad de M\u00e9xico\" \/>\n<meta property=\"article:publisher\" content=\"https:\/\/www.facebook.com\/TECDMX\/\" \/>\n<meta property=\"article:published_time\" content=\"2022-09-24T02:56:29+00:00\" \/>\n<meta property=\"article:modified_time\" content=\"2022-09-24T02:56:32+00:00\" \/>\n<meta property=\"og:image\" content=\"https:\/\/www.tecdmx.org.mx\/wp-content\/uploads\/2020\/08\/comunicado_nuevo.jpg\" \/>\n\t<meta property=\"og:image:width\" content=\"600\" \/>\n\t<meta property=\"og:image:height\" content=\"366\" \/>\n\t<meta property=\"og:image:type\" content=\"image\/jpeg\" \/>\n<meta name=\"author\" content=\"Difusion2025\" \/>\n<meta name=\"twitter:card\" content=\"summary_large_image\" \/>\n<meta name=\"twitter:creator\" content=\"@tecdmx\" \/>\n<meta name=\"twitter:site\" content=\"@tecdmx\" \/>\n<meta name=\"twitter:label1\" content=\"Escrito por\" \/>\n\t<meta name=\"twitter:data1\" content=\"Difusion2025\" \/>\n\t<meta name=\"twitter:label2\" content=\"Tiempo de lectura\" \/>\n\t<meta name=\"twitter:data2\" content=\"2 minutos\" \/>\n<script type=\"application\/ld+json\" class=\"yoast-schema-graph\">{\"@context\":\"https:\/\/schema.org\",\"@graph\":[{\"@type\":\"WebPage\",\"@id\":\"https:\/\/www.tecdmx.org.mx\/index.php\/comunicados\/2022\/09\/23\/boletin-n-71\/\",\"url\":\"https:\/\/www.tecdmx.org.mx\/index.php\/comunicados\/2022\/09\/23\/boletin-n-71\/\",\"name\":\"Bolet\u00edn N\u00b0 71 - Tribunal Electoral de la Ciudad de M\u00e9xico\",\"isPartOf\":{\"@id\":\"https:\/\/www.tecdmx.org.mx\/#website\"},\"primaryImageOfPage\":{\"@id\":\"https:\/\/www.tecdmx.org.mx\/index.php\/comunicados\/2022\/09\/23\/boletin-n-71\/#primaryimage\"},\"image\":{\"@id\":\"https:\/\/www.tecdmx.org.mx\/index.php\/comunicados\/2022\/09\/23\/boletin-n-71\/#primaryimage\"},\"thumbnailUrl\":\"https:\/\/www.tecdmx.org.mx\/wp-content\/uploads\/2020\/08\/comunicado_nuevo.jpg\",\"datePublished\":\"2022-09-24T02:56:29+00:00\",\"dateModified\":\"2022-09-24T02:56:32+00:00\",\"author\":{\"@id\":\"https:\/\/www.tecdmx.org.mx\/#\/schema\/person\/208c898199fb3234203823c5f0cf31d6\"},\"breadcrumb\":{\"@id\":\"https:\/\/www.tecdmx.org.mx\/index.php\/comunicados\/2022\/09\/23\/boletin-n-71\/#breadcrumb\"},\"inLanguage\":\"es\",\"potentialAction\":[{\"@type\":\"ReadAction\",\"target\":[\"https:\/\/www.tecdmx.org.mx\/index.php\/comunicados\/2022\/09\/23\/boletin-n-71\/\"]}]},{\"@type\":\"ImageObject\",\"inLanguage\":\"es\",\"@id\":\"https:\/\/www.tecdmx.org.mx\/index.php\/comunicados\/2022\/09\/23\/boletin-n-71\/#primaryimage\",\"url\":\"https:\/\/www.tecdmx.org.mx\/wp-content\/uploads\/2020\/08\/comunicado_nuevo.jpg\",\"contentUrl\":\"https:\/\/www.tecdmx.org.mx\/wp-content\/uploads\/2020\/08\/comunicado_nuevo.jpg\",\"width\":600,\"height\":366},{\"@type\":\"BreadcrumbList\",\"@id\":\"https:\/\/www.tecdmx.org.mx\/index.php\/comunicados\/2022\/09\/23\/boletin-n-71\/#breadcrumb\",\"itemListElement\":[{\"@type\":\"ListItem\",\"position\":1,\"name\":\"Portada\",\"item\":\"https:\/\/www.tecdmx.org.mx\/\"},{\"@type\":\"ListItem\",\"position\":2,\"name\":\"Bolet\u00edn N\u00b0 71\"}]},{\"@type\":\"WebSite\",\"@id\":\"https:\/\/www.tecdmx.org.mx\/#website\",\"url\":\"https:\/\/www.tecdmx.org.mx\/\",\"name\":\"Tribunal Electoral de la Ciudad de M\u00e9xico\",\"description\":\"25 a\u00f1os garantizando justicia en tu elecci\u00f3n\",\"potentialAction\":[{\"@type\":\"SearchAction\",\"target\":{\"@type\":\"EntryPoint\",\"urlTemplate\":\"https:\/\/www.tecdmx.org.mx\/?s={search_term_string}\"},\"query-input\":\"required name=search_term_string\"}],\"inLanguage\":\"es\"},{\"@type\":\"Person\",\"@id\":\"https:\/\/www.tecdmx.org.mx\/#\/schema\/person\/208c898199fb3234203823c5f0cf31d6\",\"name\":\"Difusion2025\",\"image\":{\"@type\":\"ImageObject\",\"inLanguage\":\"es\",\"@id\":\"https:\/\/www.tecdmx.org.mx\/#\/schema\/person\/image\/\",\"url\":\"https:\/\/secure.gravatar.com\/avatar\/6f7a4ba3acb418040e90a2eb99b5df28?s=96&d=mm&r=g\",\"contentUrl\":\"https:\/\/secure.gravatar.com\/avatar\/6f7a4ba3acb418040e90a2eb99b5df28?s=96&d=mm&r=g\",\"caption\":\"Difusion2025\"}}]}<\/script>\n<!-- \/ Yoast SEO plugin. -->","yoast_head_json":{"title":"Bolet\u00edn N\u00b0 71 - Tribunal Electoral de la Ciudad de M\u00e9xico","robots":{"index":"index","follow":"follow","max-snippet":"max-snippet:-1","max-image-preview":"max-image-preview:large","max-video-preview":"max-video-preview:-1"},"canonical":"https:\/\/www.tecdmx.org.mx\/index.php\/comunicados\/2022\/09\/23\/boletin-n-71\/","og_locale":"es_ES","og_type":"article","og_title":"Bolet\u00edn N\u00b0 71 - Tribunal Electoral de la Ciudad de M\u00e9xico","og_description":"Ciudad de M\u00e9xico, a 23 de septiembre de 2022 PARTICIPA MAGISTRADO AMBRIZ HERN\u00c1NDEZ EN FORO SOBRE VIOLENCIA POL\u00cdTICA CONTRA LAS MUJERES EN RAZ\u00d3N DE G\u00c9NERO El magistrado presidente interino del [&hellip;]","og_url":"https:\/\/www.tecdmx.org.mx\/index.php\/comunicados\/2022\/09\/23\/boletin-n-71\/","og_site_name":"Tribunal Electoral de la Ciudad de M\u00e9xico","article_publisher":"https:\/\/www.facebook.com\/TECDMX\/","article_published_time":"2022-09-24T02:56:29+00:00","article_modified_time":"2022-09-24T02:56:32+00:00","og_image":[{"width":600,"height":366,"url":"https:\/\/www.tecdmx.org.mx\/wp-content\/uploads\/2020\/08\/comunicado_nuevo.jpg","type":"image\/jpeg"}],"author":"Difusion2025","twitter_card":"summary_large_image","twitter_creator":"@tecdmx","twitter_site":"@tecdmx","twitter_misc":{"Escrito por":"Difusion2025","Tiempo de lectura":"2 minutos"},"schema":{"@context":"https:\/\/schema.org","@graph":[{"@type":"WebPage","@id":"https:\/\/www.tecdmx.org.mx\/index.php\/comunicados\/2022\/09\/23\/boletin-n-71\/","url":"https:\/\/www.tecdmx.org.mx\/index.php\/comunicados\/2022\/09\/23\/boletin-n-71\/","name":"Bolet\u00edn N\u00b0 71 - Tribunal Electoral de la Ciudad de M\u00e9xico","isPartOf":{"@id":"https:\/\/www.tecdmx.org.mx\/#website"},"primaryImageOfPage":{"@id":"https:\/\/www.tecdmx.org.mx\/index.php\/comunicados\/2022\/09\/23\/boletin-n-71\/#primaryimage"},"image":{"@id":"https:\/\/www.tecdmx.org.mx\/index.php\/comunicados\/2022\/09\/23\/boletin-n-71\/#primaryimage"},"thumbnailUrl":"https:\/\/www.tecdmx.org.mx\/wp-content\/uploads\/2020\/08\/comunicado_nuevo.jpg","datePublished":"2022-09-24T02:56:29+00:00","dateModified":"2022-09-24T02:56:32+00:00","author":{"@id":"https:\/\/www.tecdmx.org.mx\/#\/schema\/person\/208c898199fb3234203823c5f0cf31d6"},"breadcrumb":{"@id":"https:\/\/www.tecdmx.org.mx\/index.php\/comunicados\/2022\/09\/23\/boletin-n-71\/#breadcrumb"},"inLanguage":"es","potentialAction":[{"@type":"ReadAction","target":["https:\/\/www.tecdmx.org.mx\/index.php\/comunicados\/2022\/09\/23\/boletin-n-71\/"]}]},{"@type":"ImageObject","inLanguage":"es","@id":"https:\/\/www.tecdmx.org.mx\/index.php\/comunicados\/2022\/09\/23\/boletin-n-71\/#primaryimage","url":"https:\/\/www.tecdmx.org.mx\/wp-content\/uploads\/2020\/08\/comunicado_nuevo.jpg","contentUrl":"https:\/\/www.tecdmx.org.mx\/wp-content\/uploads\/2020\/08\/comunicado_nuevo.jpg","width":600,"height":366},{"@type":"BreadcrumbList","@id":"https:\/\/www.tecdmx.org.mx\/index.php\/comunicados\/2022\/09\/23\/boletin-n-71\/#breadcrumb","itemListElement":[{"@type":"ListItem","position":1,"name":"Portada","item":"https:\/\/www.tecdmx.org.mx\/"},{"@type":"ListItem","position":2,"name":"Bolet\u00edn N\u00b0 71"}]},{"@type":"WebSite","@id":"https:\/\/www.tecdmx.org.mx\/#website","url":"https:\/\/www.tecdmx.org.mx\/","name":"Tribunal Electoral de la Ciudad de M\u00e9xico","description":"25 a\u00f1os garantizando justicia en tu elecci\u00f3n","potentialAction":[{"@type":"SearchAction","target":{"@type":"EntryPoint","urlTemplate":"https:\/\/www.tecdmx.org.mx\/?s={search_term_string}"},"query-input":"required name=search_term_string"}],"inLanguage":"es"},{"@type":"Person","@id":"https:\/\/www.tecdmx.org.mx\/#\/schema\/person\/208c898199fb3234203823c5f0cf31d6","name":"Difusion2025","image":{"@type":"ImageObject","inLanguage":"es","@id":"https:\/\/www.tecdmx.org.mx\/#\/schema\/person\/image\/","url":"https:\/\/secure.gravatar.com\/avatar\/6f7a4ba3acb418040e90a2eb99b5df28?s=96&d=mm&r=g","contentUrl":"https:\/\/secure.gravatar.com\/avatar\/6f7a4ba3acb418040e90a2eb99b5df28?s=96&d=mm&r=g","caption":"Difusion2025"}}]}},"_links":{"self":[{"href":"https:\/\/www.tecdmx.org.mx\/index.php\/wp-json\/wp\/v2\/posts\/39371"}],"collection":[{"href":"https:\/\/www.tecdmx.org.mx\/index.php\/wp-json\/wp\/v2\/posts"}],"about":[{"href":"https:\/\/www.tecdmx.org.mx\/index.php\/wp-json\/wp\/v2\/types\/post"}],"author":[{"embeddable":true,"href":"https:\/\/www.tecdmx.org.mx\/index.php\/wp-json\/wp\/v2\/users\/13"}],"replies":[{"embeddable":true,"href":"https:\/\/www.tecdmx.org.mx\/index.php\/wp-json\/wp\/v2\/comments?post=39371"}],"version-history":[{"count":2,"href":"https:\/\/www.tecdmx.org.mx\/index.php\/wp-json\/wp\/v2\/posts\/39371\/revisions"}],"predecessor-version":[{"id":39374,"href":"https:\/\/www.tecdmx.org.mx\/index.php\/wp-json\/wp\/v2\/posts\/39371\/revisions\/39374"}],"wp:featuredmedia":[{"embeddable":true,"href":"https:\/\/www.tecdmx.org.mx\/index.php\/wp-json\/wp\/v2\/media\/21168"}],"wp:attachment":[{"href":"https:\/\/www.tecdmx.org.mx\/index.php\/wp-json\/wp\/v2\/media?parent=39371"}],"wp:term":[{"taxonomy":"category","embeddable":true,"href":"https:\/\/www.tecdmx.org.mx\/index.php\/wp-json\/wp\/v2\/categories?post=39371"},{"taxonomy":"post_tag","embeddable":true,"href":"https:\/\/www.tecdmx.org.mx\/index.php\/wp-json\/wp\/v2\/tags?post=39371"}],"curies":[{"name":"wp","href":"https:\/\/api.w.org\/{rel}","templated":true}]}}