{"id":39440,"date":"2022-09-27T21:13:39","date_gmt":"2022-09-28T02:13:39","guid":{"rendered":"https:\/\/www.tecdmx.org.mx\/?p=39440"},"modified":"2022-09-27T21:13:41","modified_gmt":"2022-09-28T02:13:41","slug":"boletin-n-72","status":"publish","type":"post","link":"https:\/\/www.tecdmx.org.mx\/index.php\/comunicados\/2022\/09\/27\/boletin-n-72\/","title":{"rendered":"Bolet\u00edn N\u00b0 72"},"content":{"rendered":"\n<p>Ciudad de M\u00e9xico, a 27 de septiembre de 2022<\/p>\n\n\n\n<p><strong>Bolet\u00edn N\u00b0 72<\/strong><\/p>\n\n\n\n<p><strong>Califica TECDMX como inexistente la calumnia atribuida a Paula Soto en contra de Santiago Taboada<\/strong><\/p>\n\n\n\n<p>El Pleno del Tribunal Electoral de la Ciudad de M\u00e9xico (TECDMX) celebr\u00f3 Sesi\u00f3n P\u00fablica de resoluci\u00f3n a distancia por videoconferencia en la que resolvi\u00f3, entre otros asuntos, 3 Procedimientos Especiales Sancionadores de la siguiente manera:<\/p>\n\n\n\n<figure class=\"wp-block-table\"><table><tbody><tr><td><strong>Expediente<\/strong><\/td><td><strong>Hechos denunciados<\/strong><\/td><td><strong>Determinaci\u00f3n del TECDMX<\/strong><\/td><\/tr><tr><td><strong>TECDMX-PES-020\/2022<\/strong><strong><\/strong><\/td><td>Calumnia, atribuida a Paula Soto Maldonado, as\u00ed como&nbsp;a los partidos Morena y del Trabajo,&nbsp;en contra de Santiago Taboada Cortina, ambas, entonces personas candidatas a la Alcald\u00eda Benito Ju\u00e1rez.<\/td><td>Inexistencia de la infracci\u00f3n denunciada.<\/td><\/tr><tr><td><strong>TECDMX-PES-043\/2022<\/strong><\/td><td>Transgresi\u00f3n a las reglas para la colocaci\u00f3n de propaganda previstas en la normativa electoral de esta Ciudad, por la pinta en una barda en instalaciones de un edificio p\u00fablico en la Alcald\u00eda Milpa Alta, atribuida a Morena<\/td><td>Existencia de la infracci\u00f3n denunciada y, en consecuencia, se impuso una amonestaci\u00f3n p\u00fablica a Morena.&nbsp;<\/td><\/tr><tr><td><strong>TECDMX-PES-045\/2022<\/strong><\/td><td>Actos anticipados de precampa\u00f1a y campa\u00f1a, promoci\u00f3n personalizada y uso indebido de recursos p\u00fablicos, atribuidos a Carlos Acosta Ru\u00edz, entonces candidato a la Alcald\u00eda Xochimilco, as\u00ed como a diversas personas servidoras p\u00fablicas de esa instituci\u00f3n derivado de la difusi\u00f3n en redes sociales de expresiones que, a consideraci\u00f3n de la parte quejosa, exaltan la imagen y la continuidad en el cargo del titular de la citada Alcald\u00eda de manera anticipada.<\/td><td>Inexistencia de las infracciones denunciadas.<\/td><\/tr><\/tbody><\/table><\/figure>\n\n\n\n<p>En otro juicio, las magistraturas revocaron el acuerdo de la Secretar\u00eda Administrativa del IECM en el que daba a conocer los motivos por los que una persona servidora p\u00fablica no ten\u00eda derecho a recibir ciertas prestaciones. En consecuencia, se orden\u00f3 a la citada Secretar\u00eda y se vincul\u00f3 a&nbsp;los \u00f3rganos que deban intervenir, a efecto de que lleven a cabo las adecuaciones necesarias para que le sean reconocidas y pagadas en la parte proporcional las prestaciones correspondientes.<a href=\"about:blank#_ftn1\"><sup>[1]<\/sup><\/a><\/p>\n\n\n\n<p>Asimismo, se revoc\u00f3 la resoluci\u00f3n dictada en el recurso de inconformidad 02 de 2022 emitida por la Junta Administrativa del IECM que confirm\u00f3 diverso fallo emitido dentro de un Procedimiento Laboral Disciplinario, en el que, entre otras cuestiones, no se advierte que haya analizado los planteamientos de la parte actora concernientes a la falta de higiene respecto al lugar donde se le permiti\u00f3 lactar y a la necesidad de que acudiera a las consultas m\u00e9dicas con su hija, con perspectiva de g\u00e9nero para mujeres en situaci\u00f3n de lactancia, cuesti\u00f3n que la colocaba en un estado de especial vulnerabilidad.<a href=\"about:blank#_ftn2\"><sup>[2]<\/sup><\/a><\/p>\n\n\n\n<p>Por otra parte, las magistradas y magistrados revocaron la determinaci\u00f3n de la&nbsp;Direcci\u00f3n Distrital 26 del IECM, en la que se determin\u00f3 que una persona integrante de la&nbsp;<a>Comisi\u00f3n de Participaci\u00f3n Ciudadana<\/a>&nbsp;en la Unidad Territorial Portales II, no era administrativamente responsable de la falta imputada en el procedimiento de responsabilidades 01 de 2022, por lo que se orden\u00f3 a la citada Direcci\u00f3n investigar de manera exhaustiva y emitir una nueva determinaci\u00f3n debidamente fundada y motivada.<a href=\"about:blank#_ftn3\"><sup>[3]<\/sup><\/a><\/p>\n\n\n\n<p>En otro asunto, el Pleno revoc\u00f3 el dictamen emitido por el \u00d3rgano Dictaminador de la Alcald\u00eda Coyoac\u00e1n respecto del proyecto \u201cM\u00f3dulos de vigilancia en paseo del bosque y paseo de los abetos\u201d y, en plenitud de jurisdicci\u00f3n, determin\u00f3 que dicho proyecto no supera la factibilidad y viabilidad ambiental.<a href=\"about:blank#_ftn4\"><sup>[4]<\/sup><\/a><\/p>\n\n\n\n<p>Al resolver otro juicio, las magistraturas confirmaron la respuesta emitida por la Direcci\u00f3n Distrital 25 del IECM al escrito de petici\u00f3n de la parte actora del pasado 10 de agosto, respecto a ordenar a la persona responsable del Comit\u00e9 de Ejecuci\u00f3n de la Unidad Territorial Colonia Bosque Residencial del Sur, en Xochimilco, actuar de conformidad a la Gu\u00eda Operativa para el ejercicio de los recursos del Presupuesto Participativo 2022 e informarle al integrante de dicho Comit\u00e9.<a href=\"about:blank#_ftn5\"><sup>[5]<\/sup><\/a><\/p>\n\n\n\n<p>En otro juicio, se orden\u00f3 a la Direcci\u00f3n Distrital 25 otorgue una contestaci\u00f3n completa e integral a la petici\u00f3n de la parte promovente; remita dicho escrito a la autoridad con el deber de seguimiento al Comit\u00e9 de Ejecuci\u00f3n, y, con el auxilio del \u00e1rea correspondiente, le d\u00e9 tr\u00e1mite a efecto de que sea analizado desde la perspectiva de una queja.<a href=\"about:blank#_ftn6\"><sup>[6]<\/sup><\/a><\/p>\n\n\n\n<p>Por otra parte, el Pleno orden\u00f3 anular&nbsp;las asambleas de 21 y 31 de mayo de 2022 en el Pueblo de San Gregorio Atlapulco, as\u00ed como de los oficios 1283 y 1192 de este a\u00f1o, emitidos por el Director Jur\u00eddico de la Alcald\u00eda Xochimilco, toda vez que las citadas asambleas fueron realizadas por distintas autoridades del pueblo, contraviniendo con el esp\u00edritu de unidad y armon\u00eda que se supone debe imperar entre las autoridades tradicionales del Pueblo, pues, se presume que \u00e9stas siempre buscan el beneficio de su comunidad. Por ello, se orden\u00f3 a la Direcci\u00f3n Distrital 25 a que reponga el procedimiento correspondiente.<a href=\"about:blank#_ftn7\"><sup>[7]<\/sup><\/a><\/p>\n\n\n\n<p>En otro orden de ideas, las magistraturas confirmaron la remoci\u00f3n del cargo de una persona integrante de la&nbsp;Comisi\u00f3n de Participaci\u00f3n Ciudadana&nbsp;en la Unidad Territorial Independencia San Ram\u00f3n Unidad Habitacional, demarcaci\u00f3n La Magdalena Contreras, toda vez que con la Alcald\u00eda firm\u00f3 diversos contratos de prestaci\u00f3n de servicios por honorarios asimilados a salarios con lo que se actualiz\u00f3 la prohibici\u00f3n que establece la Ley de Participaci\u00f3n local, de laborar para la administraci\u00f3n p\u00fablica.<a href=\"about:blank#_ftn8\"><sup>[8]<\/sup><\/a><\/p>\n\n\n\n<p>Finalmente, se desecharon de plano las demandas de diversos juicios por las siguientes razones:<\/p>\n\n\n\n<ul><li>TECDMX-JEL-360\/2022 \u2013 al haber sido presentado de manera extempor\u00e1nea.<\/li><li>TECDMX-JEL-365\/2022 \u2013 pues la parte actora&nbsp;agot\u00f3 su derecho de impugnaci\u00f3n al presentar previamente un escrito de demanda en id\u00e9nticos t\u00e9rminos.<\/li><li>TECDMX-JLDC-142\/2022 \u2013 al haber quedado sin materia,&nbsp;ya que el dieciocho de agosto, la Direcci\u00f3n Distrital 16 entreg\u00f3 a la parte promovente el informe sobre la conclusi\u00f3n del proceso de mediaci\u00f3n realizado en el Pueblo de San Pedro M\u00e1rtir.<\/li><li>TECDMX-JLDC-146 al TECDMX-JLDC-160, as\u00ed como del TECDMX-JLDC-165 al TECDMX-JLDC-179, todos de 2022, pues las partes actoras carecen de inter\u00e9s jur\u00eddico,&nbsp;dado que no impugnan afectaciones directas a su esfera de derechos pol\u00edtico-electorales.&nbsp;&nbsp;<\/li><\/ul>\n\n\n\n<p><strong>o-O-O<\/strong><strong><\/strong><\/p>\n\n\n\n<hr class=\"wp-block-separator\"\/>\n\n\n\n<p><a href=\"about:blank#_ftnref1\"><sup>[1]<\/sup><\/a>&nbsp;TECDMX-JEL-020\/2022<\/p>\n\n\n\n<p><a href=\"about:blank#_ftnref2\"><sup>[2]<\/sup><\/a>&nbsp;TECDMX-JEL-355\/2022<\/p>\n\n\n\n<p><a href=\"about:blank#_ftnref3\"><sup>[3]<\/sup><\/a>&nbsp;TECDMX-JEL-070\/2022<\/p>\n\n\n\n<p><a href=\"about:blank#_ftnref4\"><sup>[4]<\/sup><\/a>&nbsp;TECDMX-JEL-336\/2022<\/p>\n\n\n\n<p><a href=\"about:blank#_ftnref5\"><sup>[5]<\/sup><\/a>&nbsp;TECDMX-JEL-363\/2022<\/p>\n\n\n\n<p><a href=\"about:blank#_ftnref6\"><sup>[6]<\/sup><\/a>&nbsp;TECDMX-JEL-367\/2022<\/p>\n\n\n\n<p><a href=\"about:blank#_ftnref7\"><sup>[7]<\/sup><\/a>&nbsp;TECDMX-JLDC-054 y sus acumulados TECDMX-JLDC-063 y TECDMX-JLDC-069, todos de 2022.<\/p>\n\n\n\n<p><a href=\"about:blank#_ftnref8\"><sup>[8]<\/sup><\/a>&nbsp;TECDMX-JLDC-161\/2022<\/p>\n\n\n\n<hr class=\"wp-block-separator\"\/>\n","protected":false},"excerpt":{"rendered":"<p>Ciudad de M\u00e9xico, a 27 de septiembre de 2022 Bolet\u00edn N\u00b0 72 Califica TECDMX como inexistente la calumnia atribuida a Paula Soto en contra de Santiago Taboada El Pleno del [&hellip;]<\/p>\n","protected":false},"author":13,"featured_media":21168,"comment_status":"open","ping_status":"open","sticky":false,"template":"","format":"standard","meta":{"_acf_changed":false,"_exactmetrics_skip_tracking":false,"_exactmetrics_sitenote_active":false,"_exactmetrics_sitenote_note":"","_exactmetrics_sitenote_category":0,"footnotes":""},"categories":[32,47],"tags":[],"acf":[],"yoast_head":"<!-- This site is optimized with the Yoast SEO plugin v22.3 - https:\/\/yoast.com\/wordpress\/plugins\/seo\/ -->\n<title>Bolet\u00edn N\u00b0 72 - Tribunal Electoral de la Ciudad de M\u00e9xico<\/title>\n<meta name=\"robots\" content=\"index, follow, max-snippet:-1, max-image-preview:large, max-video-preview:-1\" \/>\n<link rel=\"canonical\" href=\"https:\/\/www.tecdmx.org.mx\/index.php\/comunicados\/2022\/09\/27\/boletin-n-72\/\" \/>\n<meta property=\"og:locale\" content=\"es_ES\" \/>\n<meta property=\"og:type\" content=\"article\" \/>\n<meta property=\"og:title\" content=\"Bolet\u00edn N\u00b0 72 - Tribunal Electoral de la Ciudad de M\u00e9xico\" \/>\n<meta property=\"og:description\" content=\"Ciudad de M\u00e9xico, a 27 de septiembre de 2022 Bolet\u00edn N\u00b0 72 Califica TECDMX como inexistente la calumnia atribuida a Paula Soto en contra de Santiago Taboada El Pleno del [&hellip;]\" \/>\n<meta property=\"og:url\" content=\"https:\/\/www.tecdmx.org.mx\/index.php\/comunicados\/2022\/09\/27\/boletin-n-72\/\" \/>\n<meta property=\"og:site_name\" content=\"Tribunal Electoral de la Ciudad de M\u00e9xico\" \/>\n<meta property=\"article:publisher\" content=\"https:\/\/www.facebook.com\/TECDMX\/\" \/>\n<meta property=\"article:published_time\" content=\"2022-09-28T02:13:39+00:00\" \/>\n<meta property=\"article:modified_time\" content=\"2022-09-28T02:13:41+00:00\" \/>\n<meta property=\"og:image\" content=\"https:\/\/www.tecdmx.org.mx\/wp-content\/uploads\/2020\/08\/comunicado_nuevo.jpg\" \/>\n\t<meta property=\"og:image:width\" content=\"600\" \/>\n\t<meta property=\"og:image:height\" content=\"366\" \/>\n\t<meta property=\"og:image:type\" content=\"image\/jpeg\" \/>\n<meta name=\"author\" content=\"Difusion2025\" \/>\n<meta name=\"twitter:card\" content=\"summary_large_image\" \/>\n<meta name=\"twitter:creator\" content=\"@tecdmx\" \/>\n<meta name=\"twitter:site\" content=\"@tecdmx\" \/>\n<meta name=\"twitter:label1\" content=\"Escrito por\" \/>\n\t<meta name=\"twitter:data1\" content=\"Difusion2025\" \/>\n\t<meta name=\"twitter:label2\" content=\"Tiempo de lectura\" \/>\n\t<meta name=\"twitter:data2\" content=\"5 minutos\" \/>\n<script type=\"application\/ld+json\" class=\"yoast-schema-graph\">{\"@context\":\"https:\/\/schema.org\",\"@graph\":[{\"@type\":\"WebPage\",\"@id\":\"https:\/\/www.tecdmx.org.mx\/index.php\/comunicados\/2022\/09\/27\/boletin-n-72\/\",\"url\":\"https:\/\/www.tecdmx.org.mx\/index.php\/comunicados\/2022\/09\/27\/boletin-n-72\/\",\"name\":\"Bolet\u00edn N\u00b0 72 - Tribunal Electoral de la Ciudad de M\u00e9xico\",\"isPartOf\":{\"@id\":\"https:\/\/www.tecdmx.org.mx\/#website\"},\"primaryImageOfPage\":{\"@id\":\"https:\/\/www.tecdmx.org.mx\/index.php\/comunicados\/2022\/09\/27\/boletin-n-72\/#primaryimage\"},\"image\":{\"@id\":\"https:\/\/www.tecdmx.org.mx\/index.php\/comunicados\/2022\/09\/27\/boletin-n-72\/#primaryimage\"},\"thumbnailUrl\":\"https:\/\/www.tecdmx.org.mx\/wp-content\/uploads\/2020\/08\/comunicado_nuevo.jpg\",\"datePublished\":\"2022-09-28T02:13:39+00:00\",\"dateModified\":\"2022-09-28T02:13:41+00:00\",\"author\":{\"@id\":\"https:\/\/www.tecdmx.org.mx\/#\/schema\/person\/208c898199fb3234203823c5f0cf31d6\"},\"breadcrumb\":{\"@id\":\"https:\/\/www.tecdmx.org.mx\/index.php\/comunicados\/2022\/09\/27\/boletin-n-72\/#breadcrumb\"},\"inLanguage\":\"es\",\"potentialAction\":[{\"@type\":\"ReadAction\",\"target\":[\"https:\/\/www.tecdmx.org.mx\/index.php\/comunicados\/2022\/09\/27\/boletin-n-72\/\"]}]},{\"@type\":\"ImageObject\",\"inLanguage\":\"es\",\"@id\":\"https:\/\/www.tecdmx.org.mx\/index.php\/comunicados\/2022\/09\/27\/boletin-n-72\/#primaryimage\",\"url\":\"https:\/\/www.tecdmx.org.mx\/wp-content\/uploads\/2020\/08\/comunicado_nuevo.jpg\",\"contentUrl\":\"https:\/\/www.tecdmx.org.mx\/wp-content\/uploads\/2020\/08\/comunicado_nuevo.jpg\",\"width\":600,\"height\":366},{\"@type\":\"BreadcrumbList\",\"@id\":\"https:\/\/www.tecdmx.org.mx\/index.php\/comunicados\/2022\/09\/27\/boletin-n-72\/#breadcrumb\",\"itemListElement\":[{\"@type\":\"ListItem\",\"position\":1,\"name\":\"Portada\",\"item\":\"https:\/\/www.tecdmx.org.mx\/\"},{\"@type\":\"ListItem\",\"position\":2,\"name\":\"Bolet\u00edn N\u00b0 72\"}]},{\"@type\":\"WebSite\",\"@id\":\"https:\/\/www.tecdmx.org.mx\/#website\",\"url\":\"https:\/\/www.tecdmx.org.mx\/\",\"name\":\"Tribunal Electoral de la Ciudad de M\u00e9xico\",\"description\":\"25 a\u00f1os garantizando justicia en tu elecci\u00f3n\",\"potentialAction\":[{\"@type\":\"SearchAction\",\"target\":{\"@type\":\"EntryPoint\",\"urlTemplate\":\"https:\/\/www.tecdmx.org.mx\/?s={search_term_string}\"},\"query-input\":\"required name=search_term_string\"}],\"inLanguage\":\"es\"},{\"@type\":\"Person\",\"@id\":\"https:\/\/www.tecdmx.org.mx\/#\/schema\/person\/208c898199fb3234203823c5f0cf31d6\",\"name\":\"Difusion2025\",\"image\":{\"@type\":\"ImageObject\",\"inLanguage\":\"es\",\"@id\":\"https:\/\/www.tecdmx.org.mx\/#\/schema\/person\/image\/\",\"url\":\"https:\/\/secure.gravatar.com\/avatar\/6f7a4ba3acb418040e90a2eb99b5df28?s=96&d=mm&r=g\",\"contentUrl\":\"https:\/\/secure.gravatar.com\/avatar\/6f7a4ba3acb418040e90a2eb99b5df28?s=96&d=mm&r=g\",\"caption\":\"Difusion2025\"}}]}<\/script>\n<!-- \/ Yoast SEO plugin. -->","yoast_head_json":{"title":"Bolet\u00edn N\u00b0 72 - Tribunal Electoral de la Ciudad de M\u00e9xico","robots":{"index":"index","follow":"follow","max-snippet":"max-snippet:-1","max-image-preview":"max-image-preview:large","max-video-preview":"max-video-preview:-1"},"canonical":"https:\/\/www.tecdmx.org.mx\/index.php\/comunicados\/2022\/09\/27\/boletin-n-72\/","og_locale":"es_ES","og_type":"article","og_title":"Bolet\u00edn N\u00b0 72 - Tribunal Electoral de la Ciudad de M\u00e9xico","og_description":"Ciudad de M\u00e9xico, a 27 de septiembre de 2022 Bolet\u00edn N\u00b0 72 Califica TECDMX como inexistente la calumnia atribuida a Paula Soto en contra de Santiago Taboada El Pleno del [&hellip;]","og_url":"https:\/\/www.tecdmx.org.mx\/index.php\/comunicados\/2022\/09\/27\/boletin-n-72\/","og_site_name":"Tribunal Electoral de la Ciudad de M\u00e9xico","article_publisher":"https:\/\/www.facebook.com\/TECDMX\/","article_published_time":"2022-09-28T02:13:39+00:00","article_modified_time":"2022-09-28T02:13:41+00:00","og_image":[{"width":600,"height":366,"url":"https:\/\/www.tecdmx.org.mx\/wp-content\/uploads\/2020\/08\/comunicado_nuevo.jpg","type":"image\/jpeg"}],"author":"Difusion2025","twitter_card":"summary_large_image","twitter_creator":"@tecdmx","twitter_site":"@tecdmx","twitter_misc":{"Escrito por":"Difusion2025","Tiempo de lectura":"5 minutos"},"schema":{"@context":"https:\/\/schema.org","@graph":[{"@type":"WebPage","@id":"https:\/\/www.tecdmx.org.mx\/index.php\/comunicados\/2022\/09\/27\/boletin-n-72\/","url":"https:\/\/www.tecdmx.org.mx\/index.php\/comunicados\/2022\/09\/27\/boletin-n-72\/","name":"Bolet\u00edn N\u00b0 72 - Tribunal Electoral de la Ciudad de M\u00e9xico","isPartOf":{"@id":"https:\/\/www.tecdmx.org.mx\/#website"},"primaryImageOfPage":{"@id":"https:\/\/www.tecdmx.org.mx\/index.php\/comunicados\/2022\/09\/27\/boletin-n-72\/#primaryimage"},"image":{"@id":"https:\/\/www.tecdmx.org.mx\/index.php\/comunicados\/2022\/09\/27\/boletin-n-72\/#primaryimage"},"thumbnailUrl":"https:\/\/www.tecdmx.org.mx\/wp-content\/uploads\/2020\/08\/comunicado_nuevo.jpg","datePublished":"2022-09-28T02:13:39+00:00","dateModified":"2022-09-28T02:13:41+00:00","author":{"@id":"https:\/\/www.tecdmx.org.mx\/#\/schema\/person\/208c898199fb3234203823c5f0cf31d6"},"breadcrumb":{"@id":"https:\/\/www.tecdmx.org.mx\/index.php\/comunicados\/2022\/09\/27\/boletin-n-72\/#breadcrumb"},"inLanguage":"es","potentialAction":[{"@type":"ReadAction","target":["https:\/\/www.tecdmx.org.mx\/index.php\/comunicados\/2022\/09\/27\/boletin-n-72\/"]}]},{"@type":"ImageObject","inLanguage":"es","@id":"https:\/\/www.tecdmx.org.mx\/index.php\/comunicados\/2022\/09\/27\/boletin-n-72\/#primaryimage","url":"https:\/\/www.tecdmx.org.mx\/wp-content\/uploads\/2020\/08\/comunicado_nuevo.jpg","contentUrl":"https:\/\/www.tecdmx.org.mx\/wp-content\/uploads\/2020\/08\/comunicado_nuevo.jpg","width":600,"height":366},{"@type":"BreadcrumbList","@id":"https:\/\/www.tecdmx.org.mx\/index.php\/comunicados\/2022\/09\/27\/boletin-n-72\/#breadcrumb","itemListElement":[{"@type":"ListItem","position":1,"name":"Portada","item":"https:\/\/www.tecdmx.org.mx\/"},{"@type":"ListItem","position":2,"name":"Bolet\u00edn N\u00b0 72"}]},{"@type":"WebSite","@id":"https:\/\/www.tecdmx.org.mx\/#website","url":"https:\/\/www.tecdmx.org.mx\/","name":"Tribunal Electoral de la Ciudad de M\u00e9xico","description":"25 a\u00f1os garantizando justicia en tu elecci\u00f3n","potentialAction":[{"@type":"SearchAction","target":{"@type":"EntryPoint","urlTemplate":"https:\/\/www.tecdmx.org.mx\/?s={search_term_string}"},"query-input":"required name=search_term_string"}],"inLanguage":"es"},{"@type":"Person","@id":"https:\/\/www.tecdmx.org.mx\/#\/schema\/person\/208c898199fb3234203823c5f0cf31d6","name":"Difusion2025","image":{"@type":"ImageObject","inLanguage":"es","@id":"https:\/\/www.tecdmx.org.mx\/#\/schema\/person\/image\/","url":"https:\/\/secure.gravatar.com\/avatar\/6f7a4ba3acb418040e90a2eb99b5df28?s=96&d=mm&r=g","contentUrl":"https:\/\/secure.gravatar.com\/avatar\/6f7a4ba3acb418040e90a2eb99b5df28?s=96&d=mm&r=g","caption":"Difusion2025"}}]}},"_links":{"self":[{"href":"https:\/\/www.tecdmx.org.mx\/index.php\/wp-json\/wp\/v2\/posts\/39440"}],"collection":[{"href":"https:\/\/www.tecdmx.org.mx\/index.php\/wp-json\/wp\/v2\/posts"}],"about":[{"href":"https:\/\/www.tecdmx.org.mx\/index.php\/wp-json\/wp\/v2\/types\/post"}],"author":[{"embeddable":true,"href":"https:\/\/www.tecdmx.org.mx\/index.php\/wp-json\/wp\/v2\/users\/13"}],"replies":[{"embeddable":true,"href":"https:\/\/www.tecdmx.org.mx\/index.php\/wp-json\/wp\/v2\/comments?post=39440"}],"version-history":[{"count":2,"href":"https:\/\/www.tecdmx.org.mx\/index.php\/wp-json\/wp\/v2\/posts\/39440\/revisions"}],"predecessor-version":[{"id":39443,"href":"https:\/\/www.tecdmx.org.mx\/index.php\/wp-json\/wp\/v2\/posts\/39440\/revisions\/39443"}],"wp:featuredmedia":[{"embeddable":true,"href":"https:\/\/www.tecdmx.org.mx\/index.php\/wp-json\/wp\/v2\/media\/21168"}],"wp:attachment":[{"href":"https:\/\/www.tecdmx.org.mx\/index.php\/wp-json\/wp\/v2\/media?parent=39440"}],"wp:term":[{"taxonomy":"category","embeddable":true,"href":"https:\/\/www.tecdmx.org.mx\/index.php\/wp-json\/wp\/v2\/categories?post=39440"},{"taxonomy":"post_tag","embeddable":true,"href":"https:\/\/www.tecdmx.org.mx\/index.php\/wp-json\/wp\/v2\/tags?post=39440"}],"curies":[{"name":"wp","href":"https:\/\/api.w.org\/{rel}","templated":true}]}}