{"id":40425,"date":"2022-11-07T21:13:52","date_gmt":"2022-11-08T03:13:52","guid":{"rendered":"https:\/\/www.tecdmx.org.mx\/?p=40425"},"modified":"2022-11-07T21:13:55","modified_gmt":"2022-11-08T03:13:55","slug":"boletin-n-80","status":"publish","type":"post","link":"https:\/\/www.tecdmx.org.mx\/index.php\/comunicados\/2022\/11\/07\/boletin-n-80\/","title":{"rendered":"Bolet\u00edn N\u00b0 80"},"content":{"rendered":"\n<p class=\"has-text-align-right\">Ciudad de M\u00e9xico, a 7 de noviembre de 2022<\/p>\n\n\n\n<p class=\"has-text-align-right\"><strong>Bolet\u00edn N\u00b0 80<\/strong><\/p>\n\n\n\n<p class=\"has-text-align-center\"><strong>Inicia TECDMX \u201cMes del libro y la cultura democr\u00e1tica Publicatio 2022<\/strong><\/p>\n\n\n\n<ul><li>Se present\u00f3 la obra \u201cAlcances de la Reforma Laboral 2019 respecto de las controversias laborales competencia de las autoridades electorales\u201d.<\/li><\/ul>\n\n\n\n<p>El Tribunal Electoral de la Ciudad de M\u00e9xico (TECDMX) llev\u00f3 a cabo el inicio del \u201cMes del libro y la cultura democr\u00e1tica Publicatio 2022\u201d con la presentaci\u00f3n del libro \u201cAlcances de la Reforma Laboral 2019 respecto de las controversias laborales competencia de las autoridades electorales\u201d, el cual fue coordinado por la Magistrada Martha Leticia Mercado Ram\u00edrez y editado por este \u00d3rgano Jurisdiccional.<\/p>\n\n\n\n<p>Al hacer uso de la voz, la magistrada Mercado Ram\u00edrez, quien fungi\u00f3 como moderadora, destac\u00f3 que la reforma de 2019 transform\u00f3 la justicia laboral, la cual tuvo una incidencia en las autoridades electorales, resaltando la importancia de conocer el alcance de dicha reforma desde la perspectiva intercultural de tribunales no especializados en la materia pero que tienen facultades para resolver asuntos vinculados.<\/p>\n\n\n\n<p>\u201cLa reforma laboral de 2019 es considerada como una de las m\u00e1s amplias, importantes e hist\u00f3ricas de nuestro pa\u00eds en la materia, la cual pretende garantizar justicia pronta y expedita que brinde econom\u00eda, seguridad, transparencia y agilidad procesal\u201d, destac\u00f3 la magistrada del TECDMX.<\/p>\n\n\n\n<p>Durante su participaci\u00f3n, el doctor Pl\u00e1cido Morales V\u00e1zquez, presidente del Tribunal Federal de Conciliaci\u00f3n y Arbitraje, afirm\u00f3 que se debe reflexionar sobre el vac\u00edo que hay en la materia respecto de las personas servidoras p\u00fablicas del servicio profesional electoral en materia de justicia laboral, pues en muchas ocasiones, en sus relaciones laborales se deja de lado la figura de la conciliaci\u00f3n.<\/p>\n\n\n\n<p>\u201cLo ideal ser\u00eda alcanzar una m\u00ednima generalidad de cobertura legal para quienes prestan un servicio p\u00fablico y que en sus condiciones de trabajo se tenga en consideraci\u00f3n la reforma electoral en discusi\u00f3n\u201d, afirm\u00f3 el Dr. Moralez V\u00e1zquez.<\/p>\n\n\n\n<p>Por su parte, Carolina Ortiz Porras, especialista en Derecho Laboral, considera que esta obra resultar\u00e1 muy interesante al abarcar una perspectiva intercultural sobre la aplicaci\u00f3n de la reforma en el \u00e1mbito electoral.<\/p>\n\n\n\n<p>\u201cCreo que esta visi\u00f3n intercultural e intergeneracional es un gran inicio para esta nueva vertiente laboral que est\u00e1 pasando por una coyuntura que debemos aprovechar\u201d, reflexion\u00f3 la Dra. Ortiz Porras.<\/p>\n\n\n\n<p>Finalmente, Porfirio Marquet Guerrero, director del Seminario de Derecho del Trabajo de la UNAM, refiri\u00f3 que la complejidad de reg\u00edmenes laborales, con sus diferentes vertientes, no ha favorecido para el establecimiento de criterios generales en la materia laboral.<\/p>\n\n\n\n<p>\u201cLa verdadera esencia de la democracia es escuchar todas las voces sobre el tema. Factores como la autonom\u00eda institucional repercute en que se genere una normativa particular sobre el derecho del trabajo burocr\u00e1tico\u201d, concluy\u00f3 el Dr. Marquet Guerrero.<\/p>\n\n\n\n<p class=\"has-text-align-center\"><strong>o-O-o<\/strong><\/p>\n","protected":false},"excerpt":{"rendered":"<p>Ciudad de M\u00e9xico, a 7 de noviembre de 2022 Bolet\u00edn N\u00b0 80 Inicia TECDMX \u201cMes del libro y la cultura democr\u00e1tica Publicatio 2022 Se present\u00f3 la obra \u201cAlcances de la [&hellip;]<\/p>\n","protected":false},"author":13,"featured_media":21168,"comment_status":"open","ping_status":"open","sticky":false,"template":"","format":"standard","meta":{"_acf_changed":false,"_exactmetrics_skip_tracking":false,"_exactmetrics_sitenote_active":false,"_exactmetrics_sitenote_note":"","_exactmetrics_sitenote_category":0,"footnotes":""},"categories":[32,47],"tags":[],"acf":[],"yoast_head":"<!-- This site is optimized with the Yoast SEO plugin v22.3 - https:\/\/yoast.com\/wordpress\/plugins\/seo\/ -->\n<title>Bolet\u00edn N\u00b0 80 - Tribunal Electoral de la Ciudad de M\u00e9xico<\/title>\n<meta name=\"robots\" content=\"index, follow, max-snippet:-1, max-image-preview:large, max-video-preview:-1\" \/>\n<link rel=\"canonical\" href=\"https:\/\/www.tecdmx.org.mx\/index.php\/comunicados\/2022\/11\/07\/boletin-n-80\/\" \/>\n<meta property=\"og:locale\" content=\"es_ES\" \/>\n<meta property=\"og:type\" content=\"article\" \/>\n<meta property=\"og:title\" content=\"Bolet\u00edn N\u00b0 80 - Tribunal Electoral de la Ciudad de M\u00e9xico\" \/>\n<meta property=\"og:description\" content=\"Ciudad de M\u00e9xico, a 7 de noviembre de 2022 Bolet\u00edn N\u00b0 80 Inicia TECDMX \u201cMes del libro y la cultura democr\u00e1tica Publicatio 2022 Se present\u00f3 la obra \u201cAlcances de la [&hellip;]\" \/>\n<meta property=\"og:url\" content=\"https:\/\/www.tecdmx.org.mx\/index.php\/comunicados\/2022\/11\/07\/boletin-n-80\/\" \/>\n<meta property=\"og:site_name\" content=\"Tribunal Electoral de la Ciudad de M\u00e9xico\" \/>\n<meta property=\"article:publisher\" content=\"https:\/\/www.facebook.com\/TECDMX\/\" \/>\n<meta property=\"article:published_time\" content=\"2022-11-08T03:13:52+00:00\" \/>\n<meta property=\"article:modified_time\" content=\"2022-11-08T03:13:55+00:00\" \/>\n<meta property=\"og:image\" content=\"https:\/\/www.tecdmx.org.mx\/wp-content\/uploads\/2020\/08\/comunicado_nuevo.jpg\" \/>\n\t<meta property=\"og:image:width\" content=\"600\" \/>\n\t<meta property=\"og:image:height\" content=\"366\" \/>\n\t<meta property=\"og:image:type\" content=\"image\/jpeg\" \/>\n<meta name=\"author\" content=\"Difusion2025\" \/>\n<meta name=\"twitter:card\" content=\"summary_large_image\" \/>\n<meta name=\"twitter:creator\" content=\"@tecdmx\" \/>\n<meta name=\"twitter:site\" content=\"@tecdmx\" \/>\n<meta name=\"twitter:label1\" content=\"Escrito por\" \/>\n\t<meta name=\"twitter:data1\" content=\"Difusion2025\" \/>\n\t<meta name=\"twitter:label2\" content=\"Tiempo de lectura\" \/>\n\t<meta name=\"twitter:data2\" content=\"3 minutos\" \/>\n<script type=\"application\/ld+json\" class=\"yoast-schema-graph\">{\"@context\":\"https:\/\/schema.org\",\"@graph\":[{\"@type\":\"WebPage\",\"@id\":\"https:\/\/www.tecdmx.org.mx\/index.php\/comunicados\/2022\/11\/07\/boletin-n-80\/\",\"url\":\"https:\/\/www.tecdmx.org.mx\/index.php\/comunicados\/2022\/11\/07\/boletin-n-80\/\",\"name\":\"Bolet\u00edn N\u00b0 80 - Tribunal Electoral de la Ciudad de M\u00e9xico\",\"isPartOf\":{\"@id\":\"https:\/\/www.tecdmx.org.mx\/#website\"},\"primaryImageOfPage\":{\"@id\":\"https:\/\/www.tecdmx.org.mx\/index.php\/comunicados\/2022\/11\/07\/boletin-n-80\/#primaryimage\"},\"image\":{\"@id\":\"https:\/\/www.tecdmx.org.mx\/index.php\/comunicados\/2022\/11\/07\/boletin-n-80\/#primaryimage\"},\"thumbnailUrl\":\"https:\/\/www.tecdmx.org.mx\/wp-content\/uploads\/2020\/08\/comunicado_nuevo.jpg\",\"datePublished\":\"2022-11-08T03:13:52+00:00\",\"dateModified\":\"2022-11-08T03:13:55+00:00\",\"author\":{\"@id\":\"https:\/\/www.tecdmx.org.mx\/#\/schema\/person\/208c898199fb3234203823c5f0cf31d6\"},\"breadcrumb\":{\"@id\":\"https:\/\/www.tecdmx.org.mx\/index.php\/comunicados\/2022\/11\/07\/boletin-n-80\/#breadcrumb\"},\"inLanguage\":\"es\",\"potentialAction\":[{\"@type\":\"ReadAction\",\"target\":[\"https:\/\/www.tecdmx.org.mx\/index.php\/comunicados\/2022\/11\/07\/boletin-n-80\/\"]}]},{\"@type\":\"ImageObject\",\"inLanguage\":\"es\",\"@id\":\"https:\/\/www.tecdmx.org.mx\/index.php\/comunicados\/2022\/11\/07\/boletin-n-80\/#primaryimage\",\"url\":\"https:\/\/www.tecdmx.org.mx\/wp-content\/uploads\/2020\/08\/comunicado_nuevo.jpg\",\"contentUrl\":\"https:\/\/www.tecdmx.org.mx\/wp-content\/uploads\/2020\/08\/comunicado_nuevo.jpg\",\"width\":600,\"height\":366},{\"@type\":\"BreadcrumbList\",\"@id\":\"https:\/\/www.tecdmx.org.mx\/index.php\/comunicados\/2022\/11\/07\/boletin-n-80\/#breadcrumb\",\"itemListElement\":[{\"@type\":\"ListItem\",\"position\":1,\"name\":\"Portada\",\"item\":\"https:\/\/www.tecdmx.org.mx\/\"},{\"@type\":\"ListItem\",\"position\":2,\"name\":\"Bolet\u00edn N\u00b0 80\"}]},{\"@type\":\"WebSite\",\"@id\":\"https:\/\/www.tecdmx.org.mx\/#website\",\"url\":\"https:\/\/www.tecdmx.org.mx\/\",\"name\":\"Tribunal Electoral de la Ciudad de M\u00e9xico\",\"description\":\"25 a\u00f1os garantizando justicia en tu elecci\u00f3n\",\"potentialAction\":[{\"@type\":\"SearchAction\",\"target\":{\"@type\":\"EntryPoint\",\"urlTemplate\":\"https:\/\/www.tecdmx.org.mx\/?s={search_term_string}\"},\"query-input\":\"required name=search_term_string\"}],\"inLanguage\":\"es\"},{\"@type\":\"Person\",\"@id\":\"https:\/\/www.tecdmx.org.mx\/#\/schema\/person\/208c898199fb3234203823c5f0cf31d6\",\"name\":\"Difusion2025\",\"image\":{\"@type\":\"ImageObject\",\"inLanguage\":\"es\",\"@id\":\"https:\/\/www.tecdmx.org.mx\/#\/schema\/person\/image\/\",\"url\":\"https:\/\/secure.gravatar.com\/avatar\/6f7a4ba3acb418040e90a2eb99b5df28?s=96&d=mm&r=g\",\"contentUrl\":\"https:\/\/secure.gravatar.com\/avatar\/6f7a4ba3acb418040e90a2eb99b5df28?s=96&d=mm&r=g\",\"caption\":\"Difusion2025\"}}]}<\/script>\n<!-- \/ Yoast SEO plugin. -->","yoast_head_json":{"title":"Bolet\u00edn N\u00b0 80 - Tribunal Electoral de la Ciudad de M\u00e9xico","robots":{"index":"index","follow":"follow","max-snippet":"max-snippet:-1","max-image-preview":"max-image-preview:large","max-video-preview":"max-video-preview:-1"},"canonical":"https:\/\/www.tecdmx.org.mx\/index.php\/comunicados\/2022\/11\/07\/boletin-n-80\/","og_locale":"es_ES","og_type":"article","og_title":"Bolet\u00edn N\u00b0 80 - Tribunal Electoral de la Ciudad de M\u00e9xico","og_description":"Ciudad de M\u00e9xico, a 7 de noviembre de 2022 Bolet\u00edn N\u00b0 80 Inicia TECDMX \u201cMes del libro y la cultura democr\u00e1tica Publicatio 2022 Se present\u00f3 la obra \u201cAlcances de la [&hellip;]","og_url":"https:\/\/www.tecdmx.org.mx\/index.php\/comunicados\/2022\/11\/07\/boletin-n-80\/","og_site_name":"Tribunal Electoral de la Ciudad de M\u00e9xico","article_publisher":"https:\/\/www.facebook.com\/TECDMX\/","article_published_time":"2022-11-08T03:13:52+00:00","article_modified_time":"2022-11-08T03:13:55+00:00","og_image":[{"width":600,"height":366,"url":"https:\/\/www.tecdmx.org.mx\/wp-content\/uploads\/2020\/08\/comunicado_nuevo.jpg","type":"image\/jpeg"}],"author":"Difusion2025","twitter_card":"summary_large_image","twitter_creator":"@tecdmx","twitter_site":"@tecdmx","twitter_misc":{"Escrito por":"Difusion2025","Tiempo de lectura":"3 minutos"},"schema":{"@context":"https:\/\/schema.org","@graph":[{"@type":"WebPage","@id":"https:\/\/www.tecdmx.org.mx\/index.php\/comunicados\/2022\/11\/07\/boletin-n-80\/","url":"https:\/\/www.tecdmx.org.mx\/index.php\/comunicados\/2022\/11\/07\/boletin-n-80\/","name":"Bolet\u00edn N\u00b0 80 - Tribunal Electoral de la Ciudad de M\u00e9xico","isPartOf":{"@id":"https:\/\/www.tecdmx.org.mx\/#website"},"primaryImageOfPage":{"@id":"https:\/\/www.tecdmx.org.mx\/index.php\/comunicados\/2022\/11\/07\/boletin-n-80\/#primaryimage"},"image":{"@id":"https:\/\/www.tecdmx.org.mx\/index.php\/comunicados\/2022\/11\/07\/boletin-n-80\/#primaryimage"},"thumbnailUrl":"https:\/\/www.tecdmx.org.mx\/wp-content\/uploads\/2020\/08\/comunicado_nuevo.jpg","datePublished":"2022-11-08T03:13:52+00:00","dateModified":"2022-11-08T03:13:55+00:00","author":{"@id":"https:\/\/www.tecdmx.org.mx\/#\/schema\/person\/208c898199fb3234203823c5f0cf31d6"},"breadcrumb":{"@id":"https:\/\/www.tecdmx.org.mx\/index.php\/comunicados\/2022\/11\/07\/boletin-n-80\/#breadcrumb"},"inLanguage":"es","potentialAction":[{"@type":"ReadAction","target":["https:\/\/www.tecdmx.org.mx\/index.php\/comunicados\/2022\/11\/07\/boletin-n-80\/"]}]},{"@type":"ImageObject","inLanguage":"es","@id":"https:\/\/www.tecdmx.org.mx\/index.php\/comunicados\/2022\/11\/07\/boletin-n-80\/#primaryimage","url":"https:\/\/www.tecdmx.org.mx\/wp-content\/uploads\/2020\/08\/comunicado_nuevo.jpg","contentUrl":"https:\/\/www.tecdmx.org.mx\/wp-content\/uploads\/2020\/08\/comunicado_nuevo.jpg","width":600,"height":366},{"@type":"BreadcrumbList","@id":"https:\/\/www.tecdmx.org.mx\/index.php\/comunicados\/2022\/11\/07\/boletin-n-80\/#breadcrumb","itemListElement":[{"@type":"ListItem","position":1,"name":"Portada","item":"https:\/\/www.tecdmx.org.mx\/"},{"@type":"ListItem","position":2,"name":"Bolet\u00edn N\u00b0 80"}]},{"@type":"WebSite","@id":"https:\/\/www.tecdmx.org.mx\/#website","url":"https:\/\/www.tecdmx.org.mx\/","name":"Tribunal Electoral de la Ciudad de M\u00e9xico","description":"25 a\u00f1os garantizando justicia en tu elecci\u00f3n","potentialAction":[{"@type":"SearchAction","target":{"@type":"EntryPoint","urlTemplate":"https:\/\/www.tecdmx.org.mx\/?s={search_term_string}"},"query-input":"required name=search_term_string"}],"inLanguage":"es"},{"@type":"Person","@id":"https:\/\/www.tecdmx.org.mx\/#\/schema\/person\/208c898199fb3234203823c5f0cf31d6","name":"Difusion2025","image":{"@type":"ImageObject","inLanguage":"es","@id":"https:\/\/www.tecdmx.org.mx\/#\/schema\/person\/image\/","url":"https:\/\/secure.gravatar.com\/avatar\/6f7a4ba3acb418040e90a2eb99b5df28?s=96&d=mm&r=g","contentUrl":"https:\/\/secure.gravatar.com\/avatar\/6f7a4ba3acb418040e90a2eb99b5df28?s=96&d=mm&r=g","caption":"Difusion2025"}}]}},"_links":{"self":[{"href":"https:\/\/www.tecdmx.org.mx\/index.php\/wp-json\/wp\/v2\/posts\/40425"}],"collection":[{"href":"https:\/\/www.tecdmx.org.mx\/index.php\/wp-json\/wp\/v2\/posts"}],"about":[{"href":"https:\/\/www.tecdmx.org.mx\/index.php\/wp-json\/wp\/v2\/types\/post"}],"author":[{"embeddable":true,"href":"https:\/\/www.tecdmx.org.mx\/index.php\/wp-json\/wp\/v2\/users\/13"}],"replies":[{"embeddable":true,"href":"https:\/\/www.tecdmx.org.mx\/index.php\/wp-json\/wp\/v2\/comments?post=40425"}],"version-history":[{"count":2,"href":"https:\/\/www.tecdmx.org.mx\/index.php\/wp-json\/wp\/v2\/posts\/40425\/revisions"}],"predecessor-version":[{"id":40429,"href":"https:\/\/www.tecdmx.org.mx\/index.php\/wp-json\/wp\/v2\/posts\/40425\/revisions\/40429"}],"wp:featuredmedia":[{"embeddable":true,"href":"https:\/\/www.tecdmx.org.mx\/index.php\/wp-json\/wp\/v2\/media\/21168"}],"wp:attachment":[{"href":"https:\/\/www.tecdmx.org.mx\/index.php\/wp-json\/wp\/v2\/media?parent=40425"}],"wp:term":[{"taxonomy":"category","embeddable":true,"href":"https:\/\/www.tecdmx.org.mx\/index.php\/wp-json\/wp\/v2\/categories?post=40425"},{"taxonomy":"post_tag","embeddable":true,"href":"https:\/\/www.tecdmx.org.mx\/index.php\/wp-json\/wp\/v2\/tags?post=40425"}],"curies":[{"name":"wp","href":"https:\/\/api.w.org\/{rel}","templated":true}]}}