{"id":40517,"date":"2022-11-11T15:35:54","date_gmt":"2022-11-11T21:35:54","guid":{"rendered":"https:\/\/www.tecdmx.org.mx\/?p=40517"},"modified":"2022-11-11T15:35:56","modified_gmt":"2022-11-11T21:35:56","slug":"boletin-n-83","status":"publish","type":"post","link":"https:\/\/www.tecdmx.org.mx\/index.php\/comunicados\/2022\/11\/11\/boletin-n-83\/","title":{"rendered":"Bolet\u00edn N\u00b0 83"},"content":{"rendered":"\n<p>Ciudad de M\u00e9xico, a 11 de noviembre de 2022<\/p>\n\n\n\n<p><strong>Bolet\u00edn N\u00b0 83<\/strong><\/p>\n\n\n\n<p><strong>Fundamental, abrir espacios de expresi\u00f3n que permitan a j\u00f3venes ser agentes de cambio social, afirma magistrada Martha Mercado Ram\u00edrez<\/strong><\/p>\n\n\n\n<p>El Tribunal Electoral de la Ciudad de M\u00e9xico (TECDMX) celebr\u00f3 esta tarde la ceremonia de premiaci\u00f3n del 2\u00b0 Concurso de Cortometrajes \u201cLa educaci\u00f3n en tiempos de redes sociales. Adolescencias vigilantes de la democracia\u201d, organizado por este \u00d3rgano Jurisdiccional y la Secretar\u00eda de Educaci\u00f3n, Ciencia, Tecnolog\u00eda e Innovaci\u00f3n de la Ciudad de M\u00e9xico (SECTEI).<\/p>\n\n\n\n<p>La ceremonia cont\u00f3 con la participaci\u00f3n de la magistrada Martha Mercado Ram\u00edrez y el magistrado Juan Carlos S\u00e1nchez Le\u00f3n, las personas j\u00f3venes ganadoras, as\u00ed como representantes de diversas instituciones.<\/p>\n\n\n\n<p>En su intervenci\u00f3n, la magistrada Mercado Ram\u00edrez resalt\u00f3 la importancia de generar espacios de expresi\u00f3n que permitan a las personas j\u00f3venes fungir como agentes del cambio social a trav\u00e9s de acciones democr\u00e1ticas como la participaci\u00f3n activa y consciente en los procesos electorales, ejercicios de participaci\u00f3n democr\u00e1tica y las actividades propias del mejoramiento de sus respectivas comunidades.<\/p>\n\n\n\n<p>\u201cEste tribunal tiene el compromiso de favorecer el acceso a la vida democr\u00e1tica a las personas integrantes de grupos de atenci\u00f3n prioritaria, pues han sido alejados de los espacios de toma de decisi\u00f3n y el ejercicio de sus derechos pol\u00edtico-electorales\u201d, afirm\u00f3 la magistrada Martha Mercado.<\/p>\n\n\n\n<p>Por su parte, el magistrado Juan Carlos S\u00e1nchez Le\u00f3n reconoci\u00f3 el esfuerzo de las personas j\u00f3venes como protagonistas en el desarrollo de contenidos digitales y resalt\u00f3 la necesidad de crear programas con uso de tecnolog\u00edas que incrementen su participaci\u00f3n, desarrollo, debate p\u00fablico y comunicaci\u00f3n pol\u00edtica, destacando que actualmente las personas j\u00f3venes utilizan el mundo digital como herramienta para reafirmar y construir su identidad.<\/p>\n\n\n\n<p>\u201cLa Encuesta Nacional sobre disponibilidad y uso de las tecnolog\u00edas de la informaci\u00f3n para los hogares en 2021, realizada por el INEGI, indica que las personas entre 18 y 24 a\u00f1os se encuentran en primer lugar entre quienes tienen conexi\u00f3n a internet, mientras que el segundo lugar lo ocupan las personas j\u00f3venes entre 12 a 17 a\u00f1os, con un promedio de conexi\u00f3n de 5 horas y media al d\u00eda\u201d, expres\u00f3 el magistrado Juan Carlos S\u00e1nchez Le\u00f3n.<\/p>\n\n\n\n<p>Por parte de la SECTEI, Laura P\u00e9rez Ahumada, subdirectora de Vinculaci\u00f3n de la Direcci\u00f3n General de Enlace Interinstitucional, reconoci\u00f3 a las personas ganadoras del concurso por su participaci\u00f3n y agradeci\u00f3 a las instituciones y personas que formaron parte de la revisi\u00f3n, evaluaci\u00f3n y calificaci\u00f3n de los proyectos recibidos.<\/p>\n\n\n\n<p>En esta edici\u00f3n del concurso de cortometrajes resultaron ganadoras las siguientes personas:<\/p>\n\n\n\n<ul><li><strong>1er. lugar:<\/strong>&nbsp;Jos\u00e9 Luis Dur\u00e1n Dur\u00e1n. con el cortometraje titulado \u201cVoz en alto&#8221;.<\/li><li><strong>2do. lugar:<\/strong>&nbsp;Emily Jimena Rivera Guzm\u00e1n, Jes\u00fas Dami\u00e1n Bonilla Gonz\u00e1lez y V\u00edctor David Gal\u00edndrez Tapia con el cortometraje titulado &#8220;Todos somos iguales&#8221;<\/li><li><strong>3er. lugar:<\/strong>&nbsp;Cristian Adonay Ru\u00edz Fragoso, con el cortometraje titulado \u201cRedes sociales y mi entorno\u201d.<\/li><\/ul>\n\n\n\n<p>Los videos ser\u00e1n compartidos por las redes sociales del Tribunal Electoral de la Ciudad de M\u00e9xico.<\/p>\n\n\n\n<p><strong>o-O-o<\/strong><\/p>\n","protected":false},"excerpt":{"rendered":"<p>Ciudad de M\u00e9xico, a 11 de noviembre de 2022 Bolet\u00edn N\u00b0 83 Fundamental, abrir espacios de expresi\u00f3n que permitan a j\u00f3venes ser agentes de cambio social, afirma magistrada Martha Mercado [&hellip;]<\/p>\n","protected":false},"author":13,"featured_media":21168,"comment_status":"open","ping_status":"open","sticky":false,"template":"","format":"standard","meta":{"_acf_changed":false,"_exactmetrics_skip_tracking":false,"_exactmetrics_sitenote_active":false,"_exactmetrics_sitenote_note":"","_exactmetrics_sitenote_category":0,"footnotes":""},"categories":[32,47],"tags":[],"acf":[],"yoast_head":"<!-- This site is optimized with the Yoast SEO plugin v22.3 - https:\/\/yoast.com\/wordpress\/plugins\/seo\/ -->\n<title>Bolet\u00edn N\u00b0 83 - Tribunal Electoral de la Ciudad de M\u00e9xico<\/title>\n<meta name=\"robots\" content=\"index, follow, max-snippet:-1, max-image-preview:large, max-video-preview:-1\" \/>\n<link rel=\"canonical\" href=\"https:\/\/www.tecdmx.org.mx\/index.php\/comunicados\/2022\/11\/11\/boletin-n-83\/\" \/>\n<meta property=\"og:locale\" content=\"es_ES\" \/>\n<meta property=\"og:type\" content=\"article\" \/>\n<meta property=\"og:title\" content=\"Bolet\u00edn N\u00b0 83 - Tribunal Electoral de la Ciudad de M\u00e9xico\" \/>\n<meta property=\"og:description\" content=\"Ciudad de M\u00e9xico, a 11 de noviembre de 2022 Bolet\u00edn N\u00b0 83 Fundamental, abrir espacios de expresi\u00f3n que permitan a j\u00f3venes ser agentes de cambio social, afirma magistrada Martha Mercado [&hellip;]\" \/>\n<meta property=\"og:url\" content=\"https:\/\/www.tecdmx.org.mx\/index.php\/comunicados\/2022\/11\/11\/boletin-n-83\/\" \/>\n<meta property=\"og:site_name\" content=\"Tribunal Electoral de la Ciudad de M\u00e9xico\" \/>\n<meta property=\"article:publisher\" content=\"https:\/\/www.facebook.com\/TECDMX\/\" \/>\n<meta property=\"article:published_time\" content=\"2022-11-11T21:35:54+00:00\" \/>\n<meta property=\"article:modified_time\" content=\"2022-11-11T21:35:56+00:00\" \/>\n<meta property=\"og:image\" content=\"https:\/\/www.tecdmx.org.mx\/wp-content\/uploads\/2020\/08\/comunicado_nuevo.jpg\" \/>\n\t<meta property=\"og:image:width\" content=\"600\" \/>\n\t<meta property=\"og:image:height\" content=\"366\" \/>\n\t<meta property=\"og:image:type\" content=\"image\/jpeg\" \/>\n<meta name=\"author\" content=\"Difusion2025\" \/>\n<meta name=\"twitter:card\" content=\"summary_large_image\" \/>\n<meta name=\"twitter:creator\" content=\"@tecdmx\" \/>\n<meta name=\"twitter:site\" content=\"@tecdmx\" \/>\n<meta name=\"twitter:label1\" content=\"Escrito por\" \/>\n\t<meta name=\"twitter:data1\" content=\"Difusion2025\" \/>\n\t<meta name=\"twitter:label2\" content=\"Tiempo de lectura\" \/>\n\t<meta name=\"twitter:data2\" content=\"3 minutos\" \/>\n<script type=\"application\/ld+json\" class=\"yoast-schema-graph\">{\"@context\":\"https:\/\/schema.org\",\"@graph\":[{\"@type\":\"WebPage\",\"@id\":\"https:\/\/www.tecdmx.org.mx\/index.php\/comunicados\/2022\/11\/11\/boletin-n-83\/\",\"url\":\"https:\/\/www.tecdmx.org.mx\/index.php\/comunicados\/2022\/11\/11\/boletin-n-83\/\",\"name\":\"Bolet\u00edn N\u00b0 83 - Tribunal Electoral de la Ciudad de M\u00e9xico\",\"isPartOf\":{\"@id\":\"https:\/\/www.tecdmx.org.mx\/#website\"},\"primaryImageOfPage\":{\"@id\":\"https:\/\/www.tecdmx.org.mx\/index.php\/comunicados\/2022\/11\/11\/boletin-n-83\/#primaryimage\"},\"image\":{\"@id\":\"https:\/\/www.tecdmx.org.mx\/index.php\/comunicados\/2022\/11\/11\/boletin-n-83\/#primaryimage\"},\"thumbnailUrl\":\"https:\/\/www.tecdmx.org.mx\/wp-content\/uploads\/2020\/08\/comunicado_nuevo.jpg\",\"datePublished\":\"2022-11-11T21:35:54+00:00\",\"dateModified\":\"2022-11-11T21:35:56+00:00\",\"author\":{\"@id\":\"https:\/\/www.tecdmx.org.mx\/#\/schema\/person\/208c898199fb3234203823c5f0cf31d6\"},\"breadcrumb\":{\"@id\":\"https:\/\/www.tecdmx.org.mx\/index.php\/comunicados\/2022\/11\/11\/boletin-n-83\/#breadcrumb\"},\"inLanguage\":\"es\",\"potentialAction\":[{\"@type\":\"ReadAction\",\"target\":[\"https:\/\/www.tecdmx.org.mx\/index.php\/comunicados\/2022\/11\/11\/boletin-n-83\/\"]}]},{\"@type\":\"ImageObject\",\"inLanguage\":\"es\",\"@id\":\"https:\/\/www.tecdmx.org.mx\/index.php\/comunicados\/2022\/11\/11\/boletin-n-83\/#primaryimage\",\"url\":\"https:\/\/www.tecdmx.org.mx\/wp-content\/uploads\/2020\/08\/comunicado_nuevo.jpg\",\"contentUrl\":\"https:\/\/www.tecdmx.org.mx\/wp-content\/uploads\/2020\/08\/comunicado_nuevo.jpg\",\"width\":600,\"height\":366},{\"@type\":\"BreadcrumbList\",\"@id\":\"https:\/\/www.tecdmx.org.mx\/index.php\/comunicados\/2022\/11\/11\/boletin-n-83\/#breadcrumb\",\"itemListElement\":[{\"@type\":\"ListItem\",\"position\":1,\"name\":\"Portada\",\"item\":\"https:\/\/www.tecdmx.org.mx\/\"},{\"@type\":\"ListItem\",\"position\":2,\"name\":\"Bolet\u00edn N\u00b0 83\"}]},{\"@type\":\"WebSite\",\"@id\":\"https:\/\/www.tecdmx.org.mx\/#website\",\"url\":\"https:\/\/www.tecdmx.org.mx\/\",\"name\":\"Tribunal Electoral de la Ciudad de M\u00e9xico\",\"description\":\"25 a\u00f1os garantizando justicia en tu elecci\u00f3n\",\"potentialAction\":[{\"@type\":\"SearchAction\",\"target\":{\"@type\":\"EntryPoint\",\"urlTemplate\":\"https:\/\/www.tecdmx.org.mx\/?s={search_term_string}\"},\"query-input\":\"required name=search_term_string\"}],\"inLanguage\":\"es\"},{\"@type\":\"Person\",\"@id\":\"https:\/\/www.tecdmx.org.mx\/#\/schema\/person\/208c898199fb3234203823c5f0cf31d6\",\"name\":\"Difusion2025\",\"image\":{\"@type\":\"ImageObject\",\"inLanguage\":\"es\",\"@id\":\"https:\/\/www.tecdmx.org.mx\/#\/schema\/person\/image\/\",\"url\":\"https:\/\/secure.gravatar.com\/avatar\/6f7a4ba3acb418040e90a2eb99b5df28?s=96&d=mm&r=g\",\"contentUrl\":\"https:\/\/secure.gravatar.com\/avatar\/6f7a4ba3acb418040e90a2eb99b5df28?s=96&d=mm&r=g\",\"caption\":\"Difusion2025\"}}]}<\/script>\n<!-- \/ Yoast SEO plugin. -->","yoast_head_json":{"title":"Bolet\u00edn N\u00b0 83 - Tribunal Electoral de la Ciudad de M\u00e9xico","robots":{"index":"index","follow":"follow","max-snippet":"max-snippet:-1","max-image-preview":"max-image-preview:large","max-video-preview":"max-video-preview:-1"},"canonical":"https:\/\/www.tecdmx.org.mx\/index.php\/comunicados\/2022\/11\/11\/boletin-n-83\/","og_locale":"es_ES","og_type":"article","og_title":"Bolet\u00edn N\u00b0 83 - Tribunal Electoral de la Ciudad de M\u00e9xico","og_description":"Ciudad de M\u00e9xico, a 11 de noviembre de 2022 Bolet\u00edn N\u00b0 83 Fundamental, abrir espacios de expresi\u00f3n que permitan a j\u00f3venes ser agentes de cambio social, afirma magistrada Martha Mercado [&hellip;]","og_url":"https:\/\/www.tecdmx.org.mx\/index.php\/comunicados\/2022\/11\/11\/boletin-n-83\/","og_site_name":"Tribunal Electoral de la Ciudad de M\u00e9xico","article_publisher":"https:\/\/www.facebook.com\/TECDMX\/","article_published_time":"2022-11-11T21:35:54+00:00","article_modified_time":"2022-11-11T21:35:56+00:00","og_image":[{"width":600,"height":366,"url":"https:\/\/www.tecdmx.org.mx\/wp-content\/uploads\/2020\/08\/comunicado_nuevo.jpg","type":"image\/jpeg"}],"author":"Difusion2025","twitter_card":"summary_large_image","twitter_creator":"@tecdmx","twitter_site":"@tecdmx","twitter_misc":{"Escrito por":"Difusion2025","Tiempo de lectura":"3 minutos"},"schema":{"@context":"https:\/\/schema.org","@graph":[{"@type":"WebPage","@id":"https:\/\/www.tecdmx.org.mx\/index.php\/comunicados\/2022\/11\/11\/boletin-n-83\/","url":"https:\/\/www.tecdmx.org.mx\/index.php\/comunicados\/2022\/11\/11\/boletin-n-83\/","name":"Bolet\u00edn N\u00b0 83 - Tribunal Electoral de la Ciudad de M\u00e9xico","isPartOf":{"@id":"https:\/\/www.tecdmx.org.mx\/#website"},"primaryImageOfPage":{"@id":"https:\/\/www.tecdmx.org.mx\/index.php\/comunicados\/2022\/11\/11\/boletin-n-83\/#primaryimage"},"image":{"@id":"https:\/\/www.tecdmx.org.mx\/index.php\/comunicados\/2022\/11\/11\/boletin-n-83\/#primaryimage"},"thumbnailUrl":"https:\/\/www.tecdmx.org.mx\/wp-content\/uploads\/2020\/08\/comunicado_nuevo.jpg","datePublished":"2022-11-11T21:35:54+00:00","dateModified":"2022-11-11T21:35:56+00:00","author":{"@id":"https:\/\/www.tecdmx.org.mx\/#\/schema\/person\/208c898199fb3234203823c5f0cf31d6"},"breadcrumb":{"@id":"https:\/\/www.tecdmx.org.mx\/index.php\/comunicados\/2022\/11\/11\/boletin-n-83\/#breadcrumb"},"inLanguage":"es","potentialAction":[{"@type":"ReadAction","target":["https:\/\/www.tecdmx.org.mx\/index.php\/comunicados\/2022\/11\/11\/boletin-n-83\/"]}]},{"@type":"ImageObject","inLanguage":"es","@id":"https:\/\/www.tecdmx.org.mx\/index.php\/comunicados\/2022\/11\/11\/boletin-n-83\/#primaryimage","url":"https:\/\/www.tecdmx.org.mx\/wp-content\/uploads\/2020\/08\/comunicado_nuevo.jpg","contentUrl":"https:\/\/www.tecdmx.org.mx\/wp-content\/uploads\/2020\/08\/comunicado_nuevo.jpg","width":600,"height":366},{"@type":"BreadcrumbList","@id":"https:\/\/www.tecdmx.org.mx\/index.php\/comunicados\/2022\/11\/11\/boletin-n-83\/#breadcrumb","itemListElement":[{"@type":"ListItem","position":1,"name":"Portada","item":"https:\/\/www.tecdmx.org.mx\/"},{"@type":"ListItem","position":2,"name":"Bolet\u00edn N\u00b0 83"}]},{"@type":"WebSite","@id":"https:\/\/www.tecdmx.org.mx\/#website","url":"https:\/\/www.tecdmx.org.mx\/","name":"Tribunal Electoral de la Ciudad de M\u00e9xico","description":"25 a\u00f1os garantizando justicia en tu elecci\u00f3n","potentialAction":[{"@type":"SearchAction","target":{"@type":"EntryPoint","urlTemplate":"https:\/\/www.tecdmx.org.mx\/?s={search_term_string}"},"query-input":"required name=search_term_string"}],"inLanguage":"es"},{"@type":"Person","@id":"https:\/\/www.tecdmx.org.mx\/#\/schema\/person\/208c898199fb3234203823c5f0cf31d6","name":"Difusion2025","image":{"@type":"ImageObject","inLanguage":"es","@id":"https:\/\/www.tecdmx.org.mx\/#\/schema\/person\/image\/","url":"https:\/\/secure.gravatar.com\/avatar\/6f7a4ba3acb418040e90a2eb99b5df28?s=96&d=mm&r=g","contentUrl":"https:\/\/secure.gravatar.com\/avatar\/6f7a4ba3acb418040e90a2eb99b5df28?s=96&d=mm&r=g","caption":"Difusion2025"}}]}},"_links":{"self":[{"href":"https:\/\/www.tecdmx.org.mx\/index.php\/wp-json\/wp\/v2\/posts\/40517"}],"collection":[{"href":"https:\/\/www.tecdmx.org.mx\/index.php\/wp-json\/wp\/v2\/posts"}],"about":[{"href":"https:\/\/www.tecdmx.org.mx\/index.php\/wp-json\/wp\/v2\/types\/post"}],"author":[{"embeddable":true,"href":"https:\/\/www.tecdmx.org.mx\/index.php\/wp-json\/wp\/v2\/users\/13"}],"replies":[{"embeddable":true,"href":"https:\/\/www.tecdmx.org.mx\/index.php\/wp-json\/wp\/v2\/comments?post=40517"}],"version-history":[{"count":2,"href":"https:\/\/www.tecdmx.org.mx\/index.php\/wp-json\/wp\/v2\/posts\/40517\/revisions"}],"predecessor-version":[{"id":40520,"href":"https:\/\/www.tecdmx.org.mx\/index.php\/wp-json\/wp\/v2\/posts\/40517\/revisions\/40520"}],"wp:featuredmedia":[{"embeddable":true,"href":"https:\/\/www.tecdmx.org.mx\/index.php\/wp-json\/wp\/v2\/media\/21168"}],"wp:attachment":[{"href":"https:\/\/www.tecdmx.org.mx\/index.php\/wp-json\/wp\/v2\/media?parent=40517"}],"wp:term":[{"taxonomy":"category","embeddable":true,"href":"https:\/\/www.tecdmx.org.mx\/index.php\/wp-json\/wp\/v2\/categories?post=40517"},{"taxonomy":"post_tag","embeddable":true,"href":"https:\/\/www.tecdmx.org.mx\/index.php\/wp-json\/wp\/v2\/tags?post=40517"}],"curies":[{"name":"wp","href":"https:\/\/api.w.org\/{rel}","templated":true}]}}