{"id":40652,"date":"2022-11-22T20:04:26","date_gmt":"2022-11-23T02:04:26","guid":{"rendered":"https:\/\/www.tecdmx.org.mx\/?p=40652"},"modified":"2022-11-22T20:04:29","modified_gmt":"2022-11-23T02:04:29","slug":"boletin-n-88","status":"publish","type":"post","link":"https:\/\/www.tecdmx.org.mx\/index.php\/comunicados\/2022\/11\/22\/boletin-n-88\/","title":{"rendered":"Bolet\u00edn N\u00b0 88"},"content":{"rendered":"\n<p>Ciudad de M\u00e9xico, a 22 de noviembre de 2022<\/p>\n\n\n\n<p><strong>Bolet\u00edn N\u00b0 88<\/strong><\/p>\n\n\n\n<p><strong>TECDMX revoca parcialmente decreto por el que se elimin\u00f3 la Unidad de G\u00e9nero del IECM<\/strong><\/p>\n\n\n\n<p>En Sesi\u00f3n P\u00fablica celebrada esta tarde, el Pleno del Tribunal Electoral de la Ciudad de M\u00e9xico (TECDMX) revoc\u00f3 parcialmente el Decreto emitido por el Congreso de la Ciudad de M\u00e9xico (Congreso) por el que se reforman, adicionan, modifican y derogan diversos art\u00edculos del C\u00f3digo Electoral de esta Ciudad, publicado el 2 de junio de 2022, y el acuerdo 42\/2022 emitido por el Instituto Electoral de la Ciudad de M\u00e9xico (IECM), por el que se aprueban las Acciones Generales para llevar a cabo el Proceso de Transici\u00f3n, en cumplimiento al art\u00edculo Cuarto Transitorio del Decreto antes referido.<\/p>\n\n\n\n<p>Lo anterior, pues, entre otros aspectos,&nbsp;el Congreso no justific\u00f3 c\u00f3mo a trav\u00e9s de la eliminaci\u00f3n de la Comisi\u00f3n y Unidad de G\u00e9nero y la distribuci\u00f3n de las facultades de ambas en cinco diversas \u00e1reas, se optimizar\u00eda el funcionamiento del Instituto Electoral en materia de protecci\u00f3n de Derechos Humanos y G\u00e9nero en la vida pol\u00edtico-electoral de la Ciudad de M\u00e9xico.<a href=\"about:blank#_ftn1\"><sup>[1]<\/sup><\/a><\/p>\n\n\n\n<p>En otro juicio, las magistraturas determinaron que el Congreso de la Ciudad de M\u00e9xico ha sido omiso en&nbsp;legislar de manera efectiva en materia de derechos pol\u00edticos de las personas con discapacidad, toda vez que ni en la Constituci\u00f3n ni en las leyes electorales se prev\u00e9n medidas para garantizar que las personas con discapacidad ejerzan sus derechos pol\u00edtico-electorales, con el objetivo de hacer realidad la igualdad material y, por tanto, eliminar cualquier situaci\u00f3n de invisibilidad, injusticia, desventaja o discriminaci\u00f3n.<a href=\"about:blank#_ftn2\"><sup>[2]<\/sup><\/a><\/p>\n\n\n\n<p>En otro juicio, las magistradas y los magistrados confirmaron la resoluci\u00f3n&nbsp;emitida por el IECM en el Procedimiento Ordinario Sancionador 003 de 2022, en la que impuso a Morena una sanci\u00f3n econ\u00f3mica consistente en una multa de 50 UMAS equivalente a $4,224.50 MN (cuatro mil doscientos veinticuatro pesos con cincuenta centavos), toda vez que los argumentos hechos valer por el instituto pol\u00edtico resultaron inoperantes e infundados, pues la notificaci\u00f3n ejecutada por la autoridad se realiz\u00f3 correctamente y el IECM no atent\u00f3 contra el principio de definitividad.<a href=\"about:blank#_ftn3\"><sup>[3]<\/sup><\/a><\/p>\n\n\n\n<p>Al resolver otro expediente, el Pleno revoc\u00f3&nbsp;la resoluci\u00f3n dictada en el recurso de inconformidad 02 de 2022, por la Junta Administrativa del IECM, la cual confirm\u00f3 la inexistencia de violencia u hostigamiento laboral, pues se consider\u00f3 como fundado el agravio relativo a que la parte actora no tuvo acompa\u00f1amiento, asistencia ni asesor\u00eda legal a pesar de que la solicit\u00f3 y, en consecuencia, se orden\u00f3 reponer el procedimiento.<a href=\"about:blank#_ftn4\"><sup>[4]<\/sup><\/a><\/p>\n\n\n\n<p>Por otra parte, las magistraturas revocaron&nbsp;la resoluci\u00f3n dictada, el 11 de abril de 2022, por la Junta Administrativa del IECM en el Recurso de Inconformidad 01 de 2021, en la que confirm\u00f3 el Acuerdo de desechamiento y no inicio dictado por la&nbsp;Unidad T\u00e9cnica de Asuntos Jur\u00eddicos, en el procedimiento disciplinario 03 de 2020, toda vez que resultaron fundados los agravios de la parte actora relativos a la indebida motivaci\u00f3n y fundamentaci\u00f3n, la falta de exhaustividad en la resoluci\u00f3n del recurso de inconformidad y la violaci\u00f3n al derecho a la salud. En consecuencia, se orden\u00f3 la reposici\u00f3n del procedimiento en cuesti\u00f3n.<a href=\"about:blank#_ftn5\"><sup>[5]<\/sup><\/a><\/p>\n\n\n\n<p>Asimismo,&nbsp;las magistradas y los magistrados&nbsp;determinaron revocar la resoluci\u00f3n de 6 de junio de este a\u00f1o, emitida por la Direcci\u00f3n Distrital 25 del IECM, en la que determin\u00f3 que una persona<strong>&nbsp;<\/strong>integrante de la Comisi\u00f3n de Participaci\u00f3n Ciudadana en la Unidad Territorial San Juan Tepepan,&nbsp;demarcaci\u00f3n Xochimilco,&nbsp;no era administrativamente responsable de la falta imputada en el procedimiento de responsabilidades instaurado en su contra y, en consecuencia, se orden\u00f3 a la autoridad responsable, de no advertir alguna causal de improcedencia, emitir una nueva debidamente fundada y motivada.<a href=\"about:blank#_ftn6\"><sup>[6]<\/sup><\/a><\/p>\n\n\n\n<p>Al resolver otro juicio, las magistradas y magistrados confirmaron&nbsp;la resoluci\u00f3n de 13 de octubre de 2022 emitida por la Comisi\u00f3n de Justicia del Consejo Nacional del Partido Acci\u00f3n Nacional en el juicio de inconformidad intrapartidista 122 del presente a\u00f1o, toda vez que los argumentos de la parte actora resultaron inoperantes pues&nbsp;no controvierte<s>n&nbsp;<\/s>de manera frontal la resoluci\u00f3n impugnada y son una repetici\u00f3n de lo esgrimido en la instancia partidista.<a href=\"about:blank#_ftn7\"><sup>[7]<\/sup><\/a><\/p>\n\n\n\n<p>De igual forma, el Pleno confirm\u00f3&nbsp;el dictamen emitido por la Junta Administrativa del IECM relativo a la solicitud de revisi\u00f3n de evaluaci\u00f3n correspondiente al concurso para el cargo de Analista de la Jefatura de Departamento de Evaluaci\u00f3n, Promoci\u00f3n e Incentivos de la Secretar\u00eda Administrativa de dicho Instituto, pues la autoridad en cuesti\u00f3n cumpli\u00f3 con los lineamientos establecidos para el citado concurso.<a href=\"about:blank#_ftn8\"><sup>[8]<\/sup><\/a><\/p>\n\n\n\n<p>En otro orden de ideas, las magistraturas confirmaron&nbsp;el acuerdo de inicio del Procedimiento Ordinario Sancionador en contra del Partido Verde Ecologista de M\u00e9xico de 24 de octubre del presente a\u00f1o emitido por la Comisi\u00f3n Permanente de Asociaciones Pol\u00edticas del IECM en el expediente 034 de 2022, pues el inicio de dicho procedimiento no le causa alg\u00fan perjuicio en su esfera jur\u00eddica, ya que no constituye un acto mediante el cual se supere la presunci\u00f3n de inocencia que prevalece a su favor, ni mucho menos que prejuzgue sobre su culpabilidad.<a href=\"about:blank#_ftn9\"><sup>[9]<\/sup><\/a><\/p>\n\n\n\n<p>Al resolver otro juicio, el Pleno revoc\u00f3 el oficio 598 de 2022, emitido por el Encargado del Despacho de la Secretar\u00eda Ejecutiva del IECM para que, una vez concluidos los trabajos de actualizaci\u00f3n del Marco Geogr\u00e1fico 2022, dicho instituto d\u00e9 una respuesta a la parte actora con perspectiva de interculturalidad en la que se le indique si los lugares en los que se autoadscriben tienen reconocida la calidad de pueblos y barrios originarios para efectos de ejercer sus derechos pol\u00edtico-electorales y de participaci\u00f3n ciudadana.<a href=\"about:blank#_ftn10\"><sup>[10]<\/sup><\/a><\/p>\n\n\n\n<p>Finalmente, las magistraturas ordenaron al patronato saliente&nbsp;del Pueblo de San Lucas Xochimanca, en Xochimilco, lanzar una convocatoria para llevar a cabo una Asamblea Comunitaria para la elecci\u00f3n del Nuevo Patronato del Pante\u00f3n, toda vez que se suscitaron diversas irregularidades en el proceso.<a href=\"about:blank#_ftn11\"><sup>[11]<\/sup><\/a><\/p>\n\n\n\n<p><strong>o-O-o<\/strong><strong><\/strong><\/p>\n\n\n\n<hr class=\"wp-block-separator\"\/>\n\n\n\n<p><a href=\"about:blank#_ftnref1\"><sup>[1]<\/sup><\/a>&nbsp;TECDMX-JLDC-075\/2022<\/p>\n\n\n\n<p><a href=\"about:blank#_ftnref2\"><sup>[2]<\/sup><\/a>&nbsp;TECDMX-JLDC-181\/2022<\/p>\n\n\n\n<p><a href=\"about:blank#_ftnref3\"><sup>[3]<\/sup><\/a>&nbsp;TECDMX-JEL-369\/2022<\/p>\n\n\n\n<p><a href=\"about:blank#_ftnref4\"><sup>[4]<\/sup><\/a>&nbsp;TECDMX-JEL-379\/2022<\/p>\n\n\n\n<p><a href=\"about:blank#_ftnref5\"><sup>[5]<\/sup><\/a>&nbsp;TECDMX-JEL-204\/2022<\/p>\n\n\n\n<p><a href=\"about:blank#_ftnref6\"><sup>[6]<\/sup><\/a>&nbsp;TECDMX-JEL-327\/2022<\/p>\n\n\n\n<p><a href=\"about:blank#_ftnref7\"><sup>[7]<\/sup><\/a>&nbsp;TECDMX-JLDC-187\/2022 y su acumulado TECDMX-JLDC-188\/2022<\/p>\n\n\n\n<p><a href=\"about:blank#_ftnref8\"><sup>[8]<\/sup><\/a>&nbsp;TECDMX-JEL-374\/2022<\/p>\n\n\n\n<p><a href=\"about:blank#_ftnref9\"><sup>[9]<\/sup><\/a>&nbsp;TECDMX-JEL-383\/2022 y su acumulado TECDMX-JEL-385<\/p>\n\n\n\n<p><a href=\"about:blank#_ftnref10\"><sup>[10]<\/sup><\/a>&nbsp;TECDMX-JLDC-024\/2022<\/p>\n\n\n\n<p><a href=\"about:blank#_ftnref11\"><sup>[11]<\/sup><\/a>&nbsp;TECDMX-JLDC-146\/2022. En cumplimiento de sentencia de la Sala Regional Ciudad de M\u00e9xico del TEPJF<s>.<\/s><\/p>\n","protected":false},"excerpt":{"rendered":"<p>Ciudad de M\u00e9xico, a 22 de noviembre de 2022 Bolet\u00edn N\u00b0 88 TECDMX revoca parcialmente decreto por el que se elimin\u00f3 la Unidad de G\u00e9nero del IECM En Sesi\u00f3n P\u00fablica [&hellip;]<\/p>\n","protected":false},"author":13,"featured_media":21168,"comment_status":"open","ping_status":"open","sticky":false,"template":"","format":"standard","meta":{"_acf_changed":false,"_exactmetrics_skip_tracking":false,"_exactmetrics_sitenote_active":false,"_exactmetrics_sitenote_note":"","_exactmetrics_sitenote_category":0,"footnotes":""},"categories":[32,47],"tags":[],"acf":[],"yoast_head":"<!-- This site is optimized with the Yoast SEO plugin v22.3 - https:\/\/yoast.com\/wordpress\/plugins\/seo\/ -->\n<title>Bolet\u00edn N\u00b0 88 - Tribunal Electoral de la Ciudad de M\u00e9xico<\/title>\n<meta name=\"robots\" content=\"index, follow, max-snippet:-1, max-image-preview:large, max-video-preview:-1\" \/>\n<link rel=\"canonical\" href=\"https:\/\/www.tecdmx.org.mx\/index.php\/comunicados\/2022\/11\/22\/boletin-n-88\/\" \/>\n<meta property=\"og:locale\" content=\"es_ES\" \/>\n<meta property=\"og:type\" content=\"article\" \/>\n<meta property=\"og:title\" content=\"Bolet\u00edn N\u00b0 88 - Tribunal Electoral de la Ciudad de M\u00e9xico\" \/>\n<meta property=\"og:description\" content=\"Ciudad de M\u00e9xico, a 22 de noviembre de 2022 Bolet\u00edn N\u00b0 88 TECDMX revoca parcialmente decreto por el que se elimin\u00f3 la Unidad de G\u00e9nero del IECM En Sesi\u00f3n P\u00fablica [&hellip;]\" \/>\n<meta property=\"og:url\" content=\"https:\/\/www.tecdmx.org.mx\/index.php\/comunicados\/2022\/11\/22\/boletin-n-88\/\" \/>\n<meta property=\"og:site_name\" content=\"Tribunal Electoral de la Ciudad de M\u00e9xico\" \/>\n<meta property=\"article:publisher\" content=\"https:\/\/www.facebook.com\/TECDMX\/\" \/>\n<meta property=\"article:published_time\" content=\"2022-11-23T02:04:26+00:00\" \/>\n<meta property=\"article:modified_time\" content=\"2022-11-23T02:04:29+00:00\" \/>\n<meta property=\"og:image\" content=\"https:\/\/www.tecdmx.org.mx\/wp-content\/uploads\/2020\/08\/comunicado_nuevo.jpg\" \/>\n\t<meta property=\"og:image:width\" content=\"600\" \/>\n\t<meta property=\"og:image:height\" content=\"366\" \/>\n\t<meta property=\"og:image:type\" content=\"image\/jpeg\" \/>\n<meta name=\"author\" content=\"Difusion2025\" \/>\n<meta name=\"twitter:card\" content=\"summary_large_image\" \/>\n<meta name=\"twitter:creator\" content=\"@tecdmx\" \/>\n<meta name=\"twitter:site\" content=\"@tecdmx\" \/>\n<meta name=\"twitter:label1\" content=\"Escrito por\" \/>\n\t<meta name=\"twitter:data1\" content=\"Difusion2025\" \/>\n\t<meta name=\"twitter:label2\" content=\"Tiempo de lectura\" \/>\n\t<meta name=\"twitter:data2\" content=\"5 minutos\" \/>\n<script type=\"application\/ld+json\" class=\"yoast-schema-graph\">{\"@context\":\"https:\/\/schema.org\",\"@graph\":[{\"@type\":\"WebPage\",\"@id\":\"https:\/\/www.tecdmx.org.mx\/index.php\/comunicados\/2022\/11\/22\/boletin-n-88\/\",\"url\":\"https:\/\/www.tecdmx.org.mx\/index.php\/comunicados\/2022\/11\/22\/boletin-n-88\/\",\"name\":\"Bolet\u00edn N\u00b0 88 - Tribunal Electoral de la Ciudad de M\u00e9xico\",\"isPartOf\":{\"@id\":\"https:\/\/www.tecdmx.org.mx\/#website\"},\"primaryImageOfPage\":{\"@id\":\"https:\/\/www.tecdmx.org.mx\/index.php\/comunicados\/2022\/11\/22\/boletin-n-88\/#primaryimage\"},\"image\":{\"@id\":\"https:\/\/www.tecdmx.org.mx\/index.php\/comunicados\/2022\/11\/22\/boletin-n-88\/#primaryimage\"},\"thumbnailUrl\":\"https:\/\/www.tecdmx.org.mx\/wp-content\/uploads\/2020\/08\/comunicado_nuevo.jpg\",\"datePublished\":\"2022-11-23T02:04:26+00:00\",\"dateModified\":\"2022-11-23T02:04:29+00:00\",\"author\":{\"@id\":\"https:\/\/www.tecdmx.org.mx\/#\/schema\/person\/208c898199fb3234203823c5f0cf31d6\"},\"breadcrumb\":{\"@id\":\"https:\/\/www.tecdmx.org.mx\/index.php\/comunicados\/2022\/11\/22\/boletin-n-88\/#breadcrumb\"},\"inLanguage\":\"es\",\"potentialAction\":[{\"@type\":\"ReadAction\",\"target\":[\"https:\/\/www.tecdmx.org.mx\/index.php\/comunicados\/2022\/11\/22\/boletin-n-88\/\"]}]},{\"@type\":\"ImageObject\",\"inLanguage\":\"es\",\"@id\":\"https:\/\/www.tecdmx.org.mx\/index.php\/comunicados\/2022\/11\/22\/boletin-n-88\/#primaryimage\",\"url\":\"https:\/\/www.tecdmx.org.mx\/wp-content\/uploads\/2020\/08\/comunicado_nuevo.jpg\",\"contentUrl\":\"https:\/\/www.tecdmx.org.mx\/wp-content\/uploads\/2020\/08\/comunicado_nuevo.jpg\",\"width\":600,\"height\":366},{\"@type\":\"BreadcrumbList\",\"@id\":\"https:\/\/www.tecdmx.org.mx\/index.php\/comunicados\/2022\/11\/22\/boletin-n-88\/#breadcrumb\",\"itemListElement\":[{\"@type\":\"ListItem\",\"position\":1,\"name\":\"Portada\",\"item\":\"https:\/\/www.tecdmx.org.mx\/\"},{\"@type\":\"ListItem\",\"position\":2,\"name\":\"Bolet\u00edn N\u00b0 88\"}]},{\"@type\":\"WebSite\",\"@id\":\"https:\/\/www.tecdmx.org.mx\/#website\",\"url\":\"https:\/\/www.tecdmx.org.mx\/\",\"name\":\"Tribunal Electoral de la Ciudad de M\u00e9xico\",\"description\":\"25 a\u00f1os garantizando justicia en tu elecci\u00f3n\",\"potentialAction\":[{\"@type\":\"SearchAction\",\"target\":{\"@type\":\"EntryPoint\",\"urlTemplate\":\"https:\/\/www.tecdmx.org.mx\/?s={search_term_string}\"},\"query-input\":\"required name=search_term_string\"}],\"inLanguage\":\"es\"},{\"@type\":\"Person\",\"@id\":\"https:\/\/www.tecdmx.org.mx\/#\/schema\/person\/208c898199fb3234203823c5f0cf31d6\",\"name\":\"Difusion2025\",\"image\":{\"@type\":\"ImageObject\",\"inLanguage\":\"es\",\"@id\":\"https:\/\/www.tecdmx.org.mx\/#\/schema\/person\/image\/\",\"url\":\"https:\/\/secure.gravatar.com\/avatar\/6f7a4ba3acb418040e90a2eb99b5df28?s=96&d=mm&r=g\",\"contentUrl\":\"https:\/\/secure.gravatar.com\/avatar\/6f7a4ba3acb418040e90a2eb99b5df28?s=96&d=mm&r=g\",\"caption\":\"Difusion2025\"}}]}<\/script>\n<!-- \/ Yoast SEO plugin. -->","yoast_head_json":{"title":"Bolet\u00edn N\u00b0 88 - Tribunal Electoral de la Ciudad de M\u00e9xico","robots":{"index":"index","follow":"follow","max-snippet":"max-snippet:-1","max-image-preview":"max-image-preview:large","max-video-preview":"max-video-preview:-1"},"canonical":"https:\/\/www.tecdmx.org.mx\/index.php\/comunicados\/2022\/11\/22\/boletin-n-88\/","og_locale":"es_ES","og_type":"article","og_title":"Bolet\u00edn N\u00b0 88 - Tribunal Electoral de la Ciudad de M\u00e9xico","og_description":"Ciudad de M\u00e9xico, a 22 de noviembre de 2022 Bolet\u00edn N\u00b0 88 TECDMX revoca parcialmente decreto por el que se elimin\u00f3 la Unidad de G\u00e9nero del IECM En Sesi\u00f3n P\u00fablica [&hellip;]","og_url":"https:\/\/www.tecdmx.org.mx\/index.php\/comunicados\/2022\/11\/22\/boletin-n-88\/","og_site_name":"Tribunal Electoral de la Ciudad de M\u00e9xico","article_publisher":"https:\/\/www.facebook.com\/TECDMX\/","article_published_time":"2022-11-23T02:04:26+00:00","article_modified_time":"2022-11-23T02:04:29+00:00","og_image":[{"width":600,"height":366,"url":"https:\/\/www.tecdmx.org.mx\/wp-content\/uploads\/2020\/08\/comunicado_nuevo.jpg","type":"image\/jpeg"}],"author":"Difusion2025","twitter_card":"summary_large_image","twitter_creator":"@tecdmx","twitter_site":"@tecdmx","twitter_misc":{"Escrito por":"Difusion2025","Tiempo de lectura":"5 minutos"},"schema":{"@context":"https:\/\/schema.org","@graph":[{"@type":"WebPage","@id":"https:\/\/www.tecdmx.org.mx\/index.php\/comunicados\/2022\/11\/22\/boletin-n-88\/","url":"https:\/\/www.tecdmx.org.mx\/index.php\/comunicados\/2022\/11\/22\/boletin-n-88\/","name":"Bolet\u00edn N\u00b0 88 - Tribunal Electoral de la Ciudad de M\u00e9xico","isPartOf":{"@id":"https:\/\/www.tecdmx.org.mx\/#website"},"primaryImageOfPage":{"@id":"https:\/\/www.tecdmx.org.mx\/index.php\/comunicados\/2022\/11\/22\/boletin-n-88\/#primaryimage"},"image":{"@id":"https:\/\/www.tecdmx.org.mx\/index.php\/comunicados\/2022\/11\/22\/boletin-n-88\/#primaryimage"},"thumbnailUrl":"https:\/\/www.tecdmx.org.mx\/wp-content\/uploads\/2020\/08\/comunicado_nuevo.jpg","datePublished":"2022-11-23T02:04:26+00:00","dateModified":"2022-11-23T02:04:29+00:00","author":{"@id":"https:\/\/www.tecdmx.org.mx\/#\/schema\/person\/208c898199fb3234203823c5f0cf31d6"},"breadcrumb":{"@id":"https:\/\/www.tecdmx.org.mx\/index.php\/comunicados\/2022\/11\/22\/boletin-n-88\/#breadcrumb"},"inLanguage":"es","potentialAction":[{"@type":"ReadAction","target":["https:\/\/www.tecdmx.org.mx\/index.php\/comunicados\/2022\/11\/22\/boletin-n-88\/"]}]},{"@type":"ImageObject","inLanguage":"es","@id":"https:\/\/www.tecdmx.org.mx\/index.php\/comunicados\/2022\/11\/22\/boletin-n-88\/#primaryimage","url":"https:\/\/www.tecdmx.org.mx\/wp-content\/uploads\/2020\/08\/comunicado_nuevo.jpg","contentUrl":"https:\/\/www.tecdmx.org.mx\/wp-content\/uploads\/2020\/08\/comunicado_nuevo.jpg","width":600,"height":366},{"@type":"BreadcrumbList","@id":"https:\/\/www.tecdmx.org.mx\/index.php\/comunicados\/2022\/11\/22\/boletin-n-88\/#breadcrumb","itemListElement":[{"@type":"ListItem","position":1,"name":"Portada","item":"https:\/\/www.tecdmx.org.mx\/"},{"@type":"ListItem","position":2,"name":"Bolet\u00edn N\u00b0 88"}]},{"@type":"WebSite","@id":"https:\/\/www.tecdmx.org.mx\/#website","url":"https:\/\/www.tecdmx.org.mx\/","name":"Tribunal Electoral de la Ciudad de M\u00e9xico","description":"25 a\u00f1os garantizando justicia en tu elecci\u00f3n","potentialAction":[{"@type":"SearchAction","target":{"@type":"EntryPoint","urlTemplate":"https:\/\/www.tecdmx.org.mx\/?s={search_term_string}"},"query-input":"required name=search_term_string"}],"inLanguage":"es"},{"@type":"Person","@id":"https:\/\/www.tecdmx.org.mx\/#\/schema\/person\/208c898199fb3234203823c5f0cf31d6","name":"Difusion2025","image":{"@type":"ImageObject","inLanguage":"es","@id":"https:\/\/www.tecdmx.org.mx\/#\/schema\/person\/image\/","url":"https:\/\/secure.gravatar.com\/avatar\/6f7a4ba3acb418040e90a2eb99b5df28?s=96&d=mm&r=g","contentUrl":"https:\/\/secure.gravatar.com\/avatar\/6f7a4ba3acb418040e90a2eb99b5df28?s=96&d=mm&r=g","caption":"Difusion2025"}}]}},"_links":{"self":[{"href":"https:\/\/www.tecdmx.org.mx\/index.php\/wp-json\/wp\/v2\/posts\/40652"}],"collection":[{"href":"https:\/\/www.tecdmx.org.mx\/index.php\/wp-json\/wp\/v2\/posts"}],"about":[{"href":"https:\/\/www.tecdmx.org.mx\/index.php\/wp-json\/wp\/v2\/types\/post"}],"author":[{"embeddable":true,"href":"https:\/\/www.tecdmx.org.mx\/index.php\/wp-json\/wp\/v2\/users\/13"}],"replies":[{"embeddable":true,"href":"https:\/\/www.tecdmx.org.mx\/index.php\/wp-json\/wp\/v2\/comments?post=40652"}],"version-history":[{"count":2,"href":"https:\/\/www.tecdmx.org.mx\/index.php\/wp-json\/wp\/v2\/posts\/40652\/revisions"}],"predecessor-version":[{"id":40655,"href":"https:\/\/www.tecdmx.org.mx\/index.php\/wp-json\/wp\/v2\/posts\/40652\/revisions\/40655"}],"wp:featuredmedia":[{"embeddable":true,"href":"https:\/\/www.tecdmx.org.mx\/index.php\/wp-json\/wp\/v2\/media\/21168"}],"wp:attachment":[{"href":"https:\/\/www.tecdmx.org.mx\/index.php\/wp-json\/wp\/v2\/media?parent=40652"}],"wp:term":[{"taxonomy":"category","embeddable":true,"href":"https:\/\/www.tecdmx.org.mx\/index.php\/wp-json\/wp\/v2\/categories?post=40652"},{"taxonomy":"post_tag","embeddable":true,"href":"https:\/\/www.tecdmx.org.mx\/index.php\/wp-json\/wp\/v2\/tags?post=40652"}],"curies":[{"name":"wp","href":"https:\/\/api.w.org\/{rel}","templated":true}]}}