{"id":41396,"date":"2023-01-05T20:30:10","date_gmt":"2023-01-06T02:30:10","guid":{"rendered":"https:\/\/www.tecdmx.org.mx\/?p=41396"},"modified":"2023-01-05T20:30:13","modified_gmt":"2023-01-06T02:30:13","slug":"boletin-n-01__trashed","status":"publish","type":"post","link":"https:\/\/www.tecdmx.org.mx\/index.php\/comunicados\/2023\/01\/05\/boletin-n-01__trashed\/","title":{"rendered":"Bolet\u00edn N\u00b0 01"},"content":{"rendered":"\n<p>Ciudad de M\u00e9xico, a 05 de enero de 2023<\/p>\n\n\n\n<p><strong>Bolet\u00edn N\u00b0 01<\/strong><\/p>\n\n\n\n<p><strong>Se revoca parcialmente el oficio 683 de 2022, emitido por la Direcci\u00f3n Ejecutiva de Asociaciones Pol\u00edticas del Instituto Electoral de la Ciudad de M\u00e9xico (IECM).<\/strong><\/p>\n\n\n\n<ul><li>En el que se requiere al partido Morena el remanente de operaciones del ejercicio 2019, bajo el apercibimiento que, de no hacerlo en el plazo establecido, iniciar\u00eda la retenci\u00f3n del financiamiento p\u00fablico para actividades ordinarias.<\/li><\/ul>\n\n\n\n<p>Las magistraturas integrantes del Pleno del Tribunal Electoral de la Ciudad de M\u00e9xico (TECDMX) celebraron esta tarde Sesi\u00f3n P\u00fablica de resoluci\u00f3n a distancia por videoconferencia, en la que se resolvieron los siguientes asuntos:<\/p>\n\n\n\n<figure class=\"wp-block-table is-style-regular\"><table><thead><tr><td><strong>Expediente<\/strong><\/td><td><strong>Motivo de la impugnaci\u00f3n<\/strong><strong><\/strong><\/td><td><strong>Resoluci\u00f3n del TECDMX<\/strong><\/td><\/tr><\/thead><tbody><tr><td><strong>TECDMX-JEL-349\/2022<\/strong><\/td><td>En contra del oficio 683 de 2022, emitido por la Direcci\u00f3n Ejecutiva de Asociaciones Pol\u00edticas del IECM, por el que requiere al partido Morena el remanente de operaciones del ejercicio 2019, bajo el apercibimiento que, de no hacerlo en el plazo establecido, iniciar\u00eda la retenci\u00f3n del financiamiento p\u00fablico para actividades ordinarias.<\/td><td>Se revoca parcialmente el oficio impugnado, a efecto de que la responsable emita uno nuevo en el que funde y motive el inicio del procedimiento de reintegro o retenci\u00f3n del financiamiento ordinario.<\/td><\/tr><tr><td><strong>TECDMX-JEL-386\/2022<\/strong><\/td><td>Para combatir la resoluci\u00f3n emitida por la Unidad Territorial Guadalupe Tepeyac, Demarcaci\u00f3n Gustavo A. Madero de treinta y uno de octubre, en el expediente 03 de 2022, del Procedimiento para la determinaci\u00f3n de responsabilidades, que impuso una amonestaci\u00f3n a personas integrantes de la Comisi\u00f3n de Participaci\u00f3n Comunitaria.&nbsp;<\/td><td>Se revoca la resoluci\u00f3n impugnada y se ordena a la responsable emitir una nueva, conforme a los par\u00e1metros se\u00f1alados en la sentencia del TECDMX.<\/td><\/tr><tr><td><strong>TECDMX-JEL-389\/2022<\/strong><\/td><td>Para controvertir el acuerdo del tres de noviembre de dos mil veintid\u00f3s, dictado por la Direcci\u00f3n Distrital 5 del Instituto Electoral de la Ciudad de M\u00e9xico, emitido en el Procedimiento de Responsabilidades y radicado con el n\u00famero de expediente 3 del 2022.<\/td><td>Determin\u00f3 infundado el agravio hecho valer, respecto al desechamiento que se\u00f1al\u00f3 la autoridad responsable, ya que la parte actora no se\u00f1al\u00f3 las circunstancias de tiempo, modo y lugar, en que se desarroll\u00f3 la solicitud de dadivas en especie y dinero por las personas integrantes de la Comisi\u00f3n de Participaci\u00f3n Comunitaria, de ah\u00ed que, la Magistratura Ponente consider\u00f3 que la determinaci\u00f3n de desechar su recurso primigenio resulta apegado a derecho.<\/td><\/tr><tr><td><strong>TECDMX-JEL-390\/2022<\/strong><\/td><td>En contra del acuerdo de 10 de noviembre, emitido por la Comisi\u00f3n de Quejas del Instituto Electoral de la Ciudad de M\u00e9xico, que impuso una medida de tutela preventiva a las personas integrantes de la fracci\u00f3n legislativa de Morena, por la posible comisi\u00f3n de actos de violencia pol\u00edtica por raz\u00f3n de g\u00e9nero en contra de una persona legisladora.<\/td><td>Se revoca el acuerdo impugnado, respecto al dictado de la medida de tutela preventiva, a fin de que la autoridad responsable emita uno nuevo, debidamente fundado y motivado, tome los medios probatorios que obran en autos y, sobre todo, respete las reglas del debido proceso.<\/td><\/tr><tr><td><strong>TECDMX-JEL-396\/2022<\/strong><\/td><td>Para controvertir el acuerdo emitido por la Comisi\u00f3n Permanente de Asociaciones Pol\u00edticas del IECM, mediante el cual determin\u00f3 el inicio de un procedimiento ordinario sancionador en contra de Sandra Xantall Cuevas Nieves, alcaldesa de Cuauht\u00e9moc, as\u00ed como de Diana P\u00e9rez P\u00e9rez, concejala.<\/td><td>Se modifica el acuerdo controvertido, por lo que hace a la omisi\u00f3n de dar vista al Instituto Nacional Electoral, toda vez que en el citado acuerdo la autoridad responsable se limit\u00f3 a argumentar de manera gen\u00e9rica, que de las diligencias preliminares no se advert\u00edan indicios que permitieran el inicio de un procedimiento sancionador.<\/td><\/tr><tr><td><strong>TECDMX-JEL-400\/2022<\/strong><\/td><td>Para controvertir la resoluci\u00f3n del Consejo General del IECM, respecto de las irregularidades encontradas en el dictamen consolidado de la revisi\u00f3n de los informes anuales del origen, monto, destino y aplicaci\u00f3n de los recursos de las Agrupaciones Pol\u00edticas locales en la CDMX, del ejercicio dos mil veintiuno, emitido el treinta de noviembre del dos mil veintid\u00f3s.<\/td><td>Se confirma la resoluci\u00f3n impugnada, al estimar que fue ajustado que la autoridad responsable haya determinado en la resoluci\u00f3n dar vista al Servicio de Administraci\u00f3n Tributaria.<\/td><\/tr><\/tbody><\/table><\/figure>\n\n\n\n<figure class=\"wp-block-table is-style-regular\"><table><thead><tr><td><strong>Expediente<\/strong><\/td><td><strong>Motivo de la impugnaci\u00f3n<\/strong><\/td><td><strong>Resoluci\u00f3n del TECDMX<\/strong><\/td><\/tr><\/thead><tbody><tr><td><strong>TECDMX-JLDC-190\/2022 y<\/strong> <strong>TECDMX-JLDC-194-2022<\/strong><\/td><td>Para controvertir las asambleas que se llevaron a cabo una vez interrumpidas las asambleas convocadas por el Concejo Aut\u00f3nomo de Gobierno del pueblo de San Luis Tlaxialtemalco, de ocho y veintid\u00f3s de octubre de ese a\u00f1o.<\/td><td>Son fundados los agravios. En consecuencia, debe prevalecer el Concejo de Gobierno como autoridad tradicional.<\/td><\/tr><tr><td><strong>TECDMX-JLDC-196\/2021<\/strong><\/td><td>Para controvertir la Convocatoria a la Asamblea Comunitaria del pueblo; de San Andr\u00e9s Mixquic para decidir acerca de la forma de elecci\u00f3n e integraci\u00f3n de la autoridad representativa o persona Coordinadora Territorial, as\u00ed como el Aviso por el que se dieron a conocer las Reglas de Operaci\u00f3n para llevar a cabo la citada asamblea.<\/td><td>Se revoc\u00f3 la Convocatoria y el Aviso, as\u00ed como todos los actos posteriores que de ellas deriven y se ordena a las autoridades tradicionales del Pueblo de San Andr\u00e9s Mixquic, para que, en caso, de considerarlo, emitan los nuevos actos que estimen necesarios para llevar a cabo el proceso de elecci\u00f3n de la autoridad tradicional en el pueblo citado conforme a los plazos y formalidades relativas a sus usos y costumbres.<\/td><\/tr><tr><td><strong>TECDMX-JLDC-207-2022 y TECDMX-JLDC-2016-2022<\/strong><\/td><td>Promovido por personas habitantes de Santa B\u00e1rbara Tetlanman Yopico, en Azcapotzalco, en contra del oficio emitido por el Secretario Ejecutivo del Instituto Electoral de la Ciudad de M\u00e9xico mediante el cual neg\u00f3 la solicitud de considerar su lugar de autoadscripci\u00f3n como un Pueblo Originario.<\/td><td>Son infundados los agravios. &nbsp; Para efectos de los procesos de participaci\u00f3n ciudadana dicho lugar no ha formado parte de los pueblos y barrios originarios reconocidos por el Instituto local; aunado a que no existe una determinaci\u00f3n de la Secretar\u00eda de Pueblos y Barrios Originarios y Comunidades Ind\u00edgenas Residentes de la Ciudad de M\u00e9xico que niegue el reconocimiento del lugar de autoadscripci\u00f3n como pueblo originario, ni que como consecuencia de ello el IECM haya dejado de actualizar el Marco Geogr\u00e1fico. &nbsp; Se confirma el oficio controvertido.<\/td><\/tr><tr><td><strong>TECDMX-JLDC-219-2022<\/strong><\/td><td>Por una persona aspirante a la Presidencia del Comit\u00e9 Directivo del Partido Acci\u00f3n Nacional en la Demarcaci\u00f3n Xochimilco, para controvertir la resoluci\u00f3n dictada por la Comisi\u00f3n de Justicia del Consejo Nacional en el juicio de inconformidad 182 de 2022.<\/td><td>Son infundados los agravios, se confirma la resoluci\u00f3n impugnada, ya que fue apegado a derecho la emisi\u00f3n de la resoluci\u00f3n impugnada y, en consecuencia, se convalida la votaci\u00f3n de la elecci\u00f3n del Comit\u00e9 Directivo del Partido Acci\u00f3n Nacional en la demarcaci\u00f3n Xochimilco celebrada en la Asamblea de diecinueve de noviembre de 2022.<\/td><\/tr><tr><td><strong>TECDMX-JLDC-162-2022 y TECDMX-JLDC-163-2022<\/strong><\/td><td>Para controvertir la existencia de Santa \u00darsula Xitla, Tlalpan como pueblo originario, as\u00ed como, las Convocatorias para conformar la Junta C\u00edvica y para elegir a la persona subdelegada, ambos de dicho Pueblo.<\/td><td>En la sentencia del Juicio de la Ciudadan\u00eda 076 y Acumulado de 2022, se han contestado los agravios que de forma similar se han planteado en los juicios de la cuenta, y por ello se da por resuelta la pretensi\u00f3n de las partes actoras. &nbsp; Asimismo, las partes actoras no acreditan un inter\u00e9s leg\u00edtimo, puesto que no acuden al juicio de la ciudadan\u00eda como parte de la colectividad que llev\u00f3 a cabo una elecci\u00f3n, ni mucho menos en representaci\u00f3n de aqu\u00e9lla, sino que, no se autoadscriben como personas originarias del pueblo, ya que, por el contrario, se asumen ajenos a ese r\u00e9gimen interno.<\/td><\/tr><tr><td><a><strong>TECDMX-JLDC-201-2022<\/strong><\/a><strong> y TECDMX-JLDC-215-2022<\/strong><\/td><td>Para controvertir el oficio 495 de 2022 suscrito por el Secretario Ejecutivo del Instituto Electoral de la Ciudad de M\u00e9xico, por el que se le da respuesta a la solicitud de la parte actora de reconocer como Pueblo Originario a la Unidad territorial San Bartolo Ameyalco, demarcaci\u00f3n \u00c1lvaro Obreg\u00f3n, en cumplimiento a lo ordenado por este \u00f3rgano jurisdiccional en el expediente JLDC-141 de 2022. &nbsp; Asimismo, en el Juicio de la Ciudadan\u00eda 215 de 2022 se controvierte la Convocatoria P\u00fablica para constituir el Sistema de Registro y Documentaci\u00f3n de Pueblos y Barrios Originarios y Comunidades Ind\u00edgenas Residentes de la Ciudad de M\u00e9xico.<\/td><td>TECDMX-JLDC-201-2022 se desecha por presentaci\u00f3n extempor\u00e1nea de la demanda. &nbsp; TECDMX-JLDC-215-2022 se desecha ya que la convocatoria controvertida, se advierte que la materia a la que ata\u00f1e la pretensi\u00f3n de la parte actora no compete a la materia electoral, puesto que corresponde a la materia administrativa, lo que impide a este Tribunal Electoral pronunciarse y resolver sobre la legalidad de la actuaci\u00f3n de la Secretar\u00eda de Pueblos al emitir la referida Convocatoria. Se da vista al Tribunal de Justicia Administrativa.<\/td><\/tr><\/tbody><\/table><\/figure>\n\n\n\n<h1 class=\"wp-block-heading\"><strong>o-O-o<\/strong><\/h1>\n","protected":false},"excerpt":{"rendered":"<p>Ciudad de M\u00e9xico, a 05 de enero de 2023 Bolet\u00edn N\u00b0 01 Se revoca parcialmente el oficio 683 de 2022, emitido por la Direcci\u00f3n Ejecutiva de Asociaciones Pol\u00edticas del Instituto [&hellip;]<\/p>\n","protected":false},"author":13,"featured_media":21168,"comment_status":"open","ping_status":"open","sticky":false,"template":"","format":"standard","meta":{"_acf_changed":false,"_exactmetrics_skip_tracking":false,"_exactmetrics_sitenote_active":false,"_exactmetrics_sitenote_note":"","_exactmetrics_sitenote_category":0,"footnotes":""},"categories":[32,47],"tags":[],"acf":[],"yoast_head":"<!-- This site is optimized with the Yoast SEO plugin v22.3 - https:\/\/yoast.com\/wordpress\/plugins\/seo\/ -->\n<title>Bolet\u00edn N\u00b0 01 - Tribunal Electoral de la Ciudad de M\u00e9xico<\/title>\n<meta name=\"robots\" content=\"index, follow, max-snippet:-1, max-image-preview:large, max-video-preview:-1\" \/>\n<link rel=\"canonical\" href=\"https:\/\/www.tecdmx.org.mx\/index.php\/comunicados\/2023\/01\/05\/boletin-n-01\/\" \/>\n<meta property=\"og:locale\" content=\"es_ES\" \/>\n<meta property=\"og:type\" content=\"article\" \/>\n<meta property=\"og:title\" content=\"Bolet\u00edn N\u00b0 01 - Tribunal Electoral de la Ciudad de M\u00e9xico\" \/>\n<meta property=\"og:description\" content=\"Ciudad de M\u00e9xico, a 05 de enero de 2023 Bolet\u00edn N\u00b0 01 Se revoca parcialmente el oficio 683 de 2022, emitido por la Direcci\u00f3n Ejecutiva de Asociaciones Pol\u00edticas del Instituto [&hellip;]\" \/>\n<meta property=\"og:url\" content=\"https:\/\/www.tecdmx.org.mx\/index.php\/comunicados\/2023\/01\/05\/boletin-n-01\/\" \/>\n<meta property=\"og:site_name\" content=\"Tribunal Electoral de la Ciudad de M\u00e9xico\" \/>\n<meta property=\"article:publisher\" content=\"https:\/\/www.facebook.com\/TECDMX\/\" \/>\n<meta property=\"article:published_time\" content=\"2023-01-06T02:30:10+00:00\" \/>\n<meta property=\"article:modified_time\" content=\"2023-01-06T02:30:13+00:00\" \/>\n<meta property=\"og:image\" content=\"https:\/\/www.tecdmx.org.mx\/wp-content\/uploads\/2020\/08\/comunicado_nuevo.jpg\" \/>\n\t<meta property=\"og:image:width\" content=\"600\" \/>\n\t<meta property=\"og:image:height\" content=\"366\" \/>\n\t<meta property=\"og:image:type\" content=\"image\/jpeg\" \/>\n<meta name=\"author\" content=\"Difusion2025\" \/>\n<meta name=\"twitter:card\" content=\"summary_large_image\" \/>\n<meta name=\"twitter:creator\" content=\"@tecdmx\" \/>\n<meta name=\"twitter:site\" content=\"@tecdmx\" \/>\n<meta name=\"twitter:label1\" content=\"Escrito por\" \/>\n\t<meta name=\"twitter:data1\" content=\"Difusion2025\" \/>\n\t<meta name=\"twitter:label2\" content=\"Tiempo de lectura\" \/>\n\t<meta name=\"twitter:data2\" content=\"7 minutos\" \/>\n<script type=\"application\/ld+json\" class=\"yoast-schema-graph\">{\"@context\":\"https:\/\/schema.org\",\"@graph\":[{\"@type\":\"WebPage\",\"@id\":\"https:\/\/www.tecdmx.org.mx\/index.php\/comunicados\/2023\/01\/05\/boletin-n-01\/\",\"url\":\"https:\/\/www.tecdmx.org.mx\/index.php\/comunicados\/2023\/01\/05\/boletin-n-01\/\",\"name\":\"Bolet\u00edn N\u00b0 01 - Tribunal Electoral de la Ciudad de M\u00e9xico\",\"isPartOf\":{\"@id\":\"https:\/\/www.tecdmx.org.mx\/#website\"},\"primaryImageOfPage\":{\"@id\":\"https:\/\/www.tecdmx.org.mx\/index.php\/comunicados\/2023\/01\/05\/boletin-n-01\/#primaryimage\"},\"image\":{\"@id\":\"https:\/\/www.tecdmx.org.mx\/index.php\/comunicados\/2023\/01\/05\/boletin-n-01\/#primaryimage\"},\"thumbnailUrl\":\"https:\/\/www.tecdmx.org.mx\/wp-content\/uploads\/2020\/08\/comunicado_nuevo.jpg\",\"datePublished\":\"2023-01-06T02:30:10+00:00\",\"dateModified\":\"2023-01-06T02:30:13+00:00\",\"author\":{\"@id\":\"https:\/\/www.tecdmx.org.mx\/#\/schema\/person\/208c898199fb3234203823c5f0cf31d6\"},\"breadcrumb\":{\"@id\":\"https:\/\/www.tecdmx.org.mx\/index.php\/comunicados\/2023\/01\/05\/boletin-n-01\/#breadcrumb\"},\"inLanguage\":\"es\",\"potentialAction\":[{\"@type\":\"ReadAction\",\"target\":[\"https:\/\/www.tecdmx.org.mx\/index.php\/comunicados\/2023\/01\/05\/boletin-n-01\/\"]}]},{\"@type\":\"ImageObject\",\"inLanguage\":\"es\",\"@id\":\"https:\/\/www.tecdmx.org.mx\/index.php\/comunicados\/2023\/01\/05\/boletin-n-01\/#primaryimage\",\"url\":\"https:\/\/www.tecdmx.org.mx\/wp-content\/uploads\/2020\/08\/comunicado_nuevo.jpg\",\"contentUrl\":\"https:\/\/www.tecdmx.org.mx\/wp-content\/uploads\/2020\/08\/comunicado_nuevo.jpg\",\"width\":600,\"height\":366},{\"@type\":\"BreadcrumbList\",\"@id\":\"https:\/\/www.tecdmx.org.mx\/index.php\/comunicados\/2023\/01\/05\/boletin-n-01\/#breadcrumb\",\"itemListElement\":[{\"@type\":\"ListItem\",\"position\":1,\"name\":\"Portada\",\"item\":\"https:\/\/www.tecdmx.org.mx\/\"},{\"@type\":\"ListItem\",\"position\":2,\"name\":\"Bolet\u00edn N\u00b0 01\"}]},{\"@type\":\"WebSite\",\"@id\":\"https:\/\/www.tecdmx.org.mx\/#website\",\"url\":\"https:\/\/www.tecdmx.org.mx\/\",\"name\":\"Tribunal Electoral de la Ciudad de M\u00e9xico\",\"description\":\"25 a\u00f1os garantizando justicia en tu elecci\u00f3n\",\"potentialAction\":[{\"@type\":\"SearchAction\",\"target\":{\"@type\":\"EntryPoint\",\"urlTemplate\":\"https:\/\/www.tecdmx.org.mx\/?s={search_term_string}\"},\"query-input\":\"required name=search_term_string\"}],\"inLanguage\":\"es\"},{\"@type\":\"Person\",\"@id\":\"https:\/\/www.tecdmx.org.mx\/#\/schema\/person\/208c898199fb3234203823c5f0cf31d6\",\"name\":\"Difusion2025\",\"image\":{\"@type\":\"ImageObject\",\"inLanguage\":\"es\",\"@id\":\"https:\/\/www.tecdmx.org.mx\/#\/schema\/person\/image\/\",\"url\":\"https:\/\/secure.gravatar.com\/avatar\/6f7a4ba3acb418040e90a2eb99b5df28?s=96&d=mm&r=g\",\"contentUrl\":\"https:\/\/secure.gravatar.com\/avatar\/6f7a4ba3acb418040e90a2eb99b5df28?s=96&d=mm&r=g\",\"caption\":\"Difusion2025\"}}]}<\/script>\n<!-- \/ Yoast SEO plugin. -->","yoast_head_json":{"title":"Bolet\u00edn N\u00b0 01 - Tribunal Electoral de la Ciudad de M\u00e9xico","robots":{"index":"index","follow":"follow","max-snippet":"max-snippet:-1","max-image-preview":"max-image-preview:large","max-video-preview":"max-video-preview:-1"},"canonical":"https:\/\/www.tecdmx.org.mx\/index.php\/comunicados\/2023\/01\/05\/boletin-n-01\/","og_locale":"es_ES","og_type":"article","og_title":"Bolet\u00edn N\u00b0 01 - Tribunal Electoral de la Ciudad de M\u00e9xico","og_description":"Ciudad de M\u00e9xico, a 05 de enero de 2023 Bolet\u00edn N\u00b0 01 Se revoca parcialmente el oficio 683 de 2022, emitido por la Direcci\u00f3n Ejecutiva de Asociaciones Pol\u00edticas del Instituto [&hellip;]","og_url":"https:\/\/www.tecdmx.org.mx\/index.php\/comunicados\/2023\/01\/05\/boletin-n-01\/","og_site_name":"Tribunal Electoral de la Ciudad de M\u00e9xico","article_publisher":"https:\/\/www.facebook.com\/TECDMX\/","article_published_time":"2023-01-06T02:30:10+00:00","article_modified_time":"2023-01-06T02:30:13+00:00","og_image":[{"width":600,"height":366,"url":"https:\/\/www.tecdmx.org.mx\/wp-content\/uploads\/2020\/08\/comunicado_nuevo.jpg","type":"image\/jpeg"}],"author":"Difusion2025","twitter_card":"summary_large_image","twitter_creator":"@tecdmx","twitter_site":"@tecdmx","twitter_misc":{"Escrito por":"Difusion2025","Tiempo de lectura":"7 minutos"},"schema":{"@context":"https:\/\/schema.org","@graph":[{"@type":"WebPage","@id":"https:\/\/www.tecdmx.org.mx\/index.php\/comunicados\/2023\/01\/05\/boletin-n-01\/","url":"https:\/\/www.tecdmx.org.mx\/index.php\/comunicados\/2023\/01\/05\/boletin-n-01\/","name":"Bolet\u00edn N\u00b0 01 - Tribunal Electoral de la Ciudad de M\u00e9xico","isPartOf":{"@id":"https:\/\/www.tecdmx.org.mx\/#website"},"primaryImageOfPage":{"@id":"https:\/\/www.tecdmx.org.mx\/index.php\/comunicados\/2023\/01\/05\/boletin-n-01\/#primaryimage"},"image":{"@id":"https:\/\/www.tecdmx.org.mx\/index.php\/comunicados\/2023\/01\/05\/boletin-n-01\/#primaryimage"},"thumbnailUrl":"https:\/\/www.tecdmx.org.mx\/wp-content\/uploads\/2020\/08\/comunicado_nuevo.jpg","datePublished":"2023-01-06T02:30:10+00:00","dateModified":"2023-01-06T02:30:13+00:00","author":{"@id":"https:\/\/www.tecdmx.org.mx\/#\/schema\/person\/208c898199fb3234203823c5f0cf31d6"},"breadcrumb":{"@id":"https:\/\/www.tecdmx.org.mx\/index.php\/comunicados\/2023\/01\/05\/boletin-n-01\/#breadcrumb"},"inLanguage":"es","potentialAction":[{"@type":"ReadAction","target":["https:\/\/www.tecdmx.org.mx\/index.php\/comunicados\/2023\/01\/05\/boletin-n-01\/"]}]},{"@type":"ImageObject","inLanguage":"es","@id":"https:\/\/www.tecdmx.org.mx\/index.php\/comunicados\/2023\/01\/05\/boletin-n-01\/#primaryimage","url":"https:\/\/www.tecdmx.org.mx\/wp-content\/uploads\/2020\/08\/comunicado_nuevo.jpg","contentUrl":"https:\/\/www.tecdmx.org.mx\/wp-content\/uploads\/2020\/08\/comunicado_nuevo.jpg","width":600,"height":366},{"@type":"BreadcrumbList","@id":"https:\/\/www.tecdmx.org.mx\/index.php\/comunicados\/2023\/01\/05\/boletin-n-01\/#breadcrumb","itemListElement":[{"@type":"ListItem","position":1,"name":"Portada","item":"https:\/\/www.tecdmx.org.mx\/"},{"@type":"ListItem","position":2,"name":"Bolet\u00edn N\u00b0 01"}]},{"@type":"WebSite","@id":"https:\/\/www.tecdmx.org.mx\/#website","url":"https:\/\/www.tecdmx.org.mx\/","name":"Tribunal Electoral de la Ciudad de M\u00e9xico","description":"25 a\u00f1os garantizando justicia en tu elecci\u00f3n","potentialAction":[{"@type":"SearchAction","target":{"@type":"EntryPoint","urlTemplate":"https:\/\/www.tecdmx.org.mx\/?s={search_term_string}"},"query-input":"required name=search_term_string"}],"inLanguage":"es"},{"@type":"Person","@id":"https:\/\/www.tecdmx.org.mx\/#\/schema\/person\/208c898199fb3234203823c5f0cf31d6","name":"Difusion2025","image":{"@type":"ImageObject","inLanguage":"es","@id":"https:\/\/www.tecdmx.org.mx\/#\/schema\/person\/image\/","url":"https:\/\/secure.gravatar.com\/avatar\/6f7a4ba3acb418040e90a2eb99b5df28?s=96&d=mm&r=g","contentUrl":"https:\/\/secure.gravatar.com\/avatar\/6f7a4ba3acb418040e90a2eb99b5df28?s=96&d=mm&r=g","caption":"Difusion2025"}}]}},"_links":{"self":[{"href":"https:\/\/www.tecdmx.org.mx\/index.php\/wp-json\/wp\/v2\/posts\/41396"}],"collection":[{"href":"https:\/\/www.tecdmx.org.mx\/index.php\/wp-json\/wp\/v2\/posts"}],"about":[{"href":"https:\/\/www.tecdmx.org.mx\/index.php\/wp-json\/wp\/v2\/types\/post"}],"author":[{"embeddable":true,"href":"https:\/\/www.tecdmx.org.mx\/index.php\/wp-json\/wp\/v2\/users\/13"}],"replies":[{"embeddable":true,"href":"https:\/\/www.tecdmx.org.mx\/index.php\/wp-json\/wp\/v2\/comments?post=41396"}],"version-history":[{"count":2,"href":"https:\/\/www.tecdmx.org.mx\/index.php\/wp-json\/wp\/v2\/posts\/41396\/revisions"}],"predecessor-version":[{"id":41399,"href":"https:\/\/www.tecdmx.org.mx\/index.php\/wp-json\/wp\/v2\/posts\/41396\/revisions\/41399"}],"wp:featuredmedia":[{"embeddable":true,"href":"https:\/\/www.tecdmx.org.mx\/index.php\/wp-json\/wp\/v2\/media\/21168"}],"wp:attachment":[{"href":"https:\/\/www.tecdmx.org.mx\/index.php\/wp-json\/wp\/v2\/media?parent=41396"}],"wp:term":[{"taxonomy":"category","embeddable":true,"href":"https:\/\/www.tecdmx.org.mx\/index.php\/wp-json\/wp\/v2\/categories?post=41396"},{"taxonomy":"post_tag","embeddable":true,"href":"https:\/\/www.tecdmx.org.mx\/index.php\/wp-json\/wp\/v2\/tags?post=41396"}],"curies":[{"name":"wp","href":"https:\/\/api.w.org\/{rel}","templated":true}]}}