{"id":42062,"date":"2023-02-16T20:54:39","date_gmt":"2023-02-17T02:54:39","guid":{"rendered":"https:\/\/www.tecdmx.org.mx\/?p=42062"},"modified":"2023-02-16T20:54:42","modified_gmt":"2023-02-17T02:54:42","slug":"boletin-n-10__trashed","status":"publish","type":"post","link":"https:\/\/www.tecdmx.org.mx\/index.php\/comunicados\/2023\/02\/16\/boletin-n-10__trashed\/","title":{"rendered":"Bolet\u00edn N\u00b0 10"},"content":{"rendered":"\n<p>Ciudad de M\u00e9xico, a 16 de febrero de 2023<\/p>\n\n\n\n<p>Bolet\u00edn N\u00b0 10<\/p>\n\n\n\n<p><strong>Confirma TECDMX oficio del IECM en el que notific\u00f3 saldo actualizado pendiente de reintegrar en 2019 y retenci\u00f3n del financiamiento p\u00fablico, aplicables en enero de 2023<\/strong><\/p>\n\n\n\n<p>Esta tarde, en Sesi\u00f3n P\u00fablica, el Pleno del Tribunal Electoral de la Ciudad de M\u00e9xico (TECDMX) confirm\u00f3 el oficio de 9 de enero del presente a\u00f1o mediante el cual la Direcci\u00f3n Ejecutiva de Asociaciones Pol\u00edticas y Fiscalizaci\u00f3n del Instituto Electoral de la Ciudad de M\u00e9xico (IECM) le notific\u00f3 al Partido Morena el saldo actualizado pendiente por reintegrar por concepto de remanente de operaci\u00f3n de dos mil diecinueve, as\u00ed como el monto mensual de la retenci\u00f3n del financiamiento p\u00fablico para actividades ordinarias permanentes a aplicar en enero del presente a\u00f1o.<\/p>\n\n\n\n<p>Lo anterior, porque la autoridad responsable s\u00ed estaba facultada para ordenar la retenci\u00f3n de ministraciones p\u00fablicas y deb\u00eda actualizar el saldo a reintegrar de forma mensual.<a href=\"#_ftn1\" id=\"_ftnref1\">[1]<\/a><\/p>\n\n\n\n<p>Por otra parte, las magistradas y los magistrados revocaron la Segunda Convocatoria para la elecci\u00f3n de la Autoridad Tradicional \u201cSubdelegaci\u00f3n\u201d emitida por la Junta C\u00edvica del Pueblo de Chimalcoyoc, demarcaci\u00f3n Tlalpan as\u00ed como la omisi\u00f3n de otorgarle la constancia de registro para contender a dicho cargo y la falta de respuesta a su escrito presentado el 14 de noviembre de 2022, toda vez que result\u00f3 evidente que la imposici\u00f3n de un requisito novedoso no previsto en la Primera Convocatoria sea inadmisible al tratarse de una norma privativa.<a href=\"#_ftn2\" id=\"_ftnref2\">[2]<\/a><\/p>\n\n\n\n<p>Al resolver otro juicio, las magistraturas modificaron la Convocatoria dirigida a las personas habitantes de los pueblos para participar en el proceso de Presupuesto Participativo 2023 y 2024, emitida por el Consejo General del IECM y el acuerdo mediante el cual se aprob\u00f3; toda vez que no se consider\u00f3 la realizaci\u00f3n de asambleas previas de diagn\u00f3stico por parte de los pueblos y barrios originarios reconocidos en el Marco Geogr\u00e1fico ni la implementaci\u00f3n de un \u00f3rgano dictaminador para analizar la viabilidad de los proyectos propuestos.<a href=\"#_ftn3\" id=\"_ftnref3\">[3]<\/a><\/p>\n\n\n\n<p>En otro orden de ideas, el Pleno confirm\u00f3 el oficio 71 de 2023 del Secretario Ejecutivo del IECM por medio del cual dio respuesta a solicitud sobre la negativa de reconocimiento como pueblo originario para participar en el proceso de participaci\u00f3n ciudadana en curso, pues el Secretario indic\u00f3 que, de acuerdo con el procedimiento implementado entre la Secretar\u00eda de Pueblos y el Instituto Electoral, le corresponde en primera instancia a la SEPI acabar los trabajos sobre la actualizaci\u00f3n del Sistema de Registro, para despu\u00e9s informar esto al IECM y \u00e9ste actualice el Marco Geogr\u00e1fico.<a href=\"#_ftn4\" id=\"_ftnref4\">[4]<\/a><\/p>\n\n\n\n<p>De igual forma, el Pleno confirm\u00f3 los oficios 60 y 62 mediante los cuales el Secretario Ejecutivo determin\u00f3 que, de acuerdo con el procedimiento implementado entre la Secretar\u00eda de Pueblos y el Instituto Electoral, le corresponde en primera instancia a la SEPI acabar los trabajos sobre la actualizaci\u00f3n del Sistema de Registro, para despu\u00e9s informar esto al Instituto Electoral y \u00e9ste actualice el Marco Geogr\u00e1fico.<\/p>\n\n\n\n<p>Asimismo, determin\u00f3 sobreseer los agravios encaminados a controvertir el \u201cDocumento rector para la obtenci\u00f3n del Marco Geogr\u00e1fico de Participaci\u00f3n Ciudadana 2022\u201d, al haber sido presentados de manera extempor\u00e1nea.<a href=\"#_ftn5\" id=\"_ftnref5\">[5]<\/a><\/p>\n\n\n\n<p>En otro juicio, las magistraturas declararon la inexistencia de la omisi\u00f3n del Titular de la Direcci\u00f3n General de Evaluaci\u00f3n de Impacto y Regulaci\u00f3n Ambiental de la Secretar\u00eda del Medio Ambiente de la Ciudad de M\u00e9xico de resolver el recurso de inconformidad respecto de la realizaci\u00f3n de una Consulta Ciudadana relacionada con un proyecto de construcci\u00f3n que se pretende en la Unidad Territorial Jardines del Pedregal, Demarcaci\u00f3n \u00c1lvaro Obreg\u00f3n.<a href=\"#_ftn6\" id=\"_ftnref6\">[6]<\/a><\/p>\n\n\n\n<p>En otro orden de ideas, el Pleno resolvi\u00f3 tres Procedimientos Especiales Sancionadores de la siguiente manera:<\/p>\n\n\n\n<figure class=\"wp-block-table is-style-regular\"><table><tbody><tr><td><strong>Expediente<\/strong><\/td><td><strong>Hecho Denunciado<\/strong><\/td><td><strong>Resoluci\u00f3n<\/strong><\/td><\/tr><tr><td><strong>TECDMX-PES-160\/2021<\/strong><\/td><td>La publicaci\u00f3n de un video en la red social Facebook atribuida a Alicia Sobrado. &nbsp; Violencia Pol\u00edtica contra las Mujeres en Raz\u00f3n de G\u00e9nero, atribuida a Alicia Amalia Sobrado Gonz\u00e1lez y X\u00f3chitl Quetzalli \u00c1vila Infante. &nbsp; Calumnia, atribuida a las otroras candidatas Alicia Amalia Sobrado Gonz\u00e1lez, Claudia Guadalupe Salgado Arizmendi, Miriam Hern\u00e1ndez S\u00e1nchez y X\u00f3chitl Quetzalli \u00c1vila Infante. &nbsp; <em>Culpa in vigilando <\/em>a lospartidos pol\u00edticos Encuentro Solidario, Redes Sociales Progresistas, Fuerza por M\u00e9xico y Revolucionario Institucional<em>.<\/em><\/td><td>Inexistencia de las infracciones denunciadas.<\/td><\/tr><tr><td><strong>TECDMX-PES-047\/2022<\/strong><\/td><td>Actos anticipados de campa\u00f1a, promoci\u00f3n personalizada, uso indebido de recursos p\u00fablicos<s>,<\/s> y vulneraci\u00f3n a las reglas sobre presentaci\u00f3n y rendici\u00f3n de informes de labores, atribuidos a diversas personas servidoras p\u00fabicas, otroras legisladoras locales, alcaldesa y concejala. &nbsp; <em>Culpa in vigilando<\/em> a los partidos Morena, Del Trabajo y Verde Ecologista de M\u00e9xico y de personas militantes.<\/td><td>Sobreseimiento respecto a Eduardo Santill\u00e1n y Evelyn Parra, al actualizarse la eficacia directa de la cosa juzgada. &nbsp; Existenciade la infracci\u00f3n consistente en actos anticipados de campa\u00f1a respecto a Carlos Castillo y Gerardo Villanueva, as\u00ed como <em>culpa in vigilando<\/em> al Partido Morena, por lo que se les impuso una amonestaci\u00f3n. &nbsp; Existencia de la promoci\u00f3n personalizada respecto a Ana Cristina Hern\u00e1ndez y Carlos Castillo y, en consecuencia, se orden\u00f3 dar vista a su superior jer\u00e1rquico. &nbsp; Inexistencia de las dem\u00e1s infracciones denunciadas.<\/td><\/tr><tr><td><strong>TECDMX-PES-002\/2023<\/strong><\/td><td>Violencia pol\u00edtica en contra de las mujeres por raz\u00f3n de g\u00e9nero, atribuida<s>s<\/s> a personas servidoras p\u00fablicas de la Alcald\u00eda Coyoac\u00e1n, as\u00ed como de personas vecinas de la Unidad Territorial Pedregal de Santo Domingo IV, de dicha demarcaci\u00f3n.<\/td><td>Sobreseimientorespecto de las personas servidoras p\u00fablicas de la Alcald\u00eda Coyoac\u00e1n. &nbsp; Inexistenciade la infracci\u00f3n atribuida a las personas vecinas de la Unidad Territorial Pedregal de Santo Domingo IV.<\/td><\/tr><\/tbody><\/table><\/figure>\n\n\n\n<p><strong>o-O-o<\/strong><\/p>\n\n\n\n<hr class=\"wp-block-separator\"\/>\n\n\n\n<p><a href=\"#_ftnref1\" id=\"_ftn1\">[1]<\/a> TECDMX-JEL-003\/2023<\/p>\n\n\n\n<p><a href=\"#_ftnref2\" id=\"_ftn2\">[2]<\/a> TECDMX-JLDC-193\/2022 y su acumulado TECDMX-JLDC-198\/2022<\/p>\n\n\n\n<p><a href=\"#_ftnref3\" id=\"_ftn3\">[3]<\/a> TECDMX-JLDC-003\/2023<\/p>\n\n\n\n<p><a href=\"#_ftnref4\" id=\"_ftn4\">[4]<\/a> TECDMX-JLDC-004\/2023<\/p>\n\n\n\n<p><a href=\"#_ftnref5\" id=\"_ftn5\">[5]<\/a> TECDMX-JLDC-005\/2023 y sus acumulados TECDMX-JLDC-006\/2023 y TECDMX-JLDC-007\/2023<\/p>\n\n\n\n<p><a href=\"#_ftnref6\" id=\"_ftn6\">[6]<\/a> TECDMX-JLDC-009\/2023<\/p>\n","protected":false},"excerpt":{"rendered":"<p>Ciudad de M\u00e9xico, a 16 de febrero de 2023 Bolet\u00edn N\u00b0 10 Confirma TECDMX oficio del IECM en el que notific\u00f3 saldo actualizado pendiente de reintegrar en 2019 y retenci\u00f3n [&hellip;]<\/p>\n","protected":false},"author":13,"featured_media":21168,"comment_status":"open","ping_status":"open","sticky":false,"template":"","format":"standard","meta":{"_acf_changed":false,"_exactmetrics_skip_tracking":false,"_exactmetrics_sitenote_active":false,"_exactmetrics_sitenote_note":"","_exactmetrics_sitenote_category":0,"footnotes":""},"categories":[32,47],"tags":[],"acf":[],"yoast_head":"<!-- This site is optimized with the Yoast SEO plugin v22.3 - https:\/\/yoast.com\/wordpress\/plugins\/seo\/ -->\n<title>Bolet\u00edn N\u00b0 10 - Tribunal Electoral de la Ciudad de M\u00e9xico<\/title>\n<meta name=\"robots\" content=\"index, follow, max-snippet:-1, max-image-preview:large, max-video-preview:-1\" \/>\n<link rel=\"canonical\" href=\"https:\/\/www.tecdmx.org.mx\/index.php\/comunicados\/2023\/02\/16\/boletin-n-10\/\" \/>\n<meta property=\"og:locale\" content=\"es_ES\" \/>\n<meta property=\"og:type\" content=\"article\" \/>\n<meta property=\"og:title\" content=\"Bolet\u00edn N\u00b0 10 - Tribunal Electoral de la Ciudad de M\u00e9xico\" \/>\n<meta property=\"og:description\" content=\"Ciudad de M\u00e9xico, a 16 de febrero de 2023 Bolet\u00edn N\u00b0 10 Confirma TECDMX oficio del IECM en el que notific\u00f3 saldo actualizado pendiente de reintegrar en 2019 y retenci\u00f3n [&hellip;]\" \/>\n<meta property=\"og:url\" content=\"https:\/\/www.tecdmx.org.mx\/index.php\/comunicados\/2023\/02\/16\/boletin-n-10\/\" \/>\n<meta property=\"og:site_name\" content=\"Tribunal Electoral de la Ciudad de M\u00e9xico\" \/>\n<meta property=\"article:publisher\" content=\"https:\/\/www.facebook.com\/TECDMX\/\" \/>\n<meta property=\"article:published_time\" content=\"2023-02-17T02:54:39+00:00\" \/>\n<meta property=\"article:modified_time\" content=\"2023-02-17T02:54:42+00:00\" \/>\n<meta property=\"og:image\" content=\"https:\/\/www.tecdmx.org.mx\/wp-content\/uploads\/2020\/08\/comunicado_nuevo.jpg\" \/>\n\t<meta property=\"og:image:width\" content=\"600\" \/>\n\t<meta property=\"og:image:height\" content=\"366\" \/>\n\t<meta property=\"og:image:type\" content=\"image\/jpeg\" \/>\n<meta name=\"author\" content=\"Difusion2025\" \/>\n<meta name=\"twitter:card\" content=\"summary_large_image\" \/>\n<meta name=\"twitter:creator\" content=\"@tecdmx\" \/>\n<meta name=\"twitter:site\" content=\"@tecdmx\" \/>\n<meta name=\"twitter:label1\" content=\"Escrito por\" \/>\n\t<meta name=\"twitter:data1\" content=\"Difusion2025\" \/>\n\t<meta name=\"twitter:label2\" content=\"Tiempo de lectura\" \/>\n\t<meta name=\"twitter:data2\" content=\"5 minutos\" \/>\n<script type=\"application\/ld+json\" class=\"yoast-schema-graph\">{\"@context\":\"https:\/\/schema.org\",\"@graph\":[{\"@type\":\"WebPage\",\"@id\":\"https:\/\/www.tecdmx.org.mx\/index.php\/comunicados\/2023\/02\/16\/boletin-n-10\/\",\"url\":\"https:\/\/www.tecdmx.org.mx\/index.php\/comunicados\/2023\/02\/16\/boletin-n-10\/\",\"name\":\"Bolet\u00edn N\u00b0 10 - Tribunal Electoral de la Ciudad de M\u00e9xico\",\"isPartOf\":{\"@id\":\"https:\/\/www.tecdmx.org.mx\/#website\"},\"primaryImageOfPage\":{\"@id\":\"https:\/\/www.tecdmx.org.mx\/index.php\/comunicados\/2023\/02\/16\/boletin-n-10\/#primaryimage\"},\"image\":{\"@id\":\"https:\/\/www.tecdmx.org.mx\/index.php\/comunicados\/2023\/02\/16\/boletin-n-10\/#primaryimage\"},\"thumbnailUrl\":\"https:\/\/www.tecdmx.org.mx\/wp-content\/uploads\/2020\/08\/comunicado_nuevo.jpg\",\"datePublished\":\"2023-02-17T02:54:39+00:00\",\"dateModified\":\"2023-02-17T02:54:42+00:00\",\"author\":{\"@id\":\"https:\/\/www.tecdmx.org.mx\/#\/schema\/person\/208c898199fb3234203823c5f0cf31d6\"},\"breadcrumb\":{\"@id\":\"https:\/\/www.tecdmx.org.mx\/index.php\/comunicados\/2023\/02\/16\/boletin-n-10\/#breadcrumb\"},\"inLanguage\":\"es\",\"potentialAction\":[{\"@type\":\"ReadAction\",\"target\":[\"https:\/\/www.tecdmx.org.mx\/index.php\/comunicados\/2023\/02\/16\/boletin-n-10\/\"]}]},{\"@type\":\"ImageObject\",\"inLanguage\":\"es\",\"@id\":\"https:\/\/www.tecdmx.org.mx\/index.php\/comunicados\/2023\/02\/16\/boletin-n-10\/#primaryimage\",\"url\":\"https:\/\/www.tecdmx.org.mx\/wp-content\/uploads\/2020\/08\/comunicado_nuevo.jpg\",\"contentUrl\":\"https:\/\/www.tecdmx.org.mx\/wp-content\/uploads\/2020\/08\/comunicado_nuevo.jpg\",\"width\":600,\"height\":366},{\"@type\":\"BreadcrumbList\",\"@id\":\"https:\/\/www.tecdmx.org.mx\/index.php\/comunicados\/2023\/02\/16\/boletin-n-10\/#breadcrumb\",\"itemListElement\":[{\"@type\":\"ListItem\",\"position\":1,\"name\":\"Portada\",\"item\":\"https:\/\/www.tecdmx.org.mx\/\"},{\"@type\":\"ListItem\",\"position\":2,\"name\":\"Bolet\u00edn N\u00b0 10\"}]},{\"@type\":\"WebSite\",\"@id\":\"https:\/\/www.tecdmx.org.mx\/#website\",\"url\":\"https:\/\/www.tecdmx.org.mx\/\",\"name\":\"Tribunal Electoral de la Ciudad de M\u00e9xico\",\"description\":\"25 a\u00f1os garantizando justicia en tu elecci\u00f3n\",\"potentialAction\":[{\"@type\":\"SearchAction\",\"target\":{\"@type\":\"EntryPoint\",\"urlTemplate\":\"https:\/\/www.tecdmx.org.mx\/?s={search_term_string}\"},\"query-input\":\"required name=search_term_string\"}],\"inLanguage\":\"es\"},{\"@type\":\"Person\",\"@id\":\"https:\/\/www.tecdmx.org.mx\/#\/schema\/person\/208c898199fb3234203823c5f0cf31d6\",\"name\":\"Difusion2025\",\"image\":{\"@type\":\"ImageObject\",\"inLanguage\":\"es\",\"@id\":\"https:\/\/www.tecdmx.org.mx\/#\/schema\/person\/image\/\",\"url\":\"https:\/\/secure.gravatar.com\/avatar\/6f7a4ba3acb418040e90a2eb99b5df28?s=96&d=mm&r=g\",\"contentUrl\":\"https:\/\/secure.gravatar.com\/avatar\/6f7a4ba3acb418040e90a2eb99b5df28?s=96&d=mm&r=g\",\"caption\":\"Difusion2025\"}}]}<\/script>\n<!-- \/ Yoast SEO plugin. -->","yoast_head_json":{"title":"Bolet\u00edn N\u00b0 10 - Tribunal Electoral de la Ciudad de M\u00e9xico","robots":{"index":"index","follow":"follow","max-snippet":"max-snippet:-1","max-image-preview":"max-image-preview:large","max-video-preview":"max-video-preview:-1"},"canonical":"https:\/\/www.tecdmx.org.mx\/index.php\/comunicados\/2023\/02\/16\/boletin-n-10\/","og_locale":"es_ES","og_type":"article","og_title":"Bolet\u00edn N\u00b0 10 - Tribunal Electoral de la Ciudad de M\u00e9xico","og_description":"Ciudad de M\u00e9xico, a 16 de febrero de 2023 Bolet\u00edn N\u00b0 10 Confirma TECDMX oficio del IECM en el que notific\u00f3 saldo actualizado pendiente de reintegrar en 2019 y retenci\u00f3n [&hellip;]","og_url":"https:\/\/www.tecdmx.org.mx\/index.php\/comunicados\/2023\/02\/16\/boletin-n-10\/","og_site_name":"Tribunal Electoral de la Ciudad de M\u00e9xico","article_publisher":"https:\/\/www.facebook.com\/TECDMX\/","article_published_time":"2023-02-17T02:54:39+00:00","article_modified_time":"2023-02-17T02:54:42+00:00","og_image":[{"width":600,"height":366,"url":"https:\/\/www.tecdmx.org.mx\/wp-content\/uploads\/2020\/08\/comunicado_nuevo.jpg","type":"image\/jpeg"}],"author":"Difusion2025","twitter_card":"summary_large_image","twitter_creator":"@tecdmx","twitter_site":"@tecdmx","twitter_misc":{"Escrito por":"Difusion2025","Tiempo de lectura":"5 minutos"},"schema":{"@context":"https:\/\/schema.org","@graph":[{"@type":"WebPage","@id":"https:\/\/www.tecdmx.org.mx\/index.php\/comunicados\/2023\/02\/16\/boletin-n-10\/","url":"https:\/\/www.tecdmx.org.mx\/index.php\/comunicados\/2023\/02\/16\/boletin-n-10\/","name":"Bolet\u00edn N\u00b0 10 - Tribunal Electoral de la Ciudad de M\u00e9xico","isPartOf":{"@id":"https:\/\/www.tecdmx.org.mx\/#website"},"primaryImageOfPage":{"@id":"https:\/\/www.tecdmx.org.mx\/index.php\/comunicados\/2023\/02\/16\/boletin-n-10\/#primaryimage"},"image":{"@id":"https:\/\/www.tecdmx.org.mx\/index.php\/comunicados\/2023\/02\/16\/boletin-n-10\/#primaryimage"},"thumbnailUrl":"https:\/\/www.tecdmx.org.mx\/wp-content\/uploads\/2020\/08\/comunicado_nuevo.jpg","datePublished":"2023-02-17T02:54:39+00:00","dateModified":"2023-02-17T02:54:42+00:00","author":{"@id":"https:\/\/www.tecdmx.org.mx\/#\/schema\/person\/208c898199fb3234203823c5f0cf31d6"},"breadcrumb":{"@id":"https:\/\/www.tecdmx.org.mx\/index.php\/comunicados\/2023\/02\/16\/boletin-n-10\/#breadcrumb"},"inLanguage":"es","potentialAction":[{"@type":"ReadAction","target":["https:\/\/www.tecdmx.org.mx\/index.php\/comunicados\/2023\/02\/16\/boletin-n-10\/"]}]},{"@type":"ImageObject","inLanguage":"es","@id":"https:\/\/www.tecdmx.org.mx\/index.php\/comunicados\/2023\/02\/16\/boletin-n-10\/#primaryimage","url":"https:\/\/www.tecdmx.org.mx\/wp-content\/uploads\/2020\/08\/comunicado_nuevo.jpg","contentUrl":"https:\/\/www.tecdmx.org.mx\/wp-content\/uploads\/2020\/08\/comunicado_nuevo.jpg","width":600,"height":366},{"@type":"BreadcrumbList","@id":"https:\/\/www.tecdmx.org.mx\/index.php\/comunicados\/2023\/02\/16\/boletin-n-10\/#breadcrumb","itemListElement":[{"@type":"ListItem","position":1,"name":"Portada","item":"https:\/\/www.tecdmx.org.mx\/"},{"@type":"ListItem","position":2,"name":"Bolet\u00edn N\u00b0 10"}]},{"@type":"WebSite","@id":"https:\/\/www.tecdmx.org.mx\/#website","url":"https:\/\/www.tecdmx.org.mx\/","name":"Tribunal Electoral de la Ciudad de M\u00e9xico","description":"25 a\u00f1os garantizando justicia en tu elecci\u00f3n","potentialAction":[{"@type":"SearchAction","target":{"@type":"EntryPoint","urlTemplate":"https:\/\/www.tecdmx.org.mx\/?s={search_term_string}"},"query-input":"required name=search_term_string"}],"inLanguage":"es"},{"@type":"Person","@id":"https:\/\/www.tecdmx.org.mx\/#\/schema\/person\/208c898199fb3234203823c5f0cf31d6","name":"Difusion2025","image":{"@type":"ImageObject","inLanguage":"es","@id":"https:\/\/www.tecdmx.org.mx\/#\/schema\/person\/image\/","url":"https:\/\/secure.gravatar.com\/avatar\/6f7a4ba3acb418040e90a2eb99b5df28?s=96&d=mm&r=g","contentUrl":"https:\/\/secure.gravatar.com\/avatar\/6f7a4ba3acb418040e90a2eb99b5df28?s=96&d=mm&r=g","caption":"Difusion2025"}}]}},"_links":{"self":[{"href":"https:\/\/www.tecdmx.org.mx\/index.php\/wp-json\/wp\/v2\/posts\/42062"}],"collection":[{"href":"https:\/\/www.tecdmx.org.mx\/index.php\/wp-json\/wp\/v2\/posts"}],"about":[{"href":"https:\/\/www.tecdmx.org.mx\/index.php\/wp-json\/wp\/v2\/types\/post"}],"author":[{"embeddable":true,"href":"https:\/\/www.tecdmx.org.mx\/index.php\/wp-json\/wp\/v2\/users\/13"}],"replies":[{"embeddable":true,"href":"https:\/\/www.tecdmx.org.mx\/index.php\/wp-json\/wp\/v2\/comments?post=42062"}],"version-history":[{"count":2,"href":"https:\/\/www.tecdmx.org.mx\/index.php\/wp-json\/wp\/v2\/posts\/42062\/revisions"}],"predecessor-version":[{"id":42065,"href":"https:\/\/www.tecdmx.org.mx\/index.php\/wp-json\/wp\/v2\/posts\/42062\/revisions\/42065"}],"wp:featuredmedia":[{"embeddable":true,"href":"https:\/\/www.tecdmx.org.mx\/index.php\/wp-json\/wp\/v2\/media\/21168"}],"wp:attachment":[{"href":"https:\/\/www.tecdmx.org.mx\/index.php\/wp-json\/wp\/v2\/media?parent=42062"}],"wp:term":[{"taxonomy":"category","embeddable":true,"href":"https:\/\/www.tecdmx.org.mx\/index.php\/wp-json\/wp\/v2\/categories?post=42062"},{"taxonomy":"post_tag","embeddable":true,"href":"https:\/\/www.tecdmx.org.mx\/index.php\/wp-json\/wp\/v2\/tags?post=42062"}],"curies":[{"name":"wp","href":"https:\/\/api.w.org\/{rel}","templated":true}]}}