{"id":42380,"date":"2023-03-02T21:38:44","date_gmt":"2023-03-03T03:38:44","guid":{"rendered":"https:\/\/www.tecdmx.org.mx\/?p=42380"},"modified":"2023-03-02T21:38:47","modified_gmt":"2023-03-03T03:38:47","slug":"boletin-n-11__trashed","status":"publish","type":"post","link":"https:\/\/www.tecdmx.org.mx\/index.php\/comunicados\/2023\/03\/02\/boletin-n-11__trashed\/","title":{"rendered":"Bolet\u00edn N\u00b0 11"},"content":{"rendered":"\n<p class=\"has-text-align-right\">Ciudad de M\u00e9xico, a 2 de marzo de 2023<\/p>\n\n\n\n<p class=\"has-text-align-right\">Bolet\u00edn N\u00b0 11<\/p>\n\n\n\n<p class=\"has-text-align-center\"><strong>Confirma TECDMX el Acuerdo del IECM en el que dict\u00f3 una medida de tutela preventiva oficiosa<\/strong><\/p>\n\n\n\n<p>Esta tarde, en Sesi\u00f3n P\u00fablica, el Pleno del Tribunal Electoral de la Ciudad de M\u00e9xico (TECDMX) confirm\u00f3 el acuerdo emitido por la Comisi\u00f3n Permanente de Quejas del Instituto Electoral de la Ciudad de M\u00e9xico (IECM), en el que dict\u00f3 una medida de tutela preventiva oficiosa, instruyendo al Gobierno de la Ciudad de M\u00e9xico y al Director de Verificaci\u00f3n de esta entidad para que se abstuvieran de condicionar la prestaci\u00f3n o entrega de agua a la exhibici\u00f3n de una manta en las pipas correspondientes, ordenando para tal efecto emitir un comunicado a la Alcald\u00eda Cuauht\u00e9moc en el que se le informara de ello.<\/p>\n\n\n\n<p>Lo anterior, toda vez que las magistradas y magistrados consideraron que la autoridad responsable fund\u00f3 y motiv\u00f3 correctamente el acuerdo en comento. <a href=\"#_ftn1\" id=\"_ftnref1\">[1]<\/a><\/p>\n\n\n\n<p>Al resolver otro juicio, las magistraturas confirmaron la constancia de selecci\u00f3n por insaculaci\u00f3n de las personas que formar\u00e1n parte del \u00d3rgano Dictaminador de los proyectos registrados para la Consulta de Presupuesto Participativo 2023-2024 en la Alcald\u00eda Cuajimalpa. Lo anterior, porque la acreditaci\u00f3n de un requisito una vez finalizado el proceso de designaci\u00f3n, como es la integraci\u00f3n del \u00d3rgano Dictaminador, adquiere una categor\u00eda de presunci\u00f3n de plena validez, por lo que la carga de la prueba corresponde a la persona que promueva el medio de impugnaci\u00f3n.<a href=\"#_ftn2\" id=\"_ftnref2\">[2]<\/a><\/p>\n\n\n\n<p>En otro orden de ideas, el Pleno revoc\u00f3 la Convocatoria Extraordinaria para la renovaci\u00f3n de los integrantes del Patronato del Pueblo Originario de San Andr\u00e9s Totoltepec, demarcaci\u00f3n Tlalpan. En tal juicio, la parte actora refiri\u00f3 que la persona emisora de la convocatoria carec\u00eda de legitimidad para expedirla, porque mediante una asamblea se determin\u00f3 la desaparici\u00f3n del Patronato. No obstante, no se advierte que la Asamblea haya desaparecido al Patronato como autoridad tradicional, pues \u00fanicamente se decidi\u00f3 que el Concejo de Gobierno continuara desempe\u00f1ando las funciones del Patronato. Aun as\u00ed, no existe certeza sobre quien debe emitir la convocatoria para renovar al Patronato, de ah\u00ed que se consider\u00f3 que lo procedente es su revocaci\u00f3n.<a href=\"#_ftn3\" id=\"_ftnref3\">[3]<\/a><\/p>\n\n\n\n<p>Por otra parte, el Pleno confirm\u00f3 los resultados de la Asamblea electiva realizada el 13 de noviembre de 2022 para la Elecci\u00f3n de la Coordinadora o Coordinador Territorial del Pueblo de San Juan Ixtayopan en la Alcald\u00eda Tl\u00e1huac, ya que del an\u00e1lisis de las constancias elaboradas el d\u00eda de la jornada electiva a la luz de la Convocatoria, se determin\u00f3 que la Asamblea se realiz\u00f3 de acuerdo con lo establecido previamente.<a href=\"#_ftn4\" id=\"_ftnref4\">[4]<\/a><\/p>\n\n\n\n<p>En otro orden de ideas, el Pleno resolvi\u00f3 tres Procedimientos Especiales Sancionadores de la siguiente manera:<\/p>\n\n\n\n<figure class=\"wp-block-table\"><table><tbody><tr><td><strong>Expediente<\/strong><\/td><td><strong>Infracciones denunciadas<\/strong><\/td><td><strong>Resoluci\u00f3n<\/strong><\/td><\/tr><tr><td><strong>TECDMX-PES-044\/2022<\/strong><\/td><td>Actos anticipados de precampa\u00f1a y campa\u00f1a, promoci\u00f3n personalizada, uso indebido de recursos p\u00fablicos y culpa in vigilando; atribuidas a Patricia Elena Aceves Pastrana, Ma. de Lourdes Torres S\u00e1nchez, Jos\u00e9 Alejandro Camacho Ventura, Estrella Isabel Guadarrama, Claudia L\u00f3pez Ray\u00f3n, X\u00f3chitl Bravo Espinoza y otras<em><\/em><\/td><td>Se determin\u00f3 la escisi\u00f3n e incompetencia respecto a Claudia L\u00f3pez Ray\u00f3n y Estrella Isabel Guadarrama, as\u00ed como remitir las constancias al Instituto Nacional Electoral para que, en el \u00e1mbito de sus atribuciones, determine lo que en derecho corresponda. &nbsp; Se resolvi\u00f3 la inexistencia de las infracciones denunciadas.<\/td><\/tr><tr><td><strong>TECDMX-PES-001\/2023<\/strong><\/td><td>Presunta realizaci\u00f3n de violencia pol\u00edtica contra las mujeres en raz\u00f3n de g\u00e9nero, atribuida a \u00c1ngel Flores Patricio y \u00c1ngel Delgado Ram\u00edrez, Director General, y Enlace de Seguridad en Aculco de la Alcald\u00eda Iztapalapa.<\/td><td>Se determin\u00f3 la inexistencia de las infracciones denunciadas. &nbsp; Se dejaron sin efectos las medidas cautelares en la modalidad de tutela preventiva.<\/td><\/tr><tr><td><strong>TECDMX-PES-007\/2023<\/strong><\/td><td>Coacci\u00f3n al voto, atribuida a Nazario Norberto S\u00e1nchez, entonces candidato a Diputado al Congreso de la Ciudad de M\u00e9xico <em>y <\/em>culpa<em> in vigilando <\/em>a los partidos Morena y del Trabajo, as\u00ed como a la \u201cUni\u00f3n de Colonos L\u00e1zaro C\u00e1rdenas en defensa de tus derechos y tu econom\u00eda asociaci\u00f3n civil\u201d.<\/td><td>Se determin\u00f3 la inexistencia de las infracciones denunciadas. &nbsp;<\/td><\/tr><\/tbody><\/table><\/figure>\n\n\n\n<p>Finalmente, las magistraturas desecharon de plano las demandas de los juicios TECDMX-JEL-005\/2023, toda vez que no se advierte una afectaci\u00f3n real, directa e inmediata a los derechos de la parte promovente, por lo que hay imposibilidad para analizar los agravios esgrimidos; as\u00ed como TECDMX-JEL-006\/2023 al existir dos demandas presentadas por la parte actora con id\u00e9ntico contenido y pretensi\u00f3n, por lo que no fue procedente dar tr\u00e1mite a la segunda de ellas, toda vez que se actualiz\u00f3 la extinci\u00f3n del derecho a impugnar.<\/p>\n\n\n\n<p class=\"has-text-align-center\"><strong>o-O-o<\/strong><\/p>\n\n\n\n<hr class=\"wp-block-separator\"\/>\n\n\n\n<p><a href=\"#_ftnref1\" id=\"_ftn1\">[1]<\/a> TECDMX-JEL-395\/2022<\/p>\n\n\n\n<p><a href=\"#_ftnref2\" id=\"_ftn2\">[2]<\/a> TECDMX-JEL-008\/2023<\/p>\n\n\n\n<p><a href=\"#_ftnref3\" id=\"_ftn3\">[3]<\/a> TECDMX-JLDC-182\/2022, en cumplimiento de sentencia de la Sala Regional Ciudad de M\u00e9xico del TEPJF.<\/p>\n\n\n\n<p><a href=\"#_ftnref4\" id=\"_ftn4\">[4]<\/a> TECDMX-JLDC-197\/2022<\/p>\n","protected":false},"excerpt":{"rendered":"<p>Ciudad de M\u00e9xico, a 2 de marzo de 2023 Bolet\u00edn N\u00b0 11 Confirma TECDMX el Acuerdo del IECM en el que dict\u00f3 una medida de tutela preventiva oficiosa Esta tarde, [&hellip;]<\/p>\n","protected":false},"author":13,"featured_media":21168,"comment_status":"open","ping_status":"open","sticky":false,"template":"","format":"standard","meta":{"_acf_changed":false,"_exactmetrics_skip_tracking":false,"_exactmetrics_sitenote_active":false,"_exactmetrics_sitenote_note":"","_exactmetrics_sitenote_category":0,"footnotes":""},"categories":[32,47],"tags":[],"acf":[],"yoast_head":"<!-- This site is optimized with the Yoast SEO plugin v22.3 - https:\/\/yoast.com\/wordpress\/plugins\/seo\/ -->\n<title>Bolet\u00edn N\u00b0 11 - Tribunal Electoral de la Ciudad de M\u00e9xico<\/title>\n<meta name=\"robots\" content=\"index, follow, max-snippet:-1, max-image-preview:large, max-video-preview:-1\" \/>\n<link rel=\"canonical\" href=\"https:\/\/www.tecdmx.org.mx\/index.php\/comunicados\/2023\/03\/02\/boletin-n-11\/\" \/>\n<meta property=\"og:locale\" content=\"es_ES\" \/>\n<meta property=\"og:type\" content=\"article\" \/>\n<meta property=\"og:title\" content=\"Bolet\u00edn N\u00b0 11 - Tribunal Electoral de la Ciudad de M\u00e9xico\" \/>\n<meta property=\"og:description\" content=\"Ciudad de M\u00e9xico, a 2 de marzo de 2023 Bolet\u00edn N\u00b0 11 Confirma TECDMX el Acuerdo del IECM en el que dict\u00f3 una medida de tutela preventiva oficiosa Esta tarde, [&hellip;]\" \/>\n<meta property=\"og:url\" content=\"https:\/\/www.tecdmx.org.mx\/index.php\/comunicados\/2023\/03\/02\/boletin-n-11\/\" \/>\n<meta property=\"og:site_name\" content=\"Tribunal Electoral de la Ciudad de M\u00e9xico\" \/>\n<meta property=\"article:publisher\" content=\"https:\/\/www.facebook.com\/TECDMX\/\" \/>\n<meta property=\"article:published_time\" content=\"2023-03-03T03:38:44+00:00\" \/>\n<meta property=\"article:modified_time\" content=\"2023-03-03T03:38:47+00:00\" \/>\n<meta property=\"og:image\" content=\"https:\/\/www.tecdmx.org.mx\/wp-content\/uploads\/2020\/08\/comunicado_nuevo.jpg\" \/>\n\t<meta property=\"og:image:width\" content=\"600\" \/>\n\t<meta property=\"og:image:height\" content=\"366\" \/>\n\t<meta property=\"og:image:type\" content=\"image\/jpeg\" \/>\n<meta name=\"author\" content=\"Difusion2025\" \/>\n<meta name=\"twitter:card\" content=\"summary_large_image\" \/>\n<meta name=\"twitter:creator\" content=\"@tecdmx\" \/>\n<meta name=\"twitter:site\" content=\"@tecdmx\" \/>\n<meta name=\"twitter:label1\" content=\"Escrito por\" \/>\n\t<meta name=\"twitter:data1\" content=\"Difusion2025\" \/>\n\t<meta name=\"twitter:label2\" content=\"Tiempo de lectura\" \/>\n\t<meta name=\"twitter:data2\" content=\"4 minutos\" \/>\n<script type=\"application\/ld+json\" class=\"yoast-schema-graph\">{\"@context\":\"https:\/\/schema.org\",\"@graph\":[{\"@type\":\"WebPage\",\"@id\":\"https:\/\/www.tecdmx.org.mx\/index.php\/comunicados\/2023\/03\/02\/boletin-n-11\/\",\"url\":\"https:\/\/www.tecdmx.org.mx\/index.php\/comunicados\/2023\/03\/02\/boletin-n-11\/\",\"name\":\"Bolet\u00edn N\u00b0 11 - Tribunal Electoral de la Ciudad de M\u00e9xico\",\"isPartOf\":{\"@id\":\"https:\/\/www.tecdmx.org.mx\/#website\"},\"primaryImageOfPage\":{\"@id\":\"https:\/\/www.tecdmx.org.mx\/index.php\/comunicados\/2023\/03\/02\/boletin-n-11\/#primaryimage\"},\"image\":{\"@id\":\"https:\/\/www.tecdmx.org.mx\/index.php\/comunicados\/2023\/03\/02\/boletin-n-11\/#primaryimage\"},\"thumbnailUrl\":\"https:\/\/www.tecdmx.org.mx\/wp-content\/uploads\/2020\/08\/comunicado_nuevo.jpg\",\"datePublished\":\"2023-03-03T03:38:44+00:00\",\"dateModified\":\"2023-03-03T03:38:47+00:00\",\"author\":{\"@id\":\"https:\/\/www.tecdmx.org.mx\/#\/schema\/person\/208c898199fb3234203823c5f0cf31d6\"},\"breadcrumb\":{\"@id\":\"https:\/\/www.tecdmx.org.mx\/index.php\/comunicados\/2023\/03\/02\/boletin-n-11\/#breadcrumb\"},\"inLanguage\":\"es\",\"potentialAction\":[{\"@type\":\"ReadAction\",\"target\":[\"https:\/\/www.tecdmx.org.mx\/index.php\/comunicados\/2023\/03\/02\/boletin-n-11\/\"]}]},{\"@type\":\"ImageObject\",\"inLanguage\":\"es\",\"@id\":\"https:\/\/www.tecdmx.org.mx\/index.php\/comunicados\/2023\/03\/02\/boletin-n-11\/#primaryimage\",\"url\":\"https:\/\/www.tecdmx.org.mx\/wp-content\/uploads\/2020\/08\/comunicado_nuevo.jpg\",\"contentUrl\":\"https:\/\/www.tecdmx.org.mx\/wp-content\/uploads\/2020\/08\/comunicado_nuevo.jpg\",\"width\":600,\"height\":366},{\"@type\":\"BreadcrumbList\",\"@id\":\"https:\/\/www.tecdmx.org.mx\/index.php\/comunicados\/2023\/03\/02\/boletin-n-11\/#breadcrumb\",\"itemListElement\":[{\"@type\":\"ListItem\",\"position\":1,\"name\":\"Portada\",\"item\":\"https:\/\/www.tecdmx.org.mx\/\"},{\"@type\":\"ListItem\",\"position\":2,\"name\":\"Bolet\u00edn N\u00b0 11\"}]},{\"@type\":\"WebSite\",\"@id\":\"https:\/\/www.tecdmx.org.mx\/#website\",\"url\":\"https:\/\/www.tecdmx.org.mx\/\",\"name\":\"Tribunal Electoral de la Ciudad de M\u00e9xico\",\"description\":\"25 a\u00f1os garantizando justicia en tu elecci\u00f3n\",\"potentialAction\":[{\"@type\":\"SearchAction\",\"target\":{\"@type\":\"EntryPoint\",\"urlTemplate\":\"https:\/\/www.tecdmx.org.mx\/?s={search_term_string}\"},\"query-input\":\"required name=search_term_string\"}],\"inLanguage\":\"es\"},{\"@type\":\"Person\",\"@id\":\"https:\/\/www.tecdmx.org.mx\/#\/schema\/person\/208c898199fb3234203823c5f0cf31d6\",\"name\":\"Difusion2025\",\"image\":{\"@type\":\"ImageObject\",\"inLanguage\":\"es\",\"@id\":\"https:\/\/www.tecdmx.org.mx\/#\/schema\/person\/image\/\",\"url\":\"https:\/\/secure.gravatar.com\/avatar\/6f7a4ba3acb418040e90a2eb99b5df28?s=96&d=mm&r=g\",\"contentUrl\":\"https:\/\/secure.gravatar.com\/avatar\/6f7a4ba3acb418040e90a2eb99b5df28?s=96&d=mm&r=g\",\"caption\":\"Difusion2025\"}}]}<\/script>\n<!-- \/ Yoast SEO plugin. -->","yoast_head_json":{"title":"Bolet\u00edn N\u00b0 11 - Tribunal Electoral de la Ciudad de M\u00e9xico","robots":{"index":"index","follow":"follow","max-snippet":"max-snippet:-1","max-image-preview":"max-image-preview:large","max-video-preview":"max-video-preview:-1"},"canonical":"https:\/\/www.tecdmx.org.mx\/index.php\/comunicados\/2023\/03\/02\/boletin-n-11\/","og_locale":"es_ES","og_type":"article","og_title":"Bolet\u00edn N\u00b0 11 - Tribunal Electoral de la Ciudad de M\u00e9xico","og_description":"Ciudad de M\u00e9xico, a 2 de marzo de 2023 Bolet\u00edn N\u00b0 11 Confirma TECDMX el Acuerdo del IECM en el que dict\u00f3 una medida de tutela preventiva oficiosa Esta tarde, [&hellip;]","og_url":"https:\/\/www.tecdmx.org.mx\/index.php\/comunicados\/2023\/03\/02\/boletin-n-11\/","og_site_name":"Tribunal Electoral de la Ciudad de M\u00e9xico","article_publisher":"https:\/\/www.facebook.com\/TECDMX\/","article_published_time":"2023-03-03T03:38:44+00:00","article_modified_time":"2023-03-03T03:38:47+00:00","og_image":[{"width":600,"height":366,"url":"https:\/\/www.tecdmx.org.mx\/wp-content\/uploads\/2020\/08\/comunicado_nuevo.jpg","type":"image\/jpeg"}],"author":"Difusion2025","twitter_card":"summary_large_image","twitter_creator":"@tecdmx","twitter_site":"@tecdmx","twitter_misc":{"Escrito por":"Difusion2025","Tiempo de lectura":"4 minutos"},"schema":{"@context":"https:\/\/schema.org","@graph":[{"@type":"WebPage","@id":"https:\/\/www.tecdmx.org.mx\/index.php\/comunicados\/2023\/03\/02\/boletin-n-11\/","url":"https:\/\/www.tecdmx.org.mx\/index.php\/comunicados\/2023\/03\/02\/boletin-n-11\/","name":"Bolet\u00edn N\u00b0 11 - Tribunal Electoral de la Ciudad de M\u00e9xico","isPartOf":{"@id":"https:\/\/www.tecdmx.org.mx\/#website"},"primaryImageOfPage":{"@id":"https:\/\/www.tecdmx.org.mx\/index.php\/comunicados\/2023\/03\/02\/boletin-n-11\/#primaryimage"},"image":{"@id":"https:\/\/www.tecdmx.org.mx\/index.php\/comunicados\/2023\/03\/02\/boletin-n-11\/#primaryimage"},"thumbnailUrl":"https:\/\/www.tecdmx.org.mx\/wp-content\/uploads\/2020\/08\/comunicado_nuevo.jpg","datePublished":"2023-03-03T03:38:44+00:00","dateModified":"2023-03-03T03:38:47+00:00","author":{"@id":"https:\/\/www.tecdmx.org.mx\/#\/schema\/person\/208c898199fb3234203823c5f0cf31d6"},"breadcrumb":{"@id":"https:\/\/www.tecdmx.org.mx\/index.php\/comunicados\/2023\/03\/02\/boletin-n-11\/#breadcrumb"},"inLanguage":"es","potentialAction":[{"@type":"ReadAction","target":["https:\/\/www.tecdmx.org.mx\/index.php\/comunicados\/2023\/03\/02\/boletin-n-11\/"]}]},{"@type":"ImageObject","inLanguage":"es","@id":"https:\/\/www.tecdmx.org.mx\/index.php\/comunicados\/2023\/03\/02\/boletin-n-11\/#primaryimage","url":"https:\/\/www.tecdmx.org.mx\/wp-content\/uploads\/2020\/08\/comunicado_nuevo.jpg","contentUrl":"https:\/\/www.tecdmx.org.mx\/wp-content\/uploads\/2020\/08\/comunicado_nuevo.jpg","width":600,"height":366},{"@type":"BreadcrumbList","@id":"https:\/\/www.tecdmx.org.mx\/index.php\/comunicados\/2023\/03\/02\/boletin-n-11\/#breadcrumb","itemListElement":[{"@type":"ListItem","position":1,"name":"Portada","item":"https:\/\/www.tecdmx.org.mx\/"},{"@type":"ListItem","position":2,"name":"Bolet\u00edn N\u00b0 11"}]},{"@type":"WebSite","@id":"https:\/\/www.tecdmx.org.mx\/#website","url":"https:\/\/www.tecdmx.org.mx\/","name":"Tribunal Electoral de la Ciudad de M\u00e9xico","description":"25 a\u00f1os garantizando justicia en tu elecci\u00f3n","potentialAction":[{"@type":"SearchAction","target":{"@type":"EntryPoint","urlTemplate":"https:\/\/www.tecdmx.org.mx\/?s={search_term_string}"},"query-input":"required name=search_term_string"}],"inLanguage":"es"},{"@type":"Person","@id":"https:\/\/www.tecdmx.org.mx\/#\/schema\/person\/208c898199fb3234203823c5f0cf31d6","name":"Difusion2025","image":{"@type":"ImageObject","inLanguage":"es","@id":"https:\/\/www.tecdmx.org.mx\/#\/schema\/person\/image\/","url":"https:\/\/secure.gravatar.com\/avatar\/6f7a4ba3acb418040e90a2eb99b5df28?s=96&d=mm&r=g","contentUrl":"https:\/\/secure.gravatar.com\/avatar\/6f7a4ba3acb418040e90a2eb99b5df28?s=96&d=mm&r=g","caption":"Difusion2025"}}]}},"_links":{"self":[{"href":"https:\/\/www.tecdmx.org.mx\/index.php\/wp-json\/wp\/v2\/posts\/42380"}],"collection":[{"href":"https:\/\/www.tecdmx.org.mx\/index.php\/wp-json\/wp\/v2\/posts"}],"about":[{"href":"https:\/\/www.tecdmx.org.mx\/index.php\/wp-json\/wp\/v2\/types\/post"}],"author":[{"embeddable":true,"href":"https:\/\/www.tecdmx.org.mx\/index.php\/wp-json\/wp\/v2\/users\/13"}],"replies":[{"embeddable":true,"href":"https:\/\/www.tecdmx.org.mx\/index.php\/wp-json\/wp\/v2\/comments?post=42380"}],"version-history":[{"count":2,"href":"https:\/\/www.tecdmx.org.mx\/index.php\/wp-json\/wp\/v2\/posts\/42380\/revisions"}],"predecessor-version":[{"id":42383,"href":"https:\/\/www.tecdmx.org.mx\/index.php\/wp-json\/wp\/v2\/posts\/42380\/revisions\/42383"}],"wp:featuredmedia":[{"embeddable":true,"href":"https:\/\/www.tecdmx.org.mx\/index.php\/wp-json\/wp\/v2\/media\/21168"}],"wp:attachment":[{"href":"https:\/\/www.tecdmx.org.mx\/index.php\/wp-json\/wp\/v2\/media?parent=42380"}],"wp:term":[{"taxonomy":"category","embeddable":true,"href":"https:\/\/www.tecdmx.org.mx\/index.php\/wp-json\/wp\/v2\/categories?post=42380"},{"taxonomy":"post_tag","embeddable":true,"href":"https:\/\/www.tecdmx.org.mx\/index.php\/wp-json\/wp\/v2\/tags?post=42380"}],"curies":[{"name":"wp","href":"https:\/\/api.w.org\/{rel}","templated":true}]}}