{"id":42657,"date":"2023-03-29T21:51:39","date_gmt":"2023-03-30T03:51:39","guid":{"rendered":"https:\/\/www.tecdmx.org.mx\/?p=42657"},"modified":"2023-03-31T19:28:24","modified_gmt":"2023-04-01T01:28:24","slug":"boletin-n-18__trashed","status":"publish","type":"post","link":"https:\/\/www.tecdmx.org.mx\/index.php\/comunicados\/2023\/03\/29\/boletin-n-18__trashed\/","title":{"rendered":"Bolet\u00edn N\u00b0 17"},"content":{"rendered":"\n<p>Ciudad de M\u00e9xico, a 29 de marzo de 2023<\/p>\n\n\n\n<p><strong>Bolet\u00edn N\u00b0 1<\/strong>7<\/p>\n\n\n\n<p><strong>Impone TECDMX multa a Rodrigo Men\u00e9ndez Rold\u00e1n por transgredir el inter\u00e9s superior de la infancia y adolescencia<\/strong><\/p>\n\n\n\n<ul><li>La sanci\u00f3n se impuso toda vez que en una publicaci\u00f3n en Facebook y Twitter se difundieron im\u00e1genes en las que se observa a personas menores de edad sin las medidas de protecci\u00f3n de su rostro.<\/li><\/ul>\n\n\n\n<p>El Pleno del Tribunal Electoral de la Ciudad de M\u00e9xico (TECDMX) celebr\u00f3 esta tarde Sesi\u00f3n P\u00fablica en la que resolvieron 3 Procedimientos Especiales Sancionadores de la siguiente manera:<\/p>\n\n\n\n<figure class=\"wp-block-table\"><table><thead><tr><td><strong>Expediente<\/strong><\/td><td><strong>Hecho Denunciado<\/strong><\/td><td><strong>Resoluci\u00f3n<\/strong><\/td><\/tr><\/thead><tbody><tr><td><strong>TECDMX-PES-012\/2023<\/strong><\/td><td>Transgresi\u00f3n al inter\u00e9s superior de la infancia y adolescencia, debido a la publicaci\u00f3n en sus cuentas de Facebook y Twitter de im\u00e1genes en las que se observa a personas menores de edad sin las medidas de protecci\u00f3n de su rostro, atribuido a Rodrigo Men\u00e9ndez Rold\u00e1n, otrora candidato a Diputado del Congreso de la Ciudad De M\u00e9xico, Luisa Yanira Alp\u00edzar Castellanos, otrora candidata a la Alcald\u00eda en Azcapotzalco y el partido Fuerza por M\u00e9xico que los postul\u00f3.<\/td><td>Existencia de la infracci\u00f3n atribuida a Rodrigo Men\u00e9ndez Rold\u00e1n, por lo que se impuso una multa.&nbsp;Sobreseimiento del Procedimiento respecto de Luisa Yanira Alp\u00edzar Castellanos, porque las pruebas aportadas por el Partido del Trabajo no generan cuando menos indicios para presumir su intervenci\u00f3n en los hechos denunciados, y de Fuerza por M\u00e9xico, ya que la p\u00e9rdida de su registro como partido pol\u00edtico tuvo como consecuencia la extinci\u00f3n de su personalidad jur\u00eddica.<\/td><\/tr><tr><td><strong>TECDMX-PES-005\/2023<\/strong><\/td><td>Actos anticipados de campa\u00f1a y utilizaci\u00f3n indebida de programas sociales con fines pol\u00edtico-electorales atribuidos al otrora presidente de Morena en la Ciudad de M\u00e9xico, derivado de la distribuci\u00f3n de la publicaci\u00f3n peri\u00f3dica \u201cSomos la Esperanza, Morena Ciudad de M\u00e9xico\u201d, durante el periodo de intercampa\u00f1as electorales.<\/td><td>Inexistencia de las infracciones denunciadas.&nbsp;<\/td><\/tr><tr><td><strong>TECDMX-PES-010\/2023&nbsp;<\/strong><\/td><td>Promoci\u00f3n personalizada, uso indebido de recursos p\u00fablicos y uso indebido de programas sociales, atribuidos al otrora director de Bienestar Social de la Alcald\u00eda La Magdalena Contreras derivado de la supuesta distribuci\u00f3n de apoyo alimenticio y difusi\u00f3n de campa\u00f1as de vacunaci\u00f3n contra el Covid-19, dirigidos a personas adultas mayores, solicitando a cambio credenciales de elector.<\/td><td>Inexistencia de las infracciones denunciadas.<\/td><\/tr><\/tbody><\/table><\/figure>\n\n\n\n<p>Por otra parte, el Pleno determin\u00f3 revocar la asamblea informativa de 26 de septiembre de 2021 del Pueblo Originario San Jer\u00f3nimo Aculco-L\u00eddice y declarar como no v\u00e1lida la elecci\u00f3n de la nueva autoridad tradicional. Asimismo, orden\u00f3 emitir una nueva Convocatoria, a efecto de que las y los integrantes del Pueblo Originario en cuesti\u00f3n determinen si es su deseo elegir una nueva Comisi\u00f3n del Pante\u00f3n y, en su caso, se realice dicha elecci\u00f3n acorde a sus usos y costumbres.<a href=\"#_ftn1\" id=\"_ftnref1\"><sup>[1]<\/sup><\/a><strong><\/strong><strong><\/strong><\/p>\n\n\n\n<p>En otro juicio, se confirma, en lo que fue materia de impugnaci\u00f3n, el Dictamen aprobado por el \u00d3rgano Dictaminador de la Alcald\u00eda Cuauht\u00e9moc sobre el proyecto de presupuesto participativo 2023 \u201cCon piso de goma por si me caigo\u201d pues los argumentos de la parte actora resultaron inoperantes, ya que el contenido en el dictamen no coincide con el se\u00f1alado por la promovente, su argumento parte de una suposici\u00f3n que no result\u00f3 verdadera y, por lo tanto, su conclusi\u00f3n fue ineficaz para obtener la revocaci\u00f3n del acto impugnado.<sup>&nbsp;<a href=\"#_ftn2\" id=\"_ftnref2\"><sup>[2]<\/sup><\/a><\/sup><\/p>\n\n\n\n<p>Adem\u00e1s, las magistraturas revocaron el acuerdo de 15 de febrero de 2023 emitido por la Comisi\u00f3n Permanente de Quejas del Instituto Electoral de la Ciudad de M\u00e9xico (IECM) en el que determin\u00f3 improcedente el dictado de medidas cautelares en favor de Sandra Cuevas; por ello, el IECM deber\u00e1 emitir un nuevo acuerdo debidamente fundado y motivado.<sup>&nbsp;<a href=\"#_ftn3\" id=\"_ftnref3\"><sup>[3]<\/sup><\/a><\/sup><\/p>\n\n\n\n<p>Por otra parte, las magistradas y los magistrados confirmaron el reconocimiento realizado el 22 de febrero de 2023 por la Alcald\u00eda Tlalpan a Paulina Raquel Garibay P\u00e9rez como Autoridad Tradicional, Subdelegada del Pueblo Originario Santa \u00darsula Xitla, al resultar infundados e inoperantes los agravios promovidos.<sup>&nbsp;<a href=\"#_ftn4\" id=\"_ftnref4\"><sup>[4]<\/sup><\/a><\/sup><\/p>\n\n\n\n<p>En otro orden de ideas, las magistraturas declararon nula la jornada electiva celebra el 22 de enero de 2023 para la elecci\u00f3n de la persona Coordinadora Territorial del Pueblo Originario de San Andr\u00e9s Mixquic, ya que deviene de la convocatoria revocada previamente por este Tribunal Electoral.<sup>&nbsp;<a href=\"#_ftn5\" id=\"_ftnref5\"><sup>[5]<\/sup><\/a><\/sup><\/p>\n\n\n\n<p>Asimismo, las magistradas y los magistrados determinaron confirmar el resultado y la validez de la elecci\u00f3n de la Coordinaci\u00f3n Territorial del Pueblo San Pedro Tl\u00e1huac; porque las personas que recibieron los votos de las personas habitantes de dicho pueblo actuaron conforme a Derecho, aunado a que no se acreditaron diversas irregularidades hechas valer por la parte actora.<sup>&nbsp;<a href=\"#_ftn6\" id=\"_ftnref6\"><sup>[6]<\/sup><\/a><\/sup><\/p>\n\n\n\n<p>Adem\u00e1s, las magistradas y magistrados ordenaron a las Autoridades Tradicionales del pueblo de Santiago Zapotitl\u00e1n en la demarcaci\u00f3n Tl\u00e1huac, remitir de inmediato al TECDMX el medio de impugnaci\u00f3n primigenio de 19 de enero de 2023 para su debida sustanciaci\u00f3n y, en caso de no cumplir con lo ordenado, se le apercibe con imponer por parte del Pleno la multa correspondiente.&nbsp;<a href=\"#_ftn7\" id=\"_ftnref7\"><sup>[7]<\/sup><\/a><\/p>\n\n\n\n<p>El Pleno determin\u00f3 desechar de plano las demandas de diversos juicios por las siguientes razones:<\/p>\n\n\n\n<ul><li>TECDMX-JEL-012\/2023 \u2013 ya que fue presentado de manera extempor\u00e1nea.<\/li><li>TECDMX-JEL-013\/2023 \u2013 al haber quedado sin materia, pues&nbsp;la omisi\u00f3n de la Alcald\u00eda Iztapalapa para dar tr\u00e1mite al escrito de demanda presentado por la parte actora el 24 de febrero de 2023&nbsp;ha dejado de existir.&nbsp;&nbsp;<\/li><\/ul>\n\n\n\n<p>\u00b7&nbsp;&nbsp;&nbsp;&nbsp;&nbsp;&nbsp;&nbsp;&nbsp;&nbsp;TECDMX-JLDC-023\/2023 \u2013 pues el juicio qued\u00f3 sin materia, toda vez que el&nbsp;\u00d3rgano de Justicia Intrapartidario del Partido de la Revoluci\u00f3n Democr\u00e1tica, al rendir su informe circunstanciado, remiti\u00f3 las copias sobre las resoluciones impugnadas por la parte actora.<\/p>\n\n\n\n<p>Finalmente, el Pleno rechaz\u00f3 el proyecto de sentencia del juicio TECDMX-JEL-024\/2023 el cual ser\u00e1 procesado como un asunto de car\u00e1cter especial laboral.<\/p>\n\n\n\n<p><strong>o-O-o<\/strong><\/p>\n\n\n\n<p>_________________________________________________________<\/p>\n\n\n\n<p><sup>[1]<\/sup>&nbsp;TECDMX-JEL-077\/2022, TECDMX-JLDC-031\/2022 y TECDMX-JLDC-032\/2022<\/p>\n\n\n\n<p><sup>2<\/sup>&nbsp;TECDMX-JEL-014\/2023<\/p>\n\n\n\n<p><sup>3<\/sup>&nbsp;TECDMX-JEL-016\/2023<\/p>\n\n\n\n<p><sup>4<\/sup>&nbsp;TECDMX-JEL-020\/2023<\/p>\n\n\n\n<p><sup>5<\/sup>&nbsp;TECDMX-JLDC-011\/2023<\/p>\n\n\n\n<p><sup>6<\/sup>&nbsp;TECDMX-JLDC-013\/2023<\/p>\n\n\n\n<p><sup>7<\/sup>&nbsp;TECDMX-JLDC-014\/2023<\/p>\n\n\n\n<p>Coordinaci\u00f3n de Comunicaci\u00f3n Social y Relaciones P\u00fablicas<\/p>\n\n\n\n<figure class=\"wp-block-image\"><img decoding=\"async\" src=\"cid:1952550299*image001.png@01D96287.5A34B150\" alt=\"Image\"\/><\/figure>\n\n\n\n<hr class=\"wp-block-separator\"\/>\n\n\n\n<p><a href=\"#_ftnref1\" id=\"_ftn1\"><sup>[1]<\/sup><\/a>&nbsp;TECDMX-JEL-077\/2022, TECDMX-JLDC-031\/2022 y TECDMX-JLDC-032\/2022<\/p>\n\n\n\n<p><a href=\"#_ftnref2\" id=\"_ftn2\"><sup>[2]<\/sup><\/a>&nbsp;TECDMX-JEL-014\/2023<\/p>\n\n\n\n<p><a href=\"#_ftnref3\" id=\"_ftn3\"><sup>[3]<\/sup><\/a>&nbsp;TECDMX-JEL-016\/2023<\/p>\n\n\n\n<p><a href=\"#_ftnref4\" id=\"_ftn4\"><sup>[4]<\/sup><\/a>&nbsp;TECDMX-JEL-020\/2023<\/p>\n\n\n\n<p><a href=\"#_ftnref5\" id=\"_ftn5\"><sup>[5]<\/sup><\/a>&nbsp;TECDMX-JLDC-011\/2023<\/p>\n\n\n\n<p><a href=\"#_ftnref6\" id=\"_ftn6\"><sup>[6]<\/sup><\/a>&nbsp;TECDMX-JLDC-013\/2023<\/p>\n\n\n\n<p><a href=\"#_ftnref7\" id=\"_ftn7\"><sup>[7]<\/sup><\/a>&nbsp;TECDMX-JLDC-014\/2023<\/p>\n","protected":false},"excerpt":{"rendered":"<p>Ciudad de M\u00e9xico, a 29 de marzo de 2023 Bolet\u00edn N\u00b0 17 Impone TECDMX multa a Rodrigo Men\u00e9ndez Rold\u00e1n por transgredir el inter\u00e9s superior de la infancia y adolescencia La [&hellip;]<\/p>\n","protected":false},"author":13,"featured_media":21168,"comment_status":"open","ping_status":"open","sticky":false,"template":"","format":"standard","meta":{"_acf_changed":false,"_exactmetrics_skip_tracking":false,"_exactmetrics_sitenote_active":false,"_exactmetrics_sitenote_note":"","_exactmetrics_sitenote_category":0,"footnotes":""},"categories":[32,47],"tags":[],"acf":[],"yoast_head":"<!-- This site is optimized with the Yoast SEO plugin v22.3 - https:\/\/yoast.com\/wordpress\/plugins\/seo\/ -->\n<title>Bolet\u00edn N\u00b0 17 - Tribunal Electoral de la Ciudad de M\u00e9xico<\/title>\n<meta name=\"robots\" content=\"index, follow, max-snippet:-1, max-image-preview:large, max-video-preview:-1\" \/>\n<link rel=\"canonical\" href=\"https:\/\/www.tecdmx.org.mx\/index.php\/comunicados\/2023\/03\/29\/boletin-n-18\/\" \/>\n<meta property=\"og:locale\" content=\"es_ES\" \/>\n<meta property=\"og:type\" content=\"article\" \/>\n<meta property=\"og:title\" content=\"Bolet\u00edn N\u00b0 17 - Tribunal Electoral de la Ciudad de M\u00e9xico\" \/>\n<meta property=\"og:description\" content=\"Ciudad de M\u00e9xico, a 29 de marzo de 2023 Bolet\u00edn N\u00b0 17 Impone TECDMX multa a Rodrigo Men\u00e9ndez Rold\u00e1n por transgredir el inter\u00e9s superior de la infancia y adolescencia La [&hellip;]\" \/>\n<meta property=\"og:url\" content=\"https:\/\/www.tecdmx.org.mx\/index.php\/comunicados\/2023\/03\/29\/boletin-n-18\/\" \/>\n<meta property=\"og:site_name\" content=\"Tribunal Electoral de la Ciudad de M\u00e9xico\" \/>\n<meta property=\"article:publisher\" content=\"https:\/\/www.facebook.com\/TECDMX\/\" \/>\n<meta property=\"article:published_time\" content=\"2023-03-30T03:51:39+00:00\" \/>\n<meta property=\"article:modified_time\" content=\"2023-04-01T01:28:24+00:00\" \/>\n<meta property=\"og:image\" content=\"https:\/\/www.tecdmx.org.mx\/wp-content\/uploads\/2020\/08\/comunicado_nuevo.jpg\" \/>\n\t<meta property=\"og:image:width\" content=\"600\" \/>\n\t<meta property=\"og:image:height\" content=\"366\" \/>\n\t<meta property=\"og:image:type\" content=\"image\/jpeg\" \/>\n<meta name=\"author\" content=\"Difusion2025\" \/>\n<meta name=\"twitter:card\" content=\"summary_large_image\" \/>\n<meta name=\"twitter:creator\" content=\"@tecdmx\" \/>\n<meta name=\"twitter:site\" content=\"@tecdmx\" \/>\n<meta name=\"twitter:label1\" content=\"Escrito por\" \/>\n\t<meta name=\"twitter:data1\" content=\"Difusion2025\" \/>\n\t<meta name=\"twitter:label2\" content=\"Tiempo de lectura\" \/>\n\t<meta name=\"twitter:data2\" content=\"5 minutos\" \/>\n<script type=\"application\/ld+json\" class=\"yoast-schema-graph\">{\"@context\":\"https:\/\/schema.org\",\"@graph\":[{\"@type\":\"WebPage\",\"@id\":\"https:\/\/www.tecdmx.org.mx\/index.php\/comunicados\/2023\/03\/29\/boletin-n-18\/\",\"url\":\"https:\/\/www.tecdmx.org.mx\/index.php\/comunicados\/2023\/03\/29\/boletin-n-18\/\",\"name\":\"Bolet\u00edn N\u00b0 17 - Tribunal Electoral de la Ciudad de M\u00e9xico\",\"isPartOf\":{\"@id\":\"https:\/\/www.tecdmx.org.mx\/#website\"},\"primaryImageOfPage\":{\"@id\":\"https:\/\/www.tecdmx.org.mx\/index.php\/comunicados\/2023\/03\/29\/boletin-n-18\/#primaryimage\"},\"image\":{\"@id\":\"https:\/\/www.tecdmx.org.mx\/index.php\/comunicados\/2023\/03\/29\/boletin-n-18\/#primaryimage\"},\"thumbnailUrl\":\"https:\/\/www.tecdmx.org.mx\/wp-content\/uploads\/2020\/08\/comunicado_nuevo.jpg\",\"datePublished\":\"2023-03-30T03:51:39+00:00\",\"dateModified\":\"2023-04-01T01:28:24+00:00\",\"author\":{\"@id\":\"https:\/\/www.tecdmx.org.mx\/#\/schema\/person\/208c898199fb3234203823c5f0cf31d6\"},\"breadcrumb\":{\"@id\":\"https:\/\/www.tecdmx.org.mx\/index.php\/comunicados\/2023\/03\/29\/boletin-n-18\/#breadcrumb\"},\"inLanguage\":\"es\",\"potentialAction\":[{\"@type\":\"ReadAction\",\"target\":[\"https:\/\/www.tecdmx.org.mx\/index.php\/comunicados\/2023\/03\/29\/boletin-n-18\/\"]}]},{\"@type\":\"ImageObject\",\"inLanguage\":\"es\",\"@id\":\"https:\/\/www.tecdmx.org.mx\/index.php\/comunicados\/2023\/03\/29\/boletin-n-18\/#primaryimage\",\"url\":\"https:\/\/www.tecdmx.org.mx\/wp-content\/uploads\/2020\/08\/comunicado_nuevo.jpg\",\"contentUrl\":\"https:\/\/www.tecdmx.org.mx\/wp-content\/uploads\/2020\/08\/comunicado_nuevo.jpg\",\"width\":600,\"height\":366},{\"@type\":\"BreadcrumbList\",\"@id\":\"https:\/\/www.tecdmx.org.mx\/index.php\/comunicados\/2023\/03\/29\/boletin-n-18\/#breadcrumb\",\"itemListElement\":[{\"@type\":\"ListItem\",\"position\":1,\"name\":\"Portada\",\"item\":\"https:\/\/www.tecdmx.org.mx\/\"},{\"@type\":\"ListItem\",\"position\":2,\"name\":\"Bolet\u00edn N\u00b0 17\"}]},{\"@type\":\"WebSite\",\"@id\":\"https:\/\/www.tecdmx.org.mx\/#website\",\"url\":\"https:\/\/www.tecdmx.org.mx\/\",\"name\":\"Tribunal Electoral de la Ciudad de M\u00e9xico\",\"description\":\"25 a\u00f1os garantizando justicia en tu elecci\u00f3n\",\"potentialAction\":[{\"@type\":\"SearchAction\",\"target\":{\"@type\":\"EntryPoint\",\"urlTemplate\":\"https:\/\/www.tecdmx.org.mx\/?s={search_term_string}\"},\"query-input\":\"required name=search_term_string\"}],\"inLanguage\":\"es\"},{\"@type\":\"Person\",\"@id\":\"https:\/\/www.tecdmx.org.mx\/#\/schema\/person\/208c898199fb3234203823c5f0cf31d6\",\"name\":\"Difusion2025\",\"image\":{\"@type\":\"ImageObject\",\"inLanguage\":\"es\",\"@id\":\"https:\/\/www.tecdmx.org.mx\/#\/schema\/person\/image\/\",\"url\":\"https:\/\/secure.gravatar.com\/avatar\/6f7a4ba3acb418040e90a2eb99b5df28?s=96&d=mm&r=g\",\"contentUrl\":\"https:\/\/secure.gravatar.com\/avatar\/6f7a4ba3acb418040e90a2eb99b5df28?s=96&d=mm&r=g\",\"caption\":\"Difusion2025\"}}]}<\/script>\n<!-- \/ Yoast SEO plugin. -->","yoast_head_json":{"title":"Bolet\u00edn N\u00b0 17 - Tribunal Electoral de la Ciudad de M\u00e9xico","robots":{"index":"index","follow":"follow","max-snippet":"max-snippet:-1","max-image-preview":"max-image-preview:large","max-video-preview":"max-video-preview:-1"},"canonical":"https:\/\/www.tecdmx.org.mx\/index.php\/comunicados\/2023\/03\/29\/boletin-n-18\/","og_locale":"es_ES","og_type":"article","og_title":"Bolet\u00edn N\u00b0 17 - Tribunal Electoral de la Ciudad de M\u00e9xico","og_description":"Ciudad de M\u00e9xico, a 29 de marzo de 2023 Bolet\u00edn N\u00b0 17 Impone TECDMX multa a Rodrigo Men\u00e9ndez Rold\u00e1n por transgredir el inter\u00e9s superior de la infancia y adolescencia La [&hellip;]","og_url":"https:\/\/www.tecdmx.org.mx\/index.php\/comunicados\/2023\/03\/29\/boletin-n-18\/","og_site_name":"Tribunal Electoral de la Ciudad de M\u00e9xico","article_publisher":"https:\/\/www.facebook.com\/TECDMX\/","article_published_time":"2023-03-30T03:51:39+00:00","article_modified_time":"2023-04-01T01:28:24+00:00","og_image":[{"width":600,"height":366,"url":"https:\/\/www.tecdmx.org.mx\/wp-content\/uploads\/2020\/08\/comunicado_nuevo.jpg","type":"image\/jpeg"}],"author":"Difusion2025","twitter_card":"summary_large_image","twitter_creator":"@tecdmx","twitter_site":"@tecdmx","twitter_misc":{"Escrito por":"Difusion2025","Tiempo de lectura":"5 minutos"},"schema":{"@context":"https:\/\/schema.org","@graph":[{"@type":"WebPage","@id":"https:\/\/www.tecdmx.org.mx\/index.php\/comunicados\/2023\/03\/29\/boletin-n-18\/","url":"https:\/\/www.tecdmx.org.mx\/index.php\/comunicados\/2023\/03\/29\/boletin-n-18\/","name":"Bolet\u00edn N\u00b0 17 - Tribunal Electoral de la Ciudad de M\u00e9xico","isPartOf":{"@id":"https:\/\/www.tecdmx.org.mx\/#website"},"primaryImageOfPage":{"@id":"https:\/\/www.tecdmx.org.mx\/index.php\/comunicados\/2023\/03\/29\/boletin-n-18\/#primaryimage"},"image":{"@id":"https:\/\/www.tecdmx.org.mx\/index.php\/comunicados\/2023\/03\/29\/boletin-n-18\/#primaryimage"},"thumbnailUrl":"https:\/\/www.tecdmx.org.mx\/wp-content\/uploads\/2020\/08\/comunicado_nuevo.jpg","datePublished":"2023-03-30T03:51:39+00:00","dateModified":"2023-04-01T01:28:24+00:00","author":{"@id":"https:\/\/www.tecdmx.org.mx\/#\/schema\/person\/208c898199fb3234203823c5f0cf31d6"},"breadcrumb":{"@id":"https:\/\/www.tecdmx.org.mx\/index.php\/comunicados\/2023\/03\/29\/boletin-n-18\/#breadcrumb"},"inLanguage":"es","potentialAction":[{"@type":"ReadAction","target":["https:\/\/www.tecdmx.org.mx\/index.php\/comunicados\/2023\/03\/29\/boletin-n-18\/"]}]},{"@type":"ImageObject","inLanguage":"es","@id":"https:\/\/www.tecdmx.org.mx\/index.php\/comunicados\/2023\/03\/29\/boletin-n-18\/#primaryimage","url":"https:\/\/www.tecdmx.org.mx\/wp-content\/uploads\/2020\/08\/comunicado_nuevo.jpg","contentUrl":"https:\/\/www.tecdmx.org.mx\/wp-content\/uploads\/2020\/08\/comunicado_nuevo.jpg","width":600,"height":366},{"@type":"BreadcrumbList","@id":"https:\/\/www.tecdmx.org.mx\/index.php\/comunicados\/2023\/03\/29\/boletin-n-18\/#breadcrumb","itemListElement":[{"@type":"ListItem","position":1,"name":"Portada","item":"https:\/\/www.tecdmx.org.mx\/"},{"@type":"ListItem","position":2,"name":"Bolet\u00edn N\u00b0 17"}]},{"@type":"WebSite","@id":"https:\/\/www.tecdmx.org.mx\/#website","url":"https:\/\/www.tecdmx.org.mx\/","name":"Tribunal Electoral de la Ciudad de M\u00e9xico","description":"25 a\u00f1os garantizando justicia en tu elecci\u00f3n","potentialAction":[{"@type":"SearchAction","target":{"@type":"EntryPoint","urlTemplate":"https:\/\/www.tecdmx.org.mx\/?s={search_term_string}"},"query-input":"required name=search_term_string"}],"inLanguage":"es"},{"@type":"Person","@id":"https:\/\/www.tecdmx.org.mx\/#\/schema\/person\/208c898199fb3234203823c5f0cf31d6","name":"Difusion2025","image":{"@type":"ImageObject","inLanguage":"es","@id":"https:\/\/www.tecdmx.org.mx\/#\/schema\/person\/image\/","url":"https:\/\/secure.gravatar.com\/avatar\/6f7a4ba3acb418040e90a2eb99b5df28?s=96&d=mm&r=g","contentUrl":"https:\/\/secure.gravatar.com\/avatar\/6f7a4ba3acb418040e90a2eb99b5df28?s=96&d=mm&r=g","caption":"Difusion2025"}}]}},"_links":{"self":[{"href":"https:\/\/www.tecdmx.org.mx\/index.php\/wp-json\/wp\/v2\/posts\/42657"}],"collection":[{"href":"https:\/\/www.tecdmx.org.mx\/index.php\/wp-json\/wp\/v2\/posts"}],"about":[{"href":"https:\/\/www.tecdmx.org.mx\/index.php\/wp-json\/wp\/v2\/types\/post"}],"author":[{"embeddable":true,"href":"https:\/\/www.tecdmx.org.mx\/index.php\/wp-json\/wp\/v2\/users\/13"}],"replies":[{"embeddable":true,"href":"https:\/\/www.tecdmx.org.mx\/index.php\/wp-json\/wp\/v2\/comments?post=42657"}],"version-history":[{"count":3,"href":"https:\/\/www.tecdmx.org.mx\/index.php\/wp-json\/wp\/v2\/posts\/42657\/revisions"}],"predecessor-version":[{"id":42674,"href":"https:\/\/www.tecdmx.org.mx\/index.php\/wp-json\/wp\/v2\/posts\/42657\/revisions\/42674"}],"wp:featuredmedia":[{"embeddable":true,"href":"https:\/\/www.tecdmx.org.mx\/index.php\/wp-json\/wp\/v2\/media\/21168"}],"wp:attachment":[{"href":"https:\/\/www.tecdmx.org.mx\/index.php\/wp-json\/wp\/v2\/media?parent=42657"}],"wp:term":[{"taxonomy":"category","embeddable":true,"href":"https:\/\/www.tecdmx.org.mx\/index.php\/wp-json\/wp\/v2\/categories?post=42657"},{"taxonomy":"post_tag","embeddable":true,"href":"https:\/\/www.tecdmx.org.mx\/index.php\/wp-json\/wp\/v2\/tags?post=42657"}],"curies":[{"name":"wp","href":"https:\/\/api.w.org\/{rel}","templated":true}]}}