{"id":42785,"date":"2023-04-13T22:33:02","date_gmt":"2023-04-14T04:33:02","guid":{"rendered":"https:\/\/www.tecdmx.org.mx\/?p=42785"},"modified":"2023-04-13T22:33:06","modified_gmt":"2023-04-14T04:33:06","slug":"boletin-n-19__trashed","status":"publish","type":"post","link":"https:\/\/www.tecdmx.org.mx\/index.php\/comunicados\/2023\/04\/13\/boletin-n-19__trashed\/","title":{"rendered":"Bolet\u00edn N\u00b0 19"},"content":{"rendered":"\n<p>Ciudad de M\u00e9xico, a 13 de abril de 2023<\/p>\n\n\n\n<p><strong>Bolet\u00edn N\u00b0 19<\/strong><\/p>\n\n\n\n<p><strong>Ordena el TECDMX al IECM modificar la fecha l\u00edmite para solicitud de revocaci\u00f3n&nbsp;de&nbsp;mandato&nbsp;<\/strong><\/p>\n\n\n\n<p>El Pleno del Tribunal Electoral de la Ciudad de M\u00e9xico (TECDMX) celebr\u00f3 esta ma\u00f1ana Sesi\u00f3n P\u00fablica en la que las Magistraturas determinaron infundado lo relativo a la imposibilidad de llevarse a cabo la revocaci\u00f3n de mandato de cargos de representaci\u00f3n popular, derivado del Acuerdo 25 de este a\u00f1o, por el que el Consejo General del IECM aprob\u00f3 los Lineamientos para la organizaci\u00f3n y desarrollo del Proceso de Revocaci\u00f3n de Mandato de los cargos que fueron electos en el proceso electoral 2020-2021, por parte de Tlaca\u00e9lel Ax\u00e1yacatl Mertell Rivas, originario del pueblo de Santiago Tulyehualco en Xochimilco e integrante del Comit\u00e9 Promotor para la Revocaci\u00f3n de Mandato del Alcalde de dicha demarcaci\u00f3n territorial, pues se hace una interpretaci\u00f3n err\u00f3nea del art\u00edculo 25, apartado F, numeral 2, de la Constituci\u00f3n Pol\u00edtica de la Ciudad de M\u00e9xico.&nbsp;<\/p>\n\n\n\n<p>Referente a la fecha l\u00edmite para presentar la solicitud de revocaci\u00f3n de mandato, orden\u00f3 al Consejo General que modifique el acuerdo mencionado para que se establezca como fecha l\u00edmite, el 08 de mayo de 2023 y, en consecuencia, realice el ajuste o modificaci\u00f3n de las etapas subsecuentes, debido a que no se est\u00e1 respetando la temporalidad prevista en la normatividad.<sup>&nbsp;<a href=\"#_ftn1\" id=\"_ftnref1\"><sup>[1]<\/sup><\/a><\/sup><\/p>\n\n\n\n<p>Las magistraturas confirmaron la resoluci\u00f3n emitida por la Direcci\u00f3n Distrital 06 del Instituto Electoral de la Ciudad de M\u00e9xico (IECM), mediante la cual se impuso como sanci\u00f3n, la suspensi\u00f3n temporal de sus cargos a personas integrantes de la Comisi\u00f3n de Participaci\u00f3n Comunitaria de la unidad territorial Guadalupe Tepeyac, Demarcaci\u00f3n Gustavo A. Madero, esto ante el incumplimiento de diversas obligaciones. A su vez, resultaron infundados e inoperantes los agravios, debido a que, no es posible hacer una revisi\u00f3n del acto impugnado compar\u00e1ndolo con la resoluci\u00f3n emitida por la Direcci\u00f3n Distrital 02, ya que esta \u00faltima qued\u00f3 sin efectos al ser revocada por este Tribunal en el juicio electoral 386 de 2022 y en cumplimiento a los par\u00e1metros establecidos en dicha sentencia se emiti\u00f3 la determinaci\u00f3n que en este juicio se controverti\u00f3.<sup>&nbsp;<a href=\"#_ftn2\" id=\"_ftnref2\"><sup>[2]<\/sup><\/a><\/sup><\/p>\n\n\n\n<p>Las Magistradas y los Magistrados confirmaron la resoluci\u00f3n emitida por el Consejo General del Instituto Electoral de la Ciudad de M\u00e9xico, en el Procedimiento Ordinario Sancionador TECDMX-PES-30 de 2022, en el que declar\u00f3 la inexistencia de las infracciones imputables a Zandibel D\u00edaz Rebollar, en su calidad de entonces concejala en la alcald\u00eda Venustiano Carranza, por lo que determin\u00f3 que no era responsable administrativamente, ya que la autoridad responsable s\u00ed motiv\u00f3 y fund\u00f3 su determinaci\u00f3n; asimismo se estim\u00f3 que fue congruente en su estudio, ya que concaten\u00f3 los hechos acreditados y el contexto en que se llevaron a cabo.<sup>&nbsp;<a href=\"#_ftn3\" id=\"_ftnref3\"><sup>[3]<\/sup><\/a><\/sup><\/p>\n\n\n\n<p>En otro juicio, las Magistraturas determinaron que la falta de notificaci\u00f3n del acuerdo de inicio de un procedimiento administrativo sancionador, sustanciado en la Comisi\u00f3n Permanente de Quejas del Instituto Electoral local, ordenaron la reposici\u00f3n del procedimiento de m\u00e9rito y la notificaci\u00f3n del acuerdo de inicio, a fin de garantizar su derecho de audiencia.<sup>&nbsp;<a href=\"#_ftn4\" id=\"_ftnref4\"><sup>[4]<\/sup><\/a><\/sup>&nbsp;&nbsp;<\/p>\n\n\n\n<p>Asimismo, el Pleno determin\u00f3 infundada la omisi\u00f3n de dar respuesta al escrito presentado el 17 de noviembre de 2022, mediante el cual solicit\u00f3 el representante del Comit\u00e9 de Ejecuci\u00f3n del Presupuesto Participativo 2022, diversa informaci\u00f3n para poder dar seguimiento a un proyecto del presupuesto participativo en la Unidad Habitacional Santa Cruz Meyehualco, demarcaci\u00f3n Iztapalapa, debido a que el Director General de Obras y Desarrollo Urbano de la Alcald\u00eda Iztapalapa, remiti\u00f3 la documentaci\u00f3n por la que acredit\u00f3 que el diecisiete de febrero del a\u00f1o en curso, notific\u00f3 por medio de correo electr\u00f3nico el escrito de respuesta; respecto al escrito de 29 de diciembre de 2022 determin\u00f3 fundada la omisi\u00f3n de respuesta, por lo que orden\u00f3 a la Subdirecci\u00f3n de Participaci\u00f3n Ciudadana que, en el plazo de cinco d\u00edas h\u00e1biles, d\u00e9 respuesta adecuada al escrito.<sup><a href=\"#_ftn5\" id=\"_ftnref5\"><sup>[5]<\/sup><\/a><\/sup><\/p>\n\n\n\n<p>En otro juicio, las Magistradas y los Magistrados determinaron revocar las re-dictaminaciones negativas emitidas por el \u00d3rgano competente de la alcald\u00eda de Tlalpan, respecto de los proyectos de presupuesto participativo \u201cCalentadores solares con instalaci\u00f3n segunda y tercera etapa\u201d, y en plenitud de jurisdicci\u00f3n, determina la viabilidad de los proyectos presentados, por no advertir alg\u00fan impedimento t\u00e9cnico o jur\u00eddico y, en consecuencia, es procedente su inscripci\u00f3n para que participen en la consulta de presupuesto participativo 2023 y 2024.<sup>&nbsp;<a href=\"#_ftn6\" id=\"_ftnref6\"><sup>[6]<\/sup><\/a><\/sup>&nbsp;&nbsp;&nbsp;<\/p>\n\n\n\n<p>Tambi\u00e9n, las Magistraturas revocaron los re-dict\u00e1menes emitidos por el \u00d3rgano Dictaminador de la Alcald\u00eda Tlalpan, respecto de los proyectos \u201cRenovaci\u00f3n de la red hidr\u00e1ulica de la calle Cerrada de Flor Silvestre, callej\u00f3n de las Torres, Tercera Cerrada del callej\u00f3n las Torres etapa 1 y 2\u201d con claves IECM-DD-16-000455\/23 e IECM-DD-16-000396\/24, correspondientes a la Unidad Territorial \u201cTetenco (PJE)\u201d,&nbsp; ya que no fueron debidamente fundamentados ni motivados por la autoridad se\u00f1alada como responsable.&nbsp;<a href=\"#_ftn7\" id=\"_ftnref7\"><sup>[7]<\/sup><\/a><\/p>\n\n\n\n<p>Por otra parte, el Pleno revoc\u00f3 la Asamblea informativa de 10 de julio de 2022, y declar\u00f3 invalida la Convocatoria, la Asamblea y todos los actos realizados en los que nombraron a un nuevo Comit\u00e9 Pro-Pante\u00f3n, dejando subsistente el Comit\u00e9 Reestructurado encabezado por Patricia Gonz\u00e1lez Guzm\u00e1n, a efecto de generar estabilidad y certeza en el Pueblo.<sup>&nbsp;<a href=\"#_ftn8\" id=\"_ftnref8\"><sup>[8]<\/sup><\/a><\/sup><\/p>\n\n\n\n<p>Las Magistraturas revocaron la resoluci\u00f3n emitida por el \u00d3rgano de Justicia Intrapartidaria del Partido de la Revoluci\u00f3n Democr\u00e1tica en los expedientes de las quejas QO\/CDMX\/048\/2022, QO\/CDMX\/049\/2022 y QO\/CDMX\/050\/2022, del Cuarto Pleno Extraordinario del D\u00e9cimo Consejo Estatal del Partido de la Revoluci\u00f3n Democr\u00e1tica en la Ciudad de M\u00e9xico celebrada el 09 de octubre de 2022 y, en consecuencia, los resolutivos relativos a los nombramientos aprobados; por lo que orden\u00f3 emitir una nueva resoluci\u00f3n, en la que purgue de manera efectiva el vicio formal advertido y, en su lugar, dando contestaci\u00f3n a los planteamientos de las quejosas en esa instancia, en el sentido de determinar si se vulner\u00f3 o no el derecho a ser votado de las partes quejosas.<sup>&nbsp;<a href=\"#_ftn9\" id=\"_ftnref9\"><sup>[9]<\/sup><\/a><\/sup><\/p>\n\n\n\n<p>El Pleno confirm\u00f3 de los oficios 221, 247 y 384 de este a\u00f1o, emitidos por el Secretario Ejecutivo del IECM, en los que da respuesta a la consulta realizada sobre el proceso de revocaci\u00f3n de mandato, debido a que la autoridad responsable emiti\u00f3 respuestas de forma clara, fundada y motivada para que se contara con la informaci\u00f3n y elementos necesarios para iniciar el proceso de consulta de revocaci\u00f3n de mandato del Titular de la Alcald\u00eda Miguel Hidalgo. Al respecto, se determin\u00f3 sobreseer la demanda del juicio de la ciudadan\u00eda 019 del presente a\u00f1o, ya que se present\u00f3 fuera de los plazos establecidos en la Ley.&nbsp;<a href=\"#_ftn10\" id=\"_ftnref10\"><sup>[10]<\/sup><\/a><\/p>\n\n\n\n<p>Las Magistraturas revocaron la resoluci\u00f3n de 07 de marzo de 2023, emitida por el \u00d3rgano de Justicia Intrapartidaria del Partido de la Revoluci\u00f3n Democr\u00e1tica (PRD) dictada en los expedientes QO\/CDMX\/002\/2023 y su acumulado QO\/CDMX\/005\/2023, ya que se vulneraron sus derechos pol\u00edtico-electorales, en su vertiente de libre ejercicio del cargo partidista que ostentan Nora del Carmen B\u00e1rbara Arias Contreras y Erasmo Alberto Murakawa Castillo. Se orden\u00f3 al \u00d3rgano de Justicia Intrapartidaria del PRD a emitir una nueva resoluci\u00f3n en la que determine, entre otros aspectos, si fue v\u00e1lida la convocatoria a la Primero Sesi\u00f3n Ordinaria.&nbsp;<a href=\"#_ftn11\" id=\"_ftnref11\"><sup>[11]<\/sup><\/a><\/p>\n\n\n\n<p>Por otra parte, el Pleno resolvi\u00f3 5 Procedimientos Especiales Sancionadores de la siguiente manera:<\/p>\n\n\n\n<figure class=\"wp-block-table\"><table><thead><tr><td><strong>Expediente<\/strong><\/td><td><strong>Hecho Denunciado<\/strong><\/td><td><strong>Resoluci\u00f3n<\/strong><\/td><\/tr><\/thead><tbody><tr><td><strong>TECDMX-PES-009\/2023 y acumulados<\/strong><\/td><td>Difusi\u00f3n de propaganda relacionada con la rendici\u00f3n del segundo informe de labores y ubicaci\u00f3n del m\u00f3dulo de atenci\u00f3n ciudadana en lonas, bardas y redes sociales, en contra de Teresa Ortega Rico, concejala en la alcald\u00eda Iztapalapa, los partidos Morena, del Trabajo y otras personas.<\/td><td>Inexistencia de la promoci\u00f3n personalizada, uso indebido de recursos p\u00fablicos, atribuida a Teresa Ortega, Clara Brugada, Martha \u00c1vila y Ernestina Godoy.&nbsp;Inexistencia de actos anticipados de campa\u00f1a, colocaci\u00f3n de propaganda electoral en equipamiento urbano y presunto uso de programas sociales.&nbsp;Existente la infracci\u00f3n al incumplimiento a las reglas de difusi\u00f3n y rendici\u00f3n del informe de labores, atribuida a Teresa Ortega Rico, por lo que se orden\u00f3 dar vista al \u00d3rgano Interno de Control de la Alcald\u00eda Iztapalapa, para que aplique la sanci\u00f3n que corresponda.&nbsp;Sobreseimiento del Procedimiento TECDMX-PES-014\/2023 ya que la queja se interpuso fuera del plazo previsto para ello.<\/td><\/tr><tr><td><strong>TECDMX-PES-015\/2023<\/strong><\/td><td>Promoci\u00f3n personalizada, uso indebido de recursos p\u00fablicos y de programas sociales, por la distribuci\u00f3n de despensas, dirigido a habitantes de la Alcald\u00eda Magdalena Contreras, solicitando a cambio credenciales de elector, en contra de la otrora Coordinadora de Programas Sociales en la mencionada demarcaci\u00f3n.<\/td><td>Inexistencia de las infracciones denunciadas.&nbsp;<\/td><\/tr><\/tbody><\/table><\/figure>\n\n\n\n<p>Finalmente, el Pleno determin\u00f3 desechar de plano las demandas de diversos juicios por las siguientes razones:<\/p>\n\n\n\n<ul><li>TECDMX-JEL-017\/2023 \u2013 no se aport\u00f3 documentaci\u00f3n que acreditar\u00e1 que es vecina de la Unidad Territorial Del Bosque, de la demarcaci\u00f3n Gustavo A. Madero.<\/li><li>TECDMX-JEL-021\/2023 \u2013 toda vez que la persona que promueve no refiere una afectaci\u00f3n directa y personal a su esfera de derechos.&nbsp;&nbsp;<\/li><\/ul>\n\n\n\n<p>\u00b7&nbsp;&nbsp;&nbsp;&nbsp;&nbsp;&nbsp;&nbsp;&nbsp;&nbsp;TECDMX-JLDC-202\/2023, TECDMX-JLDC-203\/2023, TECDMX-JLDC-204\/2023 y TECDMX-JLDC-205\/2023 \u2013 porque las partes actoras agotaron su derecho de acci\u00f3n.<\/p>\n\n\n\n<p><strong>o-O-o<\/strong><\/p>\n\n\n\n<p><sup>[1]<\/sup>&nbsp;TECDMX-JEL-027\/2023<\/p>\n\n\n\n<p><sup>2<\/sup>&nbsp;TECDMX-JEL-011\/2023<\/p>\n\n\n\n<p><sup>3<\/sup>&nbsp;TECDMX-JEL-022\/2023<\/p>\n\n\n\n<p><sup>4<\/sup>&nbsp;TECDMX-JEL-023\/2023<\/p>\n\n\n\n<p><sup>5<\/sup>&nbsp;TECDMX-JEL-026\/2023<\/p>\n\n\n\n<p><sup>6<\/sup>&nbsp;TECDMX-JEL-037\/2023<\/p>\n\n\n\n<p><sup>7<\/sup>&nbsp;TECDMX-JEL-048\/2023 y acumulados<\/p>\n\n\n\n<p><sup>8<\/sup>&nbsp;TECDMX-JLDC-078\/2022<\/p>\n\n\n\n<p><sup>9<\/sup>&nbsp;TECDMX-JLDC-210\/2022 y acumulados<\/p>\n\n\n\n<p><sup>10&nbsp;<\/sup>TECDMX-JLDC-018\/2023 y acumulados<\/p>\n\n\n\n<p><sup>[1]1<\/sup>&nbsp;TECDMX-JLDC-027\/2023<\/p>\n\n\n\n<hr class=\"wp-block-separator\"\/>\n\n\n\n<p><a href=\"#_ftnref1\" id=\"_ftn1\"><sup>[1]<\/sup><\/a>&nbsp;TECDMX-JEL-027\/2023<\/p>\n\n\n\n<p><a href=\"#_ftnref2\" id=\"_ftn2\"><sup>[2]<\/sup><\/a>&nbsp;TECDMX-JEL-011\/2023<\/p>\n\n\n\n<p><a href=\"#_ftnref3\" id=\"_ftn3\"><sup>[3]<\/sup><\/a>&nbsp;TECDMX-JEL-022\/2023<\/p>\n\n\n\n<p><a href=\"#_ftnref4\" id=\"_ftn4\"><sup>[4]<\/sup><\/a>&nbsp;TECDMX-JEL-023\/2023<\/p>\n\n\n\n<p><a href=\"#_ftnref5\" id=\"_ftn5\"><sup>[5]<\/sup><\/a>&nbsp;TECDMX-JEL-026\/2023<\/p>\n\n\n\n<p><a href=\"#_ftnref6\" id=\"_ftn6\"><sup>[6]<\/sup><\/a>&nbsp;TECDMX-JEL-037\/2023<\/p>\n\n\n\n<p><a href=\"#_ftnref7\" id=\"_ftn7\"><sup>[7]<\/sup><\/a>&nbsp;TECDMX-JEL-048\/2023 y acumulados<\/p>\n\n\n\n<p><a href=\"#_ftnref8\" id=\"_ftn8\"><sup>[8]<\/sup><\/a>&nbsp;TECDMX-JLDC-078\/2022<\/p>\n\n\n\n<p><a href=\"#_ftnref9\" id=\"_ftn9\"><sup>[9]<\/sup><\/a>&nbsp;TECDMX-JLDC-210\/2022 y acumulados<\/p>\n\n\n\n<p><a href=\"#_ftnref10\" id=\"_ftn10\"><sup>[10]<\/sup><\/a>&nbsp;TECDMX-JLDC-018\/2023 y acumulados<\/p>\n\n\n\n<p><a href=\"#_ftnref11\" id=\"_ftn11\"><sup>[11]<\/sup><\/a>&nbsp;TECDMX-JLDC-027\/2023<\/p>\n","protected":false},"excerpt":{"rendered":"<p>Ciudad de M\u00e9xico, a 13 de abril de 2023 Bolet\u00edn N\u00b0 19 Ordena el TECDMX al IECM modificar la fecha l\u00edmite para solicitud de revocaci\u00f3n&nbsp;de&nbsp;mandato&nbsp; El Pleno del Tribunal Electoral [&hellip;]<\/p>\n","protected":false},"author":13,"featured_media":21168,"comment_status":"open","ping_status":"open","sticky":false,"template":"","format":"standard","meta":{"_acf_changed":false,"_exactmetrics_skip_tracking":false,"_exactmetrics_sitenote_active":false,"_exactmetrics_sitenote_note":"","_exactmetrics_sitenote_category":0,"footnotes":""},"categories":[32,47],"tags":[],"acf":[],"yoast_head":"<!-- This site is optimized with the Yoast SEO plugin v22.3 - https:\/\/yoast.com\/wordpress\/plugins\/seo\/ -->\n<title>Bolet\u00edn N\u00b0 19 - Tribunal Electoral de la Ciudad de M\u00e9xico<\/title>\n<meta name=\"robots\" content=\"index, follow, max-snippet:-1, max-image-preview:large, max-video-preview:-1\" \/>\n<link rel=\"canonical\" href=\"https:\/\/www.tecdmx.org.mx\/index.php\/comunicados\/2023\/04\/13\/boletin-n-19\/\" \/>\n<meta property=\"og:locale\" content=\"es_ES\" \/>\n<meta property=\"og:type\" content=\"article\" \/>\n<meta property=\"og:title\" content=\"Bolet\u00edn N\u00b0 19 - Tribunal Electoral de la Ciudad de M\u00e9xico\" \/>\n<meta property=\"og:description\" content=\"Ciudad de M\u00e9xico, a 13 de abril de 2023 Bolet\u00edn N\u00b0 19 Ordena el TECDMX al IECM modificar la fecha l\u00edmite para solicitud de revocaci\u00f3n&nbsp;de&nbsp;mandato&nbsp; El Pleno del Tribunal Electoral [&hellip;]\" \/>\n<meta property=\"og:url\" content=\"https:\/\/www.tecdmx.org.mx\/index.php\/comunicados\/2023\/04\/13\/boletin-n-19\/\" \/>\n<meta property=\"og:site_name\" content=\"Tribunal Electoral de la Ciudad de M\u00e9xico\" \/>\n<meta property=\"article:publisher\" content=\"https:\/\/www.facebook.com\/TECDMX\/\" \/>\n<meta property=\"article:published_time\" content=\"2023-04-14T04:33:02+00:00\" \/>\n<meta property=\"article:modified_time\" content=\"2023-04-14T04:33:06+00:00\" \/>\n<meta property=\"og:image\" content=\"https:\/\/www.tecdmx.org.mx\/wp-content\/uploads\/2020\/08\/comunicado_nuevo.jpg\" \/>\n\t<meta property=\"og:image:width\" content=\"600\" \/>\n\t<meta property=\"og:image:height\" content=\"366\" \/>\n\t<meta property=\"og:image:type\" content=\"image\/jpeg\" \/>\n<meta name=\"author\" content=\"Difusion2025\" \/>\n<meta name=\"twitter:card\" content=\"summary_large_image\" \/>\n<meta name=\"twitter:creator\" content=\"@tecdmx\" \/>\n<meta name=\"twitter:site\" content=\"@tecdmx\" \/>\n<meta name=\"twitter:label1\" content=\"Escrito por\" \/>\n\t<meta name=\"twitter:data1\" content=\"Difusion2025\" \/>\n\t<meta name=\"twitter:label2\" content=\"Tiempo de lectura\" \/>\n\t<meta name=\"twitter:data2\" content=\"7 minutos\" \/>\n<script type=\"application\/ld+json\" class=\"yoast-schema-graph\">{\"@context\":\"https:\/\/schema.org\",\"@graph\":[{\"@type\":\"WebPage\",\"@id\":\"https:\/\/www.tecdmx.org.mx\/index.php\/comunicados\/2023\/04\/13\/boletin-n-19\/\",\"url\":\"https:\/\/www.tecdmx.org.mx\/index.php\/comunicados\/2023\/04\/13\/boletin-n-19\/\",\"name\":\"Bolet\u00edn N\u00b0 19 - Tribunal Electoral de la Ciudad de M\u00e9xico\",\"isPartOf\":{\"@id\":\"https:\/\/www.tecdmx.org.mx\/#website\"},\"primaryImageOfPage\":{\"@id\":\"https:\/\/www.tecdmx.org.mx\/index.php\/comunicados\/2023\/04\/13\/boletin-n-19\/#primaryimage\"},\"image\":{\"@id\":\"https:\/\/www.tecdmx.org.mx\/index.php\/comunicados\/2023\/04\/13\/boletin-n-19\/#primaryimage\"},\"thumbnailUrl\":\"https:\/\/www.tecdmx.org.mx\/wp-content\/uploads\/2020\/08\/comunicado_nuevo.jpg\",\"datePublished\":\"2023-04-14T04:33:02+00:00\",\"dateModified\":\"2023-04-14T04:33:06+00:00\",\"author\":{\"@id\":\"https:\/\/www.tecdmx.org.mx\/#\/schema\/person\/208c898199fb3234203823c5f0cf31d6\"},\"breadcrumb\":{\"@id\":\"https:\/\/www.tecdmx.org.mx\/index.php\/comunicados\/2023\/04\/13\/boletin-n-19\/#breadcrumb\"},\"inLanguage\":\"es\",\"potentialAction\":[{\"@type\":\"ReadAction\",\"target\":[\"https:\/\/www.tecdmx.org.mx\/index.php\/comunicados\/2023\/04\/13\/boletin-n-19\/\"]}]},{\"@type\":\"ImageObject\",\"inLanguage\":\"es\",\"@id\":\"https:\/\/www.tecdmx.org.mx\/index.php\/comunicados\/2023\/04\/13\/boletin-n-19\/#primaryimage\",\"url\":\"https:\/\/www.tecdmx.org.mx\/wp-content\/uploads\/2020\/08\/comunicado_nuevo.jpg\",\"contentUrl\":\"https:\/\/www.tecdmx.org.mx\/wp-content\/uploads\/2020\/08\/comunicado_nuevo.jpg\",\"width\":600,\"height\":366},{\"@type\":\"BreadcrumbList\",\"@id\":\"https:\/\/www.tecdmx.org.mx\/index.php\/comunicados\/2023\/04\/13\/boletin-n-19\/#breadcrumb\",\"itemListElement\":[{\"@type\":\"ListItem\",\"position\":1,\"name\":\"Portada\",\"item\":\"https:\/\/www.tecdmx.org.mx\/\"},{\"@type\":\"ListItem\",\"position\":2,\"name\":\"Bolet\u00edn N\u00b0 19\"}]},{\"@type\":\"WebSite\",\"@id\":\"https:\/\/www.tecdmx.org.mx\/#website\",\"url\":\"https:\/\/www.tecdmx.org.mx\/\",\"name\":\"Tribunal Electoral de la Ciudad de M\u00e9xico\",\"description\":\"25 a\u00f1os garantizando justicia en tu elecci\u00f3n\",\"potentialAction\":[{\"@type\":\"SearchAction\",\"target\":{\"@type\":\"EntryPoint\",\"urlTemplate\":\"https:\/\/www.tecdmx.org.mx\/?s={search_term_string}\"},\"query-input\":\"required name=search_term_string\"}],\"inLanguage\":\"es\"},{\"@type\":\"Person\",\"@id\":\"https:\/\/www.tecdmx.org.mx\/#\/schema\/person\/208c898199fb3234203823c5f0cf31d6\",\"name\":\"Difusion2025\",\"image\":{\"@type\":\"ImageObject\",\"inLanguage\":\"es\",\"@id\":\"https:\/\/www.tecdmx.org.mx\/#\/schema\/person\/image\/\",\"url\":\"https:\/\/secure.gravatar.com\/avatar\/6f7a4ba3acb418040e90a2eb99b5df28?s=96&d=mm&r=g\",\"contentUrl\":\"https:\/\/secure.gravatar.com\/avatar\/6f7a4ba3acb418040e90a2eb99b5df28?s=96&d=mm&r=g\",\"caption\":\"Difusion2025\"}}]}<\/script>\n<!-- \/ Yoast SEO plugin. -->","yoast_head_json":{"title":"Bolet\u00edn N\u00b0 19 - Tribunal Electoral de la Ciudad de M\u00e9xico","robots":{"index":"index","follow":"follow","max-snippet":"max-snippet:-1","max-image-preview":"max-image-preview:large","max-video-preview":"max-video-preview:-1"},"canonical":"https:\/\/www.tecdmx.org.mx\/index.php\/comunicados\/2023\/04\/13\/boletin-n-19\/","og_locale":"es_ES","og_type":"article","og_title":"Bolet\u00edn N\u00b0 19 - Tribunal Electoral de la Ciudad de M\u00e9xico","og_description":"Ciudad de M\u00e9xico, a 13 de abril de 2023 Bolet\u00edn N\u00b0 19 Ordena el TECDMX al IECM modificar la fecha l\u00edmite para solicitud de revocaci\u00f3n&nbsp;de&nbsp;mandato&nbsp; El Pleno del Tribunal Electoral [&hellip;]","og_url":"https:\/\/www.tecdmx.org.mx\/index.php\/comunicados\/2023\/04\/13\/boletin-n-19\/","og_site_name":"Tribunal Electoral de la Ciudad de M\u00e9xico","article_publisher":"https:\/\/www.facebook.com\/TECDMX\/","article_published_time":"2023-04-14T04:33:02+00:00","article_modified_time":"2023-04-14T04:33:06+00:00","og_image":[{"width":600,"height":366,"url":"https:\/\/www.tecdmx.org.mx\/wp-content\/uploads\/2020\/08\/comunicado_nuevo.jpg","type":"image\/jpeg"}],"author":"Difusion2025","twitter_card":"summary_large_image","twitter_creator":"@tecdmx","twitter_site":"@tecdmx","twitter_misc":{"Escrito por":"Difusion2025","Tiempo de lectura":"7 minutos"},"schema":{"@context":"https:\/\/schema.org","@graph":[{"@type":"WebPage","@id":"https:\/\/www.tecdmx.org.mx\/index.php\/comunicados\/2023\/04\/13\/boletin-n-19\/","url":"https:\/\/www.tecdmx.org.mx\/index.php\/comunicados\/2023\/04\/13\/boletin-n-19\/","name":"Bolet\u00edn N\u00b0 19 - Tribunal Electoral de la Ciudad de M\u00e9xico","isPartOf":{"@id":"https:\/\/www.tecdmx.org.mx\/#website"},"primaryImageOfPage":{"@id":"https:\/\/www.tecdmx.org.mx\/index.php\/comunicados\/2023\/04\/13\/boletin-n-19\/#primaryimage"},"image":{"@id":"https:\/\/www.tecdmx.org.mx\/index.php\/comunicados\/2023\/04\/13\/boletin-n-19\/#primaryimage"},"thumbnailUrl":"https:\/\/www.tecdmx.org.mx\/wp-content\/uploads\/2020\/08\/comunicado_nuevo.jpg","datePublished":"2023-04-14T04:33:02+00:00","dateModified":"2023-04-14T04:33:06+00:00","author":{"@id":"https:\/\/www.tecdmx.org.mx\/#\/schema\/person\/208c898199fb3234203823c5f0cf31d6"},"breadcrumb":{"@id":"https:\/\/www.tecdmx.org.mx\/index.php\/comunicados\/2023\/04\/13\/boletin-n-19\/#breadcrumb"},"inLanguage":"es","potentialAction":[{"@type":"ReadAction","target":["https:\/\/www.tecdmx.org.mx\/index.php\/comunicados\/2023\/04\/13\/boletin-n-19\/"]}]},{"@type":"ImageObject","inLanguage":"es","@id":"https:\/\/www.tecdmx.org.mx\/index.php\/comunicados\/2023\/04\/13\/boletin-n-19\/#primaryimage","url":"https:\/\/www.tecdmx.org.mx\/wp-content\/uploads\/2020\/08\/comunicado_nuevo.jpg","contentUrl":"https:\/\/www.tecdmx.org.mx\/wp-content\/uploads\/2020\/08\/comunicado_nuevo.jpg","width":600,"height":366},{"@type":"BreadcrumbList","@id":"https:\/\/www.tecdmx.org.mx\/index.php\/comunicados\/2023\/04\/13\/boletin-n-19\/#breadcrumb","itemListElement":[{"@type":"ListItem","position":1,"name":"Portada","item":"https:\/\/www.tecdmx.org.mx\/"},{"@type":"ListItem","position":2,"name":"Bolet\u00edn N\u00b0 19"}]},{"@type":"WebSite","@id":"https:\/\/www.tecdmx.org.mx\/#website","url":"https:\/\/www.tecdmx.org.mx\/","name":"Tribunal Electoral de la Ciudad de M\u00e9xico","description":"25 a\u00f1os garantizando justicia en tu elecci\u00f3n","potentialAction":[{"@type":"SearchAction","target":{"@type":"EntryPoint","urlTemplate":"https:\/\/www.tecdmx.org.mx\/?s={search_term_string}"},"query-input":"required name=search_term_string"}],"inLanguage":"es"},{"@type":"Person","@id":"https:\/\/www.tecdmx.org.mx\/#\/schema\/person\/208c898199fb3234203823c5f0cf31d6","name":"Difusion2025","image":{"@type":"ImageObject","inLanguage":"es","@id":"https:\/\/www.tecdmx.org.mx\/#\/schema\/person\/image\/","url":"https:\/\/secure.gravatar.com\/avatar\/6f7a4ba3acb418040e90a2eb99b5df28?s=96&d=mm&r=g","contentUrl":"https:\/\/secure.gravatar.com\/avatar\/6f7a4ba3acb418040e90a2eb99b5df28?s=96&d=mm&r=g","caption":"Difusion2025"}}]}},"_links":{"self":[{"href":"https:\/\/www.tecdmx.org.mx\/index.php\/wp-json\/wp\/v2\/posts\/42785"}],"collection":[{"href":"https:\/\/www.tecdmx.org.mx\/index.php\/wp-json\/wp\/v2\/posts"}],"about":[{"href":"https:\/\/www.tecdmx.org.mx\/index.php\/wp-json\/wp\/v2\/types\/post"}],"author":[{"embeddable":true,"href":"https:\/\/www.tecdmx.org.mx\/index.php\/wp-json\/wp\/v2\/users\/13"}],"replies":[{"embeddable":true,"href":"https:\/\/www.tecdmx.org.mx\/index.php\/wp-json\/wp\/v2\/comments?post=42785"}],"version-history":[{"count":2,"href":"https:\/\/www.tecdmx.org.mx\/index.php\/wp-json\/wp\/v2\/posts\/42785\/revisions"}],"predecessor-version":[{"id":42788,"href":"https:\/\/www.tecdmx.org.mx\/index.php\/wp-json\/wp\/v2\/posts\/42785\/revisions\/42788"}],"wp:featuredmedia":[{"embeddable":true,"href":"https:\/\/www.tecdmx.org.mx\/index.php\/wp-json\/wp\/v2\/media\/21168"}],"wp:attachment":[{"href":"https:\/\/www.tecdmx.org.mx\/index.php\/wp-json\/wp\/v2\/media?parent=42785"}],"wp:term":[{"taxonomy":"category","embeddable":true,"href":"https:\/\/www.tecdmx.org.mx\/index.php\/wp-json\/wp\/v2\/categories?post=42785"},{"taxonomy":"post_tag","embeddable":true,"href":"https:\/\/www.tecdmx.org.mx\/index.php\/wp-json\/wp\/v2\/tags?post=42785"}],"curies":[{"name":"wp","href":"https:\/\/api.w.org\/{rel}","templated":true}]}}