{"id":43330,"date":"2023-04-25T21:30:25","date_gmt":"2023-04-26T03:30:25","guid":{"rendered":"https:\/\/www.tecdmx.org.mx\/?p=43330"},"modified":"2023-04-25T21:31:32","modified_gmt":"2023-04-26T03:31:32","slug":"boletin-n-21__trashed","status":"publish","type":"post","link":"https:\/\/www.tecdmx.org.mx\/index.php\/comunicados\/2023\/04\/25\/boletin-n-21__trashed\/","title":{"rendered":"Bolet\u00edn N\u00b0 21"},"content":{"rendered":"\n<p class=\"has-text-align-right\">Ciudad de M\u00e9xico, a 25 de abril de 2023<\/p>\n\n\n\n<p><\/p>\n\n\n\n<p class=\"has-text-align-center\"><strong>Ordena el TECDMX a la mesa directiva del Congreso de la CDMX, se pronuncie sobre la incorporaci\u00f3n de un diputado a la asociaci\u00f3n parlamentaria ciudadana.<\/strong><\/p>\n\n\n\n<p>El Pleno del Tribunal Electoral de la Ciudad de M\u00e9xico (TECDMX) celebr\u00f3 esta tarde Sesi\u00f3n P\u00fablica en la que resolvi\u00f3 las siguientes impugnaciones a los proyectos presentados:<\/p>\n\n\n\n<figure class=\"wp-block-table\"><table><thead><tr><td><strong>Expediente<\/strong><\/td><td><strong>Autoridad Demandada u \u00d3rgano Responsable<\/strong><\/td><td><strong>Hecho Denunciado<\/strong><\/td><td><strong>Resoluci\u00f3n<\/strong><\/td><\/tr><\/thead><tbody><tr><td><strong>TECDMX-JLDC-017\/2023<\/strong><\/td><td>Mesa Directiva del Congreso de la Ciudad de M\u00e9xico<\/td><td>Una persona en su calidad de diputado del Congreso de la Ciudad de M\u00e9xico impugn\u00f3 el oficio de la Mesa Directiva, con el que se le inform\u00f3 la imposibilidad de formar parte de la Asociaci\u00f3n Parlamentaria Ciudadana, luego de renunciar a su grupo parlamentario.<\/td><td>Revoc\u00f3 el oficio impugnado y orden\u00f3 a la autoridad responsable se pronuncie sobre la solicitud de la parte actora de formar parte de la Asociaci\u00f3n Parlamentaria Ciudadana, inaplicando el art\u00edculo 36, fracci\u00f3n VII, de la Ley Org\u00e1nica del Congreso de la Ciudad de M\u00e9xico, es decir, que considere procedente la solicitud, con las prerrogativas que supone esa medida, en cuanto a la entrega de los recursos humanos y t\u00e9cnicos que est\u00e9n previstos para las Asociaciones Parlamentarias.<\/td><\/tr><tr><td><strong>TECDMX-JEL-090\/2023,<\/strong> <strong>&nbsp;<\/strong> <strong>&nbsp;<\/strong> <strong>TECDMX-JEL-134\/2023<\/strong> <strong>&nbsp;<\/strong> <strong>&nbsp;<\/strong><\/td><td>\u00d3rgano Dictaminador de la Alcald\u00eda Azcapotzalco \u00d3rgano Dictaminador de la Alcald\u00eda Xochimilco &nbsp;<\/td><td>Impugnaci\u00f3n de los re-dict\u00e1menes emitidos por el \u00d3rgano Dictaminador de las distintas Alcald\u00edas, que calificaron como inviables los proyectos presentados en el marco de la Consulta de Presupuesto Participativo 2023 y 2024, para las distintas Unidades Territoriales.&nbsp;<\/td><td>Revoc\u00f3 los re-dict\u00e1menes. Orden\u00f3 a las autoridades responsables dictaminar de nueva cuenta las propuestas presentadas, donde se subsanen las irregularidades, dentro de los plazos y con los efectos que se precisan en los proyectos.<\/td><\/tr><tr><td><strong>TECDMX-JEL-137\/2023,<\/strong> <strong>TECDMX-JEL-140\/2023,<\/strong> <strong>TECDMX-JEL-163\/2023,<\/strong> <strong>TECDMX-JEL-165\/2023<\/strong><\/td><td>Direcci\u00f3n Distrital 13 Direcci\u00f3n Distrital 13 Direcci\u00f3n Distrital 12 Direcci\u00f3n Distrital 12<\/td><td>Revocaci\u00f3n de los dict\u00e1menes en los que se determin\u00f3 la improcedencia del registro de sus candidaturas para integrar la Comisi\u00f3n de Participaci\u00f3n Comunitaria en diversas Unidades Territoriales.<\/td><td>Revoc\u00f3 los dict\u00e1menes de improcedencia. Orden\u00f3 a la autoridad responsable que registre las candidaturas correspondientes.<\/td><\/tr><tr><td><strong>TECDMX-JEL-052\/2023<\/strong><\/td><td>\u00d3rgano Dictaminador de la Alcald\u00eda Tlalpan<\/td><td>Contra tres re-dict\u00e1menes negativos emitidos por el \u00d3rgano Dictaminador de la Alcald\u00eda Tlalpan.<\/td><td>En dos proyectos revoc\u00f3 los re-dict\u00e1menes. Orden\u00f3 a la Direcci\u00f3n Distrital respectiva realizar las acciones necesarias para que \u00e9stos participen en la Consulta de Presupuesto Participativo 2023-2024, al quedar acreditado ser continuidad de un proyecto ya ejecutado en el Presupuesto de 2022. En un proyecto m\u00e1s se revoc\u00f3 el re-dictamen, se orden\u00f3 al \u00d3rgano Dictaminador emita uno nuevo de manera fundada y motivada, y considere las manifestaciones de la parte actora.<\/td><\/tr><tr><td><strong>TECDMX-JEL-088\/2023<\/strong><\/td><td>\u00d3rgano Dictaminador de la Alcald\u00eda Tlalpan<\/td><td>Contra las re-dict\u00e1minaciones negativas emitidas por el \u00d3rgano Dictaminador de la Alcald\u00eda de Tlalpan, respecto de tres proyectos de presupuesto participativo.<\/td><td>Confirm\u00f3 en dos re-dict\u00e1menes, porque los argumentos que formul\u00f3 la parte actora no desvirt\u00faan la inviabilidad t\u00e9cnica determinada por el \u00d3rgano Dictaminador. Un tercer re-dictamen fue revocado y orden\u00f3 al \u00d3rgano Dictaminador que emita uno nuevo.<\/td><\/tr><tr><td><strong>TECDMX-JEL-143\/2023<\/strong><\/td><td>Direcci\u00f3n Distrital 19<\/td><td>Contra los dict\u00e1menes emitidos por la Direcci\u00f3n Distrital 19 del IECM, mediante los cuales declar\u00f3 procedentes las candidaturas de cuatro personas para participar en la elecci\u00f3n de la COPACO en la Unidad Territorial Ampliaci\u00f3n Tepepan, demarcaci\u00f3n Xochimilco.<\/td><td>Confirm\u00f3 los dict\u00e1menes, pues, contrario a lo argumentado por la parte actora, no fue acreditado en autos que las personas cuyas candidaturas impugn\u00f3 tengan bajo su responsabilidad la operaci\u00f3n de programas sociales.<\/td><\/tr><tr><td><strong>TECDMX-JEL-159\/2023<\/strong><\/td><td>Consejo General del IECM<\/td><td>Contra del Acuerdo 25 de 2023 del Consejo General del IECM y de los Lineamientos para la Organizaci\u00f3n y Desarrollo del Proceso de Revocaci\u00f3n de Mandato de los cargos de representaci\u00f3n popular que fueron electos en el proceso electoral ordinario local 2020-2021.<\/td><td>Confirm\u00f3 el Acuerdo y Lineamientos impugnados, y estableci\u00f3 los efectos respecto al porcentaje de firmas que debe cumplir la parte actora.<\/td><\/tr><tr><td><strong>TECDMX-JEL-166\/2023<\/strong><\/td><td>Direcci\u00f3n Distrital 33<\/td><td>Contra el dictamen mediante el cual, la Direcci\u00f3n Distrital 33 resolvi\u00f3 la improcedencia del registro de una candidatura para integrar la COPACO de la Unidad Territorial Lomas Quebradas, demarcaci\u00f3n La Magdalena Contreras, al considerar que el dictamen impugnado es ilegal, pues determin\u00f3 que su credencial para votar no se encuentra vigente, sin haberle dado la garant\u00eda de audiencia correspondiente.<\/td><td>Revoc\u00f3 el dictamen. Orden\u00f3 a la autoridad responsable emita un nuevo dictamen en t\u00e9rminos de la sentencia.<\/td><\/tr><tr><td><strong>TECDMX-JEL-007\/2023<\/strong><\/td><td>Comisi\u00f3n Permanente de Quejas del IECM<\/td><td>Contra el Acuerdo de 23 de enero de 2023, emitido por la Comisi\u00f3n Permanente de Quejas del IECM, en el expediente 11 de 2023, mediante el cual desech\u00f3 la queja presentada por la parte actora y, en consecuencia, decret\u00f3 el no inicio del procedimiento administrativo sancionador.<\/td><td>Revoc\u00f3 el Acuerdo.<\/td><\/tr><tr><td><strong>TECDMX-JEL-018\/2023,<\/strong> <strong>TECDMX-JEL-019\/2023<\/strong><\/td><td>Comisi\u00f3n Permanente de Quejas del IECM<\/td><td>Contra los Acuerdos emitidos por la Comisi\u00f3n Permanente de Quejas del Instituto Electoral de la Ciudad de M\u00e9xico, mediante los cuales decret\u00f3 el no inicio del Procedimiento Administrativo Sancionador Electoral, as\u00ed como, la improcedencia del dictado de las medidas cautelares dentro de las quejas 015\/2023 y 016\/2023.<\/td><td>Revoc\u00f3 los Acuerdos. Orden\u00f3 emita un nuevo acuerdo debidamente fundado y motivado, en el que se abstenga de realizar consideraciones conclusivas y de fondo respecto de las conductas denunciadas por la parte actora.<\/td><\/tr><tr><td><strong>TECDMX-JLDC-020\/2022,<\/strong> <strong>TECDMX-JLDC-021\/2022,<\/strong> <strong>TECDMX-JLDC-025\/2022<\/strong><\/td><td>Subdelegaci\u00f3n del Pueblo de Santo Tom\u00e1s Ajusco<\/td><td>Contra del proceso y designaci\u00f3n de la Junta C\u00edvica, encargada de la elecci\u00f3n de la autoridad tradicional Subdelegaci\u00f3n de Santo Tom\u00e1s Ajusco 2022-2025, as\u00ed como todos los actos subsecuentes.<\/td><td>Invalid\u00f3 el procedimiento electivo de la Junta C\u00edvica y todos los actos subsecuentes realizados por la autoridad. Orden\u00f3 la reposici\u00f3n del proceso para elegir a la Junta C\u00edvica del Pueblo de Santo Tom\u00e1s Ajusco, por lo que deber\u00e1 emitirse una nueva Convocatoria en la que se fije fecha para la celebraci\u00f3n de la Asamblea General.<\/td><\/tr><\/tbody><\/table><\/figure>\n\n\n\n<p>Finalmente, el Pleno determin\u00f3 desechar de plano las demandas de diversos juicios por las siguientes razones:<\/p>\n\n\n\n<figure class=\"wp-block-table\"><table><thead><tr><td><strong>Expediente<\/strong><\/td><td><strong>Autoridad Demandada u \u00d3rgano Responsable<\/strong><\/td><td><strong>Resoluci\u00f3n<\/strong><\/td><\/tr><\/thead><tbody><tr><td><strong>TECDMX-JEL-155\/2023,<\/strong> <strong>&nbsp;<\/strong> <strong>TECDMX-JEL-158\/2023<\/strong><\/td><td>\u00d3rgano Dictaminador de la Alcald\u00eda Xochimilco \u00d3rgano Dictaminador de la Alcald\u00eda Azcapotzalco<\/td><td>Por presentarse de manera extempor\u00e1nea.<\/td><\/tr><tr><td><strong>TECDMX-JEL-151\/2023<\/strong><\/td><td>Direcci\u00f3n Distrital 21<\/td><td>Ha quedado sin materia.<\/td><\/tr><tr><td><strong>TECDMX-JLDC-049\/2022<\/strong><\/td><td>Presidente del \u00d3rgano Dictaminador de la Alcald\u00eda Iztapalapa<\/td><td>Falta de inter\u00e9s jur\u00eddico de la parte actora.<\/td><\/tr><tr><td><strong>TECDMX-JEL-150\/2023<\/strong><\/td><td>\u00d3rgano Dictaminador de la Alcald\u00eda Miguel Hidalgo<\/td><td>Se sobresee el juicio por carecer de firma aut\u00f3grafa.<\/td><\/tr><\/tbody><\/table><\/figure>\n\n\n\n<p class=\"has-text-align-center\"><strong>o-O-o<\/strong><\/p>\n","protected":false},"excerpt":{"rendered":"<p>Ciudad de M\u00e9xico, a 25 de abril de 2023 Ordena el TECDMX a la mesa directiva del Congreso de la CDMX, se pronuncie sobre la incorporaci\u00f3n de un diputado a [&hellip;]<\/p>\n","protected":false},"author":13,"featured_media":21168,"comment_status":"open","ping_status":"open","sticky":false,"template":"","format":"standard","meta":{"_acf_changed":false,"_exactmetrics_skip_tracking":false,"_exactmetrics_sitenote_active":false,"_exactmetrics_sitenote_note":"","_exactmetrics_sitenote_category":0,"footnotes":""},"categories":[32,47],"tags":[],"acf":[],"yoast_head":"<!-- This site is optimized with the Yoast SEO plugin v22.3 - https:\/\/yoast.com\/wordpress\/plugins\/seo\/ -->\n<title>Bolet\u00edn N\u00b0 21 - Tribunal Electoral de la Ciudad de M\u00e9xico<\/title>\n<meta name=\"robots\" content=\"index, follow, max-snippet:-1, max-image-preview:large, max-video-preview:-1\" \/>\n<link rel=\"canonical\" href=\"https:\/\/www.tecdmx.org.mx\/index.php\/comunicados\/2023\/04\/25\/boletin-n-21\/\" \/>\n<meta property=\"og:locale\" content=\"es_ES\" \/>\n<meta property=\"og:type\" content=\"article\" \/>\n<meta property=\"og:title\" content=\"Bolet\u00edn N\u00b0 21 - Tribunal Electoral de la Ciudad de M\u00e9xico\" \/>\n<meta property=\"og:description\" content=\"Ciudad de M\u00e9xico, a 25 de abril de 2023 Ordena el TECDMX a la mesa directiva del Congreso de la CDMX, se pronuncie sobre la incorporaci\u00f3n de un diputado a [&hellip;]\" \/>\n<meta property=\"og:url\" content=\"https:\/\/www.tecdmx.org.mx\/index.php\/comunicados\/2023\/04\/25\/boletin-n-21\/\" \/>\n<meta property=\"og:site_name\" content=\"Tribunal Electoral de la Ciudad de M\u00e9xico\" \/>\n<meta property=\"article:publisher\" content=\"https:\/\/www.facebook.com\/TECDMX\/\" \/>\n<meta property=\"article:published_time\" content=\"2023-04-26T03:30:25+00:00\" \/>\n<meta property=\"article:modified_time\" content=\"2023-04-26T03:31:32+00:00\" \/>\n<meta property=\"og:image\" content=\"https:\/\/www.tecdmx.org.mx\/wp-content\/uploads\/2020\/08\/comunicado_nuevo.jpg\" \/>\n\t<meta property=\"og:image:width\" content=\"600\" \/>\n\t<meta property=\"og:image:height\" content=\"366\" \/>\n\t<meta property=\"og:image:type\" content=\"image\/jpeg\" \/>\n<meta name=\"author\" content=\"Difusion2025\" \/>\n<meta name=\"twitter:card\" content=\"summary_large_image\" \/>\n<meta name=\"twitter:creator\" content=\"@tecdmx\" \/>\n<meta name=\"twitter:site\" content=\"@tecdmx\" \/>\n<meta name=\"twitter:label1\" content=\"Escrito por\" \/>\n\t<meta name=\"twitter:data1\" content=\"Difusion2025\" \/>\n\t<meta name=\"twitter:label2\" content=\"Tiempo de lectura\" \/>\n\t<meta name=\"twitter:data2\" content=\"5 minutos\" \/>\n<script type=\"application\/ld+json\" class=\"yoast-schema-graph\">{\"@context\":\"https:\/\/schema.org\",\"@graph\":[{\"@type\":\"WebPage\",\"@id\":\"https:\/\/www.tecdmx.org.mx\/index.php\/comunicados\/2023\/04\/25\/boletin-n-21\/\",\"url\":\"https:\/\/www.tecdmx.org.mx\/index.php\/comunicados\/2023\/04\/25\/boletin-n-21\/\",\"name\":\"Bolet\u00edn N\u00b0 21 - Tribunal Electoral de la Ciudad de M\u00e9xico\",\"isPartOf\":{\"@id\":\"https:\/\/www.tecdmx.org.mx\/#website\"},\"primaryImageOfPage\":{\"@id\":\"https:\/\/www.tecdmx.org.mx\/index.php\/comunicados\/2023\/04\/25\/boletin-n-21\/#primaryimage\"},\"image\":{\"@id\":\"https:\/\/www.tecdmx.org.mx\/index.php\/comunicados\/2023\/04\/25\/boletin-n-21\/#primaryimage\"},\"thumbnailUrl\":\"https:\/\/www.tecdmx.org.mx\/wp-content\/uploads\/2020\/08\/comunicado_nuevo.jpg\",\"datePublished\":\"2023-04-26T03:30:25+00:00\",\"dateModified\":\"2023-04-26T03:31:32+00:00\",\"author\":{\"@id\":\"https:\/\/www.tecdmx.org.mx\/#\/schema\/person\/208c898199fb3234203823c5f0cf31d6\"},\"breadcrumb\":{\"@id\":\"https:\/\/www.tecdmx.org.mx\/index.php\/comunicados\/2023\/04\/25\/boletin-n-21\/#breadcrumb\"},\"inLanguage\":\"es\",\"potentialAction\":[{\"@type\":\"ReadAction\",\"target\":[\"https:\/\/www.tecdmx.org.mx\/index.php\/comunicados\/2023\/04\/25\/boletin-n-21\/\"]}]},{\"@type\":\"ImageObject\",\"inLanguage\":\"es\",\"@id\":\"https:\/\/www.tecdmx.org.mx\/index.php\/comunicados\/2023\/04\/25\/boletin-n-21\/#primaryimage\",\"url\":\"https:\/\/www.tecdmx.org.mx\/wp-content\/uploads\/2020\/08\/comunicado_nuevo.jpg\",\"contentUrl\":\"https:\/\/www.tecdmx.org.mx\/wp-content\/uploads\/2020\/08\/comunicado_nuevo.jpg\",\"width\":600,\"height\":366},{\"@type\":\"BreadcrumbList\",\"@id\":\"https:\/\/www.tecdmx.org.mx\/index.php\/comunicados\/2023\/04\/25\/boletin-n-21\/#breadcrumb\",\"itemListElement\":[{\"@type\":\"ListItem\",\"position\":1,\"name\":\"Portada\",\"item\":\"https:\/\/www.tecdmx.org.mx\/\"},{\"@type\":\"ListItem\",\"position\":2,\"name\":\"Bolet\u00edn N\u00b0 21\"}]},{\"@type\":\"WebSite\",\"@id\":\"https:\/\/www.tecdmx.org.mx\/#website\",\"url\":\"https:\/\/www.tecdmx.org.mx\/\",\"name\":\"Tribunal Electoral de la Ciudad de M\u00e9xico\",\"description\":\"25 a\u00f1os garantizando justicia en tu elecci\u00f3n\",\"potentialAction\":[{\"@type\":\"SearchAction\",\"target\":{\"@type\":\"EntryPoint\",\"urlTemplate\":\"https:\/\/www.tecdmx.org.mx\/?s={search_term_string}\"},\"query-input\":\"required name=search_term_string\"}],\"inLanguage\":\"es\"},{\"@type\":\"Person\",\"@id\":\"https:\/\/www.tecdmx.org.mx\/#\/schema\/person\/208c898199fb3234203823c5f0cf31d6\",\"name\":\"Difusion2025\",\"image\":{\"@type\":\"ImageObject\",\"inLanguage\":\"es\",\"@id\":\"https:\/\/www.tecdmx.org.mx\/#\/schema\/person\/image\/\",\"url\":\"https:\/\/secure.gravatar.com\/avatar\/6f7a4ba3acb418040e90a2eb99b5df28?s=96&d=mm&r=g\",\"contentUrl\":\"https:\/\/secure.gravatar.com\/avatar\/6f7a4ba3acb418040e90a2eb99b5df28?s=96&d=mm&r=g\",\"caption\":\"Difusion2025\"}}]}<\/script>\n<!-- \/ Yoast SEO plugin. -->","yoast_head_json":{"title":"Bolet\u00edn N\u00b0 21 - Tribunal Electoral de la Ciudad de M\u00e9xico","robots":{"index":"index","follow":"follow","max-snippet":"max-snippet:-1","max-image-preview":"max-image-preview:large","max-video-preview":"max-video-preview:-1"},"canonical":"https:\/\/www.tecdmx.org.mx\/index.php\/comunicados\/2023\/04\/25\/boletin-n-21\/","og_locale":"es_ES","og_type":"article","og_title":"Bolet\u00edn N\u00b0 21 - Tribunal Electoral de la Ciudad de M\u00e9xico","og_description":"Ciudad de M\u00e9xico, a 25 de abril de 2023 Ordena el TECDMX a la mesa directiva del Congreso de la CDMX, se pronuncie sobre la incorporaci\u00f3n de un diputado a [&hellip;]","og_url":"https:\/\/www.tecdmx.org.mx\/index.php\/comunicados\/2023\/04\/25\/boletin-n-21\/","og_site_name":"Tribunal Electoral de la Ciudad de M\u00e9xico","article_publisher":"https:\/\/www.facebook.com\/TECDMX\/","article_published_time":"2023-04-26T03:30:25+00:00","article_modified_time":"2023-04-26T03:31:32+00:00","og_image":[{"width":600,"height":366,"url":"https:\/\/www.tecdmx.org.mx\/wp-content\/uploads\/2020\/08\/comunicado_nuevo.jpg","type":"image\/jpeg"}],"author":"Difusion2025","twitter_card":"summary_large_image","twitter_creator":"@tecdmx","twitter_site":"@tecdmx","twitter_misc":{"Escrito por":"Difusion2025","Tiempo de lectura":"5 minutos"},"schema":{"@context":"https:\/\/schema.org","@graph":[{"@type":"WebPage","@id":"https:\/\/www.tecdmx.org.mx\/index.php\/comunicados\/2023\/04\/25\/boletin-n-21\/","url":"https:\/\/www.tecdmx.org.mx\/index.php\/comunicados\/2023\/04\/25\/boletin-n-21\/","name":"Bolet\u00edn N\u00b0 21 - Tribunal Electoral de la Ciudad de M\u00e9xico","isPartOf":{"@id":"https:\/\/www.tecdmx.org.mx\/#website"},"primaryImageOfPage":{"@id":"https:\/\/www.tecdmx.org.mx\/index.php\/comunicados\/2023\/04\/25\/boletin-n-21\/#primaryimage"},"image":{"@id":"https:\/\/www.tecdmx.org.mx\/index.php\/comunicados\/2023\/04\/25\/boletin-n-21\/#primaryimage"},"thumbnailUrl":"https:\/\/www.tecdmx.org.mx\/wp-content\/uploads\/2020\/08\/comunicado_nuevo.jpg","datePublished":"2023-04-26T03:30:25+00:00","dateModified":"2023-04-26T03:31:32+00:00","author":{"@id":"https:\/\/www.tecdmx.org.mx\/#\/schema\/person\/208c898199fb3234203823c5f0cf31d6"},"breadcrumb":{"@id":"https:\/\/www.tecdmx.org.mx\/index.php\/comunicados\/2023\/04\/25\/boletin-n-21\/#breadcrumb"},"inLanguage":"es","potentialAction":[{"@type":"ReadAction","target":["https:\/\/www.tecdmx.org.mx\/index.php\/comunicados\/2023\/04\/25\/boletin-n-21\/"]}]},{"@type":"ImageObject","inLanguage":"es","@id":"https:\/\/www.tecdmx.org.mx\/index.php\/comunicados\/2023\/04\/25\/boletin-n-21\/#primaryimage","url":"https:\/\/www.tecdmx.org.mx\/wp-content\/uploads\/2020\/08\/comunicado_nuevo.jpg","contentUrl":"https:\/\/www.tecdmx.org.mx\/wp-content\/uploads\/2020\/08\/comunicado_nuevo.jpg","width":600,"height":366},{"@type":"BreadcrumbList","@id":"https:\/\/www.tecdmx.org.mx\/index.php\/comunicados\/2023\/04\/25\/boletin-n-21\/#breadcrumb","itemListElement":[{"@type":"ListItem","position":1,"name":"Portada","item":"https:\/\/www.tecdmx.org.mx\/"},{"@type":"ListItem","position":2,"name":"Bolet\u00edn N\u00b0 21"}]},{"@type":"WebSite","@id":"https:\/\/www.tecdmx.org.mx\/#website","url":"https:\/\/www.tecdmx.org.mx\/","name":"Tribunal Electoral de la Ciudad de M\u00e9xico","description":"25 a\u00f1os garantizando justicia en tu elecci\u00f3n","potentialAction":[{"@type":"SearchAction","target":{"@type":"EntryPoint","urlTemplate":"https:\/\/www.tecdmx.org.mx\/?s={search_term_string}"},"query-input":"required name=search_term_string"}],"inLanguage":"es"},{"@type":"Person","@id":"https:\/\/www.tecdmx.org.mx\/#\/schema\/person\/208c898199fb3234203823c5f0cf31d6","name":"Difusion2025","image":{"@type":"ImageObject","inLanguage":"es","@id":"https:\/\/www.tecdmx.org.mx\/#\/schema\/person\/image\/","url":"https:\/\/secure.gravatar.com\/avatar\/6f7a4ba3acb418040e90a2eb99b5df28?s=96&d=mm&r=g","contentUrl":"https:\/\/secure.gravatar.com\/avatar\/6f7a4ba3acb418040e90a2eb99b5df28?s=96&d=mm&r=g","caption":"Difusion2025"}}]}},"_links":{"self":[{"href":"https:\/\/www.tecdmx.org.mx\/index.php\/wp-json\/wp\/v2\/posts\/43330"}],"collection":[{"href":"https:\/\/www.tecdmx.org.mx\/index.php\/wp-json\/wp\/v2\/posts"}],"about":[{"href":"https:\/\/www.tecdmx.org.mx\/index.php\/wp-json\/wp\/v2\/types\/post"}],"author":[{"embeddable":true,"href":"https:\/\/www.tecdmx.org.mx\/index.php\/wp-json\/wp\/v2\/users\/13"}],"replies":[{"embeddable":true,"href":"https:\/\/www.tecdmx.org.mx\/index.php\/wp-json\/wp\/v2\/comments?post=43330"}],"version-history":[{"count":4,"href":"https:\/\/www.tecdmx.org.mx\/index.php\/wp-json\/wp\/v2\/posts\/43330\/revisions"}],"predecessor-version":[{"id":43335,"href":"https:\/\/www.tecdmx.org.mx\/index.php\/wp-json\/wp\/v2\/posts\/43330\/revisions\/43335"}],"wp:featuredmedia":[{"embeddable":true,"href":"https:\/\/www.tecdmx.org.mx\/index.php\/wp-json\/wp\/v2\/media\/21168"}],"wp:attachment":[{"href":"https:\/\/www.tecdmx.org.mx\/index.php\/wp-json\/wp\/v2\/media?parent=43330"}],"wp:term":[{"taxonomy":"category","embeddable":true,"href":"https:\/\/www.tecdmx.org.mx\/index.php\/wp-json\/wp\/v2\/categories?post=43330"},{"taxonomy":"post_tag","embeddable":true,"href":"https:\/\/www.tecdmx.org.mx\/index.php\/wp-json\/wp\/v2\/tags?post=43330"}],"curies":[{"name":"wp","href":"https:\/\/api.w.org\/{rel}","templated":true}]}}