{"id":43392,"date":"2023-04-27T21:57:01","date_gmt":"2023-04-28T03:57:01","guid":{"rendered":"https:\/\/www.tecdmx.org.mx\/?p=43392"},"modified":"2023-04-27T21:59:22","modified_gmt":"2023-04-28T03:59:22","slug":"boletin-n-23__trashed","status":"publish","type":"post","link":"https:\/\/www.tecdmx.org.mx\/index.php\/comunicados\/2023\/04\/27\/boletin-n-23__trashed\/","title":{"rendered":"Bolet\u00edn N\u00b0 23"},"content":{"rendered":"\n<p class=\"has-text-align-right\">Ciudad de M\u00e9xico, a 27 de abril de 2023<\/p>\n\n\n\n<p><\/p>\n\n\n\n<p><strong>Revoc\u00f3 el TECDMX la Convocatoria a la Asamblea Extraordinaria Deliberativa para ejercer el Presupuesto Participativo de 2023 y 2024 de San Andr\u00e9s Totoltepec, Tlalpan<\/strong><\/p>\n\n\n\n<p>El Pleno del Tribunal Electoral de la Ciudad de M\u00e9xico (TECDMX) celebr\u00f3 esta tarde Sesi\u00f3n P\u00fablica donde determinaron revocar la Convocatoria a la Asamblea Extraordinaria Deliberativa para ejercer el Presupuesto Participativo de 2023 y 2024, emitida por el Concejo de Gobierno Comunitario, del Pueblo de San Andr\u00e9s Totoltepec, Demarcaci\u00f3n Tlalpan; as\u00ed como, los dem\u00e1s actos que la sucedieron. Orden\u00f3 emitir una nueva Convocatoria, considerando los par\u00e1metros fijados en la sentencia. <a href=\"#_ftn1\" id=\"_ftnref1\">[1]<\/a><\/p>\n\n\n\n<p>Por otra parte, el Pleno resolvi\u00f3 un Procedimiento Especial Sancionador de la siguiente manera:<\/p>\n\n\n\n<figure class=\"wp-block-table\"><table><thead><tr><td><strong>Expediente<\/strong><\/td><td><strong>Hecho Denunciado<\/strong><\/td><td><strong>Resoluci\u00f3n<\/strong><\/td><\/tr><\/thead><tbody><tr><td><strong>TECDMX-PES-042\/2022<\/strong><\/td><td>Margarita Salda\u00f1a Hern\u00e1ndez, alcaldesa de Azcapotzalco, en contra de Javier Antonio Castro Ch\u00e1vez, por la presunta realizaci\u00f3n de violencia pol\u00edtica, violencia pol\u00edtica de g\u00e9nero y violencia pol\u00edtica contra las mujeres en raz\u00f3n de g\u00e9nero.<\/td><td>Dejaron sin efectos las medidas cautelares, toda vez que los hechos denunciados no configuran las propias infracciones, debido a que, el contenido de la publicaci\u00f3n denunciada constituye una cr\u00edtica que va dirigida a una persona servidora p\u00fablica que se encuentra ejerciendo el cargo de alcaldesa.<\/td><\/tr><\/tbody><\/table><\/figure>\n\n\n\n<p>Finalmente, el Pleno determin\u00f3 desechar de plano las demandas de diversos juicios por las siguientes razones:<\/p>\n\n\n\n<ul>\n<li>TECDMX-JEL-152\/2023, TECDMX-JEL-164\/2023, TECDMX-JEL-167\/2023, TECDMX-JEL-168\/2023 y TECDMX-JEL-169\/2023 \u2013 por presentarse de manera extempor\u00e1nea, ya que excedieron el plazo de cuatro d\u00edas para su presentaci\u00f3n.<\/li>\n<\/ul>\n\n\n\n<ul>\n<li>Los siguientes juicios han quedado sin materia, debido a:<\/li>\n<\/ul>\n\n\n\n<figure class=\"wp-block-table\"><table><tbody><tr><td><strong>Juicio<\/strong><strong><\/strong><\/td><td><strong>Motivo <\/strong><strong><\/strong><\/td><\/tr><tr><td>TECDMX-JEL-347\/2022<\/td><td>El TECDMX queda impedido para realizar pronunciamiento alguno sobre la legalidad de presupuesto participativo para el ejercicio fiscal 2022, respecto del Pueblo de San Jer\u00f3nimo L\u00eddice-Aculco.<\/td><\/tr><tr><td>TECDMX-JLCD-033\/2022, TECDMX-JLCD-035\/2022 y TECDMX-JLCD-042\/2022<\/td><td>El TECDMX dict\u00f3 sentencia en los expedientes TECDMX-JLDC-020\/2022 y acumulados, en los que se declar\u00f3 la invalidez del procedimiento electivo de la Junta C\u00edvica encargada de llevar a cabo la elecci\u00f3n de la autoridad tradicional Subdelegaci\u00f3n de Santo Tom\u00e1s Ajusco 2022-2025, tambi\u00e9n lo hizo respecto a todos los actos subsecuentes realizados por dicha autoridad, incluyendo los resultados y designaci\u00f3n de la referida autoridad tradicional representativa. Asimismo, en dicha sentencia, orden\u00f3 la reposici\u00f3n de todo el procedimiento de la autoridad tradicional. Por ende, el actual asunto JLDC-033\/2022 y acumulados qued\u00f3 sin materia.<\/td><\/tr><tr><td>TECDMX-JEL-157\/2023<\/td><td>El TECDMX al resolver el juicio TECDMX-JLCD-041\/2023 dej\u00f3 sin efectos la Asamblea deliberativa, la cual, se controvierte en el presente asunto, por tanto, qued\u00f3 sin materia.<\/td><\/tr><tr><td>TECDMX-JLCD-075\/2023<\/td><td>Las autoridades responsables reconocieron el error controvertido y realizaron las acciones pertinentes para subsanarlo.<\/td><\/tr><tr><td>TECDMX-JEL-164\/2023<\/td><td>Se sobresee la demanda, al presentarse de manera extempor\u00e1nea.<\/td><\/tr><\/tbody><\/table><\/figure>\n\n\n\n<p class=\"has-text-align-center\"><strong>o-O-o<\/strong><\/p>\n\n\n\n<hr class=\"wp-block-separator has-alpha-channel-opacity\"\/>\n\n\n\n<p><a href=\"#_ftnref1\" id=\"_ftn1\">[1]<\/a> TECDMX-JLDC-041\/2023, TECDMX-JLDC-042\/2023, TECDMX-JLDC-077\/2023, TECDMX-JLDC-078\/2023, TECDMX-JLDC-079\/2023 y TECDMX-JLDC-080\/2023<\/p>\n","protected":false},"excerpt":{"rendered":"<p>Ciudad de M\u00e9xico, a 27 de abril de 2023 Revoc\u00f3 el TECDMX la Convocatoria a la Asamblea Extraordinaria Deliberativa para ejercer el Presupuesto Participativo de 2023 y 2024 de San [&hellip;]<\/p>\n","protected":false},"author":13,"featured_media":21168,"comment_status":"open","ping_status":"open","sticky":false,"template":"","format":"standard","meta":{"_acf_changed":false,"_exactmetrics_skip_tracking":false,"_exactmetrics_sitenote_active":false,"_exactmetrics_sitenote_note":"","_exactmetrics_sitenote_category":0,"footnotes":""},"categories":[32,47],"tags":[],"acf":[],"yoast_head":"<!-- This site is optimized with the Yoast SEO plugin v22.3 - https:\/\/yoast.com\/wordpress\/plugins\/seo\/ -->\n<title>Bolet\u00edn N\u00b0 23 - Tribunal Electoral de la Ciudad de M\u00e9xico<\/title>\n<meta name=\"robots\" content=\"index, follow, max-snippet:-1, max-image-preview:large, max-video-preview:-1\" \/>\n<link rel=\"canonical\" href=\"https:\/\/www.tecdmx.org.mx\/index.php\/comunicados\/2023\/04\/27\/boletin-n-23\/\" \/>\n<meta property=\"og:locale\" content=\"es_ES\" \/>\n<meta property=\"og:type\" content=\"article\" \/>\n<meta property=\"og:title\" content=\"Bolet\u00edn N\u00b0 23 - Tribunal Electoral de la Ciudad de M\u00e9xico\" \/>\n<meta property=\"og:description\" content=\"Ciudad de M\u00e9xico, a 27 de abril de 2023 Revoc\u00f3 el TECDMX la Convocatoria a la Asamblea Extraordinaria Deliberativa para ejercer el Presupuesto Participativo de 2023 y 2024 de San [&hellip;]\" \/>\n<meta property=\"og:url\" content=\"https:\/\/www.tecdmx.org.mx\/index.php\/comunicados\/2023\/04\/27\/boletin-n-23\/\" \/>\n<meta property=\"og:site_name\" content=\"Tribunal Electoral de la Ciudad de M\u00e9xico\" \/>\n<meta property=\"article:publisher\" content=\"https:\/\/www.facebook.com\/TECDMX\/\" \/>\n<meta property=\"article:published_time\" content=\"2023-04-28T03:57:01+00:00\" \/>\n<meta property=\"article:modified_time\" content=\"2023-04-28T03:59:22+00:00\" \/>\n<meta property=\"og:image\" content=\"https:\/\/www.tecdmx.org.mx\/wp-content\/uploads\/2020\/08\/comunicado_nuevo.jpg\" \/>\n\t<meta property=\"og:image:width\" content=\"600\" \/>\n\t<meta property=\"og:image:height\" content=\"366\" \/>\n\t<meta property=\"og:image:type\" content=\"image\/jpeg\" \/>\n<meta name=\"author\" content=\"Difusion2025\" \/>\n<meta name=\"twitter:card\" content=\"summary_large_image\" \/>\n<meta name=\"twitter:creator\" content=\"@tecdmx\" \/>\n<meta name=\"twitter:site\" content=\"@tecdmx\" \/>\n<meta name=\"twitter:label1\" content=\"Escrito por\" \/>\n\t<meta name=\"twitter:data1\" content=\"Difusion2025\" \/>\n\t<meta name=\"twitter:label2\" content=\"Tiempo de lectura\" \/>\n\t<meta name=\"twitter:data2\" content=\"2 minutos\" \/>\n<script type=\"application\/ld+json\" class=\"yoast-schema-graph\">{\"@context\":\"https:\/\/schema.org\",\"@graph\":[{\"@type\":\"WebPage\",\"@id\":\"https:\/\/www.tecdmx.org.mx\/index.php\/comunicados\/2023\/04\/27\/boletin-n-23\/\",\"url\":\"https:\/\/www.tecdmx.org.mx\/index.php\/comunicados\/2023\/04\/27\/boletin-n-23\/\",\"name\":\"Bolet\u00edn N\u00b0 23 - Tribunal Electoral de la Ciudad de M\u00e9xico\",\"isPartOf\":{\"@id\":\"https:\/\/www.tecdmx.org.mx\/#website\"},\"primaryImageOfPage\":{\"@id\":\"https:\/\/www.tecdmx.org.mx\/index.php\/comunicados\/2023\/04\/27\/boletin-n-23\/#primaryimage\"},\"image\":{\"@id\":\"https:\/\/www.tecdmx.org.mx\/index.php\/comunicados\/2023\/04\/27\/boletin-n-23\/#primaryimage\"},\"thumbnailUrl\":\"https:\/\/www.tecdmx.org.mx\/wp-content\/uploads\/2020\/08\/comunicado_nuevo.jpg\",\"datePublished\":\"2023-04-28T03:57:01+00:00\",\"dateModified\":\"2023-04-28T03:59:22+00:00\",\"author\":{\"@id\":\"https:\/\/www.tecdmx.org.mx\/#\/schema\/person\/208c898199fb3234203823c5f0cf31d6\"},\"breadcrumb\":{\"@id\":\"https:\/\/www.tecdmx.org.mx\/index.php\/comunicados\/2023\/04\/27\/boletin-n-23\/#breadcrumb\"},\"inLanguage\":\"es\",\"potentialAction\":[{\"@type\":\"ReadAction\",\"target\":[\"https:\/\/www.tecdmx.org.mx\/index.php\/comunicados\/2023\/04\/27\/boletin-n-23\/\"]}]},{\"@type\":\"ImageObject\",\"inLanguage\":\"es\",\"@id\":\"https:\/\/www.tecdmx.org.mx\/index.php\/comunicados\/2023\/04\/27\/boletin-n-23\/#primaryimage\",\"url\":\"https:\/\/www.tecdmx.org.mx\/wp-content\/uploads\/2020\/08\/comunicado_nuevo.jpg\",\"contentUrl\":\"https:\/\/www.tecdmx.org.mx\/wp-content\/uploads\/2020\/08\/comunicado_nuevo.jpg\",\"width\":600,\"height\":366},{\"@type\":\"BreadcrumbList\",\"@id\":\"https:\/\/www.tecdmx.org.mx\/index.php\/comunicados\/2023\/04\/27\/boletin-n-23\/#breadcrumb\",\"itemListElement\":[{\"@type\":\"ListItem\",\"position\":1,\"name\":\"Portada\",\"item\":\"https:\/\/www.tecdmx.org.mx\/\"},{\"@type\":\"ListItem\",\"position\":2,\"name\":\"Bolet\u00edn N\u00b0 23\"}]},{\"@type\":\"WebSite\",\"@id\":\"https:\/\/www.tecdmx.org.mx\/#website\",\"url\":\"https:\/\/www.tecdmx.org.mx\/\",\"name\":\"Tribunal Electoral de la Ciudad de M\u00e9xico\",\"description\":\"25 a\u00f1os garantizando justicia en tu elecci\u00f3n\",\"potentialAction\":[{\"@type\":\"SearchAction\",\"target\":{\"@type\":\"EntryPoint\",\"urlTemplate\":\"https:\/\/www.tecdmx.org.mx\/?s={search_term_string}\"},\"query-input\":\"required name=search_term_string\"}],\"inLanguage\":\"es\"},{\"@type\":\"Person\",\"@id\":\"https:\/\/www.tecdmx.org.mx\/#\/schema\/person\/208c898199fb3234203823c5f0cf31d6\",\"name\":\"Difusion2025\",\"image\":{\"@type\":\"ImageObject\",\"inLanguage\":\"es\",\"@id\":\"https:\/\/www.tecdmx.org.mx\/#\/schema\/person\/image\/\",\"url\":\"https:\/\/secure.gravatar.com\/avatar\/6f7a4ba3acb418040e90a2eb99b5df28?s=96&d=mm&r=g\",\"contentUrl\":\"https:\/\/secure.gravatar.com\/avatar\/6f7a4ba3acb418040e90a2eb99b5df28?s=96&d=mm&r=g\",\"caption\":\"Difusion2025\"}}]}<\/script>\n<!-- \/ Yoast SEO plugin. -->","yoast_head_json":{"title":"Bolet\u00edn N\u00b0 23 - Tribunal Electoral de la Ciudad de M\u00e9xico","robots":{"index":"index","follow":"follow","max-snippet":"max-snippet:-1","max-image-preview":"max-image-preview:large","max-video-preview":"max-video-preview:-1"},"canonical":"https:\/\/www.tecdmx.org.mx\/index.php\/comunicados\/2023\/04\/27\/boletin-n-23\/","og_locale":"es_ES","og_type":"article","og_title":"Bolet\u00edn N\u00b0 23 - Tribunal Electoral de la Ciudad de M\u00e9xico","og_description":"Ciudad de M\u00e9xico, a 27 de abril de 2023 Revoc\u00f3 el TECDMX la Convocatoria a la Asamblea Extraordinaria Deliberativa para ejercer el Presupuesto Participativo de 2023 y 2024 de San [&hellip;]","og_url":"https:\/\/www.tecdmx.org.mx\/index.php\/comunicados\/2023\/04\/27\/boletin-n-23\/","og_site_name":"Tribunal Electoral de la Ciudad de M\u00e9xico","article_publisher":"https:\/\/www.facebook.com\/TECDMX\/","article_published_time":"2023-04-28T03:57:01+00:00","article_modified_time":"2023-04-28T03:59:22+00:00","og_image":[{"width":600,"height":366,"url":"https:\/\/www.tecdmx.org.mx\/wp-content\/uploads\/2020\/08\/comunicado_nuevo.jpg","type":"image\/jpeg"}],"author":"Difusion2025","twitter_card":"summary_large_image","twitter_creator":"@tecdmx","twitter_site":"@tecdmx","twitter_misc":{"Escrito por":"Difusion2025","Tiempo de lectura":"2 minutos"},"schema":{"@context":"https:\/\/schema.org","@graph":[{"@type":"WebPage","@id":"https:\/\/www.tecdmx.org.mx\/index.php\/comunicados\/2023\/04\/27\/boletin-n-23\/","url":"https:\/\/www.tecdmx.org.mx\/index.php\/comunicados\/2023\/04\/27\/boletin-n-23\/","name":"Bolet\u00edn N\u00b0 23 - Tribunal Electoral de la Ciudad de M\u00e9xico","isPartOf":{"@id":"https:\/\/www.tecdmx.org.mx\/#website"},"primaryImageOfPage":{"@id":"https:\/\/www.tecdmx.org.mx\/index.php\/comunicados\/2023\/04\/27\/boletin-n-23\/#primaryimage"},"image":{"@id":"https:\/\/www.tecdmx.org.mx\/index.php\/comunicados\/2023\/04\/27\/boletin-n-23\/#primaryimage"},"thumbnailUrl":"https:\/\/www.tecdmx.org.mx\/wp-content\/uploads\/2020\/08\/comunicado_nuevo.jpg","datePublished":"2023-04-28T03:57:01+00:00","dateModified":"2023-04-28T03:59:22+00:00","author":{"@id":"https:\/\/www.tecdmx.org.mx\/#\/schema\/person\/208c898199fb3234203823c5f0cf31d6"},"breadcrumb":{"@id":"https:\/\/www.tecdmx.org.mx\/index.php\/comunicados\/2023\/04\/27\/boletin-n-23\/#breadcrumb"},"inLanguage":"es","potentialAction":[{"@type":"ReadAction","target":["https:\/\/www.tecdmx.org.mx\/index.php\/comunicados\/2023\/04\/27\/boletin-n-23\/"]}]},{"@type":"ImageObject","inLanguage":"es","@id":"https:\/\/www.tecdmx.org.mx\/index.php\/comunicados\/2023\/04\/27\/boletin-n-23\/#primaryimage","url":"https:\/\/www.tecdmx.org.mx\/wp-content\/uploads\/2020\/08\/comunicado_nuevo.jpg","contentUrl":"https:\/\/www.tecdmx.org.mx\/wp-content\/uploads\/2020\/08\/comunicado_nuevo.jpg","width":600,"height":366},{"@type":"BreadcrumbList","@id":"https:\/\/www.tecdmx.org.mx\/index.php\/comunicados\/2023\/04\/27\/boletin-n-23\/#breadcrumb","itemListElement":[{"@type":"ListItem","position":1,"name":"Portada","item":"https:\/\/www.tecdmx.org.mx\/"},{"@type":"ListItem","position":2,"name":"Bolet\u00edn N\u00b0 23"}]},{"@type":"WebSite","@id":"https:\/\/www.tecdmx.org.mx\/#website","url":"https:\/\/www.tecdmx.org.mx\/","name":"Tribunal Electoral de la Ciudad de M\u00e9xico","description":"25 a\u00f1os garantizando justicia en tu elecci\u00f3n","potentialAction":[{"@type":"SearchAction","target":{"@type":"EntryPoint","urlTemplate":"https:\/\/www.tecdmx.org.mx\/?s={search_term_string}"},"query-input":"required name=search_term_string"}],"inLanguage":"es"},{"@type":"Person","@id":"https:\/\/www.tecdmx.org.mx\/#\/schema\/person\/208c898199fb3234203823c5f0cf31d6","name":"Difusion2025","image":{"@type":"ImageObject","inLanguage":"es","@id":"https:\/\/www.tecdmx.org.mx\/#\/schema\/person\/image\/","url":"https:\/\/secure.gravatar.com\/avatar\/6f7a4ba3acb418040e90a2eb99b5df28?s=96&d=mm&r=g","contentUrl":"https:\/\/secure.gravatar.com\/avatar\/6f7a4ba3acb418040e90a2eb99b5df28?s=96&d=mm&r=g","caption":"Difusion2025"}}]}},"_links":{"self":[{"href":"https:\/\/www.tecdmx.org.mx\/index.php\/wp-json\/wp\/v2\/posts\/43392"}],"collection":[{"href":"https:\/\/www.tecdmx.org.mx\/index.php\/wp-json\/wp\/v2\/posts"}],"about":[{"href":"https:\/\/www.tecdmx.org.mx\/index.php\/wp-json\/wp\/v2\/types\/post"}],"author":[{"embeddable":true,"href":"https:\/\/www.tecdmx.org.mx\/index.php\/wp-json\/wp\/v2\/users\/13"}],"replies":[{"embeddable":true,"href":"https:\/\/www.tecdmx.org.mx\/index.php\/wp-json\/wp\/v2\/comments?post=43392"}],"version-history":[{"count":2,"href":"https:\/\/www.tecdmx.org.mx\/index.php\/wp-json\/wp\/v2\/posts\/43392\/revisions"}],"predecessor-version":[{"id":43396,"href":"https:\/\/www.tecdmx.org.mx\/index.php\/wp-json\/wp\/v2\/posts\/43392\/revisions\/43396"}],"wp:featuredmedia":[{"embeddable":true,"href":"https:\/\/www.tecdmx.org.mx\/index.php\/wp-json\/wp\/v2\/media\/21168"}],"wp:attachment":[{"href":"https:\/\/www.tecdmx.org.mx\/index.php\/wp-json\/wp\/v2\/media?parent=43392"}],"wp:term":[{"taxonomy":"category","embeddable":true,"href":"https:\/\/www.tecdmx.org.mx\/index.php\/wp-json\/wp\/v2\/categories?post=43392"},{"taxonomy":"post_tag","embeddable":true,"href":"https:\/\/www.tecdmx.org.mx\/index.php\/wp-json\/wp\/v2\/tags?post=43392"}],"curies":[{"name":"wp","href":"https:\/\/api.w.org\/{rel}","templated":true}]}}