{"id":43990,"date":"2023-06-02T22:41:25","date_gmt":"2023-06-03T04:41:25","guid":{"rendered":"https:\/\/www.tecdmx.org.mx\/?p=43990"},"modified":"2023-06-02T22:41:28","modified_gmt":"2023-06-03T04:41:28","slug":"boletin-n-27__trashed","status":"publish","type":"post","link":"https:\/\/www.tecdmx.org.mx\/index.php\/comunicados\/2023\/06\/02\/boletin-n-27__trashed\/","title":{"rendered":"Bolet\u00edn N\u00b0 27"},"content":{"rendered":"<div class=\"wp-block-image\">\n<figure class=\"aligncenter size-full\"><img loading=\"lazy\" decoding=\"async\" width=\"1024\" height=\"576\" src=\"https:\/\/www.tecdmx.org.mx\/wp-content\/uploads\/2023\/06\/WhatsApp-Image-2023-06-02-at-22.13.40.jpeg\" alt=\"\" class=\"wp-image-43991\" srcset=\"https:\/\/www.tecdmx.org.mx\/wp-content\/uploads\/2023\/06\/WhatsApp-Image-2023-06-02-at-22.13.40-444x250.jpeg 444w, https:\/\/www.tecdmx.org.mx\/wp-content\/uploads\/2023\/06\/WhatsApp-Image-2023-06-02-at-22.13.40-622x350.jpeg 622w, https:\/\/www.tecdmx.org.mx\/wp-content\/uploads\/2023\/06\/WhatsApp-Image-2023-06-02-at-22.13.40-768x432.jpeg 768w, https:\/\/www.tecdmx.org.mx\/wp-content\/uploads\/2023\/06\/WhatsApp-Image-2023-06-02-at-22.13.40.jpeg 1024w\" sizes=\"(max-width: 1024px) 100vw, 1024px\" \/><\/figure><\/div>\n\n\n<p class=\"has-text-align-right\">Ciudad de M\u00e9xico, a 2 de junio de 2023<\/p>\n\n\n\n<p><\/p>\n\n\n\n<p class=\"has-text-align-center\"><strong>TECDMX ORDENA A LA JUNTA C\u00cdVICA DE CHIMALCOYOC, LA EMISI\u00d3N DE UNA NUEVA CONVOCATORIA PARA LA ELECCI\u00d3N DE LA SUBDELEGACI\u00d3N DEL PUEBLO ORIGINARIO<\/strong><\/p>\n\n\n\n<p class=\"has-text-align-right\"><strong>Bolet\u00edn N\u00b0 27<\/strong><\/p>\n\n\n\n<ul>\n<li>En cumplimiento a la ejecutoria dictada por la Sala Regional de la Ciudad de M\u00e9xico en el juicio ciudadano 052 de 2023.<\/li>\n<\/ul>\n\n\n\n<p>El Pleno del Tribunal Electoral de la Ciudad de M\u00e9xico (TECDMX) celebr\u00f3 esta tarde Sesi\u00f3n P\u00fablica en la que dio cumplimiento a la ejecutoria dictada por la Sala Regional de la Ciudad de M\u00e9xico en el juicio ciudadano 052 de 2023:<\/p>\n\n\n\n<figure class=\"wp-block-table is-style-regular\"><table><tbody><tr><td><strong>Expediente<\/strong><\/td><td><strong>Acto Impugnado<\/strong><\/td><td><strong>Resoluci\u00f3n<\/strong><\/td><\/tr><tr><td>TECDMX-JLDC-193\/2022 TECDMX-JLDC-198\/2022<\/td><td>En contra de la Segunda Convocatoria para la elecci\u00f3n de la Autoridad&nbsp;&nbsp;&nbsp;&nbsp;&nbsp;&nbsp;&nbsp;&nbsp;&nbsp;&nbsp; Tradicional de Subdelegaci\u00f3n del pueblo de Chimalcoyoc, en Tlalpan, emitida por su Junta C\u00edvica, as\u00ed como la omisi\u00f3n de otorgarse a la parte actora la constancia de registro para contender a dicho cargo, y la falta de respuesta al escrito presentado el catorce de noviembre de la pasada anualidad.<\/td><td>Se revocaron los actos impugnados y se ordena a la junta c\u00edvica de Chimalcoyoc la emisi\u00f3n de una nueva Convocatoria para la celebraci\u00f3n de un nuevo proceso para la elecci\u00f3n de la Subdelegaci\u00f3n del Pueblo Originario.<\/td><\/tr><\/tbody><\/table><\/figure>\n\n\n\n<p>Las Magistraturas resolvieron diversos juicios seg\u00fan se listan a continuaci\u00f3n:<\/p>\n\n\n\n<figure class=\"wp-block-table\"><table><tbody><tr><td><strong>Expediente<\/strong><\/td><td><strong>Acto Impugnado<\/strong><\/td><td><strong>Resoluci\u00f3n<\/strong><\/td><\/tr><tr><td>TECDMX-JEL-144\/2023<\/td><td>Contra de la resoluci\u00f3n 06 de 2023 del Consejo General del Instituto Electoral de la Ciudad de M\u00e9xico (IECM), en la que se le impuso una<\/td><td>Se confirm\u00f3 la resoluci\u00f3n impugnada, al resultar infundado lo manifestado por el&nbsp;&nbsp;&nbsp;&nbsp;&nbsp; Partido&nbsp;&nbsp;&nbsp;&nbsp; &nbsp;Revolucionario Institucional, relativo a la &nbsp;falta<\/td><\/tr><\/tbody><\/table><\/figure>\n\n\n\n<figure class=\"wp-block-table\"><table><tbody><tr><td><strong>Expediente<\/strong><\/td><td><strong>Acto Impugnado<\/strong><\/td><td><strong>Resoluci\u00f3n<\/strong><\/td><\/tr><tr><td>&nbsp;<\/td><td>sanci\u00f3n consistente en una multa de 65 UMAS.<\/td><td>de&nbsp;&nbsp;&nbsp;&nbsp;&nbsp;&nbsp;&nbsp;&nbsp;&nbsp;&nbsp; fundamentaci\u00f3n&nbsp;&nbsp;&nbsp;&nbsp;&nbsp;&nbsp;&nbsp;&nbsp; y motivaci\u00f3n del acto.<\/td><\/tr><tr><td>TECDMX-JEL-178\/2023<\/td><td>Contra de la resoluci\u00f3n dictada por la Direcci\u00f3n Distrital 19 del IECM, en el procedimiento para la determinaci\u00f3n&nbsp;&nbsp;&nbsp;&nbsp;&nbsp;&nbsp;&nbsp;&nbsp;&nbsp;&nbsp;&nbsp;&nbsp;&nbsp;&nbsp;&nbsp;&nbsp;&nbsp;&nbsp;&nbsp;&nbsp;&nbsp;&nbsp;&nbsp;&nbsp;&nbsp;&nbsp;&nbsp;&nbsp;&nbsp;&nbsp;&nbsp;&nbsp;&nbsp;&nbsp; de responsabilidades de las personas integrantes&nbsp; de&nbsp; las&nbsp; Comisiones &nbsp;de Participaci\u00f3n Comunitaria 01 de 2023.<\/td><td>Se confirm\u00f3 el acto impugnado, al determinar que es infundado el agravio de falta de fundamentaci\u00f3n y motivaci\u00f3n.<\/td><\/tr><tr><td>TECDMX-JEL-200\/2023<\/td><td>Contra los acuerdos emitidos por la Comisi\u00f3n Permanente de Quejas del IECM dentro del expediente 05 de 2023, en el que determin\u00f3 improcedente el dictado de medidas cautelares.<\/td><td>Se confirmaron los acuerdos controvertidos.<\/td><\/tr><tr><td>TECDMX-JEL-219\/2023<\/td><td>Contra el dictamen del proyecto ganador en la Unidad Territorial San Juan de Arag\u00f3n 4\u00aa y 5\u00aa secci\u00f3n (Unidad Habitacional) I y, en consecuencia, los resultados de la Consulta.<\/td><td>Se confirmaron los resultados del proyecto que result\u00f3 ganador en la Consulta de la respectiva Unidad Territorial.<\/td><\/tr><tr><td>TECDMX-JEL-224\/2023 TECDMX-JEL-225\/2023<\/td><td>Contra la jornada consultiva de presupuesto participativo en la Unidad Territorial Nativitas La Joya (Ampl), demarcaci\u00f3n Xochimilco.<\/td><td>Se confirm\u00f3 lo que fue materia de impugnaci\u00f3n.<\/td><\/tr><tr><td>TECDMX-JEL-251\/2023<\/td><td>Contra los resultados de la elecci\u00f3n de la Comisi\u00f3n de Participaci\u00f3n Comunitaria (COPACO) en la Unidad Territorial Roma Sur II, demarcaci\u00f3n Cuauht\u00e9moc.<\/td><td>Se confirmaron los resultados de la elecci\u00f3n de la COPACO y, en consecuencia, la Constancia de Asignaci\u00f3n e Integraci\u00f3n emitida por la Direcci\u00f3n Distrital 12 del IECM, en la Unidad Territorial Roma Sur II.<\/td><\/tr><tr><td>TECDMX-JEL-278\/2023<\/td><td>Contra la Constancia de asignaci\u00f3n e integraci\u00f3n de la COPACO en la Unidad Territorial San Lucas (Barrio), Demarcaci\u00f3n Iztapalapa.<\/td><td>Se confirm\u00f3 lo que fue materia de impugnaci\u00f3n.<\/td><\/tr><\/tbody><\/table><\/figure>\n\n\n\n<figure class=\"wp-block-table\"><table><tbody><tr><td><strong>Expediente<\/strong><\/td><td><strong>Acto Impugnado<\/strong><\/td><td><strong>Resoluci\u00f3n<\/strong><\/td><\/tr><tr><td>&nbsp;<\/td><td>&nbsp;<\/td><td>&nbsp;<\/td><\/tr><tr><td>TECDMX-JLDC-002\/2023 TECDMX-JLDC-008\/2023 TECDMX-JLDC-012\/2023<\/td><td>Contra diversos actos que presuntamente se realizaron en la Asamblea General de 15 de enero del presente a\u00f1o, en el pueblo de San Pedro M\u00e1rtir.<\/td><td>Se confirm\u00f3 lo que fue materia de impugnaci\u00f3n.<\/td><\/tr><tr><td>TECDMX-JLDC-036\/2023<\/td><td>Contra la Convocatoria de trece de marzo de 2023, para el proceso de elecci\u00f3n de la Subdelegaci\u00f3n para el periodo 2023-2026, del pueblo de San Pedro M\u00e1rtir.<\/td><td>Se declararon infundados los agravios hechos valer.<\/td><\/tr><tr><td>TECDMX-JLDC-064\/2023<\/td><td>Contra de la negativa de registro para participar como candidato a Subdelegado&nbsp;&nbsp; del&nbsp;&nbsp; Pueblo&nbsp;&nbsp; de&nbsp; San Pedro M\u00e1rtir, demarcaci\u00f3n Tlalpan.<\/td><td>Se confirm\u00f3 el acto impugnado, al estimar infundados los agravios.<\/td><\/tr><tr><td>TECDMX-JLDC-095\/2023<\/td><td>Contra los resultados de la jornada electiva del cargo de Subdelegado, del pueblo de San Pedro M\u00e1rtir, demarcaci\u00f3n Tlalpan.<\/td><td>Se declar\u00f3 improcedente el juicio de la ciudadan\u00eda al no haberse agotado el mecanismo interno regulado por el Pueblo de San Pedro M\u00e1rtir.<\/td><\/tr><\/tbody><\/table><\/figure>\n\n\n\n<p>Por otro lado, el Pleno resolvi\u00f3 los siguientes Procedimientos Especiales Sancionadores:<\/p>\n\n\n\n<figure class=\"wp-block-table\"><table><tbody><tr><td><strong>Expediente<\/strong><\/td><td><strong>Acto Impugnado<\/strong><\/td><td><strong>Resoluci\u00f3n<\/strong><\/td><\/tr><tr><td>TECDMX-PES-017\/2023<\/td><td>Por Violencia Pol\u00edtica contra las Mujeres en raz\u00f3n de G\u00e9nero.<\/td><td>Se sobresey\u00f3, porque la parte quejosa present\u00f3 un escrito en el que manifest\u00f3 su intenci\u00f3n de desistirse de la queja.<\/td><\/tr><tr><td>TECDMX-PES-018\/2023<\/td><td>Contra una diputada del Congreso de la Uni\u00f3n, por violencia pol\u00edtica en raz\u00f3n de g\u00e9nero.<\/td><td>Se declar\u00f3 la inexistencia de las infracciones al considerar que, las expresiones materia de queja, fueron emitidas en un contexto de se\u00f1alamientos, cr\u00edticas y descalificaciones mutuas.<\/td><\/tr><\/tbody><\/table><\/figure>\n\n\n\n<p>El Pleno desech\u00f3 de plano las demandas en los siguientes juicios:<\/p>\n\n\n\n<figure class=\"wp-block-table\"><table><tbody><tr><td><strong>Expediente<\/strong><\/td><td><strong>Acto Impugnado<\/strong><\/td><td><strong>Resoluci\u00f3n<\/strong><\/td><\/tr><tr><td>TECDMX-JEL-250\/2023<\/td><td>Contra la Consulta de Presupuesto Participativo 2023 y 2024, as\u00ed como de la elecci\u00f3n de integrantes de la COPACO en la Unidad Territorial Faja de Oro, demarcaci\u00f3n Gustavo A. Madero.<\/td><td>Se&nbsp;&nbsp;&nbsp;&nbsp; desecha&nbsp;&nbsp;&nbsp;&nbsp; de&nbsp;&nbsp;&nbsp;&nbsp; plano&nbsp;&nbsp;&nbsp;&nbsp; la demanda.<\/td><\/tr><\/tbody><\/table><\/figure>\n\n\n\n<figure class=\"wp-block-table\"><table><tbody><tr><td><strong>Expediente<\/strong><\/td><td><strong>Acto Impugnado<\/strong><\/td><td><strong>Resoluci\u00f3n<\/strong><\/td><\/tr><tr><td>TECDMX-JLDC-010\/2023<\/td><td>Contra diversos actos que presuntamente se realizaron en la Asamblea General de 15 de enero del presente a\u00f1o, en el pueblo de San Pedro M\u00e1rtir.<\/td><td>Se sobresey\u00f3 al haberse presentado fuera del plazo establecido en la norma.<\/td><\/tr><tr><td>TECDMX-JEL-223\/2023 TECDMX-JEL-235\/2023<\/td><td>Contra los resultados de la elecci\u00f3n de Comisiones de Participaciones Comunitarias o de la Consulta Ciudadana de Presupuesto Participativo.<\/td><td>Se actualiz\u00f3 la causal de improcedencia relativa a que, las partes actoras, carecen de inter\u00e9s jur\u00eddico y leg\u00edtimo para impugnar&nbsp;&nbsp;&nbsp;&nbsp;&nbsp;&nbsp;&nbsp;&nbsp;&nbsp;&nbsp;&nbsp; los&nbsp;&nbsp;&nbsp;&nbsp;&nbsp;&nbsp;&nbsp;&nbsp;&nbsp;&nbsp;&nbsp;&nbsp; actos controvertidos.<\/td><\/tr><tr><td>TECDMX-JEL-240\/2023 TECDMX-JEL-245\/2023 TECDMX-JEL-246\/2023 TECDMX-JEL-263\/2023 TECDMX-JEL-266\/2023 TECDMX-JEL-267\/2023 TECDMX-JEL-281\/2023 TECDMX-JEL-291\/2023 TECDMX-JLDC-081\/2023 TECDMX-JLDC-098\/2023<\/td><td>Contra la elecci\u00f3n de las Comisiones de Participaci\u00f3n Comunitaria o de la Consulta de Presupuesto Participativo en diversas Unidades Territoriales, la elecci\u00f3n de las autoridades tradicionales en diversos Pueblos, o la Convocatoria para constituir el Sistema de Registro y Documentaci\u00f3n de los Pueblos y Barrios Originarios y Comunidades Ind\u00edgenas Residentes en CDMX.<\/td><td>En los proyectos se actualiza la causal de improcedencia relativa a la presentaci\u00f3n extempor\u00e1nea de la demanda.<\/td><\/tr><tr><td>TECDMX-JEL-218\/2023 TECDMX-JEL-260\/2023<\/td><td>Contra la elecci\u00f3n e integraci\u00f3n de las Comisiones de Participaci\u00f3n Comunitaria en las Unidades Territoriales Loma de la Palma en Gustavo A. Madero y Roma Sur II, demarcaci\u00f3n Cuauht\u00e9moc.<\/td><td>Se actualiz\u00f3 la causal de improcedencia relativa a que las demandas carecen de la firma aut\u00f3grafa o huella digital de sus promoventes.<\/td><\/tr><\/tbody><\/table><\/figure>\n\n\n\n<figure class=\"wp-block-table\"><table><tbody><tr><td><strong>Expediente<\/strong><\/td><td><strong>Acto Impugnado<\/strong><\/td><td><strong>Resoluci\u00f3n<\/strong><\/td><\/tr><tr><td>TECDMX-JLDC-076\/2023<\/td><td>Contra la Convocatoria para constituir el Sistema de Registro y Documentaci\u00f3n de los Pueblos y Barrios Originarios y Comunidades Ind\u00edgenas Residentes de la CDMX, y el Aviso de Permanencia respectivo.<\/td><td>Se actualiz\u00f3 la causal de improcedencia relativa a que ha quedado sin materia el medio de impugnaci\u00f3n.<\/td><\/tr><tr><td>TECDMX-JLDC-093\/2023<\/td><td>Contra la Jornada Electiva del Presupuesto Participativo 2023 en la Unidad Territorial CTM IX Culhuac\u00e1n (U Hab), demarcaci\u00f3n Coyoac\u00e1n.<\/td><td>Se actualiz\u00f3 la causal de improcedencia relativa a la figura jur\u00eddica de la preclusi\u00f3n.<\/td><\/tr><tr><td>TECDMX-JEL-232\/2023<\/td><td>Contra la Consulta de Presupuesto Participativo 2023-2024, en la Unidad Territorial El Ocotal en Magdalena Contreras.<\/td><td>Se&nbsp;&nbsp;&nbsp;&nbsp; desecha&nbsp;&nbsp;&nbsp;&nbsp; de&nbsp;&nbsp;&nbsp;&nbsp; plano&nbsp;&nbsp;&nbsp;&nbsp; la demanda.<\/td><\/tr><\/tbody><\/table><\/figure>\n\n\n\n<p>El Pleno, al rechazarse la propuesta de desechamiento, return\u00f3 los siguientes asuntos:<\/p>\n\n\n\n<figure class=\"wp-block-table\"><table><tbody><tr><td><strong>Expediente<\/strong><\/td><td><strong>Acto Impugnado<\/strong><\/td><\/tr><tr><td>TECDMX-JEL-209\/2023 TECDMX-JEL-210\/2023 TECDMX-JEL-217\/2023 TECDMX-JEL-220\/2023 TECDMX-JEL-249\/2023<\/td><td>Contra los resultados de la elecci\u00f3n de Comisiones de Participaciones Comunitarias o de la Consulta Ciudadana de Presupuesto Participativo.<\/td><\/tr><tr><td>TECDMX-JEL-247\/2023 TECDMX-JLDC-084\/2023<\/td><td>Contra la elecci\u00f3n de las Comisiones de Participaci\u00f3n Comunitaria o de la Consulta de Presupuesto Participativo en diversas Unidades Territoriales, la elecci\u00f3n de las autoridades tradicionales en diversos Pueblos, o la Convocatoria para constituir el Sistema de Registro y Documentaci\u00f3n de los Pueblos y Barrios Originarios y Comunidades Ind\u00edgenas Residentes de la Ciudad de M\u00e9xico.<\/td><\/tr><\/tbody><\/table><\/figure>\n\n\n\n<p class=\"has-text-align-center\">o-O-o<\/p>\n","protected":false},"excerpt":{"rendered":"<p>Ciudad de M\u00e9xico, a 2 de junio de 2023 TECDMX ORDENA A LA JUNTA C\u00cdVICA DE CHIMALCOYOC, LA EMISI\u00d3N DE UNA NUEVA CONVOCATORIA PARA LA ELECCI\u00d3N DE LA SUBDELEGACI\u00d3N DEL [&hellip;]<\/p>\n","protected":false},"author":13,"featured_media":21168,"comment_status":"open","ping_status":"open","sticky":false,"template":"","format":"standard","meta":{"_acf_changed":false,"_exactmetrics_skip_tracking":false,"_exactmetrics_sitenote_active":false,"_exactmetrics_sitenote_note":"","_exactmetrics_sitenote_category":0,"footnotes":""},"categories":[32,47],"tags":[],"acf":[],"yoast_head":"<!-- This site is optimized with the Yoast SEO plugin v22.3 - https:\/\/yoast.com\/wordpress\/plugins\/seo\/ -->\n<title>Bolet\u00edn N\u00b0 27 - Tribunal Electoral de la Ciudad de M\u00e9xico<\/title>\n<meta name=\"robots\" content=\"index, follow, max-snippet:-1, max-image-preview:large, max-video-preview:-1\" \/>\n<link rel=\"canonical\" href=\"https:\/\/www.tecdmx.org.mx\/index.php\/comunicados\/2023\/06\/02\/boletin-n-27\/\" \/>\n<meta property=\"og:locale\" content=\"es_ES\" \/>\n<meta property=\"og:type\" content=\"article\" \/>\n<meta property=\"og:title\" content=\"Bolet\u00edn N\u00b0 27 - Tribunal Electoral de la Ciudad de M\u00e9xico\" \/>\n<meta property=\"og:description\" content=\"Ciudad de M\u00e9xico, a 2 de junio de 2023 TECDMX ORDENA A LA JUNTA C\u00cdVICA DE CHIMALCOYOC, LA EMISI\u00d3N DE UNA NUEVA CONVOCATORIA PARA LA ELECCI\u00d3N DE LA SUBDELEGACI\u00d3N DEL [&hellip;]\" \/>\n<meta property=\"og:url\" content=\"https:\/\/www.tecdmx.org.mx\/index.php\/comunicados\/2023\/06\/02\/boletin-n-27\/\" \/>\n<meta property=\"og:site_name\" content=\"Tribunal Electoral de la Ciudad de M\u00e9xico\" \/>\n<meta property=\"article:publisher\" content=\"https:\/\/www.facebook.com\/TECDMX\/\" \/>\n<meta property=\"article:published_time\" content=\"2023-06-03T04:41:25+00:00\" \/>\n<meta property=\"article:modified_time\" content=\"2023-06-03T04:41:28+00:00\" \/>\n<meta property=\"og:image\" content=\"https:\/\/www.tecdmx.org.mx\/wp-content\/uploads\/2020\/08\/comunicado_nuevo.jpg\" \/>\n\t<meta property=\"og:image:width\" content=\"600\" \/>\n\t<meta property=\"og:image:height\" content=\"366\" \/>\n\t<meta property=\"og:image:type\" content=\"image\/jpeg\" \/>\n<meta name=\"author\" content=\"Difusion2025\" \/>\n<meta name=\"twitter:card\" content=\"summary_large_image\" \/>\n<meta name=\"twitter:creator\" content=\"@tecdmx\" \/>\n<meta name=\"twitter:site\" content=\"@tecdmx\" \/>\n<meta name=\"twitter:label1\" content=\"Escrito por\" \/>\n\t<meta name=\"twitter:data1\" content=\"Difusion2025\" \/>\n\t<meta name=\"twitter:label2\" content=\"Tiempo de lectura\" \/>\n\t<meta name=\"twitter:data2\" content=\"6 minutos\" \/>\n<script type=\"application\/ld+json\" class=\"yoast-schema-graph\">{\"@context\":\"https:\/\/schema.org\",\"@graph\":[{\"@type\":\"WebPage\",\"@id\":\"https:\/\/www.tecdmx.org.mx\/index.php\/comunicados\/2023\/06\/02\/boletin-n-27\/\",\"url\":\"https:\/\/www.tecdmx.org.mx\/index.php\/comunicados\/2023\/06\/02\/boletin-n-27\/\",\"name\":\"Bolet\u00edn N\u00b0 27 - Tribunal Electoral de la Ciudad de M\u00e9xico\",\"isPartOf\":{\"@id\":\"https:\/\/www.tecdmx.org.mx\/#website\"},\"primaryImageOfPage\":{\"@id\":\"https:\/\/www.tecdmx.org.mx\/index.php\/comunicados\/2023\/06\/02\/boletin-n-27\/#primaryimage\"},\"image\":{\"@id\":\"https:\/\/www.tecdmx.org.mx\/index.php\/comunicados\/2023\/06\/02\/boletin-n-27\/#primaryimage\"},\"thumbnailUrl\":\"https:\/\/www.tecdmx.org.mx\/wp-content\/uploads\/2020\/08\/comunicado_nuevo.jpg\",\"datePublished\":\"2023-06-03T04:41:25+00:00\",\"dateModified\":\"2023-06-03T04:41:28+00:00\",\"author\":{\"@id\":\"https:\/\/www.tecdmx.org.mx\/#\/schema\/person\/208c898199fb3234203823c5f0cf31d6\"},\"breadcrumb\":{\"@id\":\"https:\/\/www.tecdmx.org.mx\/index.php\/comunicados\/2023\/06\/02\/boletin-n-27\/#breadcrumb\"},\"inLanguage\":\"es\",\"potentialAction\":[{\"@type\":\"ReadAction\",\"target\":[\"https:\/\/www.tecdmx.org.mx\/index.php\/comunicados\/2023\/06\/02\/boletin-n-27\/\"]}]},{\"@type\":\"ImageObject\",\"inLanguage\":\"es\",\"@id\":\"https:\/\/www.tecdmx.org.mx\/index.php\/comunicados\/2023\/06\/02\/boletin-n-27\/#primaryimage\",\"url\":\"https:\/\/www.tecdmx.org.mx\/wp-content\/uploads\/2020\/08\/comunicado_nuevo.jpg\",\"contentUrl\":\"https:\/\/www.tecdmx.org.mx\/wp-content\/uploads\/2020\/08\/comunicado_nuevo.jpg\",\"width\":600,\"height\":366},{\"@type\":\"BreadcrumbList\",\"@id\":\"https:\/\/www.tecdmx.org.mx\/index.php\/comunicados\/2023\/06\/02\/boletin-n-27\/#breadcrumb\",\"itemListElement\":[{\"@type\":\"ListItem\",\"position\":1,\"name\":\"Portada\",\"item\":\"https:\/\/www.tecdmx.org.mx\/\"},{\"@type\":\"ListItem\",\"position\":2,\"name\":\"Bolet\u00edn N\u00b0 27\"}]},{\"@type\":\"WebSite\",\"@id\":\"https:\/\/www.tecdmx.org.mx\/#website\",\"url\":\"https:\/\/www.tecdmx.org.mx\/\",\"name\":\"Tribunal Electoral de la Ciudad de M\u00e9xico\",\"description\":\"25 a\u00f1os garantizando justicia en tu elecci\u00f3n\",\"potentialAction\":[{\"@type\":\"SearchAction\",\"target\":{\"@type\":\"EntryPoint\",\"urlTemplate\":\"https:\/\/www.tecdmx.org.mx\/?s={search_term_string}\"},\"query-input\":\"required name=search_term_string\"}],\"inLanguage\":\"es\"},{\"@type\":\"Person\",\"@id\":\"https:\/\/www.tecdmx.org.mx\/#\/schema\/person\/208c898199fb3234203823c5f0cf31d6\",\"name\":\"Difusion2025\",\"image\":{\"@type\":\"ImageObject\",\"inLanguage\":\"es\",\"@id\":\"https:\/\/www.tecdmx.org.mx\/#\/schema\/person\/image\/\",\"url\":\"https:\/\/secure.gravatar.com\/avatar\/6f7a4ba3acb418040e90a2eb99b5df28?s=96&d=mm&r=g\",\"contentUrl\":\"https:\/\/secure.gravatar.com\/avatar\/6f7a4ba3acb418040e90a2eb99b5df28?s=96&d=mm&r=g\",\"caption\":\"Difusion2025\"}}]}<\/script>\n<!-- \/ Yoast SEO plugin. -->","yoast_head_json":{"title":"Bolet\u00edn N\u00b0 27 - Tribunal Electoral de la Ciudad de M\u00e9xico","robots":{"index":"index","follow":"follow","max-snippet":"max-snippet:-1","max-image-preview":"max-image-preview:large","max-video-preview":"max-video-preview:-1"},"canonical":"https:\/\/www.tecdmx.org.mx\/index.php\/comunicados\/2023\/06\/02\/boletin-n-27\/","og_locale":"es_ES","og_type":"article","og_title":"Bolet\u00edn N\u00b0 27 - Tribunal Electoral de la Ciudad de M\u00e9xico","og_description":"Ciudad de M\u00e9xico, a 2 de junio de 2023 TECDMX ORDENA A LA JUNTA C\u00cdVICA DE CHIMALCOYOC, LA EMISI\u00d3N DE UNA NUEVA CONVOCATORIA PARA LA ELECCI\u00d3N DE LA SUBDELEGACI\u00d3N DEL [&hellip;]","og_url":"https:\/\/www.tecdmx.org.mx\/index.php\/comunicados\/2023\/06\/02\/boletin-n-27\/","og_site_name":"Tribunal Electoral de la Ciudad de M\u00e9xico","article_publisher":"https:\/\/www.facebook.com\/TECDMX\/","article_published_time":"2023-06-03T04:41:25+00:00","article_modified_time":"2023-06-03T04:41:28+00:00","og_image":[{"width":600,"height":366,"url":"https:\/\/www.tecdmx.org.mx\/wp-content\/uploads\/2020\/08\/comunicado_nuevo.jpg","type":"image\/jpeg"}],"author":"Difusion2025","twitter_card":"summary_large_image","twitter_creator":"@tecdmx","twitter_site":"@tecdmx","twitter_misc":{"Escrito por":"Difusion2025","Tiempo de lectura":"6 minutos"},"schema":{"@context":"https:\/\/schema.org","@graph":[{"@type":"WebPage","@id":"https:\/\/www.tecdmx.org.mx\/index.php\/comunicados\/2023\/06\/02\/boletin-n-27\/","url":"https:\/\/www.tecdmx.org.mx\/index.php\/comunicados\/2023\/06\/02\/boletin-n-27\/","name":"Bolet\u00edn N\u00b0 27 - Tribunal Electoral de la Ciudad de M\u00e9xico","isPartOf":{"@id":"https:\/\/www.tecdmx.org.mx\/#website"},"primaryImageOfPage":{"@id":"https:\/\/www.tecdmx.org.mx\/index.php\/comunicados\/2023\/06\/02\/boletin-n-27\/#primaryimage"},"image":{"@id":"https:\/\/www.tecdmx.org.mx\/index.php\/comunicados\/2023\/06\/02\/boletin-n-27\/#primaryimage"},"thumbnailUrl":"https:\/\/www.tecdmx.org.mx\/wp-content\/uploads\/2020\/08\/comunicado_nuevo.jpg","datePublished":"2023-06-03T04:41:25+00:00","dateModified":"2023-06-03T04:41:28+00:00","author":{"@id":"https:\/\/www.tecdmx.org.mx\/#\/schema\/person\/208c898199fb3234203823c5f0cf31d6"},"breadcrumb":{"@id":"https:\/\/www.tecdmx.org.mx\/index.php\/comunicados\/2023\/06\/02\/boletin-n-27\/#breadcrumb"},"inLanguage":"es","potentialAction":[{"@type":"ReadAction","target":["https:\/\/www.tecdmx.org.mx\/index.php\/comunicados\/2023\/06\/02\/boletin-n-27\/"]}]},{"@type":"ImageObject","inLanguage":"es","@id":"https:\/\/www.tecdmx.org.mx\/index.php\/comunicados\/2023\/06\/02\/boletin-n-27\/#primaryimage","url":"https:\/\/www.tecdmx.org.mx\/wp-content\/uploads\/2020\/08\/comunicado_nuevo.jpg","contentUrl":"https:\/\/www.tecdmx.org.mx\/wp-content\/uploads\/2020\/08\/comunicado_nuevo.jpg","width":600,"height":366},{"@type":"BreadcrumbList","@id":"https:\/\/www.tecdmx.org.mx\/index.php\/comunicados\/2023\/06\/02\/boletin-n-27\/#breadcrumb","itemListElement":[{"@type":"ListItem","position":1,"name":"Portada","item":"https:\/\/www.tecdmx.org.mx\/"},{"@type":"ListItem","position":2,"name":"Bolet\u00edn N\u00b0 27"}]},{"@type":"WebSite","@id":"https:\/\/www.tecdmx.org.mx\/#website","url":"https:\/\/www.tecdmx.org.mx\/","name":"Tribunal Electoral de la Ciudad de M\u00e9xico","description":"25 a\u00f1os garantizando justicia en tu elecci\u00f3n","potentialAction":[{"@type":"SearchAction","target":{"@type":"EntryPoint","urlTemplate":"https:\/\/www.tecdmx.org.mx\/?s={search_term_string}"},"query-input":"required name=search_term_string"}],"inLanguage":"es"},{"@type":"Person","@id":"https:\/\/www.tecdmx.org.mx\/#\/schema\/person\/208c898199fb3234203823c5f0cf31d6","name":"Difusion2025","image":{"@type":"ImageObject","inLanguage":"es","@id":"https:\/\/www.tecdmx.org.mx\/#\/schema\/person\/image\/","url":"https:\/\/secure.gravatar.com\/avatar\/6f7a4ba3acb418040e90a2eb99b5df28?s=96&d=mm&r=g","contentUrl":"https:\/\/secure.gravatar.com\/avatar\/6f7a4ba3acb418040e90a2eb99b5df28?s=96&d=mm&r=g","caption":"Difusion2025"}}]}},"_links":{"self":[{"href":"https:\/\/www.tecdmx.org.mx\/index.php\/wp-json\/wp\/v2\/posts\/43990"}],"collection":[{"href":"https:\/\/www.tecdmx.org.mx\/index.php\/wp-json\/wp\/v2\/posts"}],"about":[{"href":"https:\/\/www.tecdmx.org.mx\/index.php\/wp-json\/wp\/v2\/types\/post"}],"author":[{"embeddable":true,"href":"https:\/\/www.tecdmx.org.mx\/index.php\/wp-json\/wp\/v2\/users\/13"}],"replies":[{"embeddable":true,"href":"https:\/\/www.tecdmx.org.mx\/index.php\/wp-json\/wp\/v2\/comments?post=43990"}],"version-history":[{"count":2,"href":"https:\/\/www.tecdmx.org.mx\/index.php\/wp-json\/wp\/v2\/posts\/43990\/revisions"}],"predecessor-version":[{"id":43994,"href":"https:\/\/www.tecdmx.org.mx\/index.php\/wp-json\/wp\/v2\/posts\/43990\/revisions\/43994"}],"wp:featuredmedia":[{"embeddable":true,"href":"https:\/\/www.tecdmx.org.mx\/index.php\/wp-json\/wp\/v2\/media\/21168"}],"wp:attachment":[{"href":"https:\/\/www.tecdmx.org.mx\/index.php\/wp-json\/wp\/v2\/media?parent=43990"}],"wp:term":[{"taxonomy":"category","embeddable":true,"href":"https:\/\/www.tecdmx.org.mx\/index.php\/wp-json\/wp\/v2\/categories?post=43990"},{"taxonomy":"post_tag","embeddable":true,"href":"https:\/\/www.tecdmx.org.mx\/index.php\/wp-json\/wp\/v2\/tags?post=43990"}],"curies":[{"name":"wp","href":"https:\/\/api.w.org\/{rel}","templated":true}]}}