{"id":44085,"date":"2023-06-08T22:44:53","date_gmt":"2023-06-09T04:44:53","guid":{"rendered":"https:\/\/www.tecdmx.org.mx\/?p=44085"},"modified":"2023-06-08T22:45:59","modified_gmt":"2023-06-09T04:45:59","slug":"boletin-n-28__trashed","status":"publish","type":"post","link":"https:\/\/www.tecdmx.org.mx\/index.php\/comunicados\/2023\/06\/08\/boletin-n-28__trashed\/","title":{"rendered":"Bolet\u00edn N\u00b0 28"},"content":{"rendered":"<div class=\"wp-block-image\">\n<figure class=\"aligncenter size-large\"><img loading=\"lazy\" decoding=\"async\" width=\"560\" height=\"350\" src=\"https:\/\/www.tecdmx.org.mx\/wp-content\/uploads\/2023\/06\/Imagen-Pleno-8-de-Junio-2023-560x350.jpg\" alt=\"\" class=\"wp-image-44086\" srcset=\"https:\/\/www.tecdmx.org.mx\/wp-content\/uploads\/2023\/06\/Imagen-Pleno-8-de-Junio-2023-400x250.jpg 400w, https:\/\/www.tecdmx.org.mx\/wp-content\/uploads\/2023\/06\/Imagen-Pleno-8-de-Junio-2023-560x350.jpg 560w, https:\/\/www.tecdmx.org.mx\/wp-content\/uploads\/2023\/06\/Imagen-Pleno-8-de-Junio-2023-768x480.jpg 768w, https:\/\/www.tecdmx.org.mx\/wp-content\/uploads\/2023\/06\/Imagen-Pleno-8-de-Junio-2023.jpg 1119w\" sizes=\"(max-width: 560px) 100vw, 560px\" \/><\/figure><\/div>\n\n\n<p class=\"has-text-align-right\">Ciudad de M\u00e9xico, a 8 de junio de 2023<\/p>\n\n\n\n<p><\/p>\n\n\n\n<p><\/p>\n\n\n\n<p class=\"has-text-align-center\"><strong>TECDMX revoca parcialmente el decreto de reforma que impide al IECM realizar ajustes a su estructura<\/strong><\/p>\n\n\n\n<p>El Pleno del Tribunal Electoral de la Ciudad de M\u00e9xico (TECDMX) celebr\u00f3 esta tarde Sesi\u00f3n P\u00fablica en la que las Magistraturas <a>resolvieron diversos Juicios Electorales, seg\u00fan se listan a continuaci\u00f3n<\/a>:<\/p>\n\n\n\n<figure class=\"wp-block-table\"><table><thead><tr><td><strong>Expediente<\/strong><\/td><td><strong>Acto Impugnado<\/strong><\/td><td><strong>Resoluci\u00f3n<\/strong><\/td><\/tr><\/thead><tbody><tr><td><strong>TECDMX-JEL-213\/2023<\/strong><strong><\/strong><\/td><td>Contra la elecci\u00f3n de la Comisi\u00f3n de Participaci\u00f3n Comunitaria 2023, promovido por diversas personas candidatas y vecinas de la Unidad Territorial Huayatla, por la presunta entrega de propaganda durante la jornada electiva.<\/td><td>Se confirma, en lo que fue materia de impugnaci\u00f3n, la elecci\u00f3n de la Comisi\u00f3n de Participaci\u00f3n Comunitaria 2023, de la Unidad Territorial Huayatla, en la Demarcaci\u00f3n La Magdalena Contreras.<\/td><\/tr><tr><td><strong>TECDMX-JEL-239\/2023<\/strong> <strong>Engrose<\/strong> <strong>&nbsp;<\/strong><\/td><td>Contra la jornada consultiva de presupuesto participativo en la <a>Unidad Territorial<\/a> Pueblo de San Andr\u00e9s Tetepilco, Demarcaci\u00f3n Iztapalapa. &nbsp; &nbsp; &nbsp;&nbsp;&nbsp;&nbsp;&nbsp;&nbsp;&nbsp;&nbsp;&nbsp;&nbsp;&nbsp;&nbsp;&nbsp;&nbsp;&nbsp;&nbsp;&nbsp;&nbsp;&nbsp;&nbsp;&nbsp;&nbsp;&nbsp;&nbsp;&nbsp;&nbsp;&nbsp;&nbsp;&nbsp;&nbsp;&nbsp;&nbsp;&nbsp;&nbsp;&nbsp;&nbsp;&nbsp;&nbsp;<\/td><td>Se confirma, en lo que fue materia de impugnaci\u00f3n, las Actas de Validaci\u00f3n de Resultados para la Consulta de Presupuesto Participativo 2023 y 2024, emitidas por la Direcci\u00f3n Distrital 24 del Instituto Electoral de la Ciudad de M\u00e9xico (IECM), correspondientes a la Unidad Territorial San Andr\u00e9s Tetepilco, clave 07-175, en la Demarcaci\u00f3n Territorial Iztapalapa\u201d. &nbsp; Asimismo, se confirma, en lo que fue materia de impugnaci\u00f3n, el \u201cActa de c\u00f3mputo total por unidad territorial para la elecci\u00f3n de las Comisiones de Participaci\u00f3n Comunitaria 2023\u201d, emitida por la Direcci\u00f3n Distrital 24 del IECM, correspondiente a la citada Unidad Territorial<\/td><\/tr><tr><td><strong>TECDMX-JEL-243\/2023<\/strong><strong><\/strong><\/td><td>Contra el proyecto ganador de la Consulta Ciudadana sobre Presupuesto Participativo 2023, \u201cLuminarias para Av. 506\u201d, promovido por un habitante de la Unidad Territorial San Juan de Arag\u00f3n, segunda secci\u00f3n (Unidad Habitacional) II, Demarcaci\u00f3n Gustavo A. Madero.<\/td><td>Se confirma el acto combatido y, en consecuencia, los resultados de la Consulta de Presupuesto Participativo 2023, dado que los agravios planteados resultaron inoperantes, porque la pretensi\u00f3n de la parte actora implicar\u00eda revisar la viabilidad del proyecto ganador.<\/td><\/tr><tr><td><strong>TECDMX-JEL-254\/2023<\/strong><\/td><td>Contra la resoluci\u00f3n del dieciocho de mayo de dos mil veintitr\u00e9s, emitida por la Direcci\u00f3n Distrital 05 del IECM, dentro del expediente 02 de 2023, en el que determin\u00f3 la inexistencia de las infracciones denunciadas.<\/td><td>Se califican como infundados los motivos de disenso, ya que contrario a lo que argumenta la parte actora, al emitir la resoluci\u00f3n, la autoridad responsable tom\u00f3 en consideraci\u00f3n el caudal probatorio, por tanto, se confirma la resoluci\u00f3n impugnada.<\/td><\/tr><tr><td><strong>TECDMX-JEL-258\/2023<\/strong><strong><\/strong><\/td><td>Contra la respuesta emitida mediante el oficio 165 de 2023, girado por la Direcci\u00f3n Distrital 15 del IECM, promovido por una persona promovente de un proyecto de presupuesto participativo, en la Unidad Territorial Ramos Mill\u00e1n Bramadero 1, demarcaci\u00f3n Iztacalco.<\/td><td>Se califican como fundados los motivos de agravio, pues como lo hace valer la parte actora, el escrito que present\u00f3 ante la autoridad responsable, corresponde a un medio de impugnaci\u00f3n que debi\u00f3 haberse tramitado de conformidad con la Ley Procesal Electoral de la Ciudad de M\u00e9xico. &nbsp; Asimismo, se revoca el oficio controvertido y se ordena que, de forma inmediata, se remita a este \u00f3rgano jurisdiccional el medio de impugnaci\u00f3n presentado por la parte actora el doce de mayo pasado, y se proceda a dar el tr\u00e1mite correspondiente.<\/td><\/tr><tr><td><strong>TECDMX-JEL-261\/2023<\/strong><strong><\/strong><\/td><td>Contra la resoluci\u00f3n emitida por la Direcci\u00f3n Distrital 12 del IECM en el Procedimiento para resolver las Inconformidades por Propagada 001 de 2023.<\/td><td>Se califican, por una parte, infundados los agravios hechos valer por la parte actora y, por otro lado, se califican de inoperantes, ya que no precisan argumentaciones concretas, ni contienen argumentaciones l\u00f3gico-jur\u00eddicas que permitan contraponer los razonamientos de la autoridad responsable.<\/td><\/tr><tr><td><strong>TECDMX-JEL-276\/2023<\/strong><strong><\/strong><\/td><td>Contra la resoluci\u00f3n del 17 de mayo de 2023, emitida por la Secretaria del \u00d3rgano Desconcentrado de la Direcci\u00f3n Distrital 14 del IECM en el expediente 002 de 2023.<\/td><td>Se tiene como infundado el agravio, esto en virtud de que al tratarse de hechos relacionados con la elecci\u00f3n de la COPACO y de la Consulta de Presupuesto Participativo, la norma aplicable es el Reglamento en Materia de Propaganda e Inconformidades para la elecci\u00f3n de la COPACO, por lo cual, el plazo para presentar su denuncia era de 3 d\u00edas naturales.<\/td><\/tr><tr><td><strong>TECDMX-JEL-293\/2023<\/strong><strong><\/strong><\/td><td>Contra el oficio 964 de 2023, suscrito por el Secretario Ejecutivo del IECM, al considerar que violenta su derecho de acceso a la justicia y el de llevar una vida libre de violencia, promovido por una persona candidata a la COPACO en la Unidad Territorial Guadalupe Tepeyac, Demarcaci\u00f3n Gustavo A. Madero.<\/td><td>Se tienen por infundados los motivos de agravio, ya que la responsable expuso las razones por las cuales proced\u00eda el recurso de inconformidad que se establece en el Reglamento de Propaganda e Inconformidades de la COPACO, as\u00ed como, la fundamentaci\u00f3n correcta y atinente al caso.<\/td><\/tr><\/tbody><\/table><\/figure>\n\n\n\n<p>Por otro lado, el Pleno resolvi\u00f3 los siguientes Juicios de la Ciudadan\u00eda:<\/p>\n\n\n\n<figure class=\"wp-block-table\"><table><thead><tr><td><strong>Expediente<\/strong><\/td><td><strong>Acto Impugnado<\/strong><\/td><td><strong>Resoluci\u00f3n<\/strong><\/td><\/tr><\/thead><tbody><tr><td><strong>TECDMX-JLDC-087\/2023<\/strong><strong><\/strong><\/td><td>Contra el registro del proyecto participativo \u201cAsfaltando Morelos y Ju\u00e1rez\u201d, propuesto por el Ejido H\u00e9roes de 1910, y promovido por dos personas integrantes del Consejo de Gobierno Comunitario del Pueblo Originario de San Andr\u00e9s Totoltepec, Demarcaci\u00f3n Tlalpan.<\/td><td>Se revoca el registro impugnado a fin de que el Consejo de Gobierno Comunitario del Pueblo Originario de San Andr\u00e9s Totoltepec, al emitir el instrumento participativo, en acatamiento a una diversa resoluci\u00f3n de este Tribunal, invite al Ejido H\u00e9roes de 1910 a participar en la asamblea que en su oportunidad sea acordada.<\/td><\/tr><tr><td><strong>TECDMX-JLDC-104\/2023<\/strong><strong><\/strong><\/td><td>Contra de la asamblea realizada el 22 de abril del presente a\u00f1o, en el Pueblo Originario San Bartolo Ameyalco para votar los proyectos de presupuesto participativo para 2023 y 2024, a convocatoria de la autoridad responsable, quien se ostenta como Subdelegado del pueblo.<\/td><td>Se revoca la asamblea impugnada, de manera que queden sin efectos los resultados y determinaci\u00f3n de los proyectos ganadores para los ejercicios 2023 y 2024.<\/td><\/tr><\/tbody><\/table><\/figure>\n\n\n\n<p>El Pleno desech\u00f3 de plano las demandas en los siguientes juicios:<\/p>\n\n\n\n<figure class=\"wp-block-table\"><table><tbody><tr><td><strong>Expediente<\/strong><strong><\/strong><\/td><td><strong>Acto Impugnado<\/strong><\/td><td><strong>Resoluci\u00f3n<\/strong><\/td><\/tr><tr><td><br><strong>TECDMX-JLDC-083\/2022<\/strong> <strong>Al<\/strong> <strong>TECDMX-JLDC-125\/2022<\/strong> <strong>&nbsp;<\/strong> <strong>Acumulados<\/strong><\/td><td>Contra el Decreto por el que se reforman, adicionan y derogan diversos art\u00edculos del C\u00f3digo de Instituciones y Procedimientos Electorales de la Ciudad de M\u00e9xico, publicado el 2 de junio de 2022, en la Gaceta Oficial de la Ciudad de M\u00e9xico.<\/td><td>Se actualiza la causal de improcedencia prevista en el art\u00edculo 49, fracci\u00f3n I de la Ley Procesal Electoral de la Ciudad de M\u00e9xico, respecto de la falta de inter\u00e9s jur\u00eddico de las personas enjuiciantes, pues para que se actualice se requiere que se aduzca la vulneraci\u00f3n de alg\u00fan derecho sustancial y se argumente que la intervenci\u00f3n del \u00f3rgano jurisdiccional es necesaria y \u00fatil para lograr la reparaci\u00f3n, mediante la formulaci\u00f3n de alg\u00fan planteamiento tendiente a obtener una sentencia que revoque o modifique la resoluci\u00f3n reclamada. &nbsp; Si bien las partes actoras aluden a una afectaci\u00f3n a sus derechos pol\u00edtico-electorales, lo cierto es que no se advierte dicha afectaci\u00f3n, es decir, no hacen referencia a actos de aplicaci\u00f3n en concreto que incidan en su esfera jur\u00eddica con una afectaci\u00f3n directa e inmediata, en los temas de su impugnaci\u00f3n y respecto de los derechos que se aducen vulnerados, como tampoco se advierte la vinculaci\u00f3n con alg\u00fan otro derecho humano relacionado con la materia electoral.<\/td><\/tr><\/tbody><\/table><\/figure>\n\n\n\n<figure class=\"wp-block-table\"><table><tbody><tr><td><br><strong>Expediente<\/strong><strong><\/strong><\/td><td><strong>Acto Impugnado<\/strong><\/td><td><strong>Resoluci\u00f3n<\/strong><\/td><\/tr><tr><td><strong>TECDMX-JLDC-073\/2022<\/strong> <strong>TECDMX-JLDC-127\/2022<\/strong> <strong>TECDMX-JLDC-128\/2022<\/strong> <strong>TECDMX-JLDC-129\/2022<\/strong> <strong>&nbsp;<\/strong> <strong>Acumulados<\/strong><\/td><td>Contra el Decreto por el que se reforman, adicionan y derogan diversos art\u00edculos del C\u00f3digo de Instituciones y Procedimientos Electorales de la Ciudad de M\u00e9xico, publicado el 2 de junio de 2022, en la Gaceta Oficial de la Ciudad de M\u00e9xico, promovido por personas Consejeras del Instituto Electoral de la Ciudad de M\u00e9xico.<\/td><td>Se actualiza la causal de improcedencia prevista en el art\u00edculo 49, fracci\u00f3n V de la Ley Procesal Electoral de la Ciudad de M\u00e9xico, consistente en la falta de legitimaci\u00f3n de las partes enjuiciantes<a>, dado que, al comparecer como autoridades integrantes del IECM, en principio, no ostentan un derecho subjetivo respecto de las facultades, funciones o atribuciones de ese \u00f3rgano, sino que tienen deberes jur\u00eddicos impuestos por la norma, espec\u00edficamente de conducir sus actividades como parte integrante de esa autoridad, dentro de los par\u00e1metros constitucionales, convencionales y legales.<\/a> &nbsp; Ya que, en el caso, la mayor\u00eda de los agravios se encaminan a denunciar la posible afectaci\u00f3n a las facultades del IECM y no a alg\u00fan derecho propio de las partes demandantes, por lo que es evidente la falta de legitimaci\u00f3n en la causa.<\/td><\/tr><\/tbody><\/table><\/figure>\n\n\n\n<figure class=\"wp-block-table\"><table><tbody><tr><td><strong>Expediente<\/strong><strong><\/strong><\/td><td><strong>Acto Impugnado<\/strong><\/td><td><strong>Resoluci\u00f3n<\/strong><\/td><\/tr><tr><td><strong>TECDMX-JEL-255\/2023<\/strong> <strong>TECDMX-JEL-256\/2023<\/strong><\/td><td>Contra la Jornada Electiva de la Consulta de Presupuesto Participativo 2023 y 2024, en la Unidad Territorial Colonial Iztapalapa (Fracc.) en la Alcald\u00eda Iztapalapa.<\/td><td>Se desechan de plano las demandas ya que carecen de ficha aut\u00f3grafa o huella digital de las personas promoventes.<\/td><\/tr><tr><td><strong>TECDMX-JLDC-126\/2022<\/strong> <strong>TECDMX-JLDC-130\/2022<\/strong> <strong>TECDMX-JLDC-131\/2022<\/strong> <strong>&nbsp;<\/strong> <strong>Acumulados<\/strong><\/td><td>Contra el Decreto por el que se reforman, adicionan y derogan diversos art\u00edculos del C\u00f3digo de Instituciones y Procedimientos Electorales de la Ciudad de M\u00e9xico, publicado el 2 de junio de 2022, en la Gaceta Oficial de la Ciudad de M\u00e9xico.<\/td><td>Se sobreseen los juicios 126, 131 y parte del 130, al actualizarse la causal de improcedencia prevista en el art\u00edculo 49, fracci\u00f3n XIII de la Ley Procesal Electoral de la Ciudad de M\u00e9xico, con respecto al juicio 130 su derecho de acci\u00f3n precluy\u00f3. Tambi\u00e9n se sobresee la demanda promovida en el juicio de la ciudadan\u00eda 126, as\u00ed como parte de la demanda del juicio de la ciudadan\u00eda 130, ante la actualizaci\u00f3n de la eficacia refleja de la cosa juzgada. Respecto del agravio relacionado con la delegaci\u00f3n de la atribuci\u00f3n del IECM para crear unidades t\u00e9cnicas, se califica como fundado pues la derogaci\u00f3n de la referida facultad prevista en el \u00faltimo p\u00e1rrafo del art\u00edculo 98 del citado C\u00f3digo Electoral, violenta la garant\u00eda institucional de autonom\u00eda e independencia del IECM y transgrede el principio de divisi\u00f3n de poderes.<\/td><\/tr><\/tbody><\/table><\/figure>\n\n\n\n<p>El Pleno, al rechazar<s>se<\/s> la propuesta de desechamiento, return\u00f3 el siguiente asunto:<\/p>\n\n\n\n<figure class=\"wp-block-table\"><table><tbody><tr><td><strong>Expediente<\/strong><strong><\/strong><\/td><td><strong>Acto Impugnado<\/strong><\/td><\/tr><tr><td><strong>TECDMX-JEL-207\/2023<\/strong><\/td><td>Contra diversas irregularidades acontecidas el d\u00eda de la elecci\u00f3n de la Comisi\u00f3n de Participaci\u00f3n Comunitaria 2023, correspondiente a la Unidad Territorial Alfonso XIII, clave 10-009, en la Alcald\u00eda \u00c1lvaro Obreg\u00f3n.<\/td><\/tr><\/tbody><\/table><\/figure>\n\n\n\n<p class=\"has-text-align-center\"><strong>o-O-o<\/strong><\/p>\n","protected":false},"excerpt":{"rendered":"<p>Ciudad de M\u00e9xico, a 8 de junio de 2023 TECDMX revoca parcialmente el decreto de reforma que impide al IECM realizar ajustes a su estructura El Pleno del Tribunal Electoral [&hellip;]<\/p>\n","protected":false},"author":13,"featured_media":21168,"comment_status":"open","ping_status":"open","sticky":false,"template":"","format":"standard","meta":{"_acf_changed":false,"_exactmetrics_skip_tracking":false,"_exactmetrics_sitenote_active":false,"_exactmetrics_sitenote_note":"","_exactmetrics_sitenote_category":0,"footnotes":""},"categories":[32,47],"tags":[],"acf":[],"yoast_head":"<!-- This site is optimized with the Yoast SEO plugin v22.3 - https:\/\/yoast.com\/wordpress\/plugins\/seo\/ -->\n<title>Bolet\u00edn N\u00b0 28 - Tribunal Electoral de la Ciudad de M\u00e9xico<\/title>\n<meta name=\"robots\" content=\"index, follow, max-snippet:-1, max-image-preview:large, max-video-preview:-1\" \/>\n<link rel=\"canonical\" href=\"https:\/\/www.tecdmx.org.mx\/index.php\/comunicados\/2023\/06\/08\/boletin-n-28\/\" \/>\n<meta property=\"og:locale\" content=\"es_ES\" \/>\n<meta property=\"og:type\" content=\"article\" \/>\n<meta property=\"og:title\" content=\"Bolet\u00edn N\u00b0 28 - Tribunal Electoral de la Ciudad de M\u00e9xico\" \/>\n<meta property=\"og:description\" content=\"Ciudad de M\u00e9xico, a 8 de junio de 2023 TECDMX revoca parcialmente el decreto de reforma que impide al IECM realizar ajustes a su estructura El Pleno del Tribunal Electoral [&hellip;]\" \/>\n<meta property=\"og:url\" content=\"https:\/\/www.tecdmx.org.mx\/index.php\/comunicados\/2023\/06\/08\/boletin-n-28\/\" \/>\n<meta property=\"og:site_name\" content=\"Tribunal Electoral de la Ciudad de M\u00e9xico\" \/>\n<meta property=\"article:publisher\" content=\"https:\/\/www.facebook.com\/TECDMX\/\" \/>\n<meta property=\"article:published_time\" content=\"2023-06-09T04:44:53+00:00\" \/>\n<meta property=\"article:modified_time\" content=\"2023-06-09T04:45:59+00:00\" \/>\n<meta property=\"og:image\" content=\"https:\/\/www.tecdmx.org.mx\/wp-content\/uploads\/2020\/08\/comunicado_nuevo.jpg\" \/>\n\t<meta property=\"og:image:width\" content=\"600\" \/>\n\t<meta property=\"og:image:height\" content=\"366\" \/>\n\t<meta property=\"og:image:type\" content=\"image\/jpeg\" \/>\n<meta name=\"author\" content=\"Difusion2025\" \/>\n<meta name=\"twitter:card\" content=\"summary_large_image\" \/>\n<meta name=\"twitter:creator\" content=\"@tecdmx\" \/>\n<meta name=\"twitter:site\" content=\"@tecdmx\" \/>\n<meta name=\"twitter:label1\" content=\"Escrito por\" \/>\n\t<meta name=\"twitter:data1\" content=\"Difusion2025\" \/>\n\t<meta name=\"twitter:label2\" content=\"Tiempo de lectura\" \/>\n\t<meta name=\"twitter:data2\" content=\"8 minutos\" \/>\n<script type=\"application\/ld+json\" class=\"yoast-schema-graph\">{\"@context\":\"https:\/\/schema.org\",\"@graph\":[{\"@type\":\"WebPage\",\"@id\":\"https:\/\/www.tecdmx.org.mx\/index.php\/comunicados\/2023\/06\/08\/boletin-n-28\/\",\"url\":\"https:\/\/www.tecdmx.org.mx\/index.php\/comunicados\/2023\/06\/08\/boletin-n-28\/\",\"name\":\"Bolet\u00edn N\u00b0 28 - Tribunal Electoral de la Ciudad de M\u00e9xico\",\"isPartOf\":{\"@id\":\"https:\/\/www.tecdmx.org.mx\/#website\"},\"primaryImageOfPage\":{\"@id\":\"https:\/\/www.tecdmx.org.mx\/index.php\/comunicados\/2023\/06\/08\/boletin-n-28\/#primaryimage\"},\"image\":{\"@id\":\"https:\/\/www.tecdmx.org.mx\/index.php\/comunicados\/2023\/06\/08\/boletin-n-28\/#primaryimage\"},\"thumbnailUrl\":\"https:\/\/www.tecdmx.org.mx\/wp-content\/uploads\/2020\/08\/comunicado_nuevo.jpg\",\"datePublished\":\"2023-06-09T04:44:53+00:00\",\"dateModified\":\"2023-06-09T04:45:59+00:00\",\"author\":{\"@id\":\"https:\/\/www.tecdmx.org.mx\/#\/schema\/person\/208c898199fb3234203823c5f0cf31d6\"},\"breadcrumb\":{\"@id\":\"https:\/\/www.tecdmx.org.mx\/index.php\/comunicados\/2023\/06\/08\/boletin-n-28\/#breadcrumb\"},\"inLanguage\":\"es\",\"potentialAction\":[{\"@type\":\"ReadAction\",\"target\":[\"https:\/\/www.tecdmx.org.mx\/index.php\/comunicados\/2023\/06\/08\/boletin-n-28\/\"]}]},{\"@type\":\"ImageObject\",\"inLanguage\":\"es\",\"@id\":\"https:\/\/www.tecdmx.org.mx\/index.php\/comunicados\/2023\/06\/08\/boletin-n-28\/#primaryimage\",\"url\":\"https:\/\/www.tecdmx.org.mx\/wp-content\/uploads\/2020\/08\/comunicado_nuevo.jpg\",\"contentUrl\":\"https:\/\/www.tecdmx.org.mx\/wp-content\/uploads\/2020\/08\/comunicado_nuevo.jpg\",\"width\":600,\"height\":366},{\"@type\":\"BreadcrumbList\",\"@id\":\"https:\/\/www.tecdmx.org.mx\/index.php\/comunicados\/2023\/06\/08\/boletin-n-28\/#breadcrumb\",\"itemListElement\":[{\"@type\":\"ListItem\",\"position\":1,\"name\":\"Portada\",\"item\":\"https:\/\/www.tecdmx.org.mx\/\"},{\"@type\":\"ListItem\",\"position\":2,\"name\":\"Bolet\u00edn N\u00b0 28\"}]},{\"@type\":\"WebSite\",\"@id\":\"https:\/\/www.tecdmx.org.mx\/#website\",\"url\":\"https:\/\/www.tecdmx.org.mx\/\",\"name\":\"Tribunal Electoral de la Ciudad de M\u00e9xico\",\"description\":\"25 a\u00f1os garantizando justicia en tu elecci\u00f3n\",\"potentialAction\":[{\"@type\":\"SearchAction\",\"target\":{\"@type\":\"EntryPoint\",\"urlTemplate\":\"https:\/\/www.tecdmx.org.mx\/?s={search_term_string}\"},\"query-input\":\"required name=search_term_string\"}],\"inLanguage\":\"es\"},{\"@type\":\"Person\",\"@id\":\"https:\/\/www.tecdmx.org.mx\/#\/schema\/person\/208c898199fb3234203823c5f0cf31d6\",\"name\":\"Difusion2025\",\"image\":{\"@type\":\"ImageObject\",\"inLanguage\":\"es\",\"@id\":\"https:\/\/www.tecdmx.org.mx\/#\/schema\/person\/image\/\",\"url\":\"https:\/\/secure.gravatar.com\/avatar\/6f7a4ba3acb418040e90a2eb99b5df28?s=96&d=mm&r=g\",\"contentUrl\":\"https:\/\/secure.gravatar.com\/avatar\/6f7a4ba3acb418040e90a2eb99b5df28?s=96&d=mm&r=g\",\"caption\":\"Difusion2025\"}}]}<\/script>\n<!-- \/ Yoast SEO plugin. -->","yoast_head_json":{"title":"Bolet\u00edn N\u00b0 28 - Tribunal Electoral de la Ciudad de M\u00e9xico","robots":{"index":"index","follow":"follow","max-snippet":"max-snippet:-1","max-image-preview":"max-image-preview:large","max-video-preview":"max-video-preview:-1"},"canonical":"https:\/\/www.tecdmx.org.mx\/index.php\/comunicados\/2023\/06\/08\/boletin-n-28\/","og_locale":"es_ES","og_type":"article","og_title":"Bolet\u00edn N\u00b0 28 - Tribunal Electoral de la Ciudad de M\u00e9xico","og_description":"Ciudad de M\u00e9xico, a 8 de junio de 2023 TECDMX revoca parcialmente el decreto de reforma que impide al IECM realizar ajustes a su estructura El Pleno del Tribunal Electoral [&hellip;]","og_url":"https:\/\/www.tecdmx.org.mx\/index.php\/comunicados\/2023\/06\/08\/boletin-n-28\/","og_site_name":"Tribunal Electoral de la Ciudad de M\u00e9xico","article_publisher":"https:\/\/www.facebook.com\/TECDMX\/","article_published_time":"2023-06-09T04:44:53+00:00","article_modified_time":"2023-06-09T04:45:59+00:00","og_image":[{"width":600,"height":366,"url":"https:\/\/www.tecdmx.org.mx\/wp-content\/uploads\/2020\/08\/comunicado_nuevo.jpg","type":"image\/jpeg"}],"author":"Difusion2025","twitter_card":"summary_large_image","twitter_creator":"@tecdmx","twitter_site":"@tecdmx","twitter_misc":{"Escrito por":"Difusion2025","Tiempo de lectura":"8 minutos"},"schema":{"@context":"https:\/\/schema.org","@graph":[{"@type":"WebPage","@id":"https:\/\/www.tecdmx.org.mx\/index.php\/comunicados\/2023\/06\/08\/boletin-n-28\/","url":"https:\/\/www.tecdmx.org.mx\/index.php\/comunicados\/2023\/06\/08\/boletin-n-28\/","name":"Bolet\u00edn N\u00b0 28 - Tribunal Electoral de la Ciudad de M\u00e9xico","isPartOf":{"@id":"https:\/\/www.tecdmx.org.mx\/#website"},"primaryImageOfPage":{"@id":"https:\/\/www.tecdmx.org.mx\/index.php\/comunicados\/2023\/06\/08\/boletin-n-28\/#primaryimage"},"image":{"@id":"https:\/\/www.tecdmx.org.mx\/index.php\/comunicados\/2023\/06\/08\/boletin-n-28\/#primaryimage"},"thumbnailUrl":"https:\/\/www.tecdmx.org.mx\/wp-content\/uploads\/2020\/08\/comunicado_nuevo.jpg","datePublished":"2023-06-09T04:44:53+00:00","dateModified":"2023-06-09T04:45:59+00:00","author":{"@id":"https:\/\/www.tecdmx.org.mx\/#\/schema\/person\/208c898199fb3234203823c5f0cf31d6"},"breadcrumb":{"@id":"https:\/\/www.tecdmx.org.mx\/index.php\/comunicados\/2023\/06\/08\/boletin-n-28\/#breadcrumb"},"inLanguage":"es","potentialAction":[{"@type":"ReadAction","target":["https:\/\/www.tecdmx.org.mx\/index.php\/comunicados\/2023\/06\/08\/boletin-n-28\/"]}]},{"@type":"ImageObject","inLanguage":"es","@id":"https:\/\/www.tecdmx.org.mx\/index.php\/comunicados\/2023\/06\/08\/boletin-n-28\/#primaryimage","url":"https:\/\/www.tecdmx.org.mx\/wp-content\/uploads\/2020\/08\/comunicado_nuevo.jpg","contentUrl":"https:\/\/www.tecdmx.org.mx\/wp-content\/uploads\/2020\/08\/comunicado_nuevo.jpg","width":600,"height":366},{"@type":"BreadcrumbList","@id":"https:\/\/www.tecdmx.org.mx\/index.php\/comunicados\/2023\/06\/08\/boletin-n-28\/#breadcrumb","itemListElement":[{"@type":"ListItem","position":1,"name":"Portada","item":"https:\/\/www.tecdmx.org.mx\/"},{"@type":"ListItem","position":2,"name":"Bolet\u00edn N\u00b0 28"}]},{"@type":"WebSite","@id":"https:\/\/www.tecdmx.org.mx\/#website","url":"https:\/\/www.tecdmx.org.mx\/","name":"Tribunal Electoral de la Ciudad de M\u00e9xico","description":"25 a\u00f1os garantizando justicia en tu elecci\u00f3n","potentialAction":[{"@type":"SearchAction","target":{"@type":"EntryPoint","urlTemplate":"https:\/\/www.tecdmx.org.mx\/?s={search_term_string}"},"query-input":"required name=search_term_string"}],"inLanguage":"es"},{"@type":"Person","@id":"https:\/\/www.tecdmx.org.mx\/#\/schema\/person\/208c898199fb3234203823c5f0cf31d6","name":"Difusion2025","image":{"@type":"ImageObject","inLanguage":"es","@id":"https:\/\/www.tecdmx.org.mx\/#\/schema\/person\/image\/","url":"https:\/\/secure.gravatar.com\/avatar\/6f7a4ba3acb418040e90a2eb99b5df28?s=96&d=mm&r=g","contentUrl":"https:\/\/secure.gravatar.com\/avatar\/6f7a4ba3acb418040e90a2eb99b5df28?s=96&d=mm&r=g","caption":"Difusion2025"}}]}},"_links":{"self":[{"href":"https:\/\/www.tecdmx.org.mx\/index.php\/wp-json\/wp\/v2\/posts\/44085"}],"collection":[{"href":"https:\/\/www.tecdmx.org.mx\/index.php\/wp-json\/wp\/v2\/posts"}],"about":[{"href":"https:\/\/www.tecdmx.org.mx\/index.php\/wp-json\/wp\/v2\/types\/post"}],"author":[{"embeddable":true,"href":"https:\/\/www.tecdmx.org.mx\/index.php\/wp-json\/wp\/v2\/users\/13"}],"replies":[{"embeddable":true,"href":"https:\/\/www.tecdmx.org.mx\/index.php\/wp-json\/wp\/v2\/comments?post=44085"}],"version-history":[{"count":3,"href":"https:\/\/www.tecdmx.org.mx\/index.php\/wp-json\/wp\/v2\/posts\/44085\/revisions"}],"predecessor-version":[{"id":44090,"href":"https:\/\/www.tecdmx.org.mx\/index.php\/wp-json\/wp\/v2\/posts\/44085\/revisions\/44090"}],"wp:featuredmedia":[{"embeddable":true,"href":"https:\/\/www.tecdmx.org.mx\/index.php\/wp-json\/wp\/v2\/media\/21168"}],"wp:attachment":[{"href":"https:\/\/www.tecdmx.org.mx\/index.php\/wp-json\/wp\/v2\/media?parent=44085"}],"wp:term":[{"taxonomy":"category","embeddable":true,"href":"https:\/\/www.tecdmx.org.mx\/index.php\/wp-json\/wp\/v2\/categories?post=44085"},{"taxonomy":"post_tag","embeddable":true,"href":"https:\/\/www.tecdmx.org.mx\/index.php\/wp-json\/wp\/v2\/tags?post=44085"}],"curies":[{"name":"wp","href":"https:\/\/api.w.org\/{rel}","templated":true}]}}