{"id":44248,"date":"2023-06-23T07:59:53","date_gmt":"2023-06-23T13:59:53","guid":{"rendered":"https:\/\/www.tecdmx.org.mx\/?p=44248"},"modified":"2023-06-23T07:59:56","modified_gmt":"2023-06-23T13:59:56","slug":"boletin-n-29__trashed","status":"publish","type":"post","link":"https:\/\/www.tecdmx.org.mx\/index.php\/comunicados\/2023\/06\/23\/boletin-n-29__trashed\/","title":{"rendered":"Bolet\u00edn N\u00b0 29"},"content":{"rendered":"<div class=\"wp-block-image\">\n<figure class=\"aligncenter size-full\"><img loading=\"lazy\" decoding=\"async\" width=\"600\" height=\"337\" src=\"https:\/\/www.tecdmx.org.mx\/wp-content\/uploads\/2023\/06\/WhatsApp-Image-2023-06-23-at-08.41.24.jpeg\" alt=\"\" class=\"wp-image-44249\"\/><\/figure><\/div>\n\n\n<p class=\"has-text-align-right\">Ciudad de M\u00e9xico, a 22 de junio de 2023<\/p>\n\n\n\n<p class=\"has-text-align-right\"><\/p>\n\n\n\n<p class=\"has-text-align-center\"><strong>Resuelve TECDMX diversos juicios sobre comisiones de participaci\u00f3n comunitaria y presupuesto participativo de la cdmx.<\/strong><\/p>\n\n\n\n<p>El Pleno del Tribunal Electoral de la Ciudad de M\u00e9xico (TECDMX) celebr\u00f3 esta tarde Sesi\u00f3n P\u00fablica en la que las Magistraturas <a>resolvieron diversos Juicios Electorales, seg\u00fan se listan a continuaci\u00f3n<\/a>:<\/p>\n\n\n\n<figure class=\"wp-block-table\"><table><thead><tr><td><strong>Expediente<\/strong><\/td><td><strong>Acto Impugnado<\/strong><\/td><td><strong>Resoluci\u00f3n<\/strong><\/td><\/tr><\/thead><tbody><tr><td><strong>TECDMX-JEL-203\/2023<\/strong><\/td><td>Contra los resultados de la consulta de Presupuesto Participativo y de la elecci\u00f3n de la Comisi\u00f3n de Participaci\u00f3n Comunitaria (COPACO), en la Unidad Territorial Granjas M\u00e9xico I, en Iztapalapa.<\/td><td>Se confirmaron las Actas de Validaci\u00f3n de Resultados para la consulta de Presupuesto Participativo 2023 y del c\u00f3mputo total por Unidad Territorial para la elecci\u00f3n de las Comisiones de Participaci\u00f3n Comunitaria 2023, en la Unidad Territorial Granjas M\u00e9xico I.<\/td><\/tr><tr><td><strong>TECDMX-JEL-207\/2023<\/strong> <strong>&nbsp;<\/strong> <strong>&nbsp;<\/strong> <strong>&nbsp;<\/strong> <strong>&nbsp;<\/strong> <strong>&nbsp;<\/strong> <strong>&nbsp;<\/strong> <strong>&nbsp;<\/strong> <strong>TECDMX-JEL-220\/2023 TECDMX-JEL-231\/2023<\/strong> <strong>&nbsp;<\/strong> <strong>&nbsp;<\/strong> <strong>&nbsp;<\/strong> <strong>&nbsp;<\/strong> <strong>&nbsp;<\/strong> <strong>&nbsp;<\/strong> <strong>TECDMX-JEL-236\/2023<\/strong><\/td><td>Denuncia de actos de proselitismo, presi\u00f3n y compra de votos que podr\u00edan haber afectado los resultados de la elecci\u00f3n de la COPACO y la consulta de Presupuesto Participativo 2023 y 2024. &nbsp; Contra la elecci\u00f3n e integraci\u00f3n de la COPACO y la consulta de Presupuesto Participativo 2023-2024, en la Unidad Territorial San Pedro de los Pinos, Benito Ju\u00e1rez y la Unidad Territorial del Ni\u00f1o Jes\u00fas (Barrio), en Coyoac\u00e1n. &nbsp; Contra los resultados de la elecci\u00f3n para la Comisi\u00f3n de Participaci\u00f3n Comunitaria 2023 y la consulta de Presupuesto Participativo 2023 y 2024 en la Unidad Territorial del Ni\u00f1o Jes\u00fas (Barrio), en Coyoac\u00e1n.<\/td><td>Se confirmaron los resultados de la elecci\u00f3n de las Comisiones de Participaci\u00f3n Comunitaria 2023 y de la consulta sobre Presupuesto Participativo 2023 y 2024, en las Unidades Territoriales Alfonso XIII, San Pedro de los Pinos, San Andr\u00e9s Tetepilco y del Ni\u00f1o Jes\u00fas (Barrio).<\/td><\/tr><tr><td><strong>TECDMX-JEL-211\/2023<\/strong> <strong>&nbsp;<\/strong> <strong>&nbsp;<\/strong> <strong>&nbsp;<\/strong> <strong>&nbsp;<\/strong> <strong>&nbsp;<\/strong> <strong>&nbsp;<\/strong> <strong>TECDMX-JEL-221\/2023<\/strong> <strong>TECDMX-JEL-301\/2023<\/strong> <strong>TECDMX-JEL-302\/2023<\/strong> <strong>TECDMX-JEL-303\/2023<\/strong> <strong>TECDMX-JEL-304\/2023<\/strong> <strong>TECDMX-JEL-305\/2023<\/strong> <strong>TECDMX-JEL-306\/2023<\/strong><\/td><td>Personas vecinas de la Unidad Territorial Eduardo Molina II (Unidad Habitacional), en Gustavo A. Madero, controvierten la consulta de Presupuesto Participativo 2023 y 2024. &nbsp; Contra la consulta del Presupuesto Participativo 2023 y 2024de distintas Unidades Territoriales de la Demarcaci\u00f3n Coyoac\u00e1n.<\/td><td>Se confirmaron los resultados de la consulta de Presupuesto Participativo en las Unidades Territoriales Eduardo Molina II (Unidad Habitacional), Pedregal Santo Domingo IV, Pedregal Santa \u00darsula II, Pedregal Santa \u00darsula III, Pedregal Santo Domingo V, Pedregal Santo Domingo VI, De la Candelaria (Pueblo) y Pedregal Santo Domingo VII.<\/td><\/tr><tr><td><strong>TECDMX-JEL-215\/2023<\/strong><\/td><td>Solicitud de recuento de la votaci\u00f3n recibida en la elecci\u00f3n de la COPACO, de la Unidad Territorial CTM VIII B Culhuac\u00e1n Zona 25-26 (Unidad Habitacional), en Coyoac\u00e1n.<\/td><td>Se declar\u00f3 improcedente el recuento de la votaci\u00f3n recibida en la elecci\u00f3n de la Comisi\u00f3n de Participaci\u00f3n Comunitaria en la Unidad Territorial CTM VIII B Culhuac\u00e1n (Unidad Habitacional).<\/td><\/tr><tr><td><strong>TECDMX-JEL-216\/2023<\/strong><\/td><td>Contra la elegibilidad de otra persona que tambi\u00e9n result\u00f3 electa para integrar la COPACO. Lo anterior, porque la candidata controvertida no cumple con el requisito de residencia en la Unidad Territorial CTM VIII Culhuac\u00e1n (U HAB).<\/td><td>Se revoc\u00f3 el dictamen sobre la solicitud de registro de candidatura de Josefina Palomino Bello para participar en la elecci\u00f3n de la Comisi\u00f3n de Participaci\u00f3n Comunitaria en la Unidad Territorial CTM VIII Culhuac\u00e1n (Unidad Habitacional), y se orden\u00f3 al Instituto Electoral de la Ciudad de M\u00e9xico, modificar la constancia de asignaci\u00f3n e integraci\u00f3n. &nbsp; Finalmente, se orden\u00f3 a la autoridad responsable que, en un plazo no mayor a cuarenta y ocho horas, contadas a partir de la notificaci\u00f3n de la resoluci\u00f3n, informe al <s>este<\/s> Tribunal Electoral de las acciones realizadas para el cumplimiento de la ejecutoria.<\/td><\/tr><tr><td><strong>TECDMX-JEL-217\/2023<\/strong> <strong>&nbsp;<\/strong> <strong>&nbsp;<\/strong> <strong>&nbsp;<\/strong> <strong>&nbsp;<\/strong> <strong>TECDMX-JEL-227\/2023<\/strong> <strong>&nbsp;<\/strong> <strong>&nbsp;<\/strong> <strong>&nbsp;<\/strong> <strong>&nbsp;<\/strong> <strong>&nbsp;<\/strong> <strong>&nbsp;<\/strong> <strong>&nbsp;<\/strong> <strong>TECDMX-JEL-238\/2023<\/strong> <strong>&nbsp;<\/strong> <strong>&nbsp;<\/strong> <strong>&nbsp;<\/strong> <strong>TECDMX-JEL-249\/2023<\/strong> <strong>&nbsp;<\/strong> <strong>&nbsp;<\/strong> <strong>&nbsp;<\/strong> <strong>TECDMX-JEL-279\/2023<\/strong> <strong>&nbsp;<\/strong> <strong>&nbsp;<\/strong> <strong>&nbsp;<\/strong> <strong>&nbsp;<\/strong><\/td><td>Contra los resultados de la elecci\u00f3n de la COPACO en la Unidad Territorial Popotla II, en Miguel Hidalgo. &nbsp; Contra la elecci\u00f3n de la COPACO y la consulta de Presupuesto Participativo 2023 y 2024, por supuestos actos de proselitismo, presi\u00f3n y compra de votos que podr\u00edan haber afectado los resultados. &nbsp; Contrala elecci\u00f3n de la COPACO en la Unidad Territorial Consejo Agrarista Mexicano, en Iztapalapa. &nbsp; Contra la elecci\u00f3n e integraci\u00f3n de la COPACO 2023, en Barros Sierra, en La Magdalena Contreras. &nbsp; Contra la elecci\u00f3n de la COPACO de la Unidad Territorial CROC Culhuac\u00e1n Secci\u00f3n 6 (Unidad Habitacional) en Coyoac\u00e1n, Poder Popular, en \u00c1lvaro Obreg\u00f3n y Tierra Colorada en La Magdalena Contreras.<\/td><td>Se confirm\u00f3 la elecci\u00f3n de las Comisiones de Participaci\u00f3n Comunitaria en las Unidades Territoriales Popotla II, Lindavista I, Consejo Agrarista Mexicano I, Barros Sierra y Poder Popular.<\/td><\/tr><tr><td><strong>TECDMX-JEL-222\/2023<\/strong><\/td><td>Contra la Constancia de asignaci\u00f3n e integraci\u00f3n de la COPACO en la Unidad Territorial Escand\u00f3n l.<\/td><td>Se confirm\u00f3 la elecci\u00f3n de Ana Gabriela Rubio Escobar como integrante de la Comisi\u00f3n de Participaci\u00f3n Comunitaria en la Unidad Territorial Escand\u00f3n l y, en consecuencia, la Constancia de Asignaci\u00f3n e Integraci\u00f3n.<\/td><\/tr><tr><td><strong>TECDMX-JEL-229\/2023<\/strong><\/td><td>Contra los resultados de la consulta de presupuesto participativo 2023 y 2024, en la Unidad Territorial Paseos de Taxque\u00f1a II, en Coyoac\u00e1n.<\/td><td>Se confirmaron los resultados de la consulta sobre presupuesto participativo 2023 y 2024, en la Unidad Territorial Paseos de Taxque\u00f1a II.<\/td><\/tr><tr><td><strong>TECDMX-JEL-241\/2023<\/strong><\/td><td>Contra el c\u00f3mputo recibido en una Mesa Receptora de Votaci\u00f3n y Opini\u00f3n de la Jornada Presencial para la elecci\u00f3n de la COPACO y consulta de Presupuesto Participativo de la Unidad Territorial El Rodeo, en Iztacalco.<\/td><td>Se confirm\u00f3 el c\u00f3mputo recibido en la Mesa Receptora 02 de la Jornada Consultiva Presencial para la elecci\u00f3n de las personas integrantes de la Comisi\u00f3n de Participaci\u00f3n Comunitaria y los Proyectos de Presupuesto Participativo de la Unidad Territorial El Rodeo.<\/td><\/tr><tr><td><strong>TECDMX-JEL-252\/2023<\/strong><\/td><td>Contra la resoluci\u00f3n de la Direcci\u00f3n Distrital 16 del Instituto Electoral de esta Ciudad, que recay\u00f3 al escrito de inconformidad a trav\u00e9s del cual denunci\u00f3 hechos que a su consideraci\u00f3n son constitutivos de infracciones en materia de promoci\u00f3n y propaganda de la COPACO.<\/td><td>Se confirm\u00f3 la resoluci\u00f3n reca\u00edda en el expediente 001 de 2023, emitida el seis de mayo de dos mil veintitr\u00e9s.<\/td><\/tr><tr><td><strong>TECDMX-JEL-257\/2023<\/strong><\/td><td>Contra el acuerdo de desechamiento de once de mayo del a\u00f1o en curso, emitido por la Direcci\u00f3n Distrital 21 del Instituto Electoral local, en el Procedimiento para Resolver las Inconformidades por Propaganda 12 de 2023.<\/td><td>Se revoc\u00f3 el acuerdo de desechamiento de once de mayo, emitido por la Direcci\u00f3n Distrital 21 del Instituto Electoral de la Ciudad de M\u00e9xico en el expediente 012 de 2023.<\/td><\/tr><tr><td><strong>TECDMX-JEL-268\/2023<\/strong> <strong>&nbsp;<\/strong> <strong>&nbsp;<\/strong> <strong>&nbsp;<\/strong> <strong>&nbsp;<\/strong> <strong>&nbsp;<\/strong> <strong>&nbsp;<\/strong> <strong>&nbsp;<\/strong> <strong>TECDMX-JEL-297\/2023<\/strong><\/td><td>Contra la resoluci\u00f3n del Procedimiento para resolver las Inconformidades por Propagada identificado con el expediente 001 de 2023 y acumulados, emitida por la Direcci\u00f3n Distrital 13 del Instituto Electoral local. &nbsp; Contra la resoluci\u00f3n emitida por la Direcci\u00f3n Distrital 02 del Instituto Electoral de la Ciudad de M\u00e9xico en el Procedimiento para resolver las Inconformidades por Propagada 005 de 2023.<\/td><td>Se confirmaron las resoluciones emitidas por las Direcciones Distritales 13 y 02 del Instituto Electoral de la Ciudad de M\u00e9xico, en los Procedimientos para resolver las Inconformidades por Propagada 01 de 2023 y acumuladas, as\u00ed como 05 de 2023.<\/td><\/tr><tr><td><strong>TECDMX-JEL-270\/2023<\/strong> <strong>TECDMX-JEL-284\/2023<\/strong><strong><\/strong> <strong>&nbsp;<\/strong> <strong>&nbsp;<\/strong> <strong>&nbsp;<\/strong> <strong>&nbsp;<\/strong> <strong>&nbsp;<\/strong> <strong>&nbsp;<\/strong> <strong>TECDMX-JEL-280\/2023<\/strong> <strong>&nbsp;<\/strong> <strong>TECDMX-JEL-290\/2023<\/strong> <strong>TECDMX-JEL-294\/2023<\/strong><\/td><td>Contra la elecci\u00f3n de la COPACO de la Unidad Territorial CROC Culhuac\u00e1n Secci\u00f3n 6 (Unidad Habitacional) en Coyoac\u00e1n, Poder Popular, en \u00c1lvaro Obreg\u00f3n y Tierra Colorada en La Magdalena Contreras. &nbsp; Contra la Constancia de Asignaci\u00f3n e Integraci\u00f3n de la COPACO de la Unidad Territorial Aldana, en Azcapotzalco. &nbsp; Contra la Constancia de Asignaci\u00f3n e Integraci\u00f3n de la COPACO, de la Unidad Territorial Carmen Serd\u00e1n, en Coyoac\u00e1n. &nbsp; Contra la integraci\u00f3n de la COPACO de la Unidad Territorial Villa de Cort\u00e9s, en Benito Ju\u00e1rez, al denunciar que la autoridad responsable no establecer\u00e1 acciones afirmativas ind\u00edgenas en su favor.<\/td><td>Se confirm\u00f3 la Constancia de Asignaci\u00f3n e Integraci\u00f3n de la Comisi\u00f3n de Participaci\u00f3n Comunitaria 2023-2026, en las Unidades Territoriales CROC Culhuac\u00e1n Secci\u00f3n 6 (Unidad Habitacional), Aldama, Tierra Colorada, Carmen Serd\u00e1n y Villa de Cort\u00e9s. &nbsp; &nbsp; &nbsp; &nbsp; &nbsp; &nbsp; &nbsp;<\/td><\/tr><tr><td><strong>TECDMX-JEL-272\/2023<\/strong><\/td><td>Contra la integraci\u00f3n de la COPACO de la Unidad Territorial San Miguel (Barrio), en Iztapalapa.<\/td><td>Se modific\u00f3 el Acta de C\u00f3mputo total correspondiente a la Unidad Territorial San Miguel (Barrio) y se revoc\u00f3 la Constancia de Asignaci\u00f3n e Integraci\u00f3n de diecisiete de mayo del a\u00f1o en curso. <s>&nbsp;<\/s><\/td><\/tr><tr><td><strong>TECDMX-JEL-273\/2023<\/strong> <strong>TECDMX-JEL-274\/2023<\/strong><\/td><td>Contra la base normativa y la justificaci\u00f3n de la asignaci\u00f3n e integraci\u00f3n de la COPACO, en la Unidad Territorial Constituci\u00f3n de 1917 I, en Iztapalapa.<\/td><td>Se revoc\u00f3 la Constancia de Asignaci\u00f3n e Integraci\u00f3n de la Comisi\u00f3n de Participaci\u00f3n Comunitaria 2023 de la Unidad Territorial Constituci\u00f3n de 1917-I.<\/td><\/tr><tr><td><strong>TECDMX-JEL-275\/2023<\/strong><\/td><td>Contra el acuerdo de quince de mayo del a\u00f1o en curso, emitido por la Direcci\u00f3n Distrital 14 del Instituto Electoral local, en el Procedimiento para Resolver las Inconformidades por Propaganda 01 de 2023.<\/td><td>Se confirm\u00f3 el acuerdo de desechamiento de diecis\u00e9is de mayo de dos mil veintitr\u00e9s, emitido por la Direcci\u00f3n Distrital 14 del Instituto Electoral de la Ciudad de M\u00e9xico, en el expediente 001 de 2023.<\/td><\/tr><tr><td><strong>TECDMX-JEL-285\/2023<\/strong><strong><\/strong><\/td><td>Contra la COPACO de la Unidad Territorial Atenor Salas, en Benito Ju\u00e1rez.<\/td><td>Se revoc\u00f3 la Constancia de Asignaci\u00f3n e Integraci\u00f3n de la Comisi\u00f3n de Participaci\u00f3n Comunitaria en la Unidad Territorial Atenor Salas.<\/td><\/tr><tr><td><strong>TECDMX-JEL-307\/2023<\/strong><\/td><td>Contra la resoluci\u00f3n de veinticuatro de mayo de dos mil veintitr\u00e9s, emitida por la Direcci\u00f3n Distrital 16 del Instituto Electoral de la Ciudad de M\u00e9xico, dentro del expediente 02 de 2023<\/td><td>Se confirm\u00f3 la resoluci\u00f3n de veinticuatro de mayo del a\u00f1o en curso, reca\u00edda en el expediente 02 de 2023.<\/td><\/tr><tr><td><strong>TECDMX-JEL-230\/2023<\/strong><strong><\/strong><\/td><td>Contra los resultados de la consulta de Presupuesto Participativo 2023 y 2024, en la Unidad Territorial El Sif\u00f3n, en Iztapalapa.<\/td><td>Se confirmaron los resultados de la elecci\u00f3n de la Comisi\u00f3n de Participaci\u00f3n Comunitaria 2023 y los resultados de la consulta de Presupuesto Participativo 2023 y 2024 en la en la Unidad Territorial El Sif\u00f3n.<\/td><\/tr><\/tbody><\/table><\/figure>\n\n\n\n<p>Por otro lado, las Magistraturas resolvieron los siguientes Juicios de la Ciudadan\u00eda, seg\u00fan se enlista a continuaci\u00f3n:<\/p>\n\n\n\n<figure class=\"wp-block-table\"><table><thead><tr><td><strong>Expediente<\/strong><\/td><td><strong>Acto Impugnado<\/strong><\/td><td><strong>Resoluci\u00f3n<\/strong><\/td><\/tr><\/thead><tbody><tr><td><strong>TECDMX-JLDC-070\/2023<\/strong><\/td><td>Contra la Convocatoria a la Asamblea Informativa referente al Presupuesto Participativo para los ejercicios ficales 2023 y 2024 del pueblo originario de San Miguel Xicalco, Tlalpan.<\/td><td>Se sobresey\u00f3 el juicio respecto de Felipe Incl\u00e1n Galicia y Rufino Fuentes Incl\u00e1n y se confirm\u00f3 la Convocatoria a la Asamblea Informativa de veintid\u00f3s de abril de dos mil veintitr\u00e9s, respecto del Presupuesto Participativo 2023 y 2024, en el pueblo de San Miguel Xicalco.<\/td><\/tr><tr><td><strong>TECDMX-JLDC-090\/2023<\/strong><\/td><td>Contra la omisi\u00f3n de consultar a la comunidad si se deb\u00eda continuar con la figura de la Subdelegaci\u00f3n como autoridad tradicional del Pueblo Originario de San Pedro M\u00e1rtir.<\/td><td>Determinaron infundada la omisi\u00f3n alegada respecto al proceso electivo de la Subdelegaci\u00f3n como autoridad tradicional del Pueblo originario de San Pedro M\u00e1rtir.<\/td><\/tr><\/tbody><\/table><\/figure>\n\n\n\n<p>El Pleno desech\u00f3 de plano las demandas en los siguientes juicios:<\/p>\n\n\n\n<figure class=\"wp-block-table\"><table><thead><tr><td><strong>Expediente<\/strong><\/td><td><strong>Acto Impugnado<\/strong><\/td><\/tr><\/thead><tbody><tr><td><strong>TECDMX-JEL-205\/2023<\/strong><\/td><td>Contra los resultados de la elecci\u00f3n de Comisi\u00f3n de Participaci\u00f3n Comunitaria de la Unidad Territorial Pedregal de San Francisco (Fraccionamiento), en Coyoac\u00e1n.<\/td><\/tr><tr><td><strong>TECDMX-JEL-210\/2023<\/strong> <strong>TECDMX-JEL-309\/2023<\/strong> <strong>TECDMX-JLDC-092\/2023 TECDMX-JLDC-106\/2023<\/strong><\/td><td>Contra los resultados de la elecci\u00f3n de COPACO y\/o de las consultas de Presupuesto Participativo, en las Unidades Territoriales Alfonso Trece y Barros Sierra, se advierte la falta de inter\u00e9s jur\u00eddico o leg\u00edtimo de las partes actoras, seg\u00fan se explica en cada caso en los proyectos correspondientes. &nbsp; Contra la resoluci\u00f3n emitida por la Direcci\u00f3n Distrital 19 del Instituto Electoral local en el Procedimiento para la determinaci\u00f3n de Responsabilidades de las personas integrantes de las COPACO, expediente 01 de 2023, la improcedencia atiende a que la demanda carece de la firma aut\u00f3grafa o huella digital de su promovente. &nbsp; Contra los resultados de la Elecci\u00f3n de COPACO y\/o de las consultas de Presupuesto Participativo, en las Unidades Territoriales CTM 9 Culhuac\u00e1n Zona 29-30 (Unidad Habitacional) y Obrera 3, se advierte la falta de inter\u00e9s jur\u00eddico o leg\u00edtimo de las partes actoras.<\/td><\/tr><tr><td><strong>TECDMX-JEL-244\/2023 TECDMX-JEL-262\/2023 TECDMX-JEL-265\/2023 TECDMX-JEL-289\/2023 TECDMX-JEL-296\/2023<\/strong> <strong>TECDMX-JEL-299\/2023<\/strong> <strong>TECDMX-JEL-320\/2023<\/strong> <strong>TECDMX-JLDC-037\/2023<\/strong><\/td><td>Contra las consultas de Presupuesto Participativo 2023 y\/o 2024 o de la elecci\u00f3n de las COPACO, en diversas Unidades Territoriales, se actualiza la improcedencia ante la presentaci\u00f3n extempor\u00e1nea de las demandas. &nbsp; &nbsp; &nbsp; &nbsp; Contra la Convocatoria para el proceso de elecci\u00f3n de la Autoridad Tradicional del Pueblo Originario de San Pedro M\u00e1rtir, se actualiza la improcedencia ante la presentaci\u00f3n extempor\u00e1nea de la demanda.<\/td><\/tr><\/tbody><\/table><\/figure>\n\n\n\n<p>El Pleno return\u00f3 el siguiente juicio:<\/p>\n\n\n\n<figure class=\"wp-block-table\"><table><thead><tr><td><strong>Expediente<\/strong><\/td><td><strong>Acto Impugnado<\/strong><\/td><\/tr><\/thead><tbody><tr><td><strong>TECDMX-JEL-282\/2023<\/strong><\/td><td>Contra los resultados de la elecci\u00f3n de COPACO y\/o de las consultas de Presupuesto Participativo, en las Unidades Territoriales Alfonso Trece y Barros Sierra.<\/td><\/tr><\/tbody><\/table><\/figure>\n\n\n\n<p class=\"has-text-align-center\"><strong>o-O-o<\/strong><\/p>\n","protected":false},"excerpt":{"rendered":"<p>Ciudad de M\u00e9xico, a 22 de junio de 2023 Resuelve TECDMX diversos juicios sobre comisiones de participaci\u00f3n comunitaria y presupuesto participativo de la cdmx. El Pleno del Tribunal Electoral de [&hellip;]<\/p>\n","protected":false},"author":13,"featured_media":21168,"comment_status":"open","ping_status":"open","sticky":false,"template":"","format":"standard","meta":{"_acf_changed":false,"_exactmetrics_skip_tracking":false,"_exactmetrics_sitenote_active":false,"_exactmetrics_sitenote_note":"","_exactmetrics_sitenote_category":0,"footnotes":""},"categories":[32,47],"tags":[],"acf":[],"yoast_head":"<!-- This site is optimized with the Yoast SEO plugin v22.3 - https:\/\/yoast.com\/wordpress\/plugins\/seo\/ -->\n<title>Bolet\u00edn N\u00b0 29 - Tribunal Electoral de la Ciudad de M\u00e9xico<\/title>\n<meta name=\"robots\" content=\"index, follow, max-snippet:-1, max-image-preview:large, max-video-preview:-1\" \/>\n<link rel=\"canonical\" href=\"https:\/\/www.tecdmx.org.mx\/index.php\/comunicados\/2023\/06\/23\/boletin-n-29\/\" \/>\n<meta property=\"og:locale\" content=\"es_ES\" \/>\n<meta property=\"og:type\" content=\"article\" \/>\n<meta property=\"og:title\" content=\"Bolet\u00edn N\u00b0 29 - Tribunal Electoral de la Ciudad de M\u00e9xico\" \/>\n<meta property=\"og:description\" content=\"Ciudad de M\u00e9xico, a 22 de junio de 2023 Resuelve TECDMX diversos juicios sobre comisiones de participaci\u00f3n comunitaria y presupuesto participativo de la cdmx. El Pleno del Tribunal Electoral de [&hellip;]\" \/>\n<meta property=\"og:url\" content=\"https:\/\/www.tecdmx.org.mx\/index.php\/comunicados\/2023\/06\/23\/boletin-n-29\/\" \/>\n<meta property=\"og:site_name\" content=\"Tribunal Electoral de la Ciudad de M\u00e9xico\" \/>\n<meta property=\"article:publisher\" content=\"https:\/\/www.facebook.com\/TECDMX\/\" \/>\n<meta property=\"article:published_time\" content=\"2023-06-23T13:59:53+00:00\" \/>\n<meta property=\"article:modified_time\" content=\"2023-06-23T13:59:56+00:00\" \/>\n<meta property=\"og:image\" content=\"https:\/\/www.tecdmx.org.mx\/wp-content\/uploads\/2020\/08\/comunicado_nuevo.jpg\" \/>\n\t<meta property=\"og:image:width\" content=\"600\" \/>\n\t<meta property=\"og:image:height\" content=\"366\" \/>\n\t<meta property=\"og:image:type\" content=\"image\/jpeg\" \/>\n<meta name=\"author\" content=\"Difusion2025\" \/>\n<meta name=\"twitter:card\" content=\"summary_large_image\" \/>\n<meta name=\"twitter:creator\" content=\"@tecdmx\" \/>\n<meta name=\"twitter:site\" content=\"@tecdmx\" \/>\n<meta name=\"twitter:label1\" content=\"Escrito por\" \/>\n\t<meta name=\"twitter:data1\" content=\"Difusion2025\" \/>\n\t<meta name=\"twitter:label2\" content=\"Tiempo de lectura\" \/>\n\t<meta name=\"twitter:data2\" content=\"10 minutos\" \/>\n<script type=\"application\/ld+json\" class=\"yoast-schema-graph\">{\"@context\":\"https:\/\/schema.org\",\"@graph\":[{\"@type\":\"WebPage\",\"@id\":\"https:\/\/www.tecdmx.org.mx\/index.php\/comunicados\/2023\/06\/23\/boletin-n-29\/\",\"url\":\"https:\/\/www.tecdmx.org.mx\/index.php\/comunicados\/2023\/06\/23\/boletin-n-29\/\",\"name\":\"Bolet\u00edn N\u00b0 29 - Tribunal Electoral de la Ciudad de M\u00e9xico\",\"isPartOf\":{\"@id\":\"https:\/\/www.tecdmx.org.mx\/#website\"},\"primaryImageOfPage\":{\"@id\":\"https:\/\/www.tecdmx.org.mx\/index.php\/comunicados\/2023\/06\/23\/boletin-n-29\/#primaryimage\"},\"image\":{\"@id\":\"https:\/\/www.tecdmx.org.mx\/index.php\/comunicados\/2023\/06\/23\/boletin-n-29\/#primaryimage\"},\"thumbnailUrl\":\"https:\/\/www.tecdmx.org.mx\/wp-content\/uploads\/2020\/08\/comunicado_nuevo.jpg\",\"datePublished\":\"2023-06-23T13:59:53+00:00\",\"dateModified\":\"2023-06-23T13:59:56+00:00\",\"author\":{\"@id\":\"https:\/\/www.tecdmx.org.mx\/#\/schema\/person\/208c898199fb3234203823c5f0cf31d6\"},\"breadcrumb\":{\"@id\":\"https:\/\/www.tecdmx.org.mx\/index.php\/comunicados\/2023\/06\/23\/boletin-n-29\/#breadcrumb\"},\"inLanguage\":\"es\",\"potentialAction\":[{\"@type\":\"ReadAction\",\"target\":[\"https:\/\/www.tecdmx.org.mx\/index.php\/comunicados\/2023\/06\/23\/boletin-n-29\/\"]}]},{\"@type\":\"ImageObject\",\"inLanguage\":\"es\",\"@id\":\"https:\/\/www.tecdmx.org.mx\/index.php\/comunicados\/2023\/06\/23\/boletin-n-29\/#primaryimage\",\"url\":\"https:\/\/www.tecdmx.org.mx\/wp-content\/uploads\/2020\/08\/comunicado_nuevo.jpg\",\"contentUrl\":\"https:\/\/www.tecdmx.org.mx\/wp-content\/uploads\/2020\/08\/comunicado_nuevo.jpg\",\"width\":600,\"height\":366},{\"@type\":\"BreadcrumbList\",\"@id\":\"https:\/\/www.tecdmx.org.mx\/index.php\/comunicados\/2023\/06\/23\/boletin-n-29\/#breadcrumb\",\"itemListElement\":[{\"@type\":\"ListItem\",\"position\":1,\"name\":\"Portada\",\"item\":\"https:\/\/www.tecdmx.org.mx\/\"},{\"@type\":\"ListItem\",\"position\":2,\"name\":\"Bolet\u00edn N\u00b0 29\"}]},{\"@type\":\"WebSite\",\"@id\":\"https:\/\/www.tecdmx.org.mx\/#website\",\"url\":\"https:\/\/www.tecdmx.org.mx\/\",\"name\":\"Tribunal Electoral de la Ciudad de M\u00e9xico\",\"description\":\"25 a\u00f1os garantizando justicia en tu elecci\u00f3n\",\"potentialAction\":[{\"@type\":\"SearchAction\",\"target\":{\"@type\":\"EntryPoint\",\"urlTemplate\":\"https:\/\/www.tecdmx.org.mx\/?s={search_term_string}\"},\"query-input\":\"required name=search_term_string\"}],\"inLanguage\":\"es\"},{\"@type\":\"Person\",\"@id\":\"https:\/\/www.tecdmx.org.mx\/#\/schema\/person\/208c898199fb3234203823c5f0cf31d6\",\"name\":\"Difusion2025\",\"image\":{\"@type\":\"ImageObject\",\"inLanguage\":\"es\",\"@id\":\"https:\/\/www.tecdmx.org.mx\/#\/schema\/person\/image\/\",\"url\":\"https:\/\/secure.gravatar.com\/avatar\/6f7a4ba3acb418040e90a2eb99b5df28?s=96&d=mm&r=g\",\"contentUrl\":\"https:\/\/secure.gravatar.com\/avatar\/6f7a4ba3acb418040e90a2eb99b5df28?s=96&d=mm&r=g\",\"caption\":\"Difusion2025\"}}]}<\/script>\n<!-- \/ Yoast SEO plugin. -->","yoast_head_json":{"title":"Bolet\u00edn N\u00b0 29 - Tribunal Electoral de la Ciudad de M\u00e9xico","robots":{"index":"index","follow":"follow","max-snippet":"max-snippet:-1","max-image-preview":"max-image-preview:large","max-video-preview":"max-video-preview:-1"},"canonical":"https:\/\/www.tecdmx.org.mx\/index.php\/comunicados\/2023\/06\/23\/boletin-n-29\/","og_locale":"es_ES","og_type":"article","og_title":"Bolet\u00edn N\u00b0 29 - Tribunal Electoral de la Ciudad de M\u00e9xico","og_description":"Ciudad de M\u00e9xico, a 22 de junio de 2023 Resuelve TECDMX diversos juicios sobre comisiones de participaci\u00f3n comunitaria y presupuesto participativo de la cdmx. El Pleno del Tribunal Electoral de [&hellip;]","og_url":"https:\/\/www.tecdmx.org.mx\/index.php\/comunicados\/2023\/06\/23\/boletin-n-29\/","og_site_name":"Tribunal Electoral de la Ciudad de M\u00e9xico","article_publisher":"https:\/\/www.facebook.com\/TECDMX\/","article_published_time":"2023-06-23T13:59:53+00:00","article_modified_time":"2023-06-23T13:59:56+00:00","og_image":[{"width":600,"height":366,"url":"https:\/\/www.tecdmx.org.mx\/wp-content\/uploads\/2020\/08\/comunicado_nuevo.jpg","type":"image\/jpeg"}],"author":"Difusion2025","twitter_card":"summary_large_image","twitter_creator":"@tecdmx","twitter_site":"@tecdmx","twitter_misc":{"Escrito por":"Difusion2025","Tiempo de lectura":"10 minutos"},"schema":{"@context":"https:\/\/schema.org","@graph":[{"@type":"WebPage","@id":"https:\/\/www.tecdmx.org.mx\/index.php\/comunicados\/2023\/06\/23\/boletin-n-29\/","url":"https:\/\/www.tecdmx.org.mx\/index.php\/comunicados\/2023\/06\/23\/boletin-n-29\/","name":"Bolet\u00edn N\u00b0 29 - Tribunal Electoral de la Ciudad de M\u00e9xico","isPartOf":{"@id":"https:\/\/www.tecdmx.org.mx\/#website"},"primaryImageOfPage":{"@id":"https:\/\/www.tecdmx.org.mx\/index.php\/comunicados\/2023\/06\/23\/boletin-n-29\/#primaryimage"},"image":{"@id":"https:\/\/www.tecdmx.org.mx\/index.php\/comunicados\/2023\/06\/23\/boletin-n-29\/#primaryimage"},"thumbnailUrl":"https:\/\/www.tecdmx.org.mx\/wp-content\/uploads\/2020\/08\/comunicado_nuevo.jpg","datePublished":"2023-06-23T13:59:53+00:00","dateModified":"2023-06-23T13:59:56+00:00","author":{"@id":"https:\/\/www.tecdmx.org.mx\/#\/schema\/person\/208c898199fb3234203823c5f0cf31d6"},"breadcrumb":{"@id":"https:\/\/www.tecdmx.org.mx\/index.php\/comunicados\/2023\/06\/23\/boletin-n-29\/#breadcrumb"},"inLanguage":"es","potentialAction":[{"@type":"ReadAction","target":["https:\/\/www.tecdmx.org.mx\/index.php\/comunicados\/2023\/06\/23\/boletin-n-29\/"]}]},{"@type":"ImageObject","inLanguage":"es","@id":"https:\/\/www.tecdmx.org.mx\/index.php\/comunicados\/2023\/06\/23\/boletin-n-29\/#primaryimage","url":"https:\/\/www.tecdmx.org.mx\/wp-content\/uploads\/2020\/08\/comunicado_nuevo.jpg","contentUrl":"https:\/\/www.tecdmx.org.mx\/wp-content\/uploads\/2020\/08\/comunicado_nuevo.jpg","width":600,"height":366},{"@type":"BreadcrumbList","@id":"https:\/\/www.tecdmx.org.mx\/index.php\/comunicados\/2023\/06\/23\/boletin-n-29\/#breadcrumb","itemListElement":[{"@type":"ListItem","position":1,"name":"Portada","item":"https:\/\/www.tecdmx.org.mx\/"},{"@type":"ListItem","position":2,"name":"Bolet\u00edn N\u00b0 29"}]},{"@type":"WebSite","@id":"https:\/\/www.tecdmx.org.mx\/#website","url":"https:\/\/www.tecdmx.org.mx\/","name":"Tribunal Electoral de la Ciudad de M\u00e9xico","description":"25 a\u00f1os garantizando justicia en tu elecci\u00f3n","potentialAction":[{"@type":"SearchAction","target":{"@type":"EntryPoint","urlTemplate":"https:\/\/www.tecdmx.org.mx\/?s={search_term_string}"},"query-input":"required name=search_term_string"}],"inLanguage":"es"},{"@type":"Person","@id":"https:\/\/www.tecdmx.org.mx\/#\/schema\/person\/208c898199fb3234203823c5f0cf31d6","name":"Difusion2025","image":{"@type":"ImageObject","inLanguage":"es","@id":"https:\/\/www.tecdmx.org.mx\/#\/schema\/person\/image\/","url":"https:\/\/secure.gravatar.com\/avatar\/6f7a4ba3acb418040e90a2eb99b5df28?s=96&d=mm&r=g","contentUrl":"https:\/\/secure.gravatar.com\/avatar\/6f7a4ba3acb418040e90a2eb99b5df28?s=96&d=mm&r=g","caption":"Difusion2025"}}]}},"_links":{"self":[{"href":"https:\/\/www.tecdmx.org.mx\/index.php\/wp-json\/wp\/v2\/posts\/44248"}],"collection":[{"href":"https:\/\/www.tecdmx.org.mx\/index.php\/wp-json\/wp\/v2\/posts"}],"about":[{"href":"https:\/\/www.tecdmx.org.mx\/index.php\/wp-json\/wp\/v2\/types\/post"}],"author":[{"embeddable":true,"href":"https:\/\/www.tecdmx.org.mx\/index.php\/wp-json\/wp\/v2\/users\/13"}],"replies":[{"embeddable":true,"href":"https:\/\/www.tecdmx.org.mx\/index.php\/wp-json\/wp\/v2\/comments?post=44248"}],"version-history":[{"count":1,"href":"https:\/\/www.tecdmx.org.mx\/index.php\/wp-json\/wp\/v2\/posts\/44248\/revisions"}],"predecessor-version":[{"id":44250,"href":"https:\/\/www.tecdmx.org.mx\/index.php\/wp-json\/wp\/v2\/posts\/44248\/revisions\/44250"}],"wp:featuredmedia":[{"embeddable":true,"href":"https:\/\/www.tecdmx.org.mx\/index.php\/wp-json\/wp\/v2\/media\/21168"}],"wp:attachment":[{"href":"https:\/\/www.tecdmx.org.mx\/index.php\/wp-json\/wp\/v2\/media?parent=44248"}],"wp:term":[{"taxonomy":"category","embeddable":true,"href":"https:\/\/www.tecdmx.org.mx\/index.php\/wp-json\/wp\/v2\/categories?post=44248"},{"taxonomy":"post_tag","embeddable":true,"href":"https:\/\/www.tecdmx.org.mx\/index.php\/wp-json\/wp\/v2\/tags?post=44248"}],"curies":[{"name":"wp","href":"https:\/\/api.w.org\/{rel}","templated":true}]}}