{"id":44445,"date":"2023-07-12T16:34:23","date_gmt":"2023-07-12T22:34:23","guid":{"rendered":"https:\/\/www.tecdmx.org.mx\/?p=44445"},"modified":"2023-07-12T16:34:26","modified_gmt":"2023-07-12T22:34:26","slug":"boletin-n-31__trashed","status":"publish","type":"post","link":"https:\/\/www.tecdmx.org.mx\/index.php\/comunicados\/2023\/07\/12\/boletin-n-31__trashed\/","title":{"rendered":"Bolet\u00edn N\u00b0 31"},"content":{"rendered":"\n<p>Ciudad de M\u00e9xico, a 12 de julio de 2023<\/p>\n\n\n\n<p><strong>Bolet\u00edn N\u00b031 &nbsp;&nbsp;<\/strong><\/p>\n\n\n\n<p><strong>necesario difundir una cultura jur\u00eddica que incorpore perspectiva de g\u00e9nero como principio fundamental y una cuesti\u00f3n totalmente ineludible, afirma magistrada mercado<\/strong><\/p>\n\n\n\n<p>Esta ma\u00f1ana, en el Tribunal Electoral de la Ciudad de M\u00e9xico (TECDMX), se llev\u00f3 a cabo la presentaci\u00f3n del Libro &#8220;Sentencias Feministas: Reescribiendo la justicia con perspectiva de g\u00e9nero. Proyecto M\u00e9xico&#8221;, evento en el que la magistrada Mercado estuvo a cargo de la moderaci\u00f3n del panel.<\/p>\n\n\n\n<p>En uso de la voz, la magistrada se\u00f1al\u00f3 que esta es una obra at\u00edpica que merece un reconocimiento, toda vez que se encuentra dotada de investigaciones y estudios netamente te\u00f3ricos y emp\u00edricos sobre lo que implica la justicia con perspectiva de g\u00e9nero, adem\u00e1s que ofrece una visi\u00f3n totalmente distinta, as\u00ed como la reinterpretaci\u00f3n de lo que fue decidido en el momento en ciertos casos pr\u00e1cticos judiciales relevantes y desde luego trascendentes; por ello, \u201cla apuesta de la obra es la reescritura de las sentencias\u201d, dijo.<\/p>\n\n\n\n<p>Resalt\u00f3 tambi\u00e9n, que las personas juzgadoras deben ser sensibles al tema de justicia social en el \u00e1mbito electoral, a fin de promover el desarrollo de acciones afirmativas que mejoren las condiciones estructurales y el avance en materia de perspectiva de g\u00e9nero.<\/p>\n\n\n\n<p>A su vez, la magistrada dijo que es de suma importancia impulsar acciones ante las barreras legales sociales culturales y econ\u00f3micas que enfrentan las mujeres, con el fin de acceder a la justicia.<\/p>\n\n\n\n<p>El evento cont\u00f3 con la participaci\u00f3n de la Mtra. Geraldina Gonz\u00e1lez de la Vega Hern\u00e1ndez, Coordinadora de la obra y presidenta del Consejo para Prevenir y Eliminar la Discriminaci\u00f3n de la Ciudad de M\u00e9xico; del Dr. Rogelio Flores Pantoja, director del Instituto de Estudios Constitucionales del Estado de Quer\u00e9taro y la Mtra. Mar\u00eda de la Concepci\u00f3n Vallarta V\u00e1zquez, articulista de la obra y directora de Programas Acad\u00e9micos de la Comisi\u00f3n M\u00e9xico-Estados Unidos para el Intercambio acad\u00e9mico y cultural (Comexus).<\/p>\n\n\n\n<p>El acto protocolario de presentaci\u00f3n del Libro &#8220;Sentencias Feministas: Reescribiendo la justicia con perspectiva de g\u00e9nero. Proyecto M\u00e9xico&#8221;, puede ser consultado en: <a href=\"https:\/\/www.youtube.com\/live\/FvzUKJcmcBQ?feature=share\">https:\/\/www.youtube.com\/live\/FvzUKJcmcBQ?feature=share<\/a> &nbsp;y el libro puede ser le\u00eddo en: <a href=\"https:\/\/www.youtube.com\/live\/FvzUKJcmcBQ?feature=share\">https:\/\/www.youtube.com\/live\/FvzUKJcmcBQ?feature=share<\/a><\/p>\n\n\n\n<p><strong>o-O-o<\/strong><\/p>\n","protected":false},"excerpt":{"rendered":"<p>Ciudad de M\u00e9xico, a 12 de julio de 2023 Bolet\u00edn N\u00b031 &nbsp;&nbsp; necesario difundir una cultura jur\u00eddica que incorpore perspectiva de g\u00e9nero como principio fundamental y una cuesti\u00f3n totalmente ineludible, [&hellip;]<\/p>\n","protected":false},"author":13,"featured_media":21168,"comment_status":"open","ping_status":"open","sticky":false,"template":"","format":"standard","meta":{"_acf_changed":false,"_exactmetrics_skip_tracking":false,"_exactmetrics_sitenote_active":false,"_exactmetrics_sitenote_note":"","_exactmetrics_sitenote_category":0,"footnotes":""},"categories":[32,47],"tags":[],"acf":[],"yoast_head":"<!-- This site is optimized with the Yoast SEO plugin v22.3 - https:\/\/yoast.com\/wordpress\/plugins\/seo\/ -->\n<title>Bolet\u00edn N\u00b0 31 - Tribunal Electoral de la Ciudad de M\u00e9xico<\/title>\n<meta name=\"robots\" content=\"index, follow, max-snippet:-1, max-image-preview:large, max-video-preview:-1\" \/>\n<link rel=\"canonical\" href=\"https:\/\/www.tecdmx.org.mx\/index.php\/comunicados\/2023\/07\/12\/boletin-n-31\/\" \/>\n<meta property=\"og:locale\" content=\"es_ES\" \/>\n<meta property=\"og:type\" content=\"article\" \/>\n<meta property=\"og:title\" content=\"Bolet\u00edn N\u00b0 31 - Tribunal Electoral de la Ciudad de M\u00e9xico\" \/>\n<meta property=\"og:description\" content=\"Ciudad de M\u00e9xico, a 12 de julio de 2023 Bolet\u00edn N\u00b031 &nbsp;&nbsp; necesario difundir una cultura jur\u00eddica que incorpore perspectiva de g\u00e9nero como principio fundamental y una cuesti\u00f3n totalmente ineludible, [&hellip;]\" \/>\n<meta property=\"og:url\" content=\"https:\/\/www.tecdmx.org.mx\/index.php\/comunicados\/2023\/07\/12\/boletin-n-31\/\" \/>\n<meta property=\"og:site_name\" content=\"Tribunal Electoral de la Ciudad de M\u00e9xico\" \/>\n<meta property=\"article:publisher\" content=\"https:\/\/www.facebook.com\/TECDMX\/\" \/>\n<meta property=\"article:published_time\" content=\"2023-07-12T22:34:23+00:00\" \/>\n<meta property=\"article:modified_time\" content=\"2023-07-12T22:34:26+00:00\" \/>\n<meta property=\"og:image\" content=\"https:\/\/www.tecdmx.org.mx\/wp-content\/uploads\/2020\/08\/comunicado_nuevo.jpg\" \/>\n\t<meta property=\"og:image:width\" content=\"600\" \/>\n\t<meta property=\"og:image:height\" content=\"366\" \/>\n\t<meta property=\"og:image:type\" content=\"image\/jpeg\" \/>\n<meta name=\"author\" content=\"Difusion2025\" \/>\n<meta name=\"twitter:card\" content=\"summary_large_image\" \/>\n<meta name=\"twitter:creator\" content=\"@tecdmx\" \/>\n<meta name=\"twitter:site\" content=\"@tecdmx\" \/>\n<meta name=\"twitter:label1\" content=\"Escrito por\" \/>\n\t<meta name=\"twitter:data1\" content=\"Difusion2025\" \/>\n\t<meta name=\"twitter:label2\" content=\"Tiempo de lectura\" \/>\n\t<meta name=\"twitter:data2\" content=\"2 minutos\" \/>\n<script type=\"application\/ld+json\" class=\"yoast-schema-graph\">{\"@context\":\"https:\/\/schema.org\",\"@graph\":[{\"@type\":\"WebPage\",\"@id\":\"https:\/\/www.tecdmx.org.mx\/index.php\/comunicados\/2023\/07\/12\/boletin-n-31\/\",\"url\":\"https:\/\/www.tecdmx.org.mx\/index.php\/comunicados\/2023\/07\/12\/boletin-n-31\/\",\"name\":\"Bolet\u00edn N\u00b0 31 - Tribunal Electoral de la Ciudad de M\u00e9xico\",\"isPartOf\":{\"@id\":\"https:\/\/www.tecdmx.org.mx\/#website\"},\"primaryImageOfPage\":{\"@id\":\"https:\/\/www.tecdmx.org.mx\/index.php\/comunicados\/2023\/07\/12\/boletin-n-31\/#primaryimage\"},\"image\":{\"@id\":\"https:\/\/www.tecdmx.org.mx\/index.php\/comunicados\/2023\/07\/12\/boletin-n-31\/#primaryimage\"},\"thumbnailUrl\":\"https:\/\/www.tecdmx.org.mx\/wp-content\/uploads\/2020\/08\/comunicado_nuevo.jpg\",\"datePublished\":\"2023-07-12T22:34:23+00:00\",\"dateModified\":\"2023-07-12T22:34:26+00:00\",\"author\":{\"@id\":\"https:\/\/www.tecdmx.org.mx\/#\/schema\/person\/208c898199fb3234203823c5f0cf31d6\"},\"breadcrumb\":{\"@id\":\"https:\/\/www.tecdmx.org.mx\/index.php\/comunicados\/2023\/07\/12\/boletin-n-31\/#breadcrumb\"},\"inLanguage\":\"es\",\"potentialAction\":[{\"@type\":\"ReadAction\",\"target\":[\"https:\/\/www.tecdmx.org.mx\/index.php\/comunicados\/2023\/07\/12\/boletin-n-31\/\"]}]},{\"@type\":\"ImageObject\",\"inLanguage\":\"es\",\"@id\":\"https:\/\/www.tecdmx.org.mx\/index.php\/comunicados\/2023\/07\/12\/boletin-n-31\/#primaryimage\",\"url\":\"https:\/\/www.tecdmx.org.mx\/wp-content\/uploads\/2020\/08\/comunicado_nuevo.jpg\",\"contentUrl\":\"https:\/\/www.tecdmx.org.mx\/wp-content\/uploads\/2020\/08\/comunicado_nuevo.jpg\",\"width\":600,\"height\":366},{\"@type\":\"BreadcrumbList\",\"@id\":\"https:\/\/www.tecdmx.org.mx\/index.php\/comunicados\/2023\/07\/12\/boletin-n-31\/#breadcrumb\",\"itemListElement\":[{\"@type\":\"ListItem\",\"position\":1,\"name\":\"Portada\",\"item\":\"https:\/\/www.tecdmx.org.mx\/\"},{\"@type\":\"ListItem\",\"position\":2,\"name\":\"Bolet\u00edn N\u00b0 31\"}]},{\"@type\":\"WebSite\",\"@id\":\"https:\/\/www.tecdmx.org.mx\/#website\",\"url\":\"https:\/\/www.tecdmx.org.mx\/\",\"name\":\"Tribunal Electoral de la Ciudad de M\u00e9xico\",\"description\":\"25 a\u00f1os garantizando justicia en tu elecci\u00f3n\",\"potentialAction\":[{\"@type\":\"SearchAction\",\"target\":{\"@type\":\"EntryPoint\",\"urlTemplate\":\"https:\/\/www.tecdmx.org.mx\/?s={search_term_string}\"},\"query-input\":\"required name=search_term_string\"}],\"inLanguage\":\"es\"},{\"@type\":\"Person\",\"@id\":\"https:\/\/www.tecdmx.org.mx\/#\/schema\/person\/208c898199fb3234203823c5f0cf31d6\",\"name\":\"Difusion2025\",\"image\":{\"@type\":\"ImageObject\",\"inLanguage\":\"es\",\"@id\":\"https:\/\/www.tecdmx.org.mx\/#\/schema\/person\/image\/\",\"url\":\"https:\/\/secure.gravatar.com\/avatar\/6f7a4ba3acb418040e90a2eb99b5df28?s=96&d=mm&r=g\",\"contentUrl\":\"https:\/\/secure.gravatar.com\/avatar\/6f7a4ba3acb418040e90a2eb99b5df28?s=96&d=mm&r=g\",\"caption\":\"Difusion2025\"}}]}<\/script>\n<!-- \/ Yoast SEO plugin. -->","yoast_head_json":{"title":"Bolet\u00edn N\u00b0 31 - Tribunal Electoral de la Ciudad de M\u00e9xico","robots":{"index":"index","follow":"follow","max-snippet":"max-snippet:-1","max-image-preview":"max-image-preview:large","max-video-preview":"max-video-preview:-1"},"canonical":"https:\/\/www.tecdmx.org.mx\/index.php\/comunicados\/2023\/07\/12\/boletin-n-31\/","og_locale":"es_ES","og_type":"article","og_title":"Bolet\u00edn N\u00b0 31 - Tribunal Electoral de la Ciudad de M\u00e9xico","og_description":"Ciudad de M\u00e9xico, a 12 de julio de 2023 Bolet\u00edn N\u00b031 &nbsp;&nbsp; necesario difundir una cultura jur\u00eddica que incorpore perspectiva de g\u00e9nero como principio fundamental y una cuesti\u00f3n totalmente ineludible, [&hellip;]","og_url":"https:\/\/www.tecdmx.org.mx\/index.php\/comunicados\/2023\/07\/12\/boletin-n-31\/","og_site_name":"Tribunal Electoral de la Ciudad de M\u00e9xico","article_publisher":"https:\/\/www.facebook.com\/TECDMX\/","article_published_time":"2023-07-12T22:34:23+00:00","article_modified_time":"2023-07-12T22:34:26+00:00","og_image":[{"width":600,"height":366,"url":"https:\/\/www.tecdmx.org.mx\/wp-content\/uploads\/2020\/08\/comunicado_nuevo.jpg","type":"image\/jpeg"}],"author":"Difusion2025","twitter_card":"summary_large_image","twitter_creator":"@tecdmx","twitter_site":"@tecdmx","twitter_misc":{"Escrito por":"Difusion2025","Tiempo de lectura":"2 minutos"},"schema":{"@context":"https:\/\/schema.org","@graph":[{"@type":"WebPage","@id":"https:\/\/www.tecdmx.org.mx\/index.php\/comunicados\/2023\/07\/12\/boletin-n-31\/","url":"https:\/\/www.tecdmx.org.mx\/index.php\/comunicados\/2023\/07\/12\/boletin-n-31\/","name":"Bolet\u00edn N\u00b0 31 - Tribunal Electoral de la Ciudad de M\u00e9xico","isPartOf":{"@id":"https:\/\/www.tecdmx.org.mx\/#website"},"primaryImageOfPage":{"@id":"https:\/\/www.tecdmx.org.mx\/index.php\/comunicados\/2023\/07\/12\/boletin-n-31\/#primaryimage"},"image":{"@id":"https:\/\/www.tecdmx.org.mx\/index.php\/comunicados\/2023\/07\/12\/boletin-n-31\/#primaryimage"},"thumbnailUrl":"https:\/\/www.tecdmx.org.mx\/wp-content\/uploads\/2020\/08\/comunicado_nuevo.jpg","datePublished":"2023-07-12T22:34:23+00:00","dateModified":"2023-07-12T22:34:26+00:00","author":{"@id":"https:\/\/www.tecdmx.org.mx\/#\/schema\/person\/208c898199fb3234203823c5f0cf31d6"},"breadcrumb":{"@id":"https:\/\/www.tecdmx.org.mx\/index.php\/comunicados\/2023\/07\/12\/boletin-n-31\/#breadcrumb"},"inLanguage":"es","potentialAction":[{"@type":"ReadAction","target":["https:\/\/www.tecdmx.org.mx\/index.php\/comunicados\/2023\/07\/12\/boletin-n-31\/"]}]},{"@type":"ImageObject","inLanguage":"es","@id":"https:\/\/www.tecdmx.org.mx\/index.php\/comunicados\/2023\/07\/12\/boletin-n-31\/#primaryimage","url":"https:\/\/www.tecdmx.org.mx\/wp-content\/uploads\/2020\/08\/comunicado_nuevo.jpg","contentUrl":"https:\/\/www.tecdmx.org.mx\/wp-content\/uploads\/2020\/08\/comunicado_nuevo.jpg","width":600,"height":366},{"@type":"BreadcrumbList","@id":"https:\/\/www.tecdmx.org.mx\/index.php\/comunicados\/2023\/07\/12\/boletin-n-31\/#breadcrumb","itemListElement":[{"@type":"ListItem","position":1,"name":"Portada","item":"https:\/\/www.tecdmx.org.mx\/"},{"@type":"ListItem","position":2,"name":"Bolet\u00edn N\u00b0 31"}]},{"@type":"WebSite","@id":"https:\/\/www.tecdmx.org.mx\/#website","url":"https:\/\/www.tecdmx.org.mx\/","name":"Tribunal Electoral de la Ciudad de M\u00e9xico","description":"25 a\u00f1os garantizando justicia en tu elecci\u00f3n","potentialAction":[{"@type":"SearchAction","target":{"@type":"EntryPoint","urlTemplate":"https:\/\/www.tecdmx.org.mx\/?s={search_term_string}"},"query-input":"required name=search_term_string"}],"inLanguage":"es"},{"@type":"Person","@id":"https:\/\/www.tecdmx.org.mx\/#\/schema\/person\/208c898199fb3234203823c5f0cf31d6","name":"Difusion2025","image":{"@type":"ImageObject","inLanguage":"es","@id":"https:\/\/www.tecdmx.org.mx\/#\/schema\/person\/image\/","url":"https:\/\/secure.gravatar.com\/avatar\/6f7a4ba3acb418040e90a2eb99b5df28?s=96&d=mm&r=g","contentUrl":"https:\/\/secure.gravatar.com\/avatar\/6f7a4ba3acb418040e90a2eb99b5df28?s=96&d=mm&r=g","caption":"Difusion2025"}}]}},"_links":{"self":[{"href":"https:\/\/www.tecdmx.org.mx\/index.php\/wp-json\/wp\/v2\/posts\/44445"}],"collection":[{"href":"https:\/\/www.tecdmx.org.mx\/index.php\/wp-json\/wp\/v2\/posts"}],"about":[{"href":"https:\/\/www.tecdmx.org.mx\/index.php\/wp-json\/wp\/v2\/types\/post"}],"author":[{"embeddable":true,"href":"https:\/\/www.tecdmx.org.mx\/index.php\/wp-json\/wp\/v2\/users\/13"}],"replies":[{"embeddable":true,"href":"https:\/\/www.tecdmx.org.mx\/index.php\/wp-json\/wp\/v2\/comments?post=44445"}],"version-history":[{"count":2,"href":"https:\/\/www.tecdmx.org.mx\/index.php\/wp-json\/wp\/v2\/posts\/44445\/revisions"}],"predecessor-version":[{"id":44448,"href":"https:\/\/www.tecdmx.org.mx\/index.php\/wp-json\/wp\/v2\/posts\/44445\/revisions\/44448"}],"wp:featuredmedia":[{"embeddable":true,"href":"https:\/\/www.tecdmx.org.mx\/index.php\/wp-json\/wp\/v2\/media\/21168"}],"wp:attachment":[{"href":"https:\/\/www.tecdmx.org.mx\/index.php\/wp-json\/wp\/v2\/media?parent=44445"}],"wp:term":[{"taxonomy":"category","embeddable":true,"href":"https:\/\/www.tecdmx.org.mx\/index.php\/wp-json\/wp\/v2\/categories?post=44445"},{"taxonomy":"post_tag","embeddable":true,"href":"https:\/\/www.tecdmx.org.mx\/index.php\/wp-json\/wp\/v2\/tags?post=44445"}],"curies":[{"name":"wp","href":"https:\/\/api.w.org\/{rel}","templated":true}]}}