{"id":44543,"date":"2023-07-26T20:52:02","date_gmt":"2023-07-27T02:52:02","guid":{"rendered":"https:\/\/www.tecdmx.org.mx\/?p=44543"},"modified":"2023-07-26T20:52:05","modified_gmt":"2023-07-27T02:52:05","slug":"boletin-n-32__trashed","status":"publish","type":"post","link":"https:\/\/www.tecdmx.org.mx\/index.php\/comunicados\/2023\/07\/26\/boletin-n-32__trashed\/","title":{"rendered":"Bolet\u00edn N\u00b0 32"},"content":{"rendered":"\n<figure class=\"wp-block-image size-full\"><img loading=\"lazy\" decoding=\"async\" width=\"1110\" height=\"652\" src=\"https:\/\/www.tecdmx.org.mx\/wp-content\/uploads\/2023\/07\/foto-sp-2023026.jpg\" alt=\"\" class=\"wp-image-44544\" srcset=\"https:\/\/www.tecdmx.org.mx\/wp-content\/uploads\/2023\/07\/foto-sp-2023026-426x250.jpg 426w, https:\/\/www.tecdmx.org.mx\/wp-content\/uploads\/2023\/07\/foto-sp-2023026-596x350.jpg 596w, https:\/\/www.tecdmx.org.mx\/wp-content\/uploads\/2023\/07\/foto-sp-2023026-768x451.jpg 768w, https:\/\/www.tecdmx.org.mx\/wp-content\/uploads\/2023\/07\/foto-sp-2023026.jpg 1110w\" sizes=\"(max-width: 1110px) 100vw, 1110px\" \/><\/figure>\n\n\n\n<p class=\"has-text-align-right\">Ciudad de M\u00e9xico, a 26 de julio de 2023<\/p>\n\n\n\n<p><strong>Bolet\u00edn N\u00b0 32<\/strong><\/p>\n\n\n\n<p><strong>Resuelve TECDMX la inexistencia de las infracciones de Violencia Pol\u00edtica en contra de las Mujeres por Raz\u00f3n de G\u00e9nero y Violencia Pol\u00edtica En Raz\u00f3n de G\u00e9nero, atribuidas a la Diputada del Congreso de la Ciudad de M\u00e9xico, Luisa Adriana Guti\u00e9rrez Ure\u00f1a.<\/strong><\/p>\n\n\n\n<p>El Pleno del Tribunal Electoral de la Ciudad de M\u00e9xico (TECDMX) celebr\u00f3 esta tarde Sesi\u00f3n P\u00fablica en la que las Magistraturas <a>resolvieron el siguiente Procedimiento Especial Sancionador:<\/a><\/p>\n\n\n\n<figure class=\"wp-block-table\"><table><thead><tr><td><strong>Expediente<\/strong><\/td><td><strong>Acto Impugnado<\/strong><\/td><td><strong>Resoluci\u00f3n<\/strong><\/td><\/tr><\/thead><tbody><tr><td><strong>TECDMX-PES-019\/2023<\/strong><\/td><td>Violencia Pol\u00edtica en contra de las Mujeres por Raz\u00f3n de G\u00e9nero y Violencia Pol\u00edtica en Raz\u00f3n de G\u00e9nero, atribuidas a Luisa Adriana Guti\u00e9rrez Ure\u00f1a, integrante del grupo parlamentario del Partido Acci\u00f3n Nacional en el Congreso de la Ciudad de M\u00e9xico.<\/td><td>Se declar\u00f3 la inexistencia de las infracciones consistentes en Violencia Pol\u00edtica en contra de las Mujeres por Raz\u00f3n de G\u00e9nero y Violencia Pol\u00edtica en Raz\u00f3n de G\u00e9nero, atribuidas a Luisa Adriana Guti\u00e9rrez Ure\u00f1a, Diputada del Congreso de la Ciudad de M\u00e9xico.<\/td><\/tr><\/tbody><\/table><\/figure>\n\n\n\n<p>Por otra parte, el Pleno del TECDMX resolvi\u00f3 el siguiente Juicio Electoral en cumplimiento a la sentencia dictada por la Sala Regional Ciudad de M\u00e9xico del Tribunal Electoral del Poder Judicial de la Federaci\u00f3n, en el expediente del juicio de la ciudadan\u00eda SCM-JDC-1717 2023.<\/p>\n\n\n\n<figure class=\"wp-block-table\"><table><thead><tr><td><strong>Expediente<\/strong><\/td><td><strong>Acto Impugnado<\/strong><\/td><td><strong>Resoluci\u00f3n<\/strong><\/td><\/tr><\/thead><tbody><tr><td><strong>TECDMX-JEL-281\/2023<\/strong><\/td><td>Contra la constancia de asignaci\u00f3n e integraci\u00f3n de la Comisi\u00f3n de Participaci\u00f3n Comunitaria de la Unidad Territorial Cuauht\u00e9moc, demarcaci\u00f3n Cuauht\u00e9moc.<\/td><td>Se confirm\u00f3, en lo que fue materia de impugnaci\u00f3n, la Constancia de Asignaci\u00f3n e Integraci\u00f3n de la Comisi\u00f3n de Participaci\u00f3n Comunitaria en la Unidad Territorial Cuauht\u00e9moc, demarcaci\u00f3n Cuauht\u00e9moc. &nbsp; Se informar\u00e1 a la Sala Regional Ciudad de M\u00e9xico del Tribunal Electoral del Poder Judicial de la Federaci\u00f3n, sobre el cumplimiento dado a lo ordenado en el Juicio Ciudadano 171 de 2023, anexando copia certificada de la sentencia.<\/td><\/tr><\/tbody><\/table><\/figure>\n\n\n\n<p>Asimismo, el Pleno del TECDMX resolvi\u00f3 diversos Juicios Electorales, seg\u00fan se listan a continuaci\u00f3n:<\/p>\n\n\n\n<figure class=\"wp-block-table\"><table><thead><tr><td><strong>Expediente<\/strong><\/td><td><strong>Acto Impugnado<\/strong><\/td><td><strong>Resoluci\u00f3n<\/strong><\/td><\/tr><\/thead><tbody><tr><td><strong>TECDMX-JEL-154\/2023<\/strong><\/td><td>Contra de la resoluci\u00f3n emitida por la Direcci\u00f3n Distrital 30 del Instituto Electoral de la Ciudad de M\u00e9xico que desestim\u00f3 la presunta responsabilidad atribuida a una persona integrante de la Comisi\u00f3n de Participaci\u00f3n Comunitaria de la Unidad Territorial Educaci\u00f3n, demarcaci\u00f3n Coyoac\u00e1n.<\/td><td>Se confirm\u00f3 la resoluci\u00f3n emitida por la Direcci\u00f3n Distrital 30 del Instituto Electoral de la Ciudad de M\u00e9xico, en el expediente 01 de 2023.<\/td><\/tr><tr><td><strong>TECDMX-JEL-212\/2023<\/strong> <strong>TECDMX-JEL-214\/2023<\/strong> <strong>Acumulados<\/strong><\/td><td>Contra la integraci\u00f3n de la COPACO en la Unidad Territorial Potrerillo, demarcaci\u00f3n La Magdalena Contreras.<\/td><td>Se orden\u00f3 la acumulaci\u00f3n del expediente 214 al diverso 212. &nbsp; Se confirm\u00f3 la integraci\u00f3n de la Comisi\u00f3n de Participaci\u00f3n Comunitaria en la Unidad Territorial Potrerillo, demarcaci\u00f3n La Magdalena Contreras.<\/td><\/tr><tr><td><strong>TECDMX-JEL-233\/2023<\/strong><\/td><td>Contra el acta de validaci\u00f3n de resultados de la consulta de presupuesto participativo 2023, de la Unidad Territorial el Rosal, demarcaci\u00f3n La Magdalena Contreras.<\/td><td>Se declar\u00f3 la nulidad de las opiniones recibidas en las mesas receptoras de votaci\u00f3n y opini\u00f3n, y, por tanto, los resultados de la Consulta de Presupuesto Participativo 2023 en la Unidad Territorial El Rosal, demarcaci\u00f3n La Magdalena Contreras y se revoca la constancia de validaci\u00f3n de resultados respectiva. &nbsp; Se orden\u00f3 convocar a una Jornada Consultiva Extraordinaria, as\u00ed como proceder en t\u00e9rminos de lo expuesto en la resoluci\u00f3n.<\/td><\/tr><tr><td><strong>TECDMX-JEL-242\/2023<\/strong><\/td><td>Contra los resultados de la elecci\u00f3n de la Comisi\u00f3n de Participaci\u00f3n Comunitaria 2023 de la Unidad Territorial Prados de Coyoac\u00e1n I, Demarcaci\u00f3n Coyoac\u00e1n.<\/td><td>Se declar\u00f3 improcedente el recuento de la votaci\u00f3n recibida en la elecci\u00f3n de la Comisi\u00f3n de Participaci\u00f3n Comunitaria 2023 en la Unidad Territorial Prados de Coyoac\u00e1n I, demarcaci\u00f3n Coyoac\u00e1n y, se confirman los resultados de dicho proceso electivo.<\/td><\/tr><tr><td><strong>TECDMX-JEL-277\/2023<\/strong><\/td><td>Contra la Constancia de asignaci\u00f3n e integraci\u00f3n de la Comisi\u00f3n de Participaci\u00f3n Comunitaria en la Unidad Territorial Cantera Puente de Piedra, demarcaci\u00f3n Tlalpan.<\/td><td>Se confirm\u00f3 la elecci\u00f3n de Guadalupe Flores Ram\u00edrez, como integrante de la Comisi\u00f3n de Participaci\u00f3n Comunitaria. &nbsp;<\/td><\/tr><tr><td><strong>TECDMX-JEL-292\/2023<\/strong> <strong>TECDMX-JEL-308\/2023<\/strong> <strong>Acumulados<\/strong><\/td><td>Contra diversos oficios emitidos por el Secretario Ejecutivo del Instituto Electoral de la Ciudad de M\u00e9xico, con relaci\u00f3n a la solicitud de reposici\u00f3n del procedimiento de revocaci\u00f3n de mandato del Titular de la Alcald\u00eda Xochimilco.<\/td><td>Se acumul\u00f3 el juicio 308 al diverso 292. &nbsp; Se revoc\u00f3 parcialmente el oficio 962 de 2023, en la parte relativa a la contestaci\u00f3n al planteamiento de la filtraci\u00f3n de informaci\u00f3n referida por la parte actora en su escrito de diecis\u00e9is de mayo. &nbsp; Se orden\u00f3 al Secretario Ejecutivo de Instituto Electoral de la Ciudad de M\u00e9xico contestar la totalidad de los planteamientos del escrito se\u00f1alado. &nbsp; Se confirm\u00f3 en lo que fue materia de impugnaci\u00f3n el oficio 1003 de 2023 emitido por el Secretario Ejecutivo del referido Instituto Local.<\/td><\/tr><tr><td><strong>TECDMX-JEL-323\/2023<\/strong> <strong>TECDMX-JEL-324\/2023<\/strong> <strong>Acumulados<\/strong><\/td><td>Contra de la resoluci\u00f3n del Consejo General del Instituto Electoral de la Ciudad de M\u00e9xico, dentro de Procedimiento Ordinario Sancionador 1 de 2023.<\/td><td>Se orden\u00f3 la acumulaci\u00f3n del expediente 324 al diverso 323. \u00a0 Asimismo, Se confirm\u00f3 la resoluci\u00f3n 14 de 2023 emitida por el Consejo General del Instituto Electoral de la Ciudad de M\u00e9xico en el Procedimiento Ordinario Sancionador 01 de 2023.<\/td><\/tr><tr><td><strong>TECDMX-JEL-326\/2023<\/strong><\/td><td>Promovido por diversas personas que se ostentan como integrantes de la COPACO de la Unidad Territorial San Bernab\u00e9 (Barr), Demarcaci\u00f3n Azcapotzalco, contra la sesi\u00f3n de instalaci\u00f3n en la cual se realiz\u00f3 la insaculaci\u00f3n de la persona representante ante la Coordinadora de Participaci\u00f3n Comunitaria y auxiliares.<\/td><td>Se confirm\u00f3, en lo que fue materia de impugnaci\u00f3n, la Sesi\u00f3n de Instalaci\u00f3n de la Comisi\u00f3n de Participaci\u00f3n Comunitaria en la Unidad Territorial San Bernab\u00e9 (Barrio), demarcaci\u00f3n Azcapotzalco. &nbsp;<\/td><\/tr><tr><td><strong>TECDMX-JEL-329\/2023<\/strong><\/td><td>Contra la omisi\u00f3n de la Direcci\u00f3n Distrital 9 del Instituto Electoral de la Ciudad de M\u00e9xico, de emitir una nueva convocatoria para las personas de la lista de reserva de la COPACO de la Unidad Territorial Santa Mar\u00eda La Rivera II, demarcaci\u00f3n Cuauht\u00e9moc, para protestar el cargo e integrar dicho \u00f3rgano.<\/td><td>Es inexistente la omisi\u00f3n atribuida a la Direcci\u00f3n Distrital 09 del Instituto Electoral de la Ciudad de M\u00e9xico. &nbsp;<\/td><\/tr><tr><td><strong>TECDMX-JEL-338\/2023<\/strong><\/td><td>Contra la omisi\u00f3n de la Direcci\u00f3n Distrital 30 del Instituto Electoral de la Ciudad de M\u00e9xico, de emitir respuesta al escrito presentado por las partes actoras el siete de junio, mediante el cual solicitaron conocer el estado procesal que guarda la queja 004\/2023.<\/td><td>Es inexistente la omisi\u00f3n atribuida a la Direcci\u00f3n Distrital 30 del Instituto Electoral de la Ciudad de M\u00e9xico. &nbsp;<\/td><\/tr><tr><td><strong>TECDMX-JEL-339\/2023<\/strong> <strong>TECDMX-JEL-340\/2023<\/strong> <strong>Acumulados<\/strong><\/td><td>Contra de la Asamblea Ciudadana de Informaci\u00f3n y Selecci\u00f3n de los Comit\u00e9s de Ejecuci\u00f3n y Vigilancia del Presupuesto Participativo 2023-2024, en la Unidad Territorial Popotla II, demarcaci\u00f3n Miguel Hidalgo, llevada a cabo el diecis\u00e9is de junio pasado.<\/td><td>Se orden\u00f3 la acumulaci\u00f3n del expediente 340 al diverso 339. &nbsp; Asimismo, se confirm\u00f3, en lo que fue materia de an\u00e1lisis, la Asamblea Ciudadana de Informaci\u00f3n y Selecci\u00f3n de los Comit\u00e9s de Ejecuci\u00f3n y Vigilancia del Presupuesto Participativo 2023-2024, en la Unidad Territorial Popotla II, demarcaci\u00f3n Miguel Hidalgo, de diecis\u00e9is de junio de 2023; por lo tanto, se confirmar la Asamblea Ciudadana.<\/td><\/tr><tr><td><strong>TECDMX-JEL-345\/2023<\/strong><\/td><td>Contra la constancia de asignaci\u00f3n e integraci\u00f3n de la Comisi\u00f3n de Participaci\u00f3n Comunitaria de la Unidad Territorial Atenor Salas, demarcaci\u00f3n Benito Ju\u00e1rez, con motivo de la aplicaci\u00f3n de la acci\u00f3n afirmativa para persona con discapacidad.<\/td><td>Se confirm\u00f3, en lo que fue materia de impugnaci\u00f3n, la Constancia de Asignaci\u00f3n e Integraci\u00f3n para la Comisi\u00f3n de Participaci\u00f3n Comunitaria 2023, en la Unidad Territorial Atenor Salas, demarcaci\u00f3n Benito Ju\u00e1rez, para el periodo 2023-2026.<\/td><\/tr><tr><td><strong>TECDMX-JEL-354\/2023<\/strong><\/td><td>Promovido por el Partido Acci\u00f3n Nacional, contra el acuerdo de veintis\u00e9is de junio de dos mil veintitr\u00e9s, emitido por la Comisi\u00f3n Permanente de Quejas del Instituto Electoral de la Ciudad de M\u00e9xico, por medio del que desech\u00f3 su queja.<\/td><td>Se revoc\u00f3 el acuerdo impugnado, para los efectos se\u00f1alados en la parte considerativa de la Sentencia.<\/td><\/tr><\/tbody><\/table><\/figure>\n\n\n\n<p>Por otro lado, las Magistraturas resolvieron los siguientes Juicios de la Ciudadan\u00eda, seg\u00fan se enlista a continuaci\u00f3n:<\/p>\n\n\n\n<figure class=\"wp-block-table\"><table><thead><tr><td><strong>Expediente<\/strong><\/td><td><strong>Acto Impugnado<\/strong><\/td><td><strong>Resoluci\u00f3n<\/strong><\/td><\/tr><\/thead><tbody><tr><td><strong>TECDMX-JDLC-044\/2023<\/strong><\/td><td>Contra el oficio emitido por el Instituto Electoral de la Ciudad de M\u00e9xico, en el que dio respuesta desfavorable a la solicitud de realizar una consulta a quienes habitan la Unidad Territorial Tlacopac, Demarcaci\u00f3n \u00c1lvaro Obreg\u00f3n, para saber si se reconocen como integrantes de un pueblo, barrio originario o comunidad ind\u00edgena o si desean seguir teniendo la calidad de Unidad Territorial.<\/td><td>Se confirm\u00f3 el oficio 585 de 2023, suscrito por el Secretario Ejecutivo del Instituto Electoral de la Ciudad de M\u00e9xico, con el que da respuesta a la petici\u00f3n de realizar una consulta ciudadana para conocer la voluntad de las personas vecinas de la Unidad Territorial Tlacopac, demarcaci\u00f3n \u00c1lvaro Obreg\u00f3n.<\/td><\/tr><tr><td><strong>TECDMX-JDLC-091\/2023<\/strong><\/td><td>Contra la resoluci\u00f3n emitida por el \u00d3rgano de Justicia Intra partidaria del Partido de la Revoluci\u00f3n Democr\u00e1tica, en los expedientes relativos a las quejas 2 y 5 de 2023.<\/td><td>Se revoc\u00f3 la resoluci\u00f3n de veintis\u00e9is de abril de dos mil veintitr\u00e9s, emitida por el \u00d3rgano de Justicia Intrapartidaria del Partido de la Revoluci\u00f3n Democr\u00e1tica, dictada en los expedientes 002 de 2023 y acumulado 005 de 2023. &nbsp; Se orden\u00f3 al citado \u00d3rgano de Justicia, emitir una nueva resoluci\u00f3n en los t\u00e9rminos precisados en la parte considerativa de la sentencia.<\/td><\/tr><tr><td><strong>TECDMX-JDLC-105\/2023<\/strong><\/td><td>Contra la validaci\u00f3n positiva del proyecto \u201cContinuaci\u00f3n del drenaje Colector Marginal Manantiales\u201d, para el Presupuesto Participativo 2023 y 2024 en el pueblo originario de San Pablo Chimalpa, as\u00ed como el listado de proyectos y agenda de folios registrados por la Alcald\u00eda Cuajimalpa de Morelos.<\/td><td>Se confirm\u00f3, en lo que fue materia de impugnaci\u00f3n, la validaci\u00f3n positiva del proyecto \u201cContinuaci\u00f3n del drenaje Colector Marginal Manantiales\u201d, as\u00ed como el listado de proyectos y agenda de folios registrados por la Alcald\u00eda Cuajimalpa de Morelos, correspondiente al Pueblo San Pablo Chimalpa para el Presupuesto Participativo 2023 y 2024.<\/td><\/tr><tr><td><strong>TECDMX-JDLC-110\/2023<\/strong><\/td><td>Contra el Acuerdo del Colegio Electoral del Congreso de la Ciudad de M\u00e9xico, por el que se aprueba la designaci\u00f3n de Mart\u00ed Batres Guadarrama como persona titular sustituta de la Jefatura de Gobierno de la Ciudad de M\u00e9xico.<\/td><td>Se sobresey\u00f3 el juicio. &nbsp;<\/td><\/tr><\/tbody><\/table><\/figure>\n\n\n\n<p>El Pleno desech\u00f3 de plano las demandas en los siguientes juicios:<\/p>\n\n\n\n<figure class=\"wp-block-table\"><table><thead><tr><td><strong>Expediente<\/strong><\/td><td><strong>Acto Impugnado<\/strong><\/td><\/tr><\/thead><tbody><tr><td><strong>TECDMX-JEL-269\/2023<\/strong> <strong>TECDMX-JDLC-112\/2023<\/strong><\/td><td>El primero contra del oficio 904 de 2023, emitido por el Secretario Ejecutivo del Instituto Electoral de la Ciudad de M\u00e9xico y el segundo para controvertir la Asamblea de Informaci\u00f3n y Selecci\u00f3n de los Comit\u00e9s de Ejecuci\u00f3n y de Vigilancia, celebrada el veintitr\u00e9s de junio de dos mil veintitr\u00e9s, en la Unidad Territorial El Zacat\u00f3n, Demarcaci\u00f3n Tlalpan. &nbsp; Se desecharon porque se advierte que los juicios se han quedado sin materia.<\/td><\/tr><tr><td><strong>TECDMX-JEL-282\/2023<\/strong><\/td><td>Contra la Constancia de asignaci\u00f3n e integraci\u00f3n de la Comisi\u00f3n de Participaci\u00f3n Comunitaria de la Unidad Territorial Barros Sierra, Demarcaci\u00f3n La Magdalena Contreras, a favor de Sara Flores Parra. &nbsp; Se desech\u00f3 al advertir la existencia de la cosa juzgada, al resolverse el juicio electoral TECDMX-JEL-249\/2023.<\/td><\/tr><tr><td><strong>TECDMX-JEL-337\/2023<\/strong> <strong>TECDMX-JDLC-114\/2023<\/strong><\/td><td>El primero contra la resoluci\u00f3n 17 de 2023 en el Procedimiento Ordinario Sancionador 09 de 2023, en la que se impuso a la agrupaci\u00f3n pol\u00edtica local Movimiento Social Democr\u00e1tico, la suspensi\u00f3n de su registro por ocho meses. El segundo, para impugnar el Acuerdo 052 de 2023 respecto al Dictamen sobre el porcentaje de apoyo ciudadano para la Consulta de Revocaci\u00f3n de Mandato de la persona titular de la Alcald\u00eda Xochimilco y el Sistema de Verificaci\u00f3n de Apoyo Ciudadano. &nbsp; Se desecharon por la presentaci\u00f3n extempor\u00e1nea de los medios de impugnaci\u00f3n.<\/td><\/tr><tr><td><strong>TECDMX-JDLC-116\/2023<\/strong><\/td><td>Contra los acuerdos en los Asuntos Generales 36 al 100 de 2023, dictados por el \u00f3rgano de justicia intrapartidaria del Partido de la Revoluci\u00f3n Democr\u00e1tica. &nbsp; Se desech\u00f3 porque se advierte que el acto combatido, al ser de car\u00e1cter intraprocesal, carece de definitividad y firmeza y, por ende, no reporta un perjuicio inmediato, real y directo a derechos de la parte actora.<\/td><\/tr><\/tbody><\/table><\/figure>\n\n\n\n<p class=\"has-text-align-center\"><strong>o-O-o<\/strong><\/p>\n","protected":false},"excerpt":{"rendered":"<p>Ciudad de M\u00e9xico, a 26 de julio de 2023 Bolet\u00edn N\u00b0 32 Resuelve TECDMX la inexistencia de las infracciones de Violencia Pol\u00edtica en contra de las Mujeres por Raz\u00f3n de [&hellip;]<\/p>\n","protected":false},"author":13,"featured_media":21168,"comment_status":"open","ping_status":"open","sticky":false,"template":"","format":"standard","meta":{"_acf_changed":false,"_exactmetrics_skip_tracking":false,"_exactmetrics_sitenote_active":false,"_exactmetrics_sitenote_note":"","_exactmetrics_sitenote_category":0,"footnotes":""},"categories":[32,47],"tags":[],"acf":[],"yoast_head":"<!-- This site is optimized with the Yoast SEO plugin v22.3 - https:\/\/yoast.com\/wordpress\/plugins\/seo\/ -->\n<title>Bolet\u00edn N\u00b0 32 - Tribunal Electoral de la Ciudad de M\u00e9xico<\/title>\n<meta name=\"robots\" content=\"index, follow, max-snippet:-1, max-image-preview:large, max-video-preview:-1\" \/>\n<link rel=\"canonical\" href=\"https:\/\/www.tecdmx.org.mx\/index.php\/comunicados\/2023\/07\/26\/boletin-n-32\/\" \/>\n<meta property=\"og:locale\" content=\"es_ES\" \/>\n<meta property=\"og:type\" content=\"article\" \/>\n<meta property=\"og:title\" content=\"Bolet\u00edn N\u00b0 32 - Tribunal Electoral de la Ciudad de M\u00e9xico\" \/>\n<meta property=\"og:description\" content=\"Ciudad de M\u00e9xico, a 26 de julio de 2023 Bolet\u00edn N\u00b0 32 Resuelve TECDMX la inexistencia de las infracciones de Violencia Pol\u00edtica en contra de las Mujeres por Raz\u00f3n de [&hellip;]\" \/>\n<meta property=\"og:url\" content=\"https:\/\/www.tecdmx.org.mx\/index.php\/comunicados\/2023\/07\/26\/boletin-n-32\/\" \/>\n<meta property=\"og:site_name\" content=\"Tribunal Electoral de la Ciudad de M\u00e9xico\" \/>\n<meta property=\"article:publisher\" content=\"https:\/\/www.facebook.com\/TECDMX\/\" \/>\n<meta property=\"article:published_time\" content=\"2023-07-27T02:52:02+00:00\" \/>\n<meta property=\"article:modified_time\" content=\"2023-07-27T02:52:05+00:00\" \/>\n<meta property=\"og:image\" content=\"https:\/\/www.tecdmx.org.mx\/wp-content\/uploads\/2020\/08\/comunicado_nuevo.jpg\" \/>\n\t<meta property=\"og:image:width\" content=\"600\" \/>\n\t<meta property=\"og:image:height\" content=\"366\" \/>\n\t<meta property=\"og:image:type\" content=\"image\/jpeg\" \/>\n<meta name=\"author\" content=\"Difusion2025\" \/>\n<meta name=\"twitter:card\" content=\"summary_large_image\" \/>\n<meta name=\"twitter:creator\" content=\"@tecdmx\" \/>\n<meta name=\"twitter:site\" content=\"@tecdmx\" \/>\n<meta name=\"twitter:label1\" content=\"Escrito por\" \/>\n\t<meta name=\"twitter:data1\" content=\"Difusion2025\" \/>\n\t<meta name=\"twitter:label2\" content=\"Tiempo de lectura\" \/>\n\t<meta name=\"twitter:data2\" content=\"9 minutos\" \/>\n<script type=\"application\/ld+json\" class=\"yoast-schema-graph\">{\"@context\":\"https:\/\/schema.org\",\"@graph\":[{\"@type\":\"WebPage\",\"@id\":\"https:\/\/www.tecdmx.org.mx\/index.php\/comunicados\/2023\/07\/26\/boletin-n-32\/\",\"url\":\"https:\/\/www.tecdmx.org.mx\/index.php\/comunicados\/2023\/07\/26\/boletin-n-32\/\",\"name\":\"Bolet\u00edn N\u00b0 32 - Tribunal Electoral de la Ciudad de M\u00e9xico\",\"isPartOf\":{\"@id\":\"https:\/\/www.tecdmx.org.mx\/#website\"},\"primaryImageOfPage\":{\"@id\":\"https:\/\/www.tecdmx.org.mx\/index.php\/comunicados\/2023\/07\/26\/boletin-n-32\/#primaryimage\"},\"image\":{\"@id\":\"https:\/\/www.tecdmx.org.mx\/index.php\/comunicados\/2023\/07\/26\/boletin-n-32\/#primaryimage\"},\"thumbnailUrl\":\"https:\/\/www.tecdmx.org.mx\/wp-content\/uploads\/2020\/08\/comunicado_nuevo.jpg\",\"datePublished\":\"2023-07-27T02:52:02+00:00\",\"dateModified\":\"2023-07-27T02:52:05+00:00\",\"author\":{\"@id\":\"https:\/\/www.tecdmx.org.mx\/#\/schema\/person\/208c898199fb3234203823c5f0cf31d6\"},\"breadcrumb\":{\"@id\":\"https:\/\/www.tecdmx.org.mx\/index.php\/comunicados\/2023\/07\/26\/boletin-n-32\/#breadcrumb\"},\"inLanguage\":\"es\",\"potentialAction\":[{\"@type\":\"ReadAction\",\"target\":[\"https:\/\/www.tecdmx.org.mx\/index.php\/comunicados\/2023\/07\/26\/boletin-n-32\/\"]}]},{\"@type\":\"ImageObject\",\"inLanguage\":\"es\",\"@id\":\"https:\/\/www.tecdmx.org.mx\/index.php\/comunicados\/2023\/07\/26\/boletin-n-32\/#primaryimage\",\"url\":\"https:\/\/www.tecdmx.org.mx\/wp-content\/uploads\/2020\/08\/comunicado_nuevo.jpg\",\"contentUrl\":\"https:\/\/www.tecdmx.org.mx\/wp-content\/uploads\/2020\/08\/comunicado_nuevo.jpg\",\"width\":600,\"height\":366},{\"@type\":\"BreadcrumbList\",\"@id\":\"https:\/\/www.tecdmx.org.mx\/index.php\/comunicados\/2023\/07\/26\/boletin-n-32\/#breadcrumb\",\"itemListElement\":[{\"@type\":\"ListItem\",\"position\":1,\"name\":\"Portada\",\"item\":\"https:\/\/www.tecdmx.org.mx\/\"},{\"@type\":\"ListItem\",\"position\":2,\"name\":\"Bolet\u00edn N\u00b0 32\"}]},{\"@type\":\"WebSite\",\"@id\":\"https:\/\/www.tecdmx.org.mx\/#website\",\"url\":\"https:\/\/www.tecdmx.org.mx\/\",\"name\":\"Tribunal Electoral de la Ciudad de M\u00e9xico\",\"description\":\"25 a\u00f1os garantizando justicia en tu elecci\u00f3n\",\"potentialAction\":[{\"@type\":\"SearchAction\",\"target\":{\"@type\":\"EntryPoint\",\"urlTemplate\":\"https:\/\/www.tecdmx.org.mx\/?s={search_term_string}\"},\"query-input\":\"required name=search_term_string\"}],\"inLanguage\":\"es\"},{\"@type\":\"Person\",\"@id\":\"https:\/\/www.tecdmx.org.mx\/#\/schema\/person\/208c898199fb3234203823c5f0cf31d6\",\"name\":\"Difusion2025\",\"image\":{\"@type\":\"ImageObject\",\"inLanguage\":\"es\",\"@id\":\"https:\/\/www.tecdmx.org.mx\/#\/schema\/person\/image\/\",\"url\":\"https:\/\/secure.gravatar.com\/avatar\/6f7a4ba3acb418040e90a2eb99b5df28?s=96&d=mm&r=g\",\"contentUrl\":\"https:\/\/secure.gravatar.com\/avatar\/6f7a4ba3acb418040e90a2eb99b5df28?s=96&d=mm&r=g\",\"caption\":\"Difusion2025\"}}]}<\/script>\n<!-- \/ Yoast SEO plugin. -->","yoast_head_json":{"title":"Bolet\u00edn N\u00b0 32 - Tribunal Electoral de la Ciudad de M\u00e9xico","robots":{"index":"index","follow":"follow","max-snippet":"max-snippet:-1","max-image-preview":"max-image-preview:large","max-video-preview":"max-video-preview:-1"},"canonical":"https:\/\/www.tecdmx.org.mx\/index.php\/comunicados\/2023\/07\/26\/boletin-n-32\/","og_locale":"es_ES","og_type":"article","og_title":"Bolet\u00edn N\u00b0 32 - Tribunal Electoral de la Ciudad de M\u00e9xico","og_description":"Ciudad de M\u00e9xico, a 26 de julio de 2023 Bolet\u00edn N\u00b0 32 Resuelve TECDMX la inexistencia de las infracciones de Violencia Pol\u00edtica en contra de las Mujeres por Raz\u00f3n de [&hellip;]","og_url":"https:\/\/www.tecdmx.org.mx\/index.php\/comunicados\/2023\/07\/26\/boletin-n-32\/","og_site_name":"Tribunal Electoral de la Ciudad de M\u00e9xico","article_publisher":"https:\/\/www.facebook.com\/TECDMX\/","article_published_time":"2023-07-27T02:52:02+00:00","article_modified_time":"2023-07-27T02:52:05+00:00","og_image":[{"width":600,"height":366,"url":"https:\/\/www.tecdmx.org.mx\/wp-content\/uploads\/2020\/08\/comunicado_nuevo.jpg","type":"image\/jpeg"}],"author":"Difusion2025","twitter_card":"summary_large_image","twitter_creator":"@tecdmx","twitter_site":"@tecdmx","twitter_misc":{"Escrito por":"Difusion2025","Tiempo de lectura":"9 minutos"},"schema":{"@context":"https:\/\/schema.org","@graph":[{"@type":"WebPage","@id":"https:\/\/www.tecdmx.org.mx\/index.php\/comunicados\/2023\/07\/26\/boletin-n-32\/","url":"https:\/\/www.tecdmx.org.mx\/index.php\/comunicados\/2023\/07\/26\/boletin-n-32\/","name":"Bolet\u00edn N\u00b0 32 - Tribunal Electoral de la Ciudad de M\u00e9xico","isPartOf":{"@id":"https:\/\/www.tecdmx.org.mx\/#website"},"primaryImageOfPage":{"@id":"https:\/\/www.tecdmx.org.mx\/index.php\/comunicados\/2023\/07\/26\/boletin-n-32\/#primaryimage"},"image":{"@id":"https:\/\/www.tecdmx.org.mx\/index.php\/comunicados\/2023\/07\/26\/boletin-n-32\/#primaryimage"},"thumbnailUrl":"https:\/\/www.tecdmx.org.mx\/wp-content\/uploads\/2020\/08\/comunicado_nuevo.jpg","datePublished":"2023-07-27T02:52:02+00:00","dateModified":"2023-07-27T02:52:05+00:00","author":{"@id":"https:\/\/www.tecdmx.org.mx\/#\/schema\/person\/208c898199fb3234203823c5f0cf31d6"},"breadcrumb":{"@id":"https:\/\/www.tecdmx.org.mx\/index.php\/comunicados\/2023\/07\/26\/boletin-n-32\/#breadcrumb"},"inLanguage":"es","potentialAction":[{"@type":"ReadAction","target":["https:\/\/www.tecdmx.org.mx\/index.php\/comunicados\/2023\/07\/26\/boletin-n-32\/"]}]},{"@type":"ImageObject","inLanguage":"es","@id":"https:\/\/www.tecdmx.org.mx\/index.php\/comunicados\/2023\/07\/26\/boletin-n-32\/#primaryimage","url":"https:\/\/www.tecdmx.org.mx\/wp-content\/uploads\/2020\/08\/comunicado_nuevo.jpg","contentUrl":"https:\/\/www.tecdmx.org.mx\/wp-content\/uploads\/2020\/08\/comunicado_nuevo.jpg","width":600,"height":366},{"@type":"BreadcrumbList","@id":"https:\/\/www.tecdmx.org.mx\/index.php\/comunicados\/2023\/07\/26\/boletin-n-32\/#breadcrumb","itemListElement":[{"@type":"ListItem","position":1,"name":"Portada","item":"https:\/\/www.tecdmx.org.mx\/"},{"@type":"ListItem","position":2,"name":"Bolet\u00edn N\u00b0 32"}]},{"@type":"WebSite","@id":"https:\/\/www.tecdmx.org.mx\/#website","url":"https:\/\/www.tecdmx.org.mx\/","name":"Tribunal Electoral de la Ciudad de M\u00e9xico","description":"25 a\u00f1os garantizando justicia en tu elecci\u00f3n","potentialAction":[{"@type":"SearchAction","target":{"@type":"EntryPoint","urlTemplate":"https:\/\/www.tecdmx.org.mx\/?s={search_term_string}"},"query-input":"required name=search_term_string"}],"inLanguage":"es"},{"@type":"Person","@id":"https:\/\/www.tecdmx.org.mx\/#\/schema\/person\/208c898199fb3234203823c5f0cf31d6","name":"Difusion2025","image":{"@type":"ImageObject","inLanguage":"es","@id":"https:\/\/www.tecdmx.org.mx\/#\/schema\/person\/image\/","url":"https:\/\/secure.gravatar.com\/avatar\/6f7a4ba3acb418040e90a2eb99b5df28?s=96&d=mm&r=g","contentUrl":"https:\/\/secure.gravatar.com\/avatar\/6f7a4ba3acb418040e90a2eb99b5df28?s=96&d=mm&r=g","caption":"Difusion2025"}}]}},"_links":{"self":[{"href":"https:\/\/www.tecdmx.org.mx\/index.php\/wp-json\/wp\/v2\/posts\/44543"}],"collection":[{"href":"https:\/\/www.tecdmx.org.mx\/index.php\/wp-json\/wp\/v2\/posts"}],"about":[{"href":"https:\/\/www.tecdmx.org.mx\/index.php\/wp-json\/wp\/v2\/types\/post"}],"author":[{"embeddable":true,"href":"https:\/\/www.tecdmx.org.mx\/index.php\/wp-json\/wp\/v2\/users\/13"}],"replies":[{"embeddable":true,"href":"https:\/\/www.tecdmx.org.mx\/index.php\/wp-json\/wp\/v2\/comments?post=44543"}],"version-history":[{"count":2,"href":"https:\/\/www.tecdmx.org.mx\/index.php\/wp-json\/wp\/v2\/posts\/44543\/revisions"}],"predecessor-version":[{"id":44547,"href":"https:\/\/www.tecdmx.org.mx\/index.php\/wp-json\/wp\/v2\/posts\/44543\/revisions\/44547"}],"wp:featuredmedia":[{"embeddable":true,"href":"https:\/\/www.tecdmx.org.mx\/index.php\/wp-json\/wp\/v2\/media\/21168"}],"wp:attachment":[{"href":"https:\/\/www.tecdmx.org.mx\/index.php\/wp-json\/wp\/v2\/media?parent=44543"}],"wp:term":[{"taxonomy":"category","embeddable":true,"href":"https:\/\/www.tecdmx.org.mx\/index.php\/wp-json\/wp\/v2\/categories?post=44543"},{"taxonomy":"post_tag","embeddable":true,"href":"https:\/\/www.tecdmx.org.mx\/index.php\/wp-json\/wp\/v2\/tags?post=44543"}],"curies":[{"name":"wp","href":"https:\/\/api.w.org\/{rel}","templated":true}]}}