{"id":44708,"date":"2023-08-17T21:05:13","date_gmt":"2023-08-18T03:05:13","guid":{"rendered":"https:\/\/www.tecdmx.org.mx\/?p=44708"},"modified":"2023-08-17T21:05:17","modified_gmt":"2023-08-18T03:05:17","slug":"boletin-n-34__trashed","status":"publish","type":"post","link":"https:\/\/www.tecdmx.org.mx\/index.php\/comunicados\/2023\/08\/17\/boletin-n-34__trashed\/","title":{"rendered":"Bolet\u00edn N\u00b0 34"},"content":{"rendered":"\n<figure class=\"wp-block-image size-full\"><img loading=\"lazy\" decoding=\"async\" width=\"1600\" height=\"978\" src=\"https:\/\/www.tecdmx.org.mx\/wp-content\/uploads\/2023\/08\/WhatsApp-Image-2023-08-17-at-21.56.21.jpeg\" alt=\"\" class=\"wp-image-44709\" srcset=\"https:\/\/www.tecdmx.org.mx\/wp-content\/uploads\/2023\/08\/WhatsApp-Image-2023-08-17-at-21.56.21-409x250.jpeg 409w, https:\/\/www.tecdmx.org.mx\/wp-content\/uploads\/2023\/08\/WhatsApp-Image-2023-08-17-at-21.56.21-573x350.jpeg 573w, https:\/\/www.tecdmx.org.mx\/wp-content\/uploads\/2023\/08\/WhatsApp-Image-2023-08-17-at-21.56.21-768x469.jpeg 768w, https:\/\/www.tecdmx.org.mx\/wp-content\/uploads\/2023\/08\/WhatsApp-Image-2023-08-17-at-21.56.21-1536x939.jpeg 1536w, https:\/\/www.tecdmx.org.mx\/wp-content\/uploads\/2023\/08\/WhatsApp-Image-2023-08-17-at-21.56.21.jpeg 1600w\" sizes=\"(max-width: 1600px) 100vw, 1600px\" \/><\/figure>\n\n\n\n<p class=\"has-text-align-right\"><\/p>\n\n\n\n<p class=\"has-text-align-right\">Ciudad de M\u00e9xico, a 17 de agosto de 2023<\/p>\n\n\n\n<p><\/p>\n\n\n\n<p class=\"has-text-align-center\"><strong>Resuelve TECDMX la inexistencia de Violencia Pol\u00edtica en contra de las Mujeres por Raz\u00f3n de G\u00e9nero y Violencia Pol\u00edtica en Raz\u00f3n de G\u00e9nero, contra Sandra Xantall Cuevas Nieves.<\/strong><\/p>\n\n\n\n<p><\/p>\n\n\n\n<p>El Pleno del Tribunal Electoral de la Ciudad de M\u00e9xico (TECDMX) celebr\u00f3 esta tarde Sesi\u00f3n P\u00fablica en la que las Magistraturas <a>resolvieron el siguiente Procedimiento Especial Sancionador:<\/a><\/p>\n\n\n\n<figure class=\"wp-block-table\"><table><thead><tr><td><strong>Expediente<\/strong><\/td><td><strong>Acto Impugnado<\/strong><\/td><td><strong>Resoluci\u00f3n<\/strong><\/td><\/tr><\/thead><tbody><tr><td><strong>TECDMX-PES-020\/2023<\/strong><\/td><td>Contra una persona periodista, por la presunta realizaci\u00f3n de Violencia Pol\u00edtica por Raz\u00f3n de G\u00e9nero y\/o Violencia Pol\u00edtica Contra las Mujeres por Raz\u00f3n de G\u00e9nero, en perjuicio de Sandra Xantall Cuevas Nieves, alcaldesa de la Demarcaci\u00f3n Cuauht\u00e9moc, derivado de la publicaci\u00f3n de una nota de opini\u00f3n en el peri\u00f3dico \u201cEl Universal\u201d, as\u00ed como la realizaci\u00f3n y la consecuente difusi\u00f3n de seis publicaciones alojadas en la red social Twitter, concretamente en el perfil del probable responsable.<\/td><td>Se declar\u00f3 la inexistencia de las infracciones consistentes en Violencia Pol\u00edtica en contra de las Mujeres por Raz\u00f3n de G\u00e9nero y Violencia Pol\u00edtica en Raz\u00f3n de G\u00e9nero, atribuidas a Mario Horacio Maldonado Padilla, en su calidad de periodista, y se dejan sin efectos las medidas cautelares otorgadas en el asunto.<\/td><\/tr><\/tbody><\/table><\/figure>\n\n\n\n<p>Por otra parte, el Pleno del TECDMX resolvi\u00f3 el siguiente Juicio Electoral en cumplimiento a la sentencia dictada por la Sala Regional Ciudad de M\u00e9xico del Tribunal Electoral del Poder Judicial de la Federaci\u00f3n, en el juicio electoral 53 de 2023.<\/p>\n\n\n\n<figure class=\"wp-block-table\"><table><thead><tr><td><strong>Expediente<\/strong><\/td><td><strong>Acto Impugnado<\/strong><\/td><td><strong>Resoluci\u00f3n<\/strong><\/td><\/tr><\/thead><tbody><tr><td><strong>TECDMX-JEL-327\/2023<\/strong><\/td><td>El Sistema de Verificaci\u00f3n de Apoyo Ciudadano de revocaci\u00f3n de mandato 2023, implementado por el Instituto Electoral de la Ciudad de M\u00e9xico (IECM).<\/td><td>Se confirm\u00f3 la implementaci\u00f3n del Sistema de Verificaci\u00f3n de Apoyo Ciudadano para la revocaci\u00f3n de mandato 2023 y se orden\u00f3 informar la Sentencia a la Sala Regional Ciudad de M\u00e9xico del Tribunal Electoral del Poder Judicial de la Federaci\u00f3n.<\/td><\/tr><\/tbody><\/table><\/figure>\n\n\n\n<p>Asimismo, el Pleno del TECDMX resolvi\u00f3 diversos Juicios Electorales, seg\u00fan se listan a continuaci\u00f3n:<\/p>\n\n\n\n<figure class=\"wp-block-table\"><table><thead><tr><td><strong>Expediente<\/strong><\/td><td><strong>Acto Impugnado<\/strong><\/td><td><strong>Resoluci\u00f3n<\/strong><\/td><\/tr><\/thead><tbody><tr><td><strong>TECDMX-JEL-300\/2023<\/strong><\/td><td>La resoluci\u00f3n del procedimiento para resolver las inconformidades por propaganda del expediente 04 de 2023, iniciado contra un candidato a integrar la COPACO de la Unidad Territorial de San Pedro Zacatenco.<\/td><td>Se confirm\u00f3, en lo que fue materia de impugnaci\u00f3n, la resoluci\u00f3n reca\u00edda en el expediente 04 de 2023, emitida el veintid\u00f3s de mayo de este a\u00f1o.<\/td><\/tr><tr><td><strong>TECDMX-JEL-310\/2023<\/strong><\/td><td>El oficio 210 de 24 de mayo de 2023, signado por el Titular de la Direcci\u00f3n Distrital 19 de la Ciudad de M\u00e9xico.<\/td><td>Se confirm\u00f3, en lo que fue materia de impugnaci\u00f3n, el oficio 210 de 2023, emitido por la Direcci\u00f3n Distrital 19 del IECM.<\/td><\/tr><tr><td><strong>TECDMX-JEL-317\/2023<\/strong><\/td><td>Los resultados de la Consulta del presupuesto participativo 2024, en la Unidad Territorial Ramos Mill\u00e1n Bramadero I, Iztacalco.<\/td><td>Se confirm\u00f3, en lo que fue materia de impugnaci\u00f3n, los resultados de la Consulta del Presupuesto Participativo 2024 en la Unidad Territorial Ramos Mill\u00e1n Bramadero I, demarcaci\u00f3n Iztacalco. &nbsp;<\/td><\/tr><tr><td><strong>TECDMX-JEL-346\/2023<\/strong><\/td><td>El Acuerdo mediante el cual el Instituto Electoral local aprob\u00f3 el Dictamen sobre el porcentaje de apoyo ciudadano aportado en las solicitudes de la Consulta de Revocaci\u00f3n de Mandato del titular de la alcald\u00eda Xochimilco.<\/td><td>Se confirm\u00f3 el acto impugnado, en lo que fue materia de impugnaci\u00f3n. &nbsp;<\/td><\/tr><tr><td><strong>TECDMX-JEL-351\/2023<\/strong><\/td><td>El Dictamen por medio del cual, el Consejo General del Instituto Electoral de la Ciudad de M\u00e9xico determin\u00f3 que no se re\u00fane el porcentaje legal de, al menos, el 10% de las personas inscritas en la lista nominal de electores de la Alcald\u00eda Xochimilco, necesarias para iniciar la revocaci\u00f3n de mandato del Titular de esa alcald\u00eda y el acuerdo por el que \u00e9ste fue aprobado.<\/td><td>Se confirm\u00f3, en lo que fue materia de impugnaci\u00f3n, el Dictamen mediante el que se da cuenta sobre el porcentaje de apoyo ciudadano aportado en las solicitudes de la Consulta de Revocaci\u00f3n de Mandato de la persona titular de la Alcald\u00eda Xochimilco, presentadas por los Comit\u00e9s Promotores \u201cRevoca Xochimilco\u201d y \u201cCiudadanos y Organizaciones por la Revocaci\u00f3n de Mandato de la Alcald\u00eda Xochimilco\u201d y el Acuerdo 052 de 2023, del Consejo General del IECM.<\/td><\/tr><tr><td><strong>TECDMX-JEL-352\/2023<\/strong><\/td><td>El Acta de la Asamblea Ciudadana de Informaci\u00f3n y Selecci\u00f3n relativa a la Consulta de Presupuesto Participativo 2023 y 2024, convocada por la Comisi\u00f3n de Participaci\u00f3n Comunitaria de la Unidad Territorial Bosque Residencial del Sur, demarcaci\u00f3n Xochimilco.<\/td><td>Se confirm\u00f3 el Acta de Asamblea Ciudadana de Informaci\u00f3n y Selecci\u00f3n de la Consulta de Presupuesto Participativo 2023 y 2024, de diecisiete de junio de dos mil veintitr\u00e9s, convocada por la Comisi\u00f3n de Participaci\u00f3n Comunitaria de la Unidad Territorial Bosque Residencial del Sur (Fraccionamiento), demarcaci\u00f3n Xochimilco.<\/td><\/tr><tr><td><strong>TECDMX-JEL-353\/2023<\/strong><\/td><td>El oficio 255 del 2023 emitido por la Direcci\u00f3n Distrital 19 del Instituto Electoral de la Ciudad de M\u00e9xico, por medio del cual dio respuesta al escrito del veintitr\u00e9s de mayo de dos mil veintitr\u00e9s de la parte actora, por el que solicit\u00f3 que se le garantizara grabar la Asamblea de Informaci\u00f3n y Selecci\u00f3n, celebrada en la Unidad Territorial Bosques Residencial del Sur, Demarcaci\u00f3n Xochimilco.<\/td><td>Se confirm\u00f3, en lo que fue materia de impugnaci\u00f3n, el oficio 255, de 2023, emitidos por la Direcci\u00f3n Distrital 19 del IECM. &nbsp;<\/td><\/tr><tr><td><strong>TECDMX-JEL-355\/2023<\/strong> <strong>TECDMX-JEL-357\/2023<\/strong><\/td><td>La resoluci\u00f3n 18 de 2023, emitida el treinta de junio del a\u00f1o en curso, por el Consejo General del Instituto Electoral de la Ciudad de M\u00e9xico, en el Procedimiento Ordinario Sancionador 34 de 2022, en el que determin\u00f3 sancionar con una multa al partido y dar vista a la Secretar\u00eda de la Contralor\u00eda de la Ciudad de M\u00e9xico respecto de la responsabilidad de la Alcald\u00eda.<\/td><td>Se orden\u00f3 la acumulaci\u00f3n del expediente 357 al diverso 355, del presente a\u00f1o. &nbsp; Se revoc\u00f3, en lo que fue materia de impugnaci\u00f3n, la resoluci\u00f3n 018 de 2023 emitida por el Consejo General del IECM en el Procedimiento Ordinario Sancionador 034 de 2022.<\/td><\/tr><tr><td><strong>TECDMX-JEL-356\/2023<\/strong><\/td><td>La Asamblea Ciudadana de Informaci\u00f3n y Selecci\u00f3n de Presupuesto Participativo 2023-2024, de la Unidad Territorial Nueva Atzacoalco I, demarcaci\u00f3n Gustavo A. Madero.<\/td><td><a>Se confirm<\/a>\u00f3, en lo que fue materia de impugnaci\u00f3n, la Asamblea Ciudadana de Informaci\u00f3n y Selecci\u00f3n de Presupuesto Participativo 2023-2024, de la Unidad Territorial Nueva Atzacoalco I, demarcaci\u00f3n Gustavo A. Madero.<\/td><\/tr><tr><td><strong>TECDMX-JEL-359\/2023<\/strong><\/td><td>La resoluci\u00f3n del recurso de inconformidad que el Consejo General del Instituto Electoral de la Ciudad de M\u00e9xico dict\u00f3 respecto al desechamiento de una prueba, dentro de un procedimiento laboral disciplinario, al considerar que el acuerdo combatido es de naturaleza intraprocesal.<\/td><td>Se confirm\u00f3 la resoluci\u00f3n 32 de 2023, emitida el treinta de junio de dos mil veintitr\u00e9s, por el Consejo General del IECM.<\/td><\/tr><tr><td><strong>TECDMX-JEL-360\/2023<\/strong><\/td><td>La determinaci\u00f3n dictada el 30 de junio de 2023, por el Consejo General del Instituto Electoral de la Ciudad de M\u00e9xico, en el Recurso de Inconformidad 01\/2022, en la que determin\u00f3 confirmar la resoluci\u00f3n dictada en el Procedimiento Laboral Disciplinario 10\/2021, integrado con motivo de la denuncia presentada por la parte actora en contra de su entonces superior jer\u00e1rquica por violencia, hostigamiento y\/o acoso laboral.<\/td><td>Se revoc\u00f3 la resoluci\u00f3n emitida por el Consejo General del Instituto Electoral de la Ciudad de M\u00e9xico, el treinta de junio del a\u00f1o en curso, en el Recurso de inconformidad 01 de 2022, para los efectos precisados en la sentencia.<\/td><\/tr><tr><td><strong>TECDMX-JEL-361\/2023<\/strong><\/td><td>La omisi\u00f3n de la Direcci\u00f3n Distrital 06 del Instituto Electoral de la Ciudad de M\u00e9xico, de dar tr\u00e1mite al medio de impugnaci\u00f3n que present\u00f3 la parte actora el diecisiete de mayo, en contra de los resultados de la consulta de Presupuesto Participativo en la Unidad Territorial Ejidos San Juan de Arag\u00f3n 2A Secci\u00f3n (Unidad Habitacional), Demarcaci\u00f3n Gustavo A. Madero.<\/td><td>Se declar\u00f3 inexistente la omisi\u00f3n reclamada. &nbsp;<\/td><\/tr><tr><td><strong>TECDMX-JEL-367\/2023<\/strong><\/td><td>La determinaci\u00f3n dictada el cinco de julio de dos mil veintitr\u00e9s por la Direcci\u00f3n Distrital 06 del Instituto Electoral de la Ciudad de M\u00e9xico, en el expediente IECM\/DD06\/04\/2023, pues en su concepto, la determinaci\u00f3n de la sanci\u00f3n e individualizaci\u00f3n se realiz\u00f3 sin considerar las circunstancias particulares.<\/td><td>Se revoc\u00f3 <a>la resoluci\u00f3n dictada el cinco de julio de este a\u00f1o, en el expediente 04 de 2023<\/a>, en lo que fue materia de impugnaci\u00f3n y para los efectos precisados en la parte considerativa de la sentencia<\/td><\/tr><\/tbody><\/table><\/figure>\n\n\n\n<p>Por otro lado, las Magistraturas resolvieron los siguientes Juicios de la Ciudadan\u00eda, seg\u00fan se enlista a continuaci\u00f3n:<\/p>\n\n\n\n<figure class=\"wp-block-table\"><table><thead><tr><td><strong>Expediente<\/strong><\/td><td><strong>Acto Impugnado<\/strong><\/td><td><strong>Resoluci\u00f3n<\/strong><\/td><\/tr><\/thead><tbody><tr><td><strong>TECDMX-JLDC-113\/2023<\/strong><\/td><td>La Tercera Sesi\u00f3n Extraordinaria del \u00d3rgano Dictaminador de la Alcald\u00eda \u00c1lvaro Obreg\u00f3n, celebrada el veintinueve de mayo del dos mil veintitr\u00e9s, relacionada con el Presupuesto Participativo del pueblo originario de Santa Rosa Xochiac.<\/td><td>Se confirm\u00f3, en lo que fue materia de impugnaci\u00f3n, la Tercera Sesi\u00f3n Extraordinaria del \u00d3rgano Dictaminador de la Alcald\u00eda \u00c1lvaro Obreg\u00f3n, celebrada el veintinueve de mayo del a\u00f1o en curso, relacionada con el Presupuesto Participativo de 2023 y 2024 del Pueblo Originario de Santa Rosa Xochiac.<\/td><\/tr><tr><td><strong>TECDMX-JLDC-115\/2023<\/strong><\/td><td>La omisi\u00f3n del Instituto Electoral de la Ciudad de M\u00e9xico de dar respuesta a los escritos de diecinueve de junio de este a\u00f1o, identificados con los n\u00fameros de folio 1482 y 1483, correspondientes a las Unidades Territoriales Ajusco I y Ajusco II.<\/td><td>Se declar\u00f3 inexistente la omisi\u00f3n reclamada. &nbsp;<\/td><\/tr><\/tbody><\/table><\/figure>\n\n\n\n<p>El Pleno desech\u00f3 de plano las demandas en los siguientes juicios:<\/p>\n\n\n\n<figure class=\"wp-block-table\"><table><thead><tr><td><strong>Expediente<\/strong><\/td><td><strong>Acto Impugnado<\/strong><\/td><\/tr><\/thead><tbody><tr><td><strong>TECDMX-JEL-341\/2023<\/strong> <strong>&nbsp;<\/strong><\/td><td>El Acta de Validaci\u00f3n de Resultados para la Consulta de Presupuesto Participativo relativo a la Unidad Territorial El Capul\u00edn (Ampliaci\u00f3n), en \u00c1lvaro Obreg\u00f3n.<\/td><\/tr><tr><td><strong>TECDMX-JEL-342\/2023<\/strong><\/td><td>La minuta y sesi\u00f3n de instalaci\u00f3n de la COPACO de la Unidad Territorial Atl\u00e1ntida, en Coyoac\u00e1n.<\/td><\/tr><tr><td><strong>TECDMX-JEL-347\/2023<\/strong> <strong>TECDMX-JEL-348\/2023<\/strong> <strong>TECDMX-JEL-365\/2023<\/strong> <strong>TECDMX-JEL-383\/2023<\/strong><\/td><td>Diversas resoluciones del IECM.<\/td><\/tr><tr><td><strong>TECDMX-JEL-372\/2023<\/strong><\/td><td>El oficio 1561 de 2023 emitido por el Secretario Ejecutivo del IECM.<\/td><\/tr><tr><td><strong>TECDMX-JLDC-122\/2023<\/strong><\/td><td>La Convocatoria P\u00fablica para constituir el Sistema de Registro y Documentaci\u00f3n de los Pueblos y Barrios Originarios y Comunidades Ind\u00edgenas Residentes de la Ciudad de M\u00e9xico.<\/td><\/tr><\/tbody><\/table><\/figure>\n\n\n\n<p class=\"has-text-align-center\"><strong>o-O-o<\/strong><\/p>\n","protected":false},"excerpt":{"rendered":"<p>Ciudad de M\u00e9xico, a 17 de agosto de 2023 Resuelve TECDMX la inexistencia de Violencia Pol\u00edtica en contra de las Mujeres por Raz\u00f3n de G\u00e9nero y Violencia Pol\u00edtica en Raz\u00f3n [&hellip;]<\/p>\n","protected":false},"author":13,"featured_media":21168,"comment_status":"open","ping_status":"open","sticky":false,"template":"","format":"standard","meta":{"_acf_changed":false,"_exactmetrics_skip_tracking":false,"_exactmetrics_sitenote_active":false,"_exactmetrics_sitenote_note":"","_exactmetrics_sitenote_category":0,"footnotes":""},"categories":[32,47],"tags":[],"acf":[],"yoast_head":"<!-- This site is optimized with the Yoast SEO plugin v22.3 - https:\/\/yoast.com\/wordpress\/plugins\/seo\/ -->\n<title>Bolet\u00edn N\u00b0 34 - Tribunal Electoral de la Ciudad de M\u00e9xico<\/title>\n<meta name=\"robots\" content=\"index, follow, max-snippet:-1, max-image-preview:large, max-video-preview:-1\" \/>\n<link rel=\"canonical\" href=\"https:\/\/www.tecdmx.org.mx\/index.php\/comunicados\/2023\/08\/17\/boletin-n-34\/\" \/>\n<meta property=\"og:locale\" content=\"es_ES\" \/>\n<meta property=\"og:type\" content=\"article\" \/>\n<meta property=\"og:title\" content=\"Bolet\u00edn N\u00b0 34 - Tribunal Electoral de la Ciudad de M\u00e9xico\" \/>\n<meta property=\"og:description\" content=\"Ciudad de M\u00e9xico, a 17 de agosto de 2023 Resuelve TECDMX la inexistencia de Violencia Pol\u00edtica en contra de las Mujeres por Raz\u00f3n de G\u00e9nero y Violencia Pol\u00edtica en Raz\u00f3n [&hellip;]\" \/>\n<meta property=\"og:url\" content=\"https:\/\/www.tecdmx.org.mx\/index.php\/comunicados\/2023\/08\/17\/boletin-n-34\/\" \/>\n<meta property=\"og:site_name\" content=\"Tribunal Electoral de la Ciudad de M\u00e9xico\" \/>\n<meta property=\"article:publisher\" content=\"https:\/\/www.facebook.com\/TECDMX\/\" \/>\n<meta property=\"article:published_time\" content=\"2023-08-18T03:05:13+00:00\" \/>\n<meta property=\"article:modified_time\" content=\"2023-08-18T03:05:17+00:00\" \/>\n<meta property=\"og:image\" content=\"https:\/\/www.tecdmx.org.mx\/wp-content\/uploads\/2020\/08\/comunicado_nuevo.jpg\" \/>\n\t<meta property=\"og:image:width\" content=\"600\" \/>\n\t<meta property=\"og:image:height\" content=\"366\" \/>\n\t<meta property=\"og:image:type\" content=\"image\/jpeg\" \/>\n<meta name=\"author\" content=\"Difusion2025\" \/>\n<meta name=\"twitter:card\" content=\"summary_large_image\" \/>\n<meta name=\"twitter:creator\" content=\"@tecdmx\" \/>\n<meta name=\"twitter:site\" content=\"@tecdmx\" \/>\n<meta name=\"twitter:label1\" content=\"Escrito por\" \/>\n\t<meta name=\"twitter:data1\" content=\"Difusion2025\" \/>\n\t<meta name=\"twitter:label2\" content=\"Tiempo de lectura\" \/>\n\t<meta name=\"twitter:data2\" content=\"8 minutos\" \/>\n<script type=\"application\/ld+json\" class=\"yoast-schema-graph\">{\"@context\":\"https:\/\/schema.org\",\"@graph\":[{\"@type\":\"WebPage\",\"@id\":\"https:\/\/www.tecdmx.org.mx\/index.php\/comunicados\/2023\/08\/17\/boletin-n-34\/\",\"url\":\"https:\/\/www.tecdmx.org.mx\/index.php\/comunicados\/2023\/08\/17\/boletin-n-34\/\",\"name\":\"Bolet\u00edn N\u00b0 34 - Tribunal Electoral de la Ciudad de M\u00e9xico\",\"isPartOf\":{\"@id\":\"https:\/\/www.tecdmx.org.mx\/#website\"},\"primaryImageOfPage\":{\"@id\":\"https:\/\/www.tecdmx.org.mx\/index.php\/comunicados\/2023\/08\/17\/boletin-n-34\/#primaryimage\"},\"image\":{\"@id\":\"https:\/\/www.tecdmx.org.mx\/index.php\/comunicados\/2023\/08\/17\/boletin-n-34\/#primaryimage\"},\"thumbnailUrl\":\"https:\/\/www.tecdmx.org.mx\/wp-content\/uploads\/2020\/08\/comunicado_nuevo.jpg\",\"datePublished\":\"2023-08-18T03:05:13+00:00\",\"dateModified\":\"2023-08-18T03:05:17+00:00\",\"author\":{\"@id\":\"https:\/\/www.tecdmx.org.mx\/#\/schema\/person\/208c898199fb3234203823c5f0cf31d6\"},\"breadcrumb\":{\"@id\":\"https:\/\/www.tecdmx.org.mx\/index.php\/comunicados\/2023\/08\/17\/boletin-n-34\/#breadcrumb\"},\"inLanguage\":\"es\",\"potentialAction\":[{\"@type\":\"ReadAction\",\"target\":[\"https:\/\/www.tecdmx.org.mx\/index.php\/comunicados\/2023\/08\/17\/boletin-n-34\/\"]}]},{\"@type\":\"ImageObject\",\"inLanguage\":\"es\",\"@id\":\"https:\/\/www.tecdmx.org.mx\/index.php\/comunicados\/2023\/08\/17\/boletin-n-34\/#primaryimage\",\"url\":\"https:\/\/www.tecdmx.org.mx\/wp-content\/uploads\/2020\/08\/comunicado_nuevo.jpg\",\"contentUrl\":\"https:\/\/www.tecdmx.org.mx\/wp-content\/uploads\/2020\/08\/comunicado_nuevo.jpg\",\"width\":600,\"height\":366},{\"@type\":\"BreadcrumbList\",\"@id\":\"https:\/\/www.tecdmx.org.mx\/index.php\/comunicados\/2023\/08\/17\/boletin-n-34\/#breadcrumb\",\"itemListElement\":[{\"@type\":\"ListItem\",\"position\":1,\"name\":\"Portada\",\"item\":\"https:\/\/www.tecdmx.org.mx\/\"},{\"@type\":\"ListItem\",\"position\":2,\"name\":\"Bolet\u00edn N\u00b0 34\"}]},{\"@type\":\"WebSite\",\"@id\":\"https:\/\/www.tecdmx.org.mx\/#website\",\"url\":\"https:\/\/www.tecdmx.org.mx\/\",\"name\":\"Tribunal Electoral de la Ciudad de M\u00e9xico\",\"description\":\"25 a\u00f1os garantizando justicia en tu elecci\u00f3n\",\"potentialAction\":[{\"@type\":\"SearchAction\",\"target\":{\"@type\":\"EntryPoint\",\"urlTemplate\":\"https:\/\/www.tecdmx.org.mx\/?s={search_term_string}\"},\"query-input\":\"required name=search_term_string\"}],\"inLanguage\":\"es\"},{\"@type\":\"Person\",\"@id\":\"https:\/\/www.tecdmx.org.mx\/#\/schema\/person\/208c898199fb3234203823c5f0cf31d6\",\"name\":\"Difusion2025\",\"image\":{\"@type\":\"ImageObject\",\"inLanguage\":\"es\",\"@id\":\"https:\/\/www.tecdmx.org.mx\/#\/schema\/person\/image\/\",\"url\":\"https:\/\/secure.gravatar.com\/avatar\/6f7a4ba3acb418040e90a2eb99b5df28?s=96&d=mm&r=g\",\"contentUrl\":\"https:\/\/secure.gravatar.com\/avatar\/6f7a4ba3acb418040e90a2eb99b5df28?s=96&d=mm&r=g\",\"caption\":\"Difusion2025\"}}]}<\/script>\n<!-- \/ Yoast SEO plugin. -->","yoast_head_json":{"title":"Bolet\u00edn N\u00b0 34 - Tribunal Electoral de la Ciudad de M\u00e9xico","robots":{"index":"index","follow":"follow","max-snippet":"max-snippet:-1","max-image-preview":"max-image-preview:large","max-video-preview":"max-video-preview:-1"},"canonical":"https:\/\/www.tecdmx.org.mx\/index.php\/comunicados\/2023\/08\/17\/boletin-n-34\/","og_locale":"es_ES","og_type":"article","og_title":"Bolet\u00edn N\u00b0 34 - Tribunal Electoral de la Ciudad de M\u00e9xico","og_description":"Ciudad de M\u00e9xico, a 17 de agosto de 2023 Resuelve TECDMX la inexistencia de Violencia Pol\u00edtica en contra de las Mujeres por Raz\u00f3n de G\u00e9nero y Violencia Pol\u00edtica en Raz\u00f3n [&hellip;]","og_url":"https:\/\/www.tecdmx.org.mx\/index.php\/comunicados\/2023\/08\/17\/boletin-n-34\/","og_site_name":"Tribunal Electoral de la Ciudad de M\u00e9xico","article_publisher":"https:\/\/www.facebook.com\/TECDMX\/","article_published_time":"2023-08-18T03:05:13+00:00","article_modified_time":"2023-08-18T03:05:17+00:00","og_image":[{"width":600,"height":366,"url":"https:\/\/www.tecdmx.org.mx\/wp-content\/uploads\/2020\/08\/comunicado_nuevo.jpg","type":"image\/jpeg"}],"author":"Difusion2025","twitter_card":"summary_large_image","twitter_creator":"@tecdmx","twitter_site":"@tecdmx","twitter_misc":{"Escrito por":"Difusion2025","Tiempo de lectura":"8 minutos"},"schema":{"@context":"https:\/\/schema.org","@graph":[{"@type":"WebPage","@id":"https:\/\/www.tecdmx.org.mx\/index.php\/comunicados\/2023\/08\/17\/boletin-n-34\/","url":"https:\/\/www.tecdmx.org.mx\/index.php\/comunicados\/2023\/08\/17\/boletin-n-34\/","name":"Bolet\u00edn N\u00b0 34 - Tribunal Electoral de la Ciudad de M\u00e9xico","isPartOf":{"@id":"https:\/\/www.tecdmx.org.mx\/#website"},"primaryImageOfPage":{"@id":"https:\/\/www.tecdmx.org.mx\/index.php\/comunicados\/2023\/08\/17\/boletin-n-34\/#primaryimage"},"image":{"@id":"https:\/\/www.tecdmx.org.mx\/index.php\/comunicados\/2023\/08\/17\/boletin-n-34\/#primaryimage"},"thumbnailUrl":"https:\/\/www.tecdmx.org.mx\/wp-content\/uploads\/2020\/08\/comunicado_nuevo.jpg","datePublished":"2023-08-18T03:05:13+00:00","dateModified":"2023-08-18T03:05:17+00:00","author":{"@id":"https:\/\/www.tecdmx.org.mx\/#\/schema\/person\/208c898199fb3234203823c5f0cf31d6"},"breadcrumb":{"@id":"https:\/\/www.tecdmx.org.mx\/index.php\/comunicados\/2023\/08\/17\/boletin-n-34\/#breadcrumb"},"inLanguage":"es","potentialAction":[{"@type":"ReadAction","target":["https:\/\/www.tecdmx.org.mx\/index.php\/comunicados\/2023\/08\/17\/boletin-n-34\/"]}]},{"@type":"ImageObject","inLanguage":"es","@id":"https:\/\/www.tecdmx.org.mx\/index.php\/comunicados\/2023\/08\/17\/boletin-n-34\/#primaryimage","url":"https:\/\/www.tecdmx.org.mx\/wp-content\/uploads\/2020\/08\/comunicado_nuevo.jpg","contentUrl":"https:\/\/www.tecdmx.org.mx\/wp-content\/uploads\/2020\/08\/comunicado_nuevo.jpg","width":600,"height":366},{"@type":"BreadcrumbList","@id":"https:\/\/www.tecdmx.org.mx\/index.php\/comunicados\/2023\/08\/17\/boletin-n-34\/#breadcrumb","itemListElement":[{"@type":"ListItem","position":1,"name":"Portada","item":"https:\/\/www.tecdmx.org.mx\/"},{"@type":"ListItem","position":2,"name":"Bolet\u00edn N\u00b0 34"}]},{"@type":"WebSite","@id":"https:\/\/www.tecdmx.org.mx\/#website","url":"https:\/\/www.tecdmx.org.mx\/","name":"Tribunal Electoral de la Ciudad de M\u00e9xico","description":"25 a\u00f1os garantizando justicia en tu elecci\u00f3n","potentialAction":[{"@type":"SearchAction","target":{"@type":"EntryPoint","urlTemplate":"https:\/\/www.tecdmx.org.mx\/?s={search_term_string}"},"query-input":"required name=search_term_string"}],"inLanguage":"es"},{"@type":"Person","@id":"https:\/\/www.tecdmx.org.mx\/#\/schema\/person\/208c898199fb3234203823c5f0cf31d6","name":"Difusion2025","image":{"@type":"ImageObject","inLanguage":"es","@id":"https:\/\/www.tecdmx.org.mx\/#\/schema\/person\/image\/","url":"https:\/\/secure.gravatar.com\/avatar\/6f7a4ba3acb418040e90a2eb99b5df28?s=96&d=mm&r=g","contentUrl":"https:\/\/secure.gravatar.com\/avatar\/6f7a4ba3acb418040e90a2eb99b5df28?s=96&d=mm&r=g","caption":"Difusion2025"}}]}},"_links":{"self":[{"href":"https:\/\/www.tecdmx.org.mx\/index.php\/wp-json\/wp\/v2\/posts\/44708"}],"collection":[{"href":"https:\/\/www.tecdmx.org.mx\/index.php\/wp-json\/wp\/v2\/posts"}],"about":[{"href":"https:\/\/www.tecdmx.org.mx\/index.php\/wp-json\/wp\/v2\/types\/post"}],"author":[{"embeddable":true,"href":"https:\/\/www.tecdmx.org.mx\/index.php\/wp-json\/wp\/v2\/users\/13"}],"replies":[{"embeddable":true,"href":"https:\/\/www.tecdmx.org.mx\/index.php\/wp-json\/wp\/v2\/comments?post=44708"}],"version-history":[{"count":2,"href":"https:\/\/www.tecdmx.org.mx\/index.php\/wp-json\/wp\/v2\/posts\/44708\/revisions"}],"predecessor-version":[{"id":44712,"href":"https:\/\/www.tecdmx.org.mx\/index.php\/wp-json\/wp\/v2\/posts\/44708\/revisions\/44712"}],"wp:featuredmedia":[{"embeddable":true,"href":"https:\/\/www.tecdmx.org.mx\/index.php\/wp-json\/wp\/v2\/media\/21168"}],"wp:attachment":[{"href":"https:\/\/www.tecdmx.org.mx\/index.php\/wp-json\/wp\/v2\/media?parent=44708"}],"wp:term":[{"taxonomy":"category","embeddable":true,"href":"https:\/\/www.tecdmx.org.mx\/index.php\/wp-json\/wp\/v2\/categories?post=44708"},{"taxonomy":"post_tag","embeddable":true,"href":"https:\/\/www.tecdmx.org.mx\/index.php\/wp-json\/wp\/v2\/tags?post=44708"}],"curies":[{"name":"wp","href":"https:\/\/api.w.org\/{rel}","templated":true}]}}