{"id":44915,"date":"2023-09-12T19:38:19","date_gmt":"2023-09-13T01:38:19","guid":{"rendered":"https:\/\/www.tecdmx.org.mx\/?p=44915"},"modified":"2023-09-13T08:40:09","modified_gmt":"2023-09-13T14:40:09","slug":"boletin-n-35__trashed","status":"publish","type":"post","link":"https:\/\/www.tecdmx.org.mx\/index.php\/comunicados\/2023\/09\/12\/boletin-n-35__trashed\/","title":{"rendered":"Bolet\u00edn N\u00b0 35"},"content":{"rendered":"\n<figure class=\"wp-block-image size-full\"><img loading=\"lazy\" decoding=\"async\" width=\"1600\" height=\"975\" src=\"https:\/\/www.tecdmx.org.mx\/wp-content\/uploads\/2023\/09\/Foto-Sesion.jpg\" alt=\"\" class=\"wp-image-44923\" srcset=\"https:\/\/www.tecdmx.org.mx\/wp-content\/uploads\/2023\/09\/Foto-Sesion-410x250.jpg 410w, https:\/\/www.tecdmx.org.mx\/wp-content\/uploads\/2023\/09\/Foto-Sesion-574x350.jpg 574w, https:\/\/www.tecdmx.org.mx\/wp-content\/uploads\/2023\/09\/Foto-Sesion-768x468.jpg 768w, https:\/\/www.tecdmx.org.mx\/wp-content\/uploads\/2023\/09\/Foto-Sesion-1536x936.jpg 1536w, https:\/\/www.tecdmx.org.mx\/wp-content\/uploads\/2023\/09\/Foto-Sesion.jpg 1600w\" sizes=\"(max-width: 1600px) 100vw, 1600px\" \/><\/figure>\n\n\n\n<p class=\"has-text-align-right\"><\/p>\n\n\n\n<p class=\"has-text-align-right\">Ciudad de M\u00e9xico, a 12 de septiembre de 2023<\/p>\n\n\n\n<p><\/p>\n\n\n\n<p class=\"has-text-align-center\"><strong><strong>Resuelve&nbsp;el&nbsp;TECDMX&nbsp;la inexistencia de Violencia Pol\u00edtica contra las Mujeres en Raz\u00f3n de G\u00e9nero y Violencia Pol\u00edtica en Raz\u00f3n de G\u00e9nero,&nbsp;por parte de Pedro Pablo De Antu\u00f1ano Padilla.<\/strong><\/strong><\/p>\n\n\n\n<p><\/p>\n\n\n\n<p>El Pleno del&nbsp;Tribunal Electoral de la Ciudad de M\u00e9xico (TECDMX),&nbsp;celebr\u00f3 esta tarde Sesi\u00f3n P\u00fablica&nbsp;en la que&nbsp;las Magistraturas resolvieron&nbsp;el siguiente Procedimiento Especial Sancionador,&nbsp;en cumplimiento al Juicio de la Ciudadan\u00eda&nbsp;SCM-JLDC-65\/2023,&nbsp;resuelto por la Sala Regional Ciudad de M\u00e9xico, del Tribunal Electoral del Poder Judicial de la Federaci\u00f3n.<\/p>\n\n\n\n<figure class=\"wp-block-table\"><table><tbody><tr><td><strong>Expediente<\/strong><\/td><td><strong>Acto Impugnado<\/strong><\/td><td><strong>Resoluci\u00f3n<\/strong><\/td><\/tr><tr><td><strong>TECDMX-PES-222\/2021<\/strong><\/td><td>Contra posibles&nbsp;infracciones consistentes en Violencia Pol\u00edtica contra las Mujeres en Raz\u00f3n&nbsp;de G\u00e9nero y Violencia Pol\u00edtica en Raz\u00f3n de G\u00e9nero,&nbsp;cometida contra la promovente, en su car\u00e1cter de entonces candidata a una diputaci\u00f3n local en el Congreso de la Ciudad de M\u00e9xico.<\/td><td>Se declar\u00f3&nbsp;la inexistencia de Violencia Pol\u00edtica contra las Mujeres en Raz\u00f3n de G\u00e9nero y Violencia Pol\u00edtica en Raz\u00f3n de G\u00e9nero por parte de&nbsp;<a><\/a>Pedro Pablo De Antu\u00f1ano Padilla, entonces Presidente del Consejo Estatal del&nbsp;partido pol\u00edtico Redes Sociales Progresistas en la Ciudad de M\u00e9xico, cometida contra Mariela Herrera Padilla, en su car\u00e1cter de otrora candidata a Diputada al Congreso de esta Ciudad, postulada por dicho partido.&nbsp;Se instruy\u00f3&nbsp;al Instituto Electoral de la Ciudad de M\u00e9xico, para que act\u00fae conforme a los efectos de la Sentencia.<\/td><\/tr><\/tbody><\/table><\/figure>\n\n\n\n<p>Aunado a lo anterior, el Pleno del TECDMX resolvi\u00f3 diversos Juicios Electorales, seg\u00fan se listan a continuaci\u00f3n:<\/p>\n\n\n\n<figure class=\"wp-block-table\"><table><tbody><tr><td><strong>Expediente<\/strong><\/td><td><strong>Acto Impugnado<\/strong><\/td><td><strong>Resoluci\u00f3n<\/strong><\/td><\/tr><tr><td><strong>TECDMX-JEL-325\/2023<\/strong><\/td><td>Contra el \u00f3rgano dictaminador de La Magdalena Contreras,&nbsp;que declara como no viable el proyecto \u201cEn defensa de nuestro pueblo: Servicios de Asesor\u00eda Jur\u00eddica en Materia de Medio Ambiente, Desarrollo Urbano y Ordenamiento Territorial para la Defensa de \u00c1reas de Valor Ambiental y Espacios P\u00fablicos de Nuestro Pueblo\u201d, para los ejercicios 2023 y 2024.<\/td><td>Se confirmaron&nbsp;los dict\u00e1menes y los oficios que notificaron la inviabilidad de los proyectos de presupuesto participativo de 2023 y 2024, en el pueblo de San Jer\u00f3nimo Aculco&nbsp;\u2013&nbsp;L\u00eddice.<\/td><\/tr><tr><td><strong>TECDMX-JEL-343\/2023<\/strong><\/td><td>Contra&nbsp;<a><\/a>la cancelaci\u00f3n de la Asamblea de Informaci\u00f3n y Selecci\u00f3n de los Comit\u00e9s de Ejecuci\u00f3n y Vigilancia del Presupuesto Participativo 2023-2024, programada para el uno de julio, sin que se cumpliera con el periodo m\u00ednimo para cancelarla o reprogramarla,&nbsp;promovido por personas integrantes de la Comisi\u00f3n de Participaci\u00f3n Comunitaria de la Unidad Territorial Ajusco II, Alcald\u00eda Coyoac\u00e1n.<\/td><td>Se confirm\u00f3, en lo que fue materia de an\u00e1lisis, la Asamblea de Informaci\u00f3n y Selecci\u00f3n de los Comit\u00e9s de Ejecuci\u00f3n y Vigilancia del Presupuesto Participativo 2023-2024, de la Unidad Territorial Ajusco II, que tuvo verificativo el trece de julio de dos mil veintitr\u00e9s.&nbsp;Se conmin\u00f3&nbsp;a la Direcci\u00f3n Distrital 26 del Instituto Electoral de la Ciudad de M\u00e9xico, para que en lo subsecuente se conduzca en apego estricto al principio de legalidad establecido en la Constituci\u00f3n Federal.<\/td><\/tr><tr><td><strong>TECDMX-JEL-349\/2023<\/strong><\/td><td>Contra de la Asamblea Ciudadana de Informaci\u00f3n y Selecci\u00f3n celebrada el veintinueve de junio del a\u00f1o en curso, en la Unidad Territorial Pedregal de San Nicolas, 4\u00aa secci\u00f3n I, demarcaci\u00f3n Tlalpan.<\/td><td>Se confirm\u00f3&nbsp;la Asamblea Ciudadana de Informaci\u00f3n y Selecci\u00f3n celebrada el veintinueve de junio en la Unidad Territorial Pedregal de&nbsp;San Nicol\u00e1s cuarta secci\u00f3n I, demarcaci\u00f3n Tlalpan.<\/td><\/tr><tr><td><strong>TECDMX-JEL-350\/2023<\/strong><\/td><td>Contra&nbsp;la Resoluci\u00f3n del Procedimiento 076\/2022, emitida por la Direcci\u00f3n Ejecutiva de Asociaciones Pol\u00edticas y Fiscalizaci\u00f3n del Instituto Electoral de la Ciudad de M\u00e9xico, al determinar la no competencia para analizar y resolver hechos que versen sobre el actuar de las personas integrantes de los comit\u00e9s de ejecuci\u00f3n.&nbsp;<\/td><td>Se confirm\u00f3, lo que fue materia de impugnaci\u00f3n.<\/td><\/tr><tr><td><strong>TECDMX-JEL-366\/2023 Y ACUMULADOS<\/strong><strong>TECDMX-JLDC-12<\/strong><strong>0<\/strong><strong>\/2023<\/strong><strong>TECDMX-JLDC-12<\/strong><strong>1<\/strong><strong>\/2023<\/strong><\/td><td>Contra la elecci\u00f3n de los proyectos que se ejecutar\u00e1n con el presupuesto participativo de los ejercicios 2023 y 2024,&nbsp;promovidos por personas ciudadanas de San Pedro Tl\u00e1huac, en Tl\u00e1huac.<\/td><td>Se acumularon los juicios de la ciudadan\u00eda 120 y 121 al juicio electoral 366 del presente a\u00f1o.&nbsp;&nbsp;Se confirm\u00f3&nbsp;la elecci\u00f3n de los proyectos que se ejecutar\u00e1n con el presupuesto participativo de los ejercicios fiscales 2023 y 2024 en el Pueblo de San Pedro Tl\u00e1huac, llevada a cabo en la reuni\u00f3n de veintitr\u00e9s de abril, entre la Coordinadora Territorial, la Presidenta de la Feria Nacional San Pedro Ap\u00f3stol Tl\u00e1huac y el Comisario Ejidal, todos del Pueblo Originario referido.&nbsp;Se confirm\u00f3&nbsp;el escrito de diecisiete de julio, emitido por las referidas autoridades y se les orden\u00f3&nbsp;realizar&nbsp;las acciones establecidas en la Sentencia.&nbsp;&nbsp;<\/td><\/tr><tr><td><strong>TECDMX-JEL-368\/2023<\/strong><\/td><td>Contra&nbsp;la omisi\u00f3n atribuida a la Direcci\u00f3n Distrital 26 del Instituto Electoral local, consistente en que,&nbsp;no adopt\u00f3 medidas que garantizaran la celebraci\u00f3n de la Asamblea de Informaci\u00f3n y Selecci\u00f3n de veintid\u00f3s de julio del a\u00f1o en curso, as\u00ed como la seguridad y protecci\u00f3n de las personas asistentes a la misma, ante las eventualidades surgidas en \u00e9sta, ni realiz\u00f3 alg\u00fan pronunciamiento respecto de tales hechos, promovido&nbsp;por personas integrantes de la COPACO en la Unidad Territorial Ajusco I, demarcaci\u00f3n Coyoac\u00e1n.<\/td><td>Se declar\u00f3&nbsp;inexistente la omisi\u00f3n atribuida a la Direcci\u00f3n Distrital 26 del&nbsp;Instituto Electoral de la Ciudad de M\u00e9xico.<\/td><\/tr><tr><td><strong>TECDMX-JEL-369\/2023<\/strong><\/td><td>Contra&nbsp;la asamblea para la selecci\u00f3n de las personas candidatas a conformar el Comit\u00e9 de Ejecuci\u00f3n y Vigilancia del proyecto ganador del ejercicio de presupuesto participativo 2023 y 2024 en la Unidad Territorial Valle Tepepan, demarcaci\u00f3n Tlalpan, realizada el quince de julio de 2023.<\/td><td>Se tuvo&nbsp;por no presentada la demanda.<\/td><\/tr><tr><td><strong>TECDMX-JEL-376\/2023<\/strong><\/td><td>Contra diversos actos y omisiones atribuibles a la Direcci\u00f3n Distrital 21, del Instituto Electoral de la Ciudad de M\u00e9xico.<\/td><td>Se sobresey\u00f3&nbsp;parciamente el juicio electoral, conforme a lo se\u00f1alado en la parte considerativa de la Sentencia.&nbsp;Se declar\u00f3&nbsp;fundado el agravio relativo a la omisi\u00f3n de la responsable de dar respuesta a las peticiones de la parte actora.<\/td><\/tr><tr><td><strong>TECDMX-JEL-378\/2023 Y ACUMULADO<\/strong><strong>TECDMX-JEL-3<\/strong><strong>82<\/strong><strong>\/2023<\/strong><\/td><td>Contra&nbsp;el acuerdo del&nbsp;diecinueve de julio de dos mil veintitr\u00e9s, emitido por la Comisi\u00f3n Permanente de Quejas del Instituto Electoral de la Ciudad de M\u00e9xico, en el Procedimiento Ordinario&nbsp;Sancionador 35\/2023, promovido por&nbsp;Martha Soledad \u00c1vila Ventura y el Partido Acci\u00f3n Nacional.<\/td><td>Se orden\u00f3&nbsp;la acumulaci\u00f3n del expediente 382 al diverso 378.&nbsp;Se&nbsp;<a><\/a>revoc\u00f3, en lo que fue materia de impugnaci\u00f3n, el acuerdo de diecinueve de julio&nbsp;de dos mil veintitr\u00e9s, emitido por la Comisi\u00f3n Permanente de Quejas del Instituto Electoral de la Ciudad de M\u00e9xico, en el Procedimiento Ordinario Sancionador 035 de 2023.<\/td><\/tr><tr><td><strong>TECDMX-JEL-380\/2023<\/strong><\/td><td>Contra&nbsp;el acuerdo del&nbsp;diecinueve de julio de dos mil veintitr\u00e9s, emitido por la Comisi\u00f3n Permanente de Asociaciones Pol\u00edticas del Instituto Electoral de la Ciudad de M\u00e9xico en el expediente de queja 046\/2023,&nbsp;iniciado a trav\u00e9s de la demanda presentada por Morena.<\/td><td>Se confirm\u00f3&nbsp;el acuerdo de diecinueve de julio de dos mil veintitr\u00e9s, emitido por la Comisi\u00f3n Permanente de Asociaciones Pol\u00edticas del Instituto Electoral de la Ciudad de M\u00e9xico en el expediente de queja 046 de 2023.<\/td><\/tr><tr><td><strong>TECDMX-JEL-386\/2023<\/strong><\/td><td>Contra el acuerdo de 5 de agosto de este a\u00f1o, emitido por la Comisi\u00f3n Permanente de Quejas del&nbsp;IECM, por medio del que determin\u00f3 desechar la queja interpuesta por las partes actoras en el expediente 094 de 2023.<\/td><td>Se confirm\u00f3&nbsp;el acuerdo de cinco de agosto del dos mil veintitr\u00e9s, emitido por la Comisi\u00f3n Permanente de Quejas del Instituto Electoral de la Ciudad de M\u00e9xico, por medio del que determin\u00f3 desechar la queja 094 de 2023 y declarar la improcedencia del dictado de la medida cautelar.<\/td><\/tr><\/tbody><\/table><\/figure>\n\n\n\n<p>Por otro lado, las Magistraturas resolvieron los&nbsp;siguientesJuicios&nbsp;de la Ciudadan\u00eda,&nbsp;seg\u00fan se enlista a continuaci\u00f3n:<\/p>\n\n\n\n<figure class=\"wp-block-table\"><table><tbody><tr><td><strong>Expediente<\/strong><\/td><td><strong>Acto Impugnado<\/strong><\/td><td><strong>Resoluci\u00f3n<\/strong><\/td><\/tr><tr><td><strong>TECDMX-JLDC-123\/2023<\/strong><\/td><td>Contra de la Convocatoria para la celebraci\u00f3n de la Asamblea de veinte de agosto de la presente anualidad, pues en su concepto, no fue emitida atendiendo al sistema normativo del Pueblo Originario ya que no se indica el objeto de la Asamblea y las personas que la suscribieron no ten\u00edan facultades&nbsp;para hacerlo,&nbsp;promovido por la presidenta del Comit\u00e9 Pro-Pante\u00f3n del Pueblo de San Gregorio Atlapulco, demarcaci\u00f3n Xochimilco.<\/td><td>Se confirm\u00f3,&nbsp;en lo que fue materia de impugnaci\u00f3n,&nbsp;la Convocatoria para la Asamblea de veinte de agosto.<\/td><\/tr><tr><td><strong>TECDMX-JLDC-129\/2023 Y ACUMULADOS<\/strong><strong>TECDMX-JLDC-1<\/strong><strong>30<\/strong><strong>\/2023<\/strong><strong>TECDMX-JLDC-1<\/strong><strong>31<\/strong><strong>\/2023<\/strong><strong>TECDMX-JLDC-1<\/strong><strong>32<\/strong><strong>\/2023<\/strong><\/td><td>Contra de la asamblea en la que se eligi\u00f3 el proyecto que se ejecutar\u00e1 con el presupuesto participativo de los ejercicios 2023 y 2024, y de la aplicaci\u00f3n de la respectiva convocatoria,&nbsp;promovidos por personas ciudadanas de San Andr\u00e9s Totoltepec, en Tlalpan.<\/td><td>Se acumularon&nbsp;los juicios 130, 131 y 132 al diverso 129.&nbsp;Se confirm\u00f3, la convocatoria emitida el primero de junio por el Concejo de Gobierno Comunitario del Pueblo Originario de San Andr\u00e9s Totoltepec, en Tlalpan, y la asamblea de diecisiete de junio, en la que se eligi\u00f3 el proyecto a ejecutarse con el presupuesto participativo de los ejercicios 2023 y 2024.&nbsp;<\/td><\/tr><\/tbody><\/table><\/figure>\n\n\n\n<p class=\"has-text-align-center\"><strong>o-O-o<\/strong><\/p>\n","protected":false},"excerpt":{"rendered":"<p>Ciudad de M\u00e9xico, a 12 de septiembre de 2023 Resuelve&nbsp;el&nbsp;TECDMX&nbsp;la inexistencia de Violencia Pol\u00edtica contra las Mujeres en Raz\u00f3n de G\u00e9nero y Violencia Pol\u00edtica en Raz\u00f3n de G\u00e9nero,&nbsp;por parte de [&hellip;]<\/p>\n","protected":false},"author":13,"featured_media":21168,"comment_status":"open","ping_status":"open","sticky":false,"template":"","format":"standard","meta":{"_acf_changed":false,"_exactmetrics_skip_tracking":false,"_exactmetrics_sitenote_active":false,"_exactmetrics_sitenote_note":"","_exactmetrics_sitenote_category":0,"footnotes":""},"categories":[32,47],"tags":[],"acf":[],"yoast_head":"<!-- This site is optimized with the Yoast SEO plugin v22.3 - https:\/\/yoast.com\/wordpress\/plugins\/seo\/ -->\n<title>Bolet\u00edn N\u00b0 35 - Tribunal Electoral de la Ciudad de M\u00e9xico<\/title>\n<meta name=\"robots\" content=\"index, follow, max-snippet:-1, max-image-preview:large, max-video-preview:-1\" \/>\n<link rel=\"canonical\" href=\"https:\/\/www.tecdmx.org.mx\/index.php\/comunicados\/2023\/09\/12\/boletin-n-35\/\" \/>\n<meta property=\"og:locale\" content=\"es_ES\" \/>\n<meta property=\"og:type\" content=\"article\" \/>\n<meta property=\"og:title\" content=\"Bolet\u00edn N\u00b0 35 - Tribunal Electoral de la Ciudad de M\u00e9xico\" \/>\n<meta property=\"og:description\" content=\"Ciudad de M\u00e9xico, a 12 de septiembre de 2023 Resuelve&nbsp;el&nbsp;TECDMX&nbsp;la inexistencia de Violencia Pol\u00edtica contra las Mujeres en Raz\u00f3n de G\u00e9nero y Violencia Pol\u00edtica en Raz\u00f3n de G\u00e9nero,&nbsp;por parte de [&hellip;]\" \/>\n<meta property=\"og:url\" content=\"https:\/\/www.tecdmx.org.mx\/index.php\/comunicados\/2023\/09\/12\/boletin-n-35\/\" \/>\n<meta property=\"og:site_name\" content=\"Tribunal Electoral de la Ciudad de M\u00e9xico\" \/>\n<meta property=\"article:publisher\" content=\"https:\/\/www.facebook.com\/TECDMX\/\" \/>\n<meta property=\"article:published_time\" content=\"2023-09-13T01:38:19+00:00\" \/>\n<meta property=\"article:modified_time\" content=\"2023-09-13T14:40:09+00:00\" \/>\n<meta property=\"og:image\" content=\"https:\/\/www.tecdmx.org.mx\/wp-content\/uploads\/2020\/08\/comunicado_nuevo.jpg\" \/>\n\t<meta property=\"og:image:width\" content=\"600\" \/>\n\t<meta property=\"og:image:height\" content=\"366\" \/>\n\t<meta property=\"og:image:type\" content=\"image\/jpeg\" \/>\n<meta name=\"author\" content=\"Difusion2025\" \/>\n<meta name=\"twitter:card\" content=\"summary_large_image\" \/>\n<meta name=\"twitter:creator\" content=\"@tecdmx\" \/>\n<meta name=\"twitter:site\" content=\"@tecdmx\" \/>\n<meta name=\"twitter:label1\" content=\"Escrito por\" \/>\n\t<meta name=\"twitter:data1\" content=\"Difusion2025\" \/>\n\t<meta name=\"twitter:label2\" content=\"Tiempo de lectura\" \/>\n\t<meta name=\"twitter:data2\" content=\"7 minutos\" \/>\n<script type=\"application\/ld+json\" class=\"yoast-schema-graph\">{\"@context\":\"https:\/\/schema.org\",\"@graph\":[{\"@type\":\"WebPage\",\"@id\":\"https:\/\/www.tecdmx.org.mx\/index.php\/comunicados\/2023\/09\/12\/boletin-n-35\/\",\"url\":\"https:\/\/www.tecdmx.org.mx\/index.php\/comunicados\/2023\/09\/12\/boletin-n-35\/\",\"name\":\"Bolet\u00edn N\u00b0 35 - Tribunal Electoral de la Ciudad de M\u00e9xico\",\"isPartOf\":{\"@id\":\"https:\/\/www.tecdmx.org.mx\/#website\"},\"primaryImageOfPage\":{\"@id\":\"https:\/\/www.tecdmx.org.mx\/index.php\/comunicados\/2023\/09\/12\/boletin-n-35\/#primaryimage\"},\"image\":{\"@id\":\"https:\/\/www.tecdmx.org.mx\/index.php\/comunicados\/2023\/09\/12\/boletin-n-35\/#primaryimage\"},\"thumbnailUrl\":\"https:\/\/www.tecdmx.org.mx\/wp-content\/uploads\/2020\/08\/comunicado_nuevo.jpg\",\"datePublished\":\"2023-09-13T01:38:19+00:00\",\"dateModified\":\"2023-09-13T14:40:09+00:00\",\"author\":{\"@id\":\"https:\/\/www.tecdmx.org.mx\/#\/schema\/person\/208c898199fb3234203823c5f0cf31d6\"},\"breadcrumb\":{\"@id\":\"https:\/\/www.tecdmx.org.mx\/index.php\/comunicados\/2023\/09\/12\/boletin-n-35\/#breadcrumb\"},\"inLanguage\":\"es\",\"potentialAction\":[{\"@type\":\"ReadAction\",\"target\":[\"https:\/\/www.tecdmx.org.mx\/index.php\/comunicados\/2023\/09\/12\/boletin-n-35\/\"]}]},{\"@type\":\"ImageObject\",\"inLanguage\":\"es\",\"@id\":\"https:\/\/www.tecdmx.org.mx\/index.php\/comunicados\/2023\/09\/12\/boletin-n-35\/#primaryimage\",\"url\":\"https:\/\/www.tecdmx.org.mx\/wp-content\/uploads\/2020\/08\/comunicado_nuevo.jpg\",\"contentUrl\":\"https:\/\/www.tecdmx.org.mx\/wp-content\/uploads\/2020\/08\/comunicado_nuevo.jpg\",\"width\":600,\"height\":366},{\"@type\":\"BreadcrumbList\",\"@id\":\"https:\/\/www.tecdmx.org.mx\/index.php\/comunicados\/2023\/09\/12\/boletin-n-35\/#breadcrumb\",\"itemListElement\":[{\"@type\":\"ListItem\",\"position\":1,\"name\":\"Portada\",\"item\":\"https:\/\/www.tecdmx.org.mx\/\"},{\"@type\":\"ListItem\",\"position\":2,\"name\":\"Bolet\u00edn N\u00b0 35\"}]},{\"@type\":\"WebSite\",\"@id\":\"https:\/\/www.tecdmx.org.mx\/#website\",\"url\":\"https:\/\/www.tecdmx.org.mx\/\",\"name\":\"Tribunal Electoral de la Ciudad de M\u00e9xico\",\"description\":\"25 a\u00f1os garantizando justicia en tu elecci\u00f3n\",\"potentialAction\":[{\"@type\":\"SearchAction\",\"target\":{\"@type\":\"EntryPoint\",\"urlTemplate\":\"https:\/\/www.tecdmx.org.mx\/?s={search_term_string}\"},\"query-input\":\"required name=search_term_string\"}],\"inLanguage\":\"es\"},{\"@type\":\"Person\",\"@id\":\"https:\/\/www.tecdmx.org.mx\/#\/schema\/person\/208c898199fb3234203823c5f0cf31d6\",\"name\":\"Difusion2025\",\"image\":{\"@type\":\"ImageObject\",\"inLanguage\":\"es\",\"@id\":\"https:\/\/www.tecdmx.org.mx\/#\/schema\/person\/image\/\",\"url\":\"https:\/\/secure.gravatar.com\/avatar\/6f7a4ba3acb418040e90a2eb99b5df28?s=96&d=mm&r=g\",\"contentUrl\":\"https:\/\/secure.gravatar.com\/avatar\/6f7a4ba3acb418040e90a2eb99b5df28?s=96&d=mm&r=g\",\"caption\":\"Difusion2025\"}}]}<\/script>\n<!-- \/ Yoast SEO plugin. -->","yoast_head_json":{"title":"Bolet\u00edn N\u00b0 35 - Tribunal Electoral de la Ciudad de M\u00e9xico","robots":{"index":"index","follow":"follow","max-snippet":"max-snippet:-1","max-image-preview":"max-image-preview:large","max-video-preview":"max-video-preview:-1"},"canonical":"https:\/\/www.tecdmx.org.mx\/index.php\/comunicados\/2023\/09\/12\/boletin-n-35\/","og_locale":"es_ES","og_type":"article","og_title":"Bolet\u00edn N\u00b0 35 - Tribunal Electoral de la Ciudad de M\u00e9xico","og_description":"Ciudad de M\u00e9xico, a 12 de septiembre de 2023 Resuelve&nbsp;el&nbsp;TECDMX&nbsp;la inexistencia de Violencia Pol\u00edtica contra las Mujeres en Raz\u00f3n de G\u00e9nero y Violencia Pol\u00edtica en Raz\u00f3n de G\u00e9nero,&nbsp;por parte de [&hellip;]","og_url":"https:\/\/www.tecdmx.org.mx\/index.php\/comunicados\/2023\/09\/12\/boletin-n-35\/","og_site_name":"Tribunal Electoral de la Ciudad de M\u00e9xico","article_publisher":"https:\/\/www.facebook.com\/TECDMX\/","article_published_time":"2023-09-13T01:38:19+00:00","article_modified_time":"2023-09-13T14:40:09+00:00","og_image":[{"width":600,"height":366,"url":"https:\/\/www.tecdmx.org.mx\/wp-content\/uploads\/2020\/08\/comunicado_nuevo.jpg","type":"image\/jpeg"}],"author":"Difusion2025","twitter_card":"summary_large_image","twitter_creator":"@tecdmx","twitter_site":"@tecdmx","twitter_misc":{"Escrito por":"Difusion2025","Tiempo de lectura":"7 minutos"},"schema":{"@context":"https:\/\/schema.org","@graph":[{"@type":"WebPage","@id":"https:\/\/www.tecdmx.org.mx\/index.php\/comunicados\/2023\/09\/12\/boletin-n-35\/","url":"https:\/\/www.tecdmx.org.mx\/index.php\/comunicados\/2023\/09\/12\/boletin-n-35\/","name":"Bolet\u00edn N\u00b0 35 - Tribunal Electoral de la Ciudad de M\u00e9xico","isPartOf":{"@id":"https:\/\/www.tecdmx.org.mx\/#website"},"primaryImageOfPage":{"@id":"https:\/\/www.tecdmx.org.mx\/index.php\/comunicados\/2023\/09\/12\/boletin-n-35\/#primaryimage"},"image":{"@id":"https:\/\/www.tecdmx.org.mx\/index.php\/comunicados\/2023\/09\/12\/boletin-n-35\/#primaryimage"},"thumbnailUrl":"https:\/\/www.tecdmx.org.mx\/wp-content\/uploads\/2020\/08\/comunicado_nuevo.jpg","datePublished":"2023-09-13T01:38:19+00:00","dateModified":"2023-09-13T14:40:09+00:00","author":{"@id":"https:\/\/www.tecdmx.org.mx\/#\/schema\/person\/208c898199fb3234203823c5f0cf31d6"},"breadcrumb":{"@id":"https:\/\/www.tecdmx.org.mx\/index.php\/comunicados\/2023\/09\/12\/boletin-n-35\/#breadcrumb"},"inLanguage":"es","potentialAction":[{"@type":"ReadAction","target":["https:\/\/www.tecdmx.org.mx\/index.php\/comunicados\/2023\/09\/12\/boletin-n-35\/"]}]},{"@type":"ImageObject","inLanguage":"es","@id":"https:\/\/www.tecdmx.org.mx\/index.php\/comunicados\/2023\/09\/12\/boletin-n-35\/#primaryimage","url":"https:\/\/www.tecdmx.org.mx\/wp-content\/uploads\/2020\/08\/comunicado_nuevo.jpg","contentUrl":"https:\/\/www.tecdmx.org.mx\/wp-content\/uploads\/2020\/08\/comunicado_nuevo.jpg","width":600,"height":366},{"@type":"BreadcrumbList","@id":"https:\/\/www.tecdmx.org.mx\/index.php\/comunicados\/2023\/09\/12\/boletin-n-35\/#breadcrumb","itemListElement":[{"@type":"ListItem","position":1,"name":"Portada","item":"https:\/\/www.tecdmx.org.mx\/"},{"@type":"ListItem","position":2,"name":"Bolet\u00edn N\u00b0 35"}]},{"@type":"WebSite","@id":"https:\/\/www.tecdmx.org.mx\/#website","url":"https:\/\/www.tecdmx.org.mx\/","name":"Tribunal Electoral de la Ciudad de M\u00e9xico","description":"25 a\u00f1os garantizando justicia en tu elecci\u00f3n","potentialAction":[{"@type":"SearchAction","target":{"@type":"EntryPoint","urlTemplate":"https:\/\/www.tecdmx.org.mx\/?s={search_term_string}"},"query-input":"required name=search_term_string"}],"inLanguage":"es"},{"@type":"Person","@id":"https:\/\/www.tecdmx.org.mx\/#\/schema\/person\/208c898199fb3234203823c5f0cf31d6","name":"Difusion2025","image":{"@type":"ImageObject","inLanguage":"es","@id":"https:\/\/www.tecdmx.org.mx\/#\/schema\/person\/image\/","url":"https:\/\/secure.gravatar.com\/avatar\/6f7a4ba3acb418040e90a2eb99b5df28?s=96&d=mm&r=g","contentUrl":"https:\/\/secure.gravatar.com\/avatar\/6f7a4ba3acb418040e90a2eb99b5df28?s=96&d=mm&r=g","caption":"Difusion2025"}}]}},"_links":{"self":[{"href":"https:\/\/www.tecdmx.org.mx\/index.php\/wp-json\/wp\/v2\/posts\/44915"}],"collection":[{"href":"https:\/\/www.tecdmx.org.mx\/index.php\/wp-json\/wp\/v2\/posts"}],"about":[{"href":"https:\/\/www.tecdmx.org.mx\/index.php\/wp-json\/wp\/v2\/types\/post"}],"author":[{"embeddable":true,"href":"https:\/\/www.tecdmx.org.mx\/index.php\/wp-json\/wp\/v2\/users\/13"}],"replies":[{"embeddable":true,"href":"https:\/\/www.tecdmx.org.mx\/index.php\/wp-json\/wp\/v2\/comments?post=44915"}],"version-history":[{"count":4,"href":"https:\/\/www.tecdmx.org.mx\/index.php\/wp-json\/wp\/v2\/posts\/44915\/revisions"}],"predecessor-version":[{"id":44925,"href":"https:\/\/www.tecdmx.org.mx\/index.php\/wp-json\/wp\/v2\/posts\/44915\/revisions\/44925"}],"wp:featuredmedia":[{"embeddable":true,"href":"https:\/\/www.tecdmx.org.mx\/index.php\/wp-json\/wp\/v2\/media\/21168"}],"wp:attachment":[{"href":"https:\/\/www.tecdmx.org.mx\/index.php\/wp-json\/wp\/v2\/media?parent=44915"}],"wp:term":[{"taxonomy":"category","embeddable":true,"href":"https:\/\/www.tecdmx.org.mx\/index.php\/wp-json\/wp\/v2\/categories?post=44915"},{"taxonomy":"post_tag","embeddable":true,"href":"https:\/\/www.tecdmx.org.mx\/index.php\/wp-json\/wp\/v2\/tags?post=44915"}],"curies":[{"name":"wp","href":"https:\/\/api.w.org\/{rel}","templated":true}]}}