{"id":44995,"date":"2023-09-23T11:09:12","date_gmt":"2023-09-23T17:09:12","guid":{"rendered":"https:\/\/www.tecdmx.org.mx\/?p=44995"},"modified":"2023-09-23T11:09:14","modified_gmt":"2023-09-23T17:09:14","slug":"boletin-n-36__trashed","status":"publish","type":"post","link":"https:\/\/www.tecdmx.org.mx\/index.php\/comunicados\/2023\/09\/23\/boletin-n-36__trashed\/","title":{"rendered":"Bolet\u00edn N\u00b0 36"},"content":{"rendered":"\n<figure class=\"wp-block-image size-large\"><img loading=\"lazy\" decoding=\"async\" width=\"623\" height=\"350\" src=\"https:\/\/www.tecdmx.org.mx\/wp-content\/uploads\/2023\/09\/WhatsApp-Image-2023-09-23-at-11.56.28-623x350.jpeg\" alt=\"\" class=\"wp-image-44996\" srcset=\"https:\/\/www.tecdmx.org.mx\/wp-content\/uploads\/2023\/09\/WhatsApp-Image-2023-09-23-at-11.56.28-623x350.jpeg 623w, https:\/\/www.tecdmx.org.mx\/wp-content\/uploads\/2023\/09\/WhatsApp-Image-2023-09-23-at-11.56.28-768x431.jpeg 768w, https:\/\/www.tecdmx.org.mx\/wp-content\/uploads\/2023\/09\/WhatsApp-Image-2023-09-23-at-11.56.28.jpeg 1280w\" sizes=\"(max-width: 623px) 100vw, 623px\" \/><\/figure>\n\n\n\n<p>Ciudad de M\u00e9xico, a 22 de septiembre de 2023<\/p>\n\n\n\n<p>Bolet\u00edn N\u00b0 36<\/p>\n\n\n\n<p><strong>ES NECESARIA UNA DEMOCRACIA M\u00c1S INCLUYENTE EN LA QUE LAS MUJERES OCUPEN ESPACIOS DIRECTIVOS CON TOMA DE DECISIONES: Magistrada Martha L. Mercado.<\/strong><\/p>\n\n\n\n<p>EL TECDMXpresent\u00f3 la Mesa de An\u00e1lisis: &#8220;Ley 3 de 3 contra&nbsp;la&nbsp;violencia&#8221;, en la que se analiz\u00f3 el contenido de la Reforma Constitucional con la cual se impide a los agresores sexuales, deudores alimentarios y culpables de violencia de g\u00e9nero, ocupar cargos en el sector p\u00fablico, as\u00ed como ser postulados a cargos de elecci\u00f3n popular.<\/p>\n\n\n\n<p>La magistrada Martha Leticia Mercado Ram\u00edrez, en su calidad de presidenta del Comit\u00e9 de G\u00e9nero y Derechos Humanos del TECDMX, fue la anfitriona del evento. En su intervenci\u00f3n destac\u00f3 la importancia de compartir con la ciudadan\u00eda todo lo referente al origen, caracter\u00edsticas, evoluci\u00f3n, pormenores de aplicaci\u00f3n y circunstancias pol\u00edticas y contextuales de estas Reformas que tienen gran relevancia en \u00e1mbito de la participaci\u00f3n pol\u00edtica de las mujeres.<\/p>\n\n\n\n<p>El panel estuvo conformado por Georgina C\u00e1rdenas, docente, investigadora y Secretaria de la Comisi\u00f3n Interna para la Igualdad de G\u00e9nero de la FES Arag\u00f3n-UNAM; Ildefonso Araiza, catedr\u00e1tico y presidente de la Barra Latinoamericana de Juristas y Peritos A.C. en la CDMX; Mar\u00eda del Sol S\u00e1nchez Rabanal, Oficial Nacional de G\u00e9nero del Programa de las Naciones Unidas para el Desarrollo (PNUD), M\u00e9xico y Miguel \u00c1ngel Granados Atlaco, catedr\u00e1tico del Centro Universitario de Estudios Jur\u00eddicos.<\/p>\n\n\n\n<p>En uso de la palabra, la Maestra Laura Henr\u00edquez Maldonado, quien moder\u00f3 el evento destac\u00f3 que, de acuerdo con en el marco internacional vigente en la materia, la violencia contra las mujeres constituye una violaci\u00f3n de los derechos humanos y las libertades fundamentales, que las limita total o parcialmente, del reconocimiento, ejercicio y goce de estos derechos fundamentales.<\/p>\n\n\n\n<p>Por su parte, la Doctora Georgina C\u00e1rdenas Acosta, se\u00f1al\u00f3 que la Ley 3 de 3 contra la violencia es un ejemplo de los avances significativos que nuestro pa\u00eds ha logrado en materia de lucha contra la violencia, gracias a las iniciativas feministas ciudadanas.<\/p>\n\n\n\n<p>Durante su participaci\u00f3n, el Doctor Ildefonso Araiza plante\u00f3 que las iniciativas ciudadanas son una expresi\u00f3n natural y la voz representativa de un n\u00famero muy significativo de personas, misma que nos conjunta m\u00e1s all\u00e1 de los Partidos Pol\u00edticos, e incidir\u00e1 en un futuro en un cambio cultural.<\/p>\n\n\n\n<p>En su participaci\u00f3n, la Maestra Mar\u00eda del Sol S\u00e1nchez Rabanal se\u00f1al\u00f3 que esta Reforma se relaciona tambi\u00e9n con la violencia pol\u00edtica por razones de g\u00e9nero, en el sentido de lograr vencer la resistencia de los partidos pol\u00edticos para acatar disposiciones legales en la materia, recurriendo a diferentes instancias oficiales, con el fin que avalen sus puntos de vista.<\/p>\n\n\n\n<p>Por su parte, el Doctor Miguel \u00c1ngel Granados Atlaco estableci\u00f3 que la Reforma 3 de 3 Contra la Violencia tiene grandes implicaciones en materia de requisitos de elegibilidad, porque se vincula con la condici\u00f3n de tener un modo honesto de vivir para aspirantes a cargos de elecci\u00f3n popular, lo que tendr\u00e1 un impacto en futuros procesos electorales.<\/p>\n\n\n\n<p>Al concluir el evento la magistrada Mercado Ram\u00edrez destac\u00f3 que lo establecido en la reforma de ley 3&#215;3 contra la violencia, plantea un tema de fondo que se debe solucionar, generando conciencia y sensibilidad por una democracia m\u00e1s incluyente en la que las mujeres puedan ocupar espacios directivos con toma de decisi\u00f3n.<\/p>\n\n\n\n<p>El video puede ser consultada en: <a href=\"https:\/\/www.youtube.com\/watch?v=3uCnVC_i1BA\">https:\/\/www.youtube.com\/watch?v=3uCnVC_i1BA<\/a><\/p>\n\n\n\n<p>o-O-o<\/p>\n","protected":false},"excerpt":{"rendered":"<p>Ciudad de M\u00e9xico, a 22 de septiembre de 2023 Bolet\u00edn N\u00b0 36 ES NECESARIA UNA DEMOCRACIA M\u00c1S INCLUYENTE EN LA QUE LAS MUJERES OCUPEN ESPACIOS DIRECTIVOS CON TOMA DE DECISIONES: [&hellip;]<\/p>\n","protected":false},"author":13,"featured_media":21168,"comment_status":"open","ping_status":"open","sticky":false,"template":"","format":"standard","meta":{"_acf_changed":false,"_exactmetrics_skip_tracking":false,"_exactmetrics_sitenote_active":false,"_exactmetrics_sitenote_note":"","_exactmetrics_sitenote_category":0,"footnotes":""},"categories":[32,47],"tags":[],"acf":[],"yoast_head":"<!-- This site is optimized with the Yoast SEO plugin v22.3 - https:\/\/yoast.com\/wordpress\/plugins\/seo\/ -->\n<title>Bolet\u00edn N\u00b0 36 - Tribunal Electoral de la Ciudad de M\u00e9xico<\/title>\n<meta name=\"robots\" content=\"index, follow, max-snippet:-1, max-image-preview:large, max-video-preview:-1\" \/>\n<link rel=\"canonical\" href=\"https:\/\/www.tecdmx.org.mx\/index.php\/comunicados\/2023\/09\/23\/boletin-n-36\/\" \/>\n<meta property=\"og:locale\" content=\"es_ES\" \/>\n<meta property=\"og:type\" content=\"article\" \/>\n<meta property=\"og:title\" content=\"Bolet\u00edn N\u00b0 36 - Tribunal Electoral de la Ciudad de M\u00e9xico\" \/>\n<meta property=\"og:description\" content=\"Ciudad de M\u00e9xico, a 22 de septiembre de 2023 Bolet\u00edn N\u00b0 36 ES NECESARIA UNA DEMOCRACIA M\u00c1S INCLUYENTE EN LA QUE LAS MUJERES OCUPEN ESPACIOS DIRECTIVOS CON TOMA DE DECISIONES: [&hellip;]\" \/>\n<meta property=\"og:url\" content=\"https:\/\/www.tecdmx.org.mx\/index.php\/comunicados\/2023\/09\/23\/boletin-n-36\/\" \/>\n<meta property=\"og:site_name\" content=\"Tribunal Electoral de la Ciudad de M\u00e9xico\" \/>\n<meta property=\"article:publisher\" content=\"https:\/\/www.facebook.com\/TECDMX\/\" \/>\n<meta property=\"article:published_time\" content=\"2023-09-23T17:09:12+00:00\" \/>\n<meta property=\"article:modified_time\" content=\"2023-09-23T17:09:14+00:00\" \/>\n<meta property=\"og:image\" content=\"https:\/\/www.tecdmx.org.mx\/wp-content\/uploads\/2020\/08\/comunicado_nuevo.jpg\" \/>\n\t<meta property=\"og:image:width\" content=\"600\" \/>\n\t<meta property=\"og:image:height\" content=\"366\" \/>\n\t<meta property=\"og:image:type\" content=\"image\/jpeg\" \/>\n<meta name=\"author\" content=\"Difusion2025\" \/>\n<meta name=\"twitter:card\" content=\"summary_large_image\" \/>\n<meta name=\"twitter:creator\" content=\"@tecdmx\" \/>\n<meta name=\"twitter:site\" content=\"@tecdmx\" \/>\n<meta name=\"twitter:label1\" content=\"Escrito por\" \/>\n\t<meta name=\"twitter:data1\" content=\"Difusion2025\" \/>\n\t<meta name=\"twitter:label2\" content=\"Tiempo de lectura\" \/>\n\t<meta name=\"twitter:data2\" content=\"3 minutos\" \/>\n<script type=\"application\/ld+json\" class=\"yoast-schema-graph\">{\"@context\":\"https:\/\/schema.org\",\"@graph\":[{\"@type\":\"WebPage\",\"@id\":\"https:\/\/www.tecdmx.org.mx\/index.php\/comunicados\/2023\/09\/23\/boletin-n-36\/\",\"url\":\"https:\/\/www.tecdmx.org.mx\/index.php\/comunicados\/2023\/09\/23\/boletin-n-36\/\",\"name\":\"Bolet\u00edn N\u00b0 36 - Tribunal Electoral de la Ciudad de M\u00e9xico\",\"isPartOf\":{\"@id\":\"https:\/\/www.tecdmx.org.mx\/#website\"},\"primaryImageOfPage\":{\"@id\":\"https:\/\/www.tecdmx.org.mx\/index.php\/comunicados\/2023\/09\/23\/boletin-n-36\/#primaryimage\"},\"image\":{\"@id\":\"https:\/\/www.tecdmx.org.mx\/index.php\/comunicados\/2023\/09\/23\/boletin-n-36\/#primaryimage\"},\"thumbnailUrl\":\"https:\/\/www.tecdmx.org.mx\/wp-content\/uploads\/2020\/08\/comunicado_nuevo.jpg\",\"datePublished\":\"2023-09-23T17:09:12+00:00\",\"dateModified\":\"2023-09-23T17:09:14+00:00\",\"author\":{\"@id\":\"https:\/\/www.tecdmx.org.mx\/#\/schema\/person\/208c898199fb3234203823c5f0cf31d6\"},\"breadcrumb\":{\"@id\":\"https:\/\/www.tecdmx.org.mx\/index.php\/comunicados\/2023\/09\/23\/boletin-n-36\/#breadcrumb\"},\"inLanguage\":\"es\",\"potentialAction\":[{\"@type\":\"ReadAction\",\"target\":[\"https:\/\/www.tecdmx.org.mx\/index.php\/comunicados\/2023\/09\/23\/boletin-n-36\/\"]}]},{\"@type\":\"ImageObject\",\"inLanguage\":\"es\",\"@id\":\"https:\/\/www.tecdmx.org.mx\/index.php\/comunicados\/2023\/09\/23\/boletin-n-36\/#primaryimage\",\"url\":\"https:\/\/www.tecdmx.org.mx\/wp-content\/uploads\/2020\/08\/comunicado_nuevo.jpg\",\"contentUrl\":\"https:\/\/www.tecdmx.org.mx\/wp-content\/uploads\/2020\/08\/comunicado_nuevo.jpg\",\"width\":600,\"height\":366},{\"@type\":\"BreadcrumbList\",\"@id\":\"https:\/\/www.tecdmx.org.mx\/index.php\/comunicados\/2023\/09\/23\/boletin-n-36\/#breadcrumb\",\"itemListElement\":[{\"@type\":\"ListItem\",\"position\":1,\"name\":\"Portada\",\"item\":\"https:\/\/www.tecdmx.org.mx\/\"},{\"@type\":\"ListItem\",\"position\":2,\"name\":\"Bolet\u00edn N\u00b0 36\"}]},{\"@type\":\"WebSite\",\"@id\":\"https:\/\/www.tecdmx.org.mx\/#website\",\"url\":\"https:\/\/www.tecdmx.org.mx\/\",\"name\":\"Tribunal Electoral de la Ciudad de M\u00e9xico\",\"description\":\"25 a\u00f1os garantizando justicia en tu elecci\u00f3n\",\"potentialAction\":[{\"@type\":\"SearchAction\",\"target\":{\"@type\":\"EntryPoint\",\"urlTemplate\":\"https:\/\/www.tecdmx.org.mx\/?s={search_term_string}\"},\"query-input\":\"required name=search_term_string\"}],\"inLanguage\":\"es\"},{\"@type\":\"Person\",\"@id\":\"https:\/\/www.tecdmx.org.mx\/#\/schema\/person\/208c898199fb3234203823c5f0cf31d6\",\"name\":\"Difusion2025\",\"image\":{\"@type\":\"ImageObject\",\"inLanguage\":\"es\",\"@id\":\"https:\/\/www.tecdmx.org.mx\/#\/schema\/person\/image\/\",\"url\":\"https:\/\/secure.gravatar.com\/avatar\/6f7a4ba3acb418040e90a2eb99b5df28?s=96&d=mm&r=g\",\"contentUrl\":\"https:\/\/secure.gravatar.com\/avatar\/6f7a4ba3acb418040e90a2eb99b5df28?s=96&d=mm&r=g\",\"caption\":\"Difusion2025\"}}]}<\/script>\n<!-- \/ Yoast SEO plugin. -->","yoast_head_json":{"title":"Bolet\u00edn N\u00b0 36 - Tribunal Electoral de la Ciudad de M\u00e9xico","robots":{"index":"index","follow":"follow","max-snippet":"max-snippet:-1","max-image-preview":"max-image-preview:large","max-video-preview":"max-video-preview:-1"},"canonical":"https:\/\/www.tecdmx.org.mx\/index.php\/comunicados\/2023\/09\/23\/boletin-n-36\/","og_locale":"es_ES","og_type":"article","og_title":"Bolet\u00edn N\u00b0 36 - Tribunal Electoral de la Ciudad de M\u00e9xico","og_description":"Ciudad de M\u00e9xico, a 22 de septiembre de 2023 Bolet\u00edn N\u00b0 36 ES NECESARIA UNA DEMOCRACIA M\u00c1S INCLUYENTE EN LA QUE LAS MUJERES OCUPEN ESPACIOS DIRECTIVOS CON TOMA DE DECISIONES: [&hellip;]","og_url":"https:\/\/www.tecdmx.org.mx\/index.php\/comunicados\/2023\/09\/23\/boletin-n-36\/","og_site_name":"Tribunal Electoral de la Ciudad de M\u00e9xico","article_publisher":"https:\/\/www.facebook.com\/TECDMX\/","article_published_time":"2023-09-23T17:09:12+00:00","article_modified_time":"2023-09-23T17:09:14+00:00","og_image":[{"width":600,"height":366,"url":"https:\/\/www.tecdmx.org.mx\/wp-content\/uploads\/2020\/08\/comunicado_nuevo.jpg","type":"image\/jpeg"}],"author":"Difusion2025","twitter_card":"summary_large_image","twitter_creator":"@tecdmx","twitter_site":"@tecdmx","twitter_misc":{"Escrito por":"Difusion2025","Tiempo de lectura":"3 minutos"},"schema":{"@context":"https:\/\/schema.org","@graph":[{"@type":"WebPage","@id":"https:\/\/www.tecdmx.org.mx\/index.php\/comunicados\/2023\/09\/23\/boletin-n-36\/","url":"https:\/\/www.tecdmx.org.mx\/index.php\/comunicados\/2023\/09\/23\/boletin-n-36\/","name":"Bolet\u00edn N\u00b0 36 - Tribunal Electoral de la Ciudad de M\u00e9xico","isPartOf":{"@id":"https:\/\/www.tecdmx.org.mx\/#website"},"primaryImageOfPage":{"@id":"https:\/\/www.tecdmx.org.mx\/index.php\/comunicados\/2023\/09\/23\/boletin-n-36\/#primaryimage"},"image":{"@id":"https:\/\/www.tecdmx.org.mx\/index.php\/comunicados\/2023\/09\/23\/boletin-n-36\/#primaryimage"},"thumbnailUrl":"https:\/\/www.tecdmx.org.mx\/wp-content\/uploads\/2020\/08\/comunicado_nuevo.jpg","datePublished":"2023-09-23T17:09:12+00:00","dateModified":"2023-09-23T17:09:14+00:00","author":{"@id":"https:\/\/www.tecdmx.org.mx\/#\/schema\/person\/208c898199fb3234203823c5f0cf31d6"},"breadcrumb":{"@id":"https:\/\/www.tecdmx.org.mx\/index.php\/comunicados\/2023\/09\/23\/boletin-n-36\/#breadcrumb"},"inLanguage":"es","potentialAction":[{"@type":"ReadAction","target":["https:\/\/www.tecdmx.org.mx\/index.php\/comunicados\/2023\/09\/23\/boletin-n-36\/"]}]},{"@type":"ImageObject","inLanguage":"es","@id":"https:\/\/www.tecdmx.org.mx\/index.php\/comunicados\/2023\/09\/23\/boletin-n-36\/#primaryimage","url":"https:\/\/www.tecdmx.org.mx\/wp-content\/uploads\/2020\/08\/comunicado_nuevo.jpg","contentUrl":"https:\/\/www.tecdmx.org.mx\/wp-content\/uploads\/2020\/08\/comunicado_nuevo.jpg","width":600,"height":366},{"@type":"BreadcrumbList","@id":"https:\/\/www.tecdmx.org.mx\/index.php\/comunicados\/2023\/09\/23\/boletin-n-36\/#breadcrumb","itemListElement":[{"@type":"ListItem","position":1,"name":"Portada","item":"https:\/\/www.tecdmx.org.mx\/"},{"@type":"ListItem","position":2,"name":"Bolet\u00edn N\u00b0 36"}]},{"@type":"WebSite","@id":"https:\/\/www.tecdmx.org.mx\/#website","url":"https:\/\/www.tecdmx.org.mx\/","name":"Tribunal Electoral de la Ciudad de M\u00e9xico","description":"25 a\u00f1os garantizando justicia en tu elecci\u00f3n","potentialAction":[{"@type":"SearchAction","target":{"@type":"EntryPoint","urlTemplate":"https:\/\/www.tecdmx.org.mx\/?s={search_term_string}"},"query-input":"required name=search_term_string"}],"inLanguage":"es"},{"@type":"Person","@id":"https:\/\/www.tecdmx.org.mx\/#\/schema\/person\/208c898199fb3234203823c5f0cf31d6","name":"Difusion2025","image":{"@type":"ImageObject","inLanguage":"es","@id":"https:\/\/www.tecdmx.org.mx\/#\/schema\/person\/image\/","url":"https:\/\/secure.gravatar.com\/avatar\/6f7a4ba3acb418040e90a2eb99b5df28?s=96&d=mm&r=g","contentUrl":"https:\/\/secure.gravatar.com\/avatar\/6f7a4ba3acb418040e90a2eb99b5df28?s=96&d=mm&r=g","caption":"Difusion2025"}}]}},"_links":{"self":[{"href":"https:\/\/www.tecdmx.org.mx\/index.php\/wp-json\/wp\/v2\/posts\/44995"}],"collection":[{"href":"https:\/\/www.tecdmx.org.mx\/index.php\/wp-json\/wp\/v2\/posts"}],"about":[{"href":"https:\/\/www.tecdmx.org.mx\/index.php\/wp-json\/wp\/v2\/types\/post"}],"author":[{"embeddable":true,"href":"https:\/\/www.tecdmx.org.mx\/index.php\/wp-json\/wp\/v2\/users\/13"}],"replies":[{"embeddable":true,"href":"https:\/\/www.tecdmx.org.mx\/index.php\/wp-json\/wp\/v2\/comments?post=44995"}],"version-history":[{"count":2,"href":"https:\/\/www.tecdmx.org.mx\/index.php\/wp-json\/wp\/v2\/posts\/44995\/revisions"}],"predecessor-version":[{"id":44999,"href":"https:\/\/www.tecdmx.org.mx\/index.php\/wp-json\/wp\/v2\/posts\/44995\/revisions\/44999"}],"wp:featuredmedia":[{"embeddable":true,"href":"https:\/\/www.tecdmx.org.mx\/index.php\/wp-json\/wp\/v2\/media\/21168"}],"wp:attachment":[{"href":"https:\/\/www.tecdmx.org.mx\/index.php\/wp-json\/wp\/v2\/media?parent=44995"}],"wp:term":[{"taxonomy":"category","embeddable":true,"href":"https:\/\/www.tecdmx.org.mx\/index.php\/wp-json\/wp\/v2\/categories?post=44995"},{"taxonomy":"post_tag","embeddable":true,"href":"https:\/\/www.tecdmx.org.mx\/index.php\/wp-json\/wp\/v2\/tags?post=44995"}],"curies":[{"name":"wp","href":"https:\/\/api.w.org\/{rel}","templated":true}]}}